{"id":450025,"date":"2026-04-18T21:00:00","date_gmt":"2026-04-19T00:00:00","guid":{"rendered":"https:\/\/portaltela.pt\/noticias\/2026\/04\/18\/lula-e-recebido-com-honras-militares-por-merz-em-hanover-antes-de-viagem-a-portugal\/"},"modified":"2026-04-18T21:00:00","modified_gmt":"2026-04-19T00:00:00","slug":"lula-e-recebido-com-honras-militares-por-merz-em-hanover-antes-de-viagem-a-portugal","status":"publish","type":"post","link":"https:\/\/portaltela.pt\/noticias\/politica\/2026\/04\/18\/lula-e-recebido-com-honras-militares-por-merz-em-hanover-antes-de-viagem-a-portugal\/","title":{"rendered":"Lula \u00e9 recebido com honras militares por Merz em Hanover antes de viagem a Portugal"},"content":{"rendered":"<p>O Presidente brasileiro, Luiz In\u00e1cio Lula da Silva, foi recebido ontem com honras militares no Pal\u00e1cio de Herrenhausen, em Hanover, na Alemanha, pelo l\u00edder da CDU, Friedrich Merz. A cerim\u00f4nia ocorreu antes da desloca\u00e7\u00e3o de Lula a Portugal.<\/p>\n<p>Durante o encontro, Lula confirmou o interesse em aprofundar coopera\u00e7\u00f5es entre Brasil, Alemanha e Uni\u00e3o Europeia, com foco econ\u00f3mico. Merz destacou a import\u00e2ncia da rela\u00e7\u00e3o bilateral e as oportunidades de neg\u00f3cios entre os dois pa\u00edses.<\/p>\n<p>O evento antecede a viagem de Lula a Portugal, marcada para ter\u00e7a-feira, onde participar\u00e1 em eventos oficiais e reuni\u00f5es com autoridades locais. A visita tamb\u00e9m envolve o potencial refor\u00e7o de coopera\u00e7\u00f5es no \u00e2mbito do acordo UE-Mercosul, defesa, mat\u00e9rias-primas e inova\u00e7\u00e3o.<\/p>\n<h3>Contexto e pr\u00f3ximos passos<\/h3>\n<p>A agenda de Lula em Hanover enfatiza a coopera\u00e7\u00e3o econ\u00f3mica e tecnol\u00f3gica, posicionando o Brasil como parceiro estrat\u00e9gico para a UE. A viagem a Portugal faz parte de um calend\u00e1rio que inclui negocia\u00e7\u00f5es da UE com o Mercosul e discuss\u00f5es sobre coopera\u00e7\u00e3o em inova\u00e7\u00e3o e digitaliza\u00e7\u00e3o.<\/p>\n","protected":false},"excerpt":{"rendered":"<ul>\n<li>Lula da Silva foi recebido com honras militares no Pal\u00e1cio de Herrenhausen, em Hanover, pelo presidente do partido Uni\u00e3o Democr\u00e1tica Crist\u00e3 (CDU), Friedrich Merz.<\/li>\n<li>A cerim\u00f4nia incluiu tropas e uma parada oficial, antes da viagem de Lula a Portugal.<\/li>\n<li>O foco da visita \u00e9 a economia, com destaque para o acordo UE-Mercosul, coopera\u00e7\u00e3o em defesa, com\u00e9rcio de mat\u00e9rias-primas, digitaliza\u00e7\u00e3o e inova\u00e7\u00e3o.<\/li>\n<li>Merz destacou a import\u00e2ncia da rela\u00e7\u00e3o Brasil-Alemanha e as oportunidades de neg\u00f3cios; Lula reiterou o compromisso com a economia sustent\u00e1vel e a inova\u00e7\u00e3o tecnol\u00f3gica.<\/li>\n<li>A visita a Hanover antecede encontros oficiais em Portugal e visa ampliar a coopera\u00e7\u00e3o econ\u00f3mica e diplom\u00e1tica entre Brasil, Alemanha e Uni\u00e3o Europeia.<\/li>\n<\/ul>\n","protected":false},"author":2,"featured_media":450028,"comment_status":"closed","ping_status":"closed","sticky":false,"template":"","format":"standard","meta":{"footnotes":""},"categories":[6912,5],"tags":[1603,2547,256,4998,1014,2055],"class_list":["post-450025","post","type-post","status-publish","format-standard","has-post-thumbnail","hentry","category-internacionais","category-politica","tag-alemanha","tag-brasil","tag-cooperacao-internacional","tag-mercosul","tag-portugal","tag-uniao-europeia"],"yoast_head":"<!-- This site is optimized with the Yoast SEO plugin v27.2 - https:\/\/yoast.com\/product\/yoast-seo-wordpress\/ -->\n<title>Lula \u00e9 recebido com honras militares por Merz em Hanover antes de viagem a Portugal - Portal Tela Portugal<\/title>\n<meta name=\"robots\" content=\"index, follow, max-snippet:-1, max-image-preview:large, max-video-preview:-1\" \/>\n<meta property=\"og:locale\" content=\"pt_PT\" \/>\n<meta property=\"og:type\" content=\"article\" \/>\n<meta property=\"og:title\" content=\"Lula \u00e9 recebido com honras militares por Merz em Hanover antes de viagem a Portugal - Portal Tela Portugal\" \/>\n<meta property=\"og:description\" content=\"Lula da Silva foi recebido com honras militares no Pal\u00e1cio de Herrenhausen, em Hanover, pelo presidente do partido Uni\u00e3o Democr\u00e1tica Crist\u00e3 (CDU), Friedrich Merz. A cerim\u00f4nia incluiu tropas e uma parada oficial, antes da viagem de Lula a Portugal. O foco da visita \u00e9 a economia, com destaque para o acordo UE-Mercosul, coopera\u00e7\u00e3o em defesa, com\u00e9rcio de mat\u00e9rias-primas, digitaliza\u00e7\u00e3o e inova\u00e7\u00e3o. Merz destacou a import\u00e2ncia da rela\u00e7\u00e3o Brasil-Alemanha e as oportunidades de neg\u00f3cios; Lula reiterou o compromisso com a economia sustent\u00e1vel e a inova\u00e7\u00e3o tecnol\u00f3gica. A visita a Hanover antecede encontros oficiais em Portugal e visa ampliar a coopera\u00e7\u00e3o econ\u00f3mica e diplom\u00e1tica entre Brasil, Alemanha e Uni\u00e3o Europeia.\" \/>\n<meta property=\"og:url\" content=\"https:\/\/portaltela.pt\/noticias\/2026\/04\/18\/lula-e-recebido-com-honras-militares-por-merz-em-hanover-antes-de-viagem-a-portugal\/\" \/>\n<meta property=\"og:site_name\" content=\"Portal Tela Portugal\" \/>\n<meta property=\"article:published_time\" content=\"2026-04-19T00:00:00+00:00\" \/>\n<meta name=\"author\" content=\"Telinha\" \/>\n<meta name=\"twitter:card\" content=\"summary_large_image\" \/>\n<meta name=\"twitter:label1\" content=\"Escrito por\" \/>\n\t<meta name=\"twitter:data1\" content=\"Telinha\" \/>\n\t<meta name=\"twitter:label2\" content=\"Tempo estimado de leitura\" \/>\n\t<meta name=\"twitter:data2\" content=\"1 minuto\" \/>\n<script type=\"application\/ld+json\" class=\"yoast-schema-graph\">{\"@context\":\"https:\/\/schema.org\",\"@graph\":[{\"@type\":\"Article\",\"@id\":\"https:\/\/portaltela.pt\/noticias\/2026\/04\/18\/lula-e-recebido-com-honras-militares-por-merz-em-hanover-antes-de-viagem-a-portugal\/#article\",\"isPartOf\":{\"@id\":\"https:\/\/portaltela.pt\/noticias\/2026\/04\/18\/lula-e-recebido-com-honras-militares-por-merz-em-hanover-antes-de-viagem-a-portugal\/\"},\"author\":{\"name\":\"Telinha\",\"@id\":\"https:\/\/portaltela.pt\/#\/schema\/person\/c4278d4a6028830caff9ee44b42d32ed\"},\"headline\":\"Lula \u00e9 recebido com honras militares por Merz em Hanover antes de viagem a Portugal\",\"datePublished\":\"2026-04-19T00:00:00+00:00\",\"mainEntityOfPage\":{\"@id\":\"https:\/\/portaltela.pt\/noticias\/2026\/04\/18\/lula-e-recebido-com-honras-militares-por-merz-em-hanover-antes-de-viagem-a-portugal\/\"},\"wordCount\":207,\"image\":{\"@id\":\"https:\/\/portaltela.pt\/noticias\/2026\/04\/18\/lula-e-recebido-com-honras-militares-por-merz-em-hanover-antes-de-viagem-a-portugal\/#primaryimage\"},\"thumbnailUrl\":\"https:\/\/portaltela.pt\/s.01k8rhncp4jt1\/2026\/04\/dn2F2026-04-192Fpylwoy7n2FDOC.20260419.46958275.12900232.jpg\",\"keywords\":[\"Alemanha\",\"Brasil\",\"coopera\u00e7\u00e3o internacional\",\"Mercosul\",\"Portugal\",\"Uni\u00e3o Europeia\"],\"articleSection\":[\"Internacionais\",\"Pol\u00edtica\"],\"inLanguage\":\"pt-PT\"},{\"@type\":\"WebPage\",\"@id\":\"https:\/\/portaltela.pt\/noticias\/2026\/04\/18\/lula-e-recebido-com-honras-militares-por-merz-em-hanover-antes-de-viagem-a-portugal\/\",\"url\":\"https:\/\/portaltela.pt\/noticias\/2026\/04\/18\/lula-e-recebido-com-honras-militares-por-merz-em-hanover-antes-de-viagem-a-portugal\/\",\"name\":\"Lula \u00e9 recebido com honras militares por Merz em Hanover antes de viagem a Portugal - Portal Tela Portugal\",\"isPartOf\":{\"@id\":\"https:\/\/portaltela.pt\/#website\"},\"primaryImageOfPage\":{\"@id\":\"https:\/\/portaltela.pt\/noticias\/2026\/04\/18\/lula-e-recebido-com-honras-militares-por-merz-em-hanover-antes-de-viagem-a-portugal\/#primaryimage\"},\"image\":{\"@id\":\"https:\/\/portaltela.pt\/noticias\/2026\/04\/18\/lula-e-recebido-com-honras-militares-por-merz-em-hanover-antes-de-viagem-a-portugal\/#primaryimage\"},\"thumbnailUrl\":\"https:\/\/portaltela.pt\/s.01k8rhncp4jt1\/2026\/04\/dn2F2026-04-192Fpylwoy7n2FDOC.20260419.46958275.12900232.jpg\",\"datePublished\":\"2026-04-19T00:00:00+00:00\",\"author\":{\"@id\":\"https:\/\/portaltela.pt\/#\/schema\/person\/c4278d4a6028830caff9ee44b42d32ed\"},\"breadcrumb\":{\"@id\":\"https:\/\/portaltela.pt\/noticias\/2026\/04\/18\/lula-e-recebido-com-honras-militares-por-merz-em-hanover-antes-de-viagem-a-portugal\/#breadcrumb\"},\"inLanguage\":\"pt-PT\",\"potentialAction\":[{\"@type\":\"ReadAction\",\"target\":[\"https:\/\/portaltela.pt\/noticias\/2026\/04\/18\/lula-e-recebido-com-honras-militares-por-merz-em-hanover-antes-de-viagem-a-portugal\/\"]}]},{\"@type\":\"ImageObject\",\"inLanguage\":\"pt-PT\",\"@id\":\"https:\/\/portaltela.pt\/noticias\/2026\/04\/18\/lula-e-recebido-com-honras-militares-por-merz-em-hanover-antes-de-viagem-a-portugal\/#primaryimage\",\"url\":\"https:\/\/portaltela.pt\/s.01k8rhncp4jt1\/2026\/04\/dn2F2026-04-192Fpylwoy7n2FDOC.20260419.46958275.12900232.jpg\",\"contentUrl\":\"https:\/\/portaltela.pt\/s.01k8rhncp4jt1\/2026\/04\/dn2F2026-04-192Fpylwoy7n2FDOC.20260419.46958275.12900232.jpg\",\"width\":1200,\"height\":800,\"caption\":\"Lula em Hanover\"},{\"@type\":\"BreadcrumbList\",\"@id\":\"https:\/\/portaltela.pt\/noticias\/2026\/04\/18\/lula-e-recebido-com-honras-militares-por-merz-em-hanover-antes-de-viagem-a-portugal\/#breadcrumb\",\"itemListElement\":[{\"@type\":\"ListItem\",\"position\":1,\"name\":\"In\u00edcio\",\"item\":\"https:\/\/portaltela.pt\/\"},{\"@type\":\"ListItem\",\"position\":2,\"name\":\"Lula \u00e9 recebido com honras militares por Merz em Hanover antes de viagem a Portugal\"}]},{\"@type\":\"WebSite\",\"@id\":\"https:\/\/portaltela.pt\/#website\",\"url\":\"https:\/\/portaltela.pt\/\",\"name\":\"Portal Tela Portugal\",\"description\":\"\",\"potentialAction\":[{\"@type\":\"SearchAction\",\"target\":{\"@type\":\"EntryPoint\",\"urlTemplate\":\"https:\/\/portaltela.pt\/?s={search_term_string}\"},\"query-input\":{\"@type\":\"PropertyValueSpecification\",\"valueRequired\":true,\"valueName\":\"search_term_string\"}}],\"inLanguage\":\"pt-PT\"},{\"@type\":\"Person\",\"@id\":\"https:\/\/portaltela.pt\/#\/schema\/person\/c4278d4a6028830caff9ee44b42d32ed\",\"name\":\"Telinha\",\"image\":{\"@type\":\"ImageObject\",\"inLanguage\":\"pt-PT\",\"@id\":\"https:\/\/portaltela.pt\/s.01k8rhncp4jt1\/2025\/11\/talking-bot-125x125.png\",\"url\":\"https:\/\/portaltela.pt\/s.01k8rhncp4jt1\/2025\/11\/talking-bot-125x125.png\",\"contentUrl\":\"https:\/\/portaltela.pt\/s.01k8rhncp4jt1\/2025\/11\/talking-bot-125x125.png\",\"caption\":\"Telinha\"},\"sameAs\":[\"https:\/\/portaltela.pt\/\"],\"url\":\"https:\/\/portaltela.pt\/por\/367410592786\/\"}]}<\/script>\n<!-- \/ Yoast SEO plugin. -->","yoast_head_json":{"title":"Lula \u00e9 recebido com honras militares por Merz em Hanover antes de viagem a Portugal - Portal Tela Portugal","robots":{"index":"index","follow":"follow","max-snippet":"max-snippet:-1","max-image-preview":"max-image-preview:large","max-video-preview":"max-video-preview:-1"},"og_locale":"pt_PT","og_type":"article","og_title":"Lula \u00e9 recebido com honras militares por Merz em Hanover antes de viagem a Portugal - Portal Tela Portugal","og_description":"Lula da Silva foi recebido com honras militares no Pal\u00e1cio de Herrenhausen, em Hanover, pelo presidente do partido Uni\u00e3o Democr\u00e1tica Crist\u00e3 (CDU), Friedrich Merz. A cerim\u00f4nia incluiu tropas e uma parada oficial, antes da viagem de Lula a Portugal. O foco da visita \u00e9 a economia, com destaque para o acordo UE-Mercosul, coopera\u00e7\u00e3o em defesa, com\u00e9rcio de mat\u00e9rias-primas, digitaliza\u00e7\u00e3o e inova\u00e7\u00e3o. Merz destacou a import\u00e2ncia da rela\u00e7\u00e3o Brasil-Alemanha e as oportunidades de neg\u00f3cios; Lula reiterou o compromisso com a economia sustent\u00e1vel e a inova\u00e7\u00e3o tecnol\u00f3gica. A visita a Hanover antecede encontros oficiais em Portugal e visa ampliar a coopera\u00e7\u00e3o econ\u00f3mica e diplom\u00e1tica entre Brasil, Alemanha e Uni\u00e3o Europeia.","og_url":"https:\/\/portaltela.pt\/noticias\/2026\/04\/18\/lula-e-recebido-com-honras-militares-por-merz-em-hanover-antes-de-viagem-a-portugal\/","og_site_name":"Portal Tela Portugal","article_published_time":"2026-04-19T00:00:00+00:00","author":"Telinha","twitter_card":"summary_large_image","twitter_misc":{"Escrito por":"Telinha","Tempo estimado de leitura":"1 minuto"},"schema":{"@context":"https:\/\/schema.org","@graph":[{"@type":"Article","@id":"https:\/\/portaltela.pt\/noticias\/2026\/04\/18\/lula-e-recebido-com-honras-militares-por-merz-em-hanover-antes-de-viagem-a-portugal\/#article","isPartOf":{"@id":"https:\/\/portaltela.pt\/noticias\/2026\/04\/18\/lula-e-recebido-com-honras-militares-por-merz-em-hanover-antes-de-viagem-a-portugal\/"},"author":{"name":"Telinha","@id":"https:\/\/portaltela.pt\/#\/schema\/person\/c4278d4a6028830caff9ee44b42d32ed"},"headline":"Lula \u00e9 recebido com honras militares por Merz em Hanover antes de viagem a Portugal","datePublished":"2026-04-19T00:00:00+00:00","mainEntityOfPage":{"@id":"https:\/\/portaltela.pt\/noticias\/2026\/04\/18\/lula-e-recebido-com-honras-militares-por-merz-em-hanover-antes-de-viagem-a-portugal\/"},"wordCount":207,"image":{"@id":"https:\/\/portaltela.pt\/noticias\/2026\/04\/18\/lula-e-recebido-com-honras-militares-por-merz-em-hanover-antes-de-viagem-a-portugal\/#primaryimage"},"thumbnailUrl":"https:\/\/portaltela.pt\/s.01k8rhncp4jt1\/2026\/04\/dn2F2026-04-192Fpylwoy7n2FDOC.20260419.46958275.12900232.jpg","keywords":["Alemanha","Brasil","coopera\u00e7\u00e3o internacional","Mercosul","Portugal","Uni\u00e3o Europeia"],"articleSection":["Internacionais","Pol\u00edtica"],"inLanguage":"pt-PT"},{"@type":"WebPage","@id":"https:\/\/portaltela.pt\/noticias\/2026\/04\/18\/lula-e-recebido-com-honras-militares-por-merz-em-hanover-antes-de-viagem-a-portugal\/","url":"https:\/\/portaltela.pt\/noticias\/2026\/04\/18\/lula-e-recebido-com-honras-militares-por-merz-em-hanover-antes-de-viagem-a-portugal\/","name":"Lula \u00e9 recebido com honras militares por Merz em Hanover antes de viagem a Portugal - Portal Tela Portugal","isPartOf":{"@id":"https:\/\/portaltela.pt\/#website"},"primaryImageOfPage":{"@id":"https:\/\/portaltela.pt\/noticias\/2026\/04\/18\/lula-e-recebido-com-honras-militares-por-merz-em-hanover-antes-de-viagem-a-portugal\/#primaryimage"},"image":{"@id":"https:\/\/portaltela.pt\/noticias\/2026\/04\/18\/lula-e-recebido-com-honras-militares-por-merz-em-hanover-antes-de-viagem-a-portugal\/#primaryimage"},"thumbnailUrl":"https:\/\/portaltela.pt\/s.01k8rhncp4jt1\/2026\/04\/dn2F2026-04-192Fpylwoy7n2FDOC.20260419.46958275.12900232.jpg","datePublished":"2026-04-19T00:00:00+00:00","author":{"@id":"https:\/\/portaltela.pt\/#\/schema\/person\/c4278d4a6028830caff9ee44b42d32ed"},"breadcrumb":{"@id":"https:\/\/portaltela.pt\/noticias\/2026\/04\/18\/lula-e-recebido-com-honras-militares-por-merz-em-hanover-antes-de-viagem-a-portugal\/#breadcrumb"},"inLanguage":"pt-PT","potentialAction":[{"@type":"ReadAction","target":["https:\/\/portaltela.pt\/noticias\/2026\/04\/18\/lula-e-recebido-com-honras-militares-por-merz-em-hanover-antes-de-viagem-a-portugal\/"]}]},{"@type":"ImageObject","inLanguage":"pt-PT","@id":"https:\/\/portaltela.pt\/noticias\/2026\/04\/18\/lula-e-recebido-com-honras-militares-por-merz-em-hanover-antes-de-viagem-a-portugal\/#primaryimage","url":"https:\/\/portaltela.pt\/s.01k8rhncp4jt1\/2026\/04\/dn2F2026-04-192Fpylwoy7n2FDOC.20260419.46958275.12900232.jpg","contentUrl":"https:\/\/portaltela.pt\/s.01k8rhncp4jt1\/2026\/04\/dn2F2026-04-192Fpylwoy7n2FDOC.20260419.46958275.12900232.jpg","width":1200,"height":800,"caption":"Lula em Hanover"},{"@type":"BreadcrumbList","@id":"https:\/\/portaltela.pt\/noticias\/2026\/04\/18\/lula-e-recebido-com-honras-militares-por-merz-em-hanover-antes-de-viagem-a-portugal\/#breadcrumb","itemListElement":[{"@type":"ListItem","position":1,"name":"In\u00edcio","item":"https:\/\/portaltela.pt\/"},{"@type":"ListItem","position":2,"name":"Lula \u00e9 recebido com honras militares por Merz em Hanover antes de viagem a Portugal"}]},{"@type":"WebSite","@id":"https:\/\/portaltela.pt\/#website","url":"https:\/\/portaltela.pt\/","name":"Portal Tela Portugal","description":"","potentialAction":[{"@type":"SearchAction","target":{"@type":"EntryPoint","urlTemplate":"https:\/\/portaltela.pt\/?s={search_term_string}"},"query-input":{"@type":"PropertyValueSpecification","valueRequired":true,"valueName":"search_term_string"}}],"inLanguage":"pt-PT"},{"@type":"Person","@id":"https:\/\/portaltela.pt\/#\/schema\/person\/c4278d4a6028830caff9ee44b42d32ed","name":"Telinha","image":{"@type":"ImageObject","inLanguage":"pt-PT","@id":"https:\/\/portaltela.pt\/s.01k8rhncp4jt1\/2025\/11\/talking-bot-125x125.png","url":"https:\/\/portaltela.pt\/s.01k8rhncp4jt1\/2025\/11\/talking-bot-125x125.png","contentUrl":"https:\/\/portaltela.pt\/s.01k8rhncp4jt1\/2025\/11\/talking-bot-125x125.png","caption":"Telinha"},"sameAs":["https:\/\/portaltela.pt\/"],"url":"https:\/\/portaltela.pt\/por\/367410592786\/"}]}},"_links":{"self":[{"href":"https:\/\/portaltela.pt\/api\/wp\/v2\/posts\/450025","targetHints":{"allow":["GET"]}}],"collection":[{"href":"https:\/\/portaltela.pt\/api\/wp\/v2\/posts"}],"about":[{"href":"https:\/\/portaltela.pt\/api\/wp\/v2\/types\/post"}],"author":[{"embeddable":true,"href":"https:\/\/portaltela.pt\/api\/wp\/v2\/users\/2"}],"replies":[{"embeddable":true,"href":"https:\/\/portaltela.pt\/api\/wp\/v2\/comments?post=450025"}],"version-history":[{"count":0,"href":"https:\/\/portaltela.pt\/api\/wp\/v2\/posts\/450025\/revisions"}],"wp:featuredmedia":[{"embeddable":true,"href":"https:\/\/portaltela.pt\/api\/wp\/v2\/media\/450028"}],"wp:attachment":[{"href":"https:\/\/portaltela.pt\/api\/wp\/v2\/media?parent=450025"}],"wp:term":[{"taxonomy":"category","embeddable":true,"href":"https:\/\/portaltela.pt\/api\/wp\/v2\/categories?post=450025"},{"taxonomy":"post_tag","embeddable":true,"href":"https:\/\/portaltela.pt\/api\/wp\/v2\/tags?post=450025"}],"curies":[{"name":"wp","href":"https:\/\/api.w.org\/{rel}","templated":true}]}}