{"id":450021,"date":"2026-04-19T12:00:00","date_gmt":"2026-04-19T15:00:00","guid":{"rendered":"https:\/\/portaltela.pt\/noticias\/2026\/04\/19\/proposta-de-revisao-do-regime-juridico-dos-graus-e-diplomas\/"},"modified":"2026-04-19T12:00:00","modified_gmt":"2026-04-19T15:00:00","slug":"proposta-de-revisao-do-regime-juridico-dos-graus-e-diplomas","status":"publish","type":"post","link":"https:\/\/portaltela.pt\/sociedade\/2026\/04\/19\/proposta-de-revisao-do-regime-juridico-dos-graus-e-diplomas\/","title":{"rendered":"Proposta de revis\u00e3o do regime jur\u00eddico dos graus e diplomas"},"content":{"rendered":"<p>O Governo apresentou uma proposta de revis\u00e3o do Regime Jur\u00eddico dos Graus e Diplomas do Ensino Superior. Segundo o texto, a mudan\u00e7a visa modernizar o sistema, mas cr\u00edticos afirmam que pode comprometer a autonomia universit\u00e1ria e a gest\u00e3o acad\u00e9mica.<\/p>\n<p>A pe\u00e7a aponta que a proposta recorre a classifica\u00e7\u00f5es r\u00edgidas baseadas na CNAEF para compor corpos docentes e aprovar ciclos de estudo. A leitura sustenta que isto pode limitar a inova\u00e7\u00e3o curricular, sobretudo em \u00e1reas transversais e h\u00edbridas.<\/p>\n<p>Ao mesmo tempo, o documento questiona a exig\u00eancia de profici\u00eancia em ingl\u00eas a sa\u00edda do ensino obrigat\u00f3rio, defendendo que n\u00e3o est\u00e1 assegurado o contexto para n\u00edveis B2. Aponta falhas da estrat\u00e9gia educativa portuguesa para l\u00ednguas estrangeiras.<\/p>\n<p>A cr\u00edtica tamb\u00e9m aborda a orienta\u00e7\u00e3o de mestrados e doutoramentos, apontando que a proposta pode desregular a forma\u00e7\u00e3o doutoral e criar depend\u00eancia de unidades de investiga\u00e7\u00e3o avaliadas com classifica\u00e7\u00f5es espec\u00edficas. O texto sugere riscos para a autonomia cient\u00edfica.<\/p>\n<p>Outra \u00e1rea em an\u00e1lise \u00e9 a forma\u00e7\u00e3o de professores. A avalia\u00e7\u00e3o de que o diploma atual exige docentes com forma\u00e7\u00e3o espec\u00edfica pode ficar em dilema com a nova estrutura, criando contradi\u00e7\u00f5es legais e dificuldades na pr\u00e1tica pedag\u00f3gica.<\/p>\n<h3>Perspetivas e implica\u00e7\u00f5es<\/h3>\n<p>O texto sustenta que, se aplausada sem reformula\u00e7\u00e3o, a revis\u00e3o pode consolidar burocracias e comprometer a qualidade pedag\u00f3gica. A leitura enfatiza a necessidade de clarificar defini\u00e7\u00f5es e de centrar a avalia\u00e7\u00e3o nos resultados de aprendizagem e na coer\u00eancia do projeto cient\u00edfico-pedag\u00f3gico.<\/p>\n","protected":false},"excerpt":{"rendered":"<ul>\n<li>A proposta de revis\u00e3o do Regime Jur\u00eddico dos Graus e Diplomas \u00e9 criticada como retrocesso \u00e0 autonomia universit\u00e1ria, favorecendo uma tecnocracia limitada e burocr\u00e1tica.<\/li>\n<li>A principal obje\u00e7\u00e3o \u00e9 a obrigatoriedade de classifica\u00e7\u00f5es r\u00edgidas pela Classifica\u00e7\u00e3o Nacional das \u00c1reas de Educa\u00e7\u00e3o e Forma\u00e7\u00e3o (CNAEF), o que pode travar inova\u00e7\u00e3o curricular e prejudicar cursos interdisciplinares.<\/li>\n<li>A exig\u00eancia de atingir n\u00edvel B2 de ingl\u00eas \u00e0 sa\u00edda da escolaridade obrigat\u00f3ria \u00e9 considerada impratic\u00e1vel no atual sistema educativo portugu\u00eas, devido \u00e0 falta de horas e de continuidade no ensino de l\u00ednguas.<\/li>\n<li>A proposta \u00e9 criticada pela externaliza\u00e7\u00e3o da capacidade formativa de doutorandos, ao ligar orienta\u00e7\u00f5es a unidades de investiga\u00e7\u00e3o (UIs) com classifica\u00e7\u00f5es elevadas, o que pode restringir a diversidade de orienta\u00e7\u00e3o.<\/li>\n<li>Em rela\u00e7\u00e3o \u00e0 forma\u00e7\u00e3o de professores, surge uma contradi\u00e7\u00e3o legal entre diplomas atuais e a nova proposta, que pode comprometer a qualidade cient\u00edfica da forma\u00e7\u00e3o docente e criar obst\u00e1culos legais para as institui\u00e7\u00f5es.<\/li>\n<\/ul>\n","protected":false},"author":2,"featured_media":450023,"comment_status":"closed","ping_status":"closed","sticky":false,"template":"","format":"standard","meta":{"footnotes":""},"categories":[1,6871],"tags":[6337,163,2443,6623,34,2832],"class_list":["post-450021","post","type-post","status-publish","format-standard","has-post-thumbnail","hentry","category-noticias","category-sociedade","tag-direito","tag-educacao","tag-educacao-publica","tag-ensino-superior","tag-governo","tag-politica"],"yoast_head":"<!-- This site is optimized with the Yoast SEO plugin v27.2 - https:\/\/yoast.com\/product\/yoast-seo-wordpress\/ -->\n<title>Proposta de revis\u00e3o do regime jur\u00eddico dos graus e diplomas - Portal Tela Portugal<\/title>\n<meta name=\"robots\" content=\"index, follow, max-snippet:-1, max-image-preview:large, max-video-preview:-1\" \/>\n<meta property=\"og:locale\" content=\"pt_PT\" \/>\n<meta property=\"og:type\" content=\"article\" \/>\n<meta property=\"og:title\" content=\"Proposta de revis\u00e3o do regime jur\u00eddico dos graus e diplomas - Portal Tela Portugal\" \/>\n<meta property=\"og:description\" content=\"A proposta de revis\u00e3o do Regime Jur\u00eddico dos Graus e Diplomas \u00e9 criticada como retrocesso \u00e0 autonomia universit\u00e1ria, favorecendo uma tecnocracia limitada e burocr\u00e1tica. A principal obje\u00e7\u00e3o \u00e9 a obrigatoriedade de classifica\u00e7\u00f5es r\u00edgidas pela Classifica\u00e7\u00e3o Nacional das \u00c1reas de Educa\u00e7\u00e3o e Forma\u00e7\u00e3o (CNAEF), o que pode travar inova\u00e7\u00e3o curricular e prejudicar cursos interdisciplinares. A exig\u00eancia de atingir n\u00edvel B2 de ingl\u00eas \u00e0 sa\u00edda da escolaridade obrigat\u00f3ria \u00e9 considerada impratic\u00e1vel no atual sistema educativo portugu\u00eas, devido \u00e0 falta de horas e de continuidade no ensino de l\u00ednguas. A proposta \u00e9 criticada pela externaliza\u00e7\u00e3o da capacidade formativa de doutorandos, ao ligar orienta\u00e7\u00f5es a unidades de investiga\u00e7\u00e3o (UIs) com classifica\u00e7\u00f5es elevadas, o que pode restringir a diversidade de orienta\u00e7\u00e3o. Em rela\u00e7\u00e3o \u00e0 forma\u00e7\u00e3o de professores, surge uma contradi\u00e7\u00e3o legal entre diplomas atuais e a nova proposta, que pode comprometer a qualidade cient\u00edfica da forma\u00e7\u00e3o docente e criar obst\u00e1culos legais para as institui\u00e7\u00f5es.\" \/>\n<meta property=\"og:url\" content=\"https:\/\/portaltela.pt\/noticias\/2026\/04\/19\/proposta-de-revisao-do-regime-juridico-dos-graus-e-diplomas\/\" \/>\n<meta property=\"og:site_name\" content=\"Portal Tela Portugal\" \/>\n<meta property=\"article:published_time\" content=\"2026-04-19T15:00:00+00:00\" \/>\n<meta name=\"author\" content=\"Telinha\" \/>\n<meta name=\"twitter:card\" content=\"summary_large_image\" \/>\n<meta name=\"twitter:label1\" content=\"Escrito por\" \/>\n\t<meta name=\"twitter:data1\" content=\"Telinha\" \/>\n\t<meta name=\"twitter:label2\" content=\"Tempo estimado de leitura\" \/>\n\t<meta name=\"twitter:data2\" content=\"1 minuto\" \/>\n<script type=\"application\/ld+json\" class=\"yoast-schema-graph\">{\"@context\":\"https:\/\/schema.org\",\"@graph\":[{\"@type\":\"Article\",\"@id\":\"https:\/\/portaltela.pt\/noticias\/2026\/04\/19\/proposta-de-revisao-do-regime-juridico-dos-graus-e-diplomas\/#article\",\"isPartOf\":{\"@id\":\"https:\/\/portaltela.pt\/noticias\/2026\/04\/19\/proposta-de-revisao-do-regime-juridico-dos-graus-e-diplomas\/\"},\"author\":{\"name\":\"Telinha\",\"@id\":\"https:\/\/portaltela.pt\/#\/schema\/person\/c4278d4a6028830caff9ee44b42d32ed\"},\"headline\":\"Proposta de revis\u00e3o do regime jur\u00eddico dos graus e diplomas\",\"datePublished\":\"2026-04-19T15:00:00+00:00\",\"mainEntityOfPage\":{\"@id\":\"https:\/\/portaltela.pt\/noticias\/2026\/04\/19\/proposta-de-revisao-do-regime-juridico-dos-graus-e-diplomas\/\"},\"wordCount\":290,\"image\":{\"@id\":\"https:\/\/portaltela.pt\/noticias\/2026\/04\/19\/proposta-de-revisao-do-regime-juridico-dos-graus-e-diplomas\/#primaryimage\"},\"thumbnailUrl\":\"https:\/\/portaltela.pt\/s.01k8rhncp4jt1\/2026\/04\/tpUHdbIMAGENStypePNGshare1oBarraFacebook_Publico.png\",\"keywords\":[\"direito\",\"educa\u00e7\u00e3o\",\"educa\u00e7\u00e3o p\u00fablica\",\"Ensino Superior\",\"governo\",\"pol\u00edtica\"],\"articleSection\":[\"Not\u00edcias\",\"Sociedade\"],\"inLanguage\":\"pt-PT\"},{\"@type\":\"WebPage\",\"@id\":\"https:\/\/portaltela.pt\/noticias\/2026\/04\/19\/proposta-de-revisao-do-regime-juridico-dos-graus-e-diplomas\/\",\"url\":\"https:\/\/portaltela.pt\/noticias\/2026\/04\/19\/proposta-de-revisao-do-regime-juridico-dos-graus-e-diplomas\/\",\"name\":\"Proposta de revis\u00e3o do regime jur\u00eddico dos graus e diplomas - Portal Tela Portugal\",\"isPartOf\":{\"@id\":\"https:\/\/portaltela.pt\/#website\"},\"primaryImageOfPage\":{\"@id\":\"https:\/\/portaltela.pt\/noticias\/2026\/04\/19\/proposta-de-revisao-do-regime-juridico-dos-graus-e-diplomas\/#primaryimage\"},\"image\":{\"@id\":\"https:\/\/portaltela.pt\/noticias\/2026\/04\/19\/proposta-de-revisao-do-regime-juridico-dos-graus-e-diplomas\/#primaryimage\"},\"thumbnailUrl\":\"https:\/\/portaltela.pt\/s.01k8rhncp4jt1\/2026\/04\/tpUHdbIMAGENStypePNGshare1oBarraFacebook_Publico.png\",\"datePublished\":\"2026-04-19T15:00:00+00:00\",\"author\":{\"@id\":\"https:\/\/portaltela.pt\/#\/schema\/person\/c4278d4a6028830caff9ee44b42d32ed\"},\"breadcrumb\":{\"@id\":\"https:\/\/portaltela.pt\/noticias\/2026\/04\/19\/proposta-de-revisao-do-regime-juridico-dos-graus-e-diplomas\/#breadcrumb\"},\"inLanguage\":\"pt-PT\",\"potentialAction\":[{\"@type\":\"ReadAction\",\"target\":[\"https:\/\/portaltela.pt\/noticias\/2026\/04\/19\/proposta-de-revisao-do-regime-juridico-dos-graus-e-diplomas\/\"]}]},{\"@type\":\"ImageObject\",\"inLanguage\":\"pt-PT\",\"@id\":\"https:\/\/portaltela.pt\/noticias\/2026\/04\/19\/proposta-de-revisao-do-regime-juridico-dos-graus-e-diplomas\/#primaryimage\",\"url\":\"https:\/\/portaltela.pt\/s.01k8rhncp4jt1\/2026\/04\/tpUHdbIMAGENStypePNGshare1oBarraFacebook_Publico.png\",\"contentUrl\":\"https:\/\/portaltela.pt\/s.01k8rhncp4jt1\/2026\/04\/tpUHdbIMAGENStypePNGshare1oBarraFacebook_Publico.png\",\"width\":225,\"height\":225,\"caption\":\"Photo\"},{\"@type\":\"BreadcrumbList\",\"@id\":\"https:\/\/portaltela.pt\/noticias\/2026\/04\/19\/proposta-de-revisao-do-regime-juridico-dos-graus-e-diplomas\/#breadcrumb\",\"itemListElement\":[{\"@type\":\"ListItem\",\"position\":1,\"name\":\"In\u00edcio\",\"item\":\"https:\/\/portaltela.pt\/\"},{\"@type\":\"ListItem\",\"position\":2,\"name\":\"Proposta de revis\u00e3o do regime jur\u00eddico dos graus e diplomas\"}]},{\"@type\":\"WebSite\",\"@id\":\"https:\/\/portaltela.pt\/#website\",\"url\":\"https:\/\/portaltela.pt\/\",\"name\":\"Portal Tela Portugal\",\"description\":\"\",\"potentialAction\":[{\"@type\":\"SearchAction\",\"target\":{\"@type\":\"EntryPoint\",\"urlTemplate\":\"https:\/\/portaltela.pt\/?s={search_term_string}\"},\"query-input\":{\"@type\":\"PropertyValueSpecification\",\"valueRequired\":true,\"valueName\":\"search_term_string\"}}],\"inLanguage\":\"pt-PT\"},{\"@type\":\"Person\",\"@id\":\"https:\/\/portaltela.pt\/#\/schema\/person\/c4278d4a6028830caff9ee44b42d32ed\",\"name\":\"Telinha\",\"image\":{\"@type\":\"ImageObject\",\"inLanguage\":\"pt-PT\",\"@id\":\"https:\/\/portaltela.pt\/s.01k8rhncp4jt1\/2025\/11\/talking-bot-125x125.png\",\"url\":\"https:\/\/portaltela.pt\/s.01k8rhncp4jt1\/2025\/11\/talking-bot-125x125.png\",\"contentUrl\":\"https:\/\/portaltela.pt\/s.01k8rhncp4jt1\/2025\/11\/talking-bot-125x125.png\",\"caption\":\"Telinha\"},\"sameAs\":[\"https:\/\/portaltela.pt\/\"],\"url\":\"https:\/\/portaltela.pt\/por\/367410592786\/\"}]}<\/script>\n<!-- \/ Yoast SEO plugin. -->","yoast_head_json":{"title":"Proposta de revis\u00e3o do regime jur\u00eddico dos graus e diplomas - Portal Tela Portugal","robots":{"index":"index","follow":"follow","max-snippet":"max-snippet:-1","max-image-preview":"max-image-preview:large","max-video-preview":"max-video-preview:-1"},"og_locale":"pt_PT","og_type":"article","og_title":"Proposta de revis\u00e3o do regime jur\u00eddico dos graus e diplomas - Portal Tela Portugal","og_description":"A proposta de revis\u00e3o do Regime Jur\u00eddico dos Graus e Diplomas \u00e9 criticada como retrocesso \u00e0 autonomia universit\u00e1ria, favorecendo uma tecnocracia limitada e burocr\u00e1tica. A principal obje\u00e7\u00e3o \u00e9 a obrigatoriedade de classifica\u00e7\u00f5es r\u00edgidas pela Classifica\u00e7\u00e3o Nacional das \u00c1reas de Educa\u00e7\u00e3o e Forma\u00e7\u00e3o (CNAEF), o que pode travar inova\u00e7\u00e3o curricular e prejudicar cursos interdisciplinares. A exig\u00eancia de atingir n\u00edvel B2 de ingl\u00eas \u00e0 sa\u00edda da escolaridade obrigat\u00f3ria \u00e9 considerada impratic\u00e1vel no atual sistema educativo portugu\u00eas, devido \u00e0 falta de horas e de continuidade no ensino de l\u00ednguas. A proposta \u00e9 criticada pela externaliza\u00e7\u00e3o da capacidade formativa de doutorandos, ao ligar orienta\u00e7\u00f5es a unidades de investiga\u00e7\u00e3o (UIs) com classifica\u00e7\u00f5es elevadas, o que pode restringir a diversidade de orienta\u00e7\u00e3o. Em rela\u00e7\u00e3o \u00e0 forma\u00e7\u00e3o de professores, surge uma contradi\u00e7\u00e3o legal entre diplomas atuais e a nova proposta, que pode comprometer a qualidade cient\u00edfica da forma\u00e7\u00e3o docente e criar obst\u00e1culos legais para as institui\u00e7\u00f5es.","og_url":"https:\/\/portaltela.pt\/noticias\/2026\/04\/19\/proposta-de-revisao-do-regime-juridico-dos-graus-e-diplomas\/","og_site_name":"Portal Tela Portugal","article_published_time":"2026-04-19T15:00:00+00:00","author":"Telinha","twitter_card":"summary_large_image","twitter_misc":{"Escrito por":"Telinha","Tempo estimado de leitura":"1 minuto"},"schema":{"@context":"https:\/\/schema.org","@graph":[{"@type":"Article","@id":"https:\/\/portaltela.pt\/noticias\/2026\/04\/19\/proposta-de-revisao-do-regime-juridico-dos-graus-e-diplomas\/#article","isPartOf":{"@id":"https:\/\/portaltela.pt\/noticias\/2026\/04\/19\/proposta-de-revisao-do-regime-juridico-dos-graus-e-diplomas\/"},"author":{"name":"Telinha","@id":"https:\/\/portaltela.pt\/#\/schema\/person\/c4278d4a6028830caff9ee44b42d32ed"},"headline":"Proposta de revis\u00e3o do regime jur\u00eddico dos graus e diplomas","datePublished":"2026-04-19T15:00:00+00:00","mainEntityOfPage":{"@id":"https:\/\/portaltela.pt\/noticias\/2026\/04\/19\/proposta-de-revisao-do-regime-juridico-dos-graus-e-diplomas\/"},"wordCount":290,"image":{"@id":"https:\/\/portaltela.pt\/noticias\/2026\/04\/19\/proposta-de-revisao-do-regime-juridico-dos-graus-e-diplomas\/#primaryimage"},"thumbnailUrl":"https:\/\/portaltela.pt\/s.01k8rhncp4jt1\/2026\/04\/tpUHdbIMAGENStypePNGshare1oBarraFacebook_Publico.png","keywords":["direito","educa\u00e7\u00e3o","educa\u00e7\u00e3o p\u00fablica","Ensino Superior","governo","pol\u00edtica"],"articleSection":["Not\u00edcias","Sociedade"],"inLanguage":"pt-PT"},{"@type":"WebPage","@id":"https:\/\/portaltela.pt\/noticias\/2026\/04\/19\/proposta-de-revisao-do-regime-juridico-dos-graus-e-diplomas\/","url":"https:\/\/portaltela.pt\/noticias\/2026\/04\/19\/proposta-de-revisao-do-regime-juridico-dos-graus-e-diplomas\/","name":"Proposta de revis\u00e3o do regime jur\u00eddico dos graus e diplomas - Portal Tela Portugal","isPartOf":{"@id":"https:\/\/portaltela.pt\/#website"},"primaryImageOfPage":{"@id":"https:\/\/portaltela.pt\/noticias\/2026\/04\/19\/proposta-de-revisao-do-regime-juridico-dos-graus-e-diplomas\/#primaryimage"},"image":{"@id":"https:\/\/portaltela.pt\/noticias\/2026\/04\/19\/proposta-de-revisao-do-regime-juridico-dos-graus-e-diplomas\/#primaryimage"},"thumbnailUrl":"https:\/\/portaltela.pt\/s.01k8rhncp4jt1\/2026\/04\/tpUHdbIMAGENStypePNGshare1oBarraFacebook_Publico.png","datePublished":"2026-04-19T15:00:00+00:00","author":{"@id":"https:\/\/portaltela.pt\/#\/schema\/person\/c4278d4a6028830caff9ee44b42d32ed"},"breadcrumb":{"@id":"https:\/\/portaltela.pt\/noticias\/2026\/04\/19\/proposta-de-revisao-do-regime-juridico-dos-graus-e-diplomas\/#breadcrumb"},"inLanguage":"pt-PT","potentialAction":[{"@type":"ReadAction","target":["https:\/\/portaltela.pt\/noticias\/2026\/04\/19\/proposta-de-revisao-do-regime-juridico-dos-graus-e-diplomas\/"]}]},{"@type":"ImageObject","inLanguage":"pt-PT","@id":"https:\/\/portaltela.pt\/noticias\/2026\/04\/19\/proposta-de-revisao-do-regime-juridico-dos-graus-e-diplomas\/#primaryimage","url":"https:\/\/portaltela.pt\/s.01k8rhncp4jt1\/2026\/04\/tpUHdbIMAGENStypePNGshare1oBarraFacebook_Publico.png","contentUrl":"https:\/\/portaltela.pt\/s.01k8rhncp4jt1\/2026\/04\/tpUHdbIMAGENStypePNGshare1oBarraFacebook_Publico.png","width":225,"height":225,"caption":"Photo"},{"@type":"BreadcrumbList","@id":"https:\/\/portaltela.pt\/noticias\/2026\/04\/19\/proposta-de-revisao-do-regime-juridico-dos-graus-e-diplomas\/#breadcrumb","itemListElement":[{"@type":"ListItem","position":1,"name":"In\u00edcio","item":"https:\/\/portaltela.pt\/"},{"@type":"ListItem","position":2,"name":"Proposta de revis\u00e3o do regime jur\u00eddico dos graus e diplomas"}]},{"@type":"WebSite","@id":"https:\/\/portaltela.pt\/#website","url":"https:\/\/portaltela.pt\/","name":"Portal Tela Portugal","description":"","potentialAction":[{"@type":"SearchAction","target":{"@type":"EntryPoint","urlTemplate":"https:\/\/portaltela.pt\/?s={search_term_string}"},"query-input":{"@type":"PropertyValueSpecification","valueRequired":true,"valueName":"search_term_string"}}],"inLanguage":"pt-PT"},{"@type":"Person","@id":"https:\/\/portaltela.pt\/#\/schema\/person\/c4278d4a6028830caff9ee44b42d32ed","name":"Telinha","image":{"@type":"ImageObject","inLanguage":"pt-PT","@id":"https:\/\/portaltela.pt\/s.01k8rhncp4jt1\/2025\/11\/talking-bot-125x125.png","url":"https:\/\/portaltela.pt\/s.01k8rhncp4jt1\/2025\/11\/talking-bot-125x125.png","contentUrl":"https:\/\/portaltela.pt\/s.01k8rhncp4jt1\/2025\/11\/talking-bot-125x125.png","caption":"Telinha"},"sameAs":["https:\/\/portaltela.pt\/"],"url":"https:\/\/portaltela.pt\/por\/367410592786\/"}]}},"_links":{"self":[{"href":"https:\/\/portaltela.pt\/api\/wp\/v2\/posts\/450021","targetHints":{"allow":["GET"]}}],"collection":[{"href":"https:\/\/portaltela.pt\/api\/wp\/v2\/posts"}],"about":[{"href":"https:\/\/portaltela.pt\/api\/wp\/v2\/types\/post"}],"author":[{"embeddable":true,"href":"https:\/\/portaltela.pt\/api\/wp\/v2\/users\/2"}],"replies":[{"embeddable":true,"href":"https:\/\/portaltela.pt\/api\/wp\/v2\/comments?post=450021"}],"version-history":[{"count":0,"href":"https:\/\/portaltela.pt\/api\/wp\/v2\/posts\/450021\/revisions"}],"wp:featuredmedia":[{"embeddable":true,"href":"https:\/\/portaltela.pt\/api\/wp\/v2\/media\/450023"}],"wp:attachment":[{"href":"https:\/\/portaltela.pt\/api\/wp\/v2\/media?parent=450021"}],"wp:term":[{"taxonomy":"category","embeddable":true,"href":"https:\/\/portaltela.pt\/api\/wp\/v2\/categories?post=450021"},{"taxonomy":"post_tag","embeddable":true,"href":"https:\/\/portaltela.pt\/api\/wp\/v2\/tags?post=450021"}],"curies":[{"name":"wp","href":"https:\/\/api.w.org\/{rel}","templated":true}]}}