{"id":450006,"date":"2026-04-19T12:32:48","date_gmt":"2026-04-19T15:32:48","guid":{"rendered":"https:\/\/portaltela.pt\/noticias\/2026\/04\/19\/transito-cortado-na-ponte-25-de-abril-no-sentido-sul-norte-por-acidente\/"},"modified":"2026-04-19T12:32:48","modified_gmt":"2026-04-19T15:32:48","slug":"transito-cortado-na-ponte-25-de-abril-no-sentido-sul-norte-por-acidente","status":"publish","type":"post","link":"https:\/\/portaltela.pt\/noticias\/2026\/04\/19\/transito-cortado-na-ponte-25-de-abril-no-sentido-sul-norte-por-acidente\/","title":{"rendered":"Tr\u00e2nsito cortado na ponte 25 de Abril no sentido sul-norte por acidente"},"content":{"rendered":"<p>A circula\u00e7\u00e3o autom\u00f3vel na Ponte 25 de Abril est\u00e1 cortada no sentido norte-sul, devido a uma colis\u00e3o entre tr\u00eas ve\u00edculos. A informa\u00e7\u00e3o foi confirmada \u00e0 Lusa por fonte da Prote\u00e7\u00e3o Civil.<\/p>\n<p>O alerta foi dado \u00e0s 14h53 e as opera\u00e7\u00f5es de socorro incluem 25 operacionais. Est\u00e3o envolvidos bombeiros, agentes da PSP e o Instituto Nacional de Emerg\u00eancia M\u00e9dica (INEM).<\/p>\n<p>As circunst\u00e2ncias da colis\u00e3o ainda n\u00e3o foram explicadas, e n\u00e3o h\u00e1, at\u00e9 ao momento, informa\u00e7\u00e3o oficial sobre feridos. As autoridades seguem a monitorizar a situa\u00e7\u00e3o e a sinalizar alternativas de circula\u00e7\u00e3o.<\/p>\n","protected":false},"excerpt":{"rendered":"<ul>\n<li>Tr\u00e2nsito cortado na Ponte 25 de Abril no sentido sul-norte devido a uma colis\u00e3o entre tr\u00eas ve\u00edculos.<\/li>\n<li>A informa\u00e7\u00e3o foi confirmada pela Prote\u00e7\u00e3o Civil \u00e0 Lusa.<\/li>\n<li>O alerta chegou \u00e0s 14h53.<\/li>\n<li>Nas opera\u00e7\u00f5es de socorro participam 25 operacionais, entre bombeiros, PSP e INEM.<\/li>\n<\/ul>\n","protected":false},"author":2,"featured_media":450008,"comment_status":"closed","ping_status":"closed","sticky":false,"template":"","format":"standard","meta":{"footnotes":""},"categories":[6849,1],"tags":[7958,8054,8600,7974,8041,5999],"class_list":["post-450006","post","type-post","status-publish","format-standard","has-post-thumbnail","hentry","category-acidentes","category-noticias","tag-_acidente-rodoviario","tag-_bombeiros","tag-_inem","tag-_lisboa","tag-_psp","tag-25-de-abril"],"yoast_head":"<!-- This site is optimized with the Yoast SEO plugin v27.2 - https:\/\/yoast.com\/product\/yoast-seo-wordpress\/ -->\n<title>Tr\u00e2nsito cortado na ponte 25 de Abril no sentido sul-norte por acidente - Portal Tela Portugal<\/title>\n<meta name=\"robots\" content=\"index, follow, max-snippet:-1, max-image-preview:large, max-video-preview:-1\" \/>\n<meta property=\"og:locale\" content=\"pt_PT\" \/>\n<meta property=\"og:type\" content=\"article\" \/>\n<meta property=\"og:title\" content=\"Tr\u00e2nsito cortado na ponte 25 de Abril no sentido sul-norte por acidente - Portal Tela Portugal\" \/>\n<meta property=\"og:description\" content=\"Tr\u00e2nsito cortado na Ponte 25 de Abril no sentido sul-norte devido a uma colis\u00e3o entre tr\u00eas ve\u00edculos. A informa\u00e7\u00e3o foi confirmada pela Prote\u00e7\u00e3o Civil \u00e0 Lusa. O alerta chegou \u00e0s 14h53. Nas opera\u00e7\u00f5es de socorro participam 25 operacionais, entre bombeiros, PSP e INEM.\" \/>\n<meta property=\"og:url\" content=\"https:\/\/portaltela.pt\/noticias\/2026\/04\/19\/transito-cortado-na-ponte-25-de-abril-no-sentido-sul-norte-por-acidente\/\" \/>\n<meta property=\"og:site_name\" content=\"Portal Tela Portugal\" \/>\n<meta property=\"article:published_time\" content=\"2026-04-19T15:32:48+00:00\" \/>\n<meta name=\"author\" content=\"Telinha\" \/>\n<meta name=\"twitter:card\" content=\"summary_large_image\" \/>\n<meta name=\"twitter:label1\" content=\"Escrito por\" \/>\n\t<meta name=\"twitter:data1\" content=\"Telinha\" \/>\n\t<meta name=\"twitter:label2\" content=\"Tempo estimado de leitura\" \/>\n\t<meta name=\"twitter:data2\" content=\"1 minuto\" \/>\n<script type=\"application\/ld+json\" class=\"yoast-schema-graph\">{\"@context\":\"https:\/\/schema.org\",\"@graph\":[{\"@type\":\"Article\",\"@id\":\"https:\/\/portaltela.pt\/noticias\/2026\/04\/19\/transito-cortado-na-ponte-25-de-abril-no-sentido-sul-norte-por-acidente\/#article\",\"isPartOf\":{\"@id\":\"https:\/\/portaltela.pt\/noticias\/2026\/04\/19\/transito-cortado-na-ponte-25-de-abril-no-sentido-sul-norte-por-acidente\/\"},\"author\":{\"name\":\"Telinha\",\"@id\":\"https:\/\/portaltela.pt\/#\/schema\/person\/c4278d4a6028830caff9ee44b42d32ed\"},\"headline\":\"Tr\u00e2nsito cortado na ponte 25 de Abril no sentido sul-norte por acidente\",\"datePublished\":\"2026-04-19T15:32:48+00:00\",\"mainEntityOfPage\":{\"@id\":\"https:\/\/portaltela.pt\/noticias\/2026\/04\/19\/transito-cortado-na-ponte-25-de-abril-no-sentido-sul-norte-por-acidente\/\"},\"wordCount\":117,\"image\":{\"@id\":\"https:\/\/portaltela.pt\/noticias\/2026\/04\/19\/transito-cortado-na-ponte-25-de-abril-no-sentido-sul-norte-por-acidente\/#primaryimage\"},\"thumbnailUrl\":\"https:\/\/portaltela.pt\/s.01k8rhncp4jt1\/2026\/04\/46d0e5ee-eb4c-441e-80a7-e9a215a4b0e8_1200x675.jpg\",\"keywords\":[\"_acidente rodovi\u00e1rio\",\"_Bombeiros\",\"_INEM\",\"_Lisboa\",\"_PSP\",\"25 de Abril\"],\"articleSection\":[\"Acidentes\",\"Not\u00edcias\"],\"inLanguage\":\"pt-PT\"},{\"@type\":\"WebPage\",\"@id\":\"https:\/\/portaltela.pt\/noticias\/2026\/04\/19\/transito-cortado-na-ponte-25-de-abril-no-sentido-sul-norte-por-acidente\/\",\"url\":\"https:\/\/portaltela.pt\/noticias\/2026\/04\/19\/transito-cortado-na-ponte-25-de-abril-no-sentido-sul-norte-por-acidente\/\",\"name\":\"Tr\u00e2nsito cortado na ponte 25 de Abril no sentido sul-norte por acidente - Portal Tela Portugal\",\"isPartOf\":{\"@id\":\"https:\/\/portaltela.pt\/#website\"},\"primaryImageOfPage\":{\"@id\":\"https:\/\/portaltela.pt\/noticias\/2026\/04\/19\/transito-cortado-na-ponte-25-de-abril-no-sentido-sul-norte-por-acidente\/#primaryimage\"},\"image\":{\"@id\":\"https:\/\/portaltela.pt\/noticias\/2026\/04\/19\/transito-cortado-na-ponte-25-de-abril-no-sentido-sul-norte-por-acidente\/#primaryimage\"},\"thumbnailUrl\":\"https:\/\/portaltela.pt\/s.01k8rhncp4jt1\/2026\/04\/46d0e5ee-eb4c-441e-80a7-e9a215a4b0e8_1200x675.jpg\",\"datePublished\":\"2026-04-19T15:32:48+00:00\",\"author\":{\"@id\":\"https:\/\/portaltela.pt\/#\/schema\/person\/c4278d4a6028830caff9ee44b42d32ed\"},\"breadcrumb\":{\"@id\":\"https:\/\/portaltela.pt\/noticias\/2026\/04\/19\/transito-cortado-na-ponte-25-de-abril-no-sentido-sul-norte-por-acidente\/#breadcrumb\"},\"inLanguage\":\"pt-PT\",\"potentialAction\":[{\"@type\":\"ReadAction\",\"target\":[\"https:\/\/portaltela.pt\/noticias\/2026\/04\/19\/transito-cortado-na-ponte-25-de-abril-no-sentido-sul-norte-por-acidente\/\"]}]},{\"@type\":\"ImageObject\",\"inLanguage\":\"pt-PT\",\"@id\":\"https:\/\/portaltela.pt\/noticias\/2026\/04\/19\/transito-cortado-na-ponte-25-de-abril-no-sentido-sul-norte-por-acidente\/#primaryimage\",\"url\":\"https:\/\/portaltela.pt\/s.01k8rhncp4jt1\/2026\/04\/46d0e5ee-eb4c-441e-80a7-e9a215a4b0e8_1200x675.jpg\",\"contentUrl\":\"https:\/\/portaltela.pt\/s.01k8rhncp4jt1\/2026\/04\/46d0e5ee-eb4c-441e-80a7-e9a215a4b0e8_1200x675.jpg\",\"width\":796,\"height\":448,\"caption\":\"Nas opera\u00e7\u00f5es de socorro est\u00e3o envolvidos 25 operacionais\"},{\"@type\":\"BreadcrumbList\",\"@id\":\"https:\/\/portaltela.pt\/noticias\/2026\/04\/19\/transito-cortado-na-ponte-25-de-abril-no-sentido-sul-norte-por-acidente\/#breadcrumb\",\"itemListElement\":[{\"@type\":\"ListItem\",\"position\":1,\"name\":\"In\u00edcio\",\"item\":\"https:\/\/portaltela.pt\/\"},{\"@type\":\"ListItem\",\"position\":2,\"name\":\"Tr\u00e2nsito cortado na ponte 25 de Abril no sentido sul-norte por acidente\"}]},{\"@type\":\"WebSite\",\"@id\":\"https:\/\/portaltela.pt\/#website\",\"url\":\"https:\/\/portaltela.pt\/\",\"name\":\"Portal Tela Portugal\",\"description\":\"\",\"potentialAction\":[{\"@type\":\"SearchAction\",\"target\":{\"@type\":\"EntryPoint\",\"urlTemplate\":\"https:\/\/portaltela.pt\/?s={search_term_string}\"},\"query-input\":{\"@type\":\"PropertyValueSpecification\",\"valueRequired\":true,\"valueName\":\"search_term_string\"}}],\"inLanguage\":\"pt-PT\"},{\"@type\":\"Person\",\"@id\":\"https:\/\/portaltela.pt\/#\/schema\/person\/c4278d4a6028830caff9ee44b42d32ed\",\"name\":\"Telinha\",\"image\":{\"@type\":\"ImageObject\",\"inLanguage\":\"pt-PT\",\"@id\":\"https:\/\/portaltela.pt\/s.01k8rhncp4jt1\/2025\/11\/talking-bot-125x125.png\",\"url\":\"https:\/\/portaltela.pt\/s.01k8rhncp4jt1\/2025\/11\/talking-bot-125x125.png\",\"contentUrl\":\"https:\/\/portaltela.pt\/s.01k8rhncp4jt1\/2025\/11\/talking-bot-125x125.png\",\"caption\":\"Telinha\"},\"sameAs\":[\"https:\/\/portaltela.pt\/\"],\"url\":\"https:\/\/portaltela.pt\/por\/367410592786\/\"}]}<\/script>\n<!-- \/ Yoast SEO plugin. -->","yoast_head_json":{"title":"Tr\u00e2nsito cortado na ponte 25 de Abril no sentido sul-norte por acidente - Portal Tela Portugal","robots":{"index":"index","follow":"follow","max-snippet":"max-snippet:-1","max-image-preview":"max-image-preview:large","max-video-preview":"max-video-preview:-1"},"og_locale":"pt_PT","og_type":"article","og_title":"Tr\u00e2nsito cortado na ponte 25 de Abril no sentido sul-norte por acidente - Portal Tela Portugal","og_description":"Tr\u00e2nsito cortado na Ponte 25 de Abril no sentido sul-norte devido a uma colis\u00e3o entre tr\u00eas ve\u00edculos. A informa\u00e7\u00e3o foi confirmada pela Prote\u00e7\u00e3o Civil \u00e0 Lusa. O alerta chegou \u00e0s 14h53. Nas opera\u00e7\u00f5es de socorro participam 25 operacionais, entre bombeiros, PSP e INEM.","og_url":"https:\/\/portaltela.pt\/noticias\/2026\/04\/19\/transito-cortado-na-ponte-25-de-abril-no-sentido-sul-norte-por-acidente\/","og_site_name":"Portal Tela Portugal","article_published_time":"2026-04-19T15:32:48+00:00","author":"Telinha","twitter_card":"summary_large_image","twitter_misc":{"Escrito por":"Telinha","Tempo estimado de leitura":"1 minuto"},"schema":{"@context":"https:\/\/schema.org","@graph":[{"@type":"Article","@id":"https:\/\/portaltela.pt\/noticias\/2026\/04\/19\/transito-cortado-na-ponte-25-de-abril-no-sentido-sul-norte-por-acidente\/#article","isPartOf":{"@id":"https:\/\/portaltela.pt\/noticias\/2026\/04\/19\/transito-cortado-na-ponte-25-de-abril-no-sentido-sul-norte-por-acidente\/"},"author":{"name":"Telinha","@id":"https:\/\/portaltela.pt\/#\/schema\/person\/c4278d4a6028830caff9ee44b42d32ed"},"headline":"Tr\u00e2nsito cortado na ponte 25 de Abril no sentido sul-norte por acidente","datePublished":"2026-04-19T15:32:48+00:00","mainEntityOfPage":{"@id":"https:\/\/portaltela.pt\/noticias\/2026\/04\/19\/transito-cortado-na-ponte-25-de-abril-no-sentido-sul-norte-por-acidente\/"},"wordCount":117,"image":{"@id":"https:\/\/portaltela.pt\/noticias\/2026\/04\/19\/transito-cortado-na-ponte-25-de-abril-no-sentido-sul-norte-por-acidente\/#primaryimage"},"thumbnailUrl":"https:\/\/portaltela.pt\/s.01k8rhncp4jt1\/2026\/04\/46d0e5ee-eb4c-441e-80a7-e9a215a4b0e8_1200x675.jpg","keywords":["_acidente rodovi\u00e1rio","_Bombeiros","_INEM","_Lisboa","_PSP","25 de Abril"],"articleSection":["Acidentes","Not\u00edcias"],"inLanguage":"pt-PT"},{"@type":"WebPage","@id":"https:\/\/portaltela.pt\/noticias\/2026\/04\/19\/transito-cortado-na-ponte-25-de-abril-no-sentido-sul-norte-por-acidente\/","url":"https:\/\/portaltela.pt\/noticias\/2026\/04\/19\/transito-cortado-na-ponte-25-de-abril-no-sentido-sul-norte-por-acidente\/","name":"Tr\u00e2nsito cortado na ponte 25 de Abril no sentido sul-norte por acidente - Portal Tela Portugal","isPartOf":{"@id":"https:\/\/portaltela.pt\/#website"},"primaryImageOfPage":{"@id":"https:\/\/portaltela.pt\/noticias\/2026\/04\/19\/transito-cortado-na-ponte-25-de-abril-no-sentido-sul-norte-por-acidente\/#primaryimage"},"image":{"@id":"https:\/\/portaltela.pt\/noticias\/2026\/04\/19\/transito-cortado-na-ponte-25-de-abril-no-sentido-sul-norte-por-acidente\/#primaryimage"},"thumbnailUrl":"https:\/\/portaltela.pt\/s.01k8rhncp4jt1\/2026\/04\/46d0e5ee-eb4c-441e-80a7-e9a215a4b0e8_1200x675.jpg","datePublished":"2026-04-19T15:32:48+00:00","author":{"@id":"https:\/\/portaltela.pt\/#\/schema\/person\/c4278d4a6028830caff9ee44b42d32ed"},"breadcrumb":{"@id":"https:\/\/portaltela.pt\/noticias\/2026\/04\/19\/transito-cortado-na-ponte-25-de-abril-no-sentido-sul-norte-por-acidente\/#breadcrumb"},"inLanguage":"pt-PT","potentialAction":[{"@type":"ReadAction","target":["https:\/\/portaltela.pt\/noticias\/2026\/04\/19\/transito-cortado-na-ponte-25-de-abril-no-sentido-sul-norte-por-acidente\/"]}]},{"@type":"ImageObject","inLanguage":"pt-PT","@id":"https:\/\/portaltela.pt\/noticias\/2026\/04\/19\/transito-cortado-na-ponte-25-de-abril-no-sentido-sul-norte-por-acidente\/#primaryimage","url":"https:\/\/portaltela.pt\/s.01k8rhncp4jt1\/2026\/04\/46d0e5ee-eb4c-441e-80a7-e9a215a4b0e8_1200x675.jpg","contentUrl":"https:\/\/portaltela.pt\/s.01k8rhncp4jt1\/2026\/04\/46d0e5ee-eb4c-441e-80a7-e9a215a4b0e8_1200x675.jpg","width":796,"height":448,"caption":"Nas opera\u00e7\u00f5es de socorro est\u00e3o envolvidos 25 operacionais"},{"@type":"BreadcrumbList","@id":"https:\/\/portaltela.pt\/noticias\/2026\/04\/19\/transito-cortado-na-ponte-25-de-abril-no-sentido-sul-norte-por-acidente\/#breadcrumb","itemListElement":[{"@type":"ListItem","position":1,"name":"In\u00edcio","item":"https:\/\/portaltela.pt\/"},{"@type":"ListItem","position":2,"name":"Tr\u00e2nsito cortado na ponte 25 de Abril no sentido sul-norte por acidente"}]},{"@type":"WebSite","@id":"https:\/\/portaltela.pt\/#website","url":"https:\/\/portaltela.pt\/","name":"Portal Tela Portugal","description":"","potentialAction":[{"@type":"SearchAction","target":{"@type":"EntryPoint","urlTemplate":"https:\/\/portaltela.pt\/?s={search_term_string}"},"query-input":{"@type":"PropertyValueSpecification","valueRequired":true,"valueName":"search_term_string"}}],"inLanguage":"pt-PT"},{"@type":"Person","@id":"https:\/\/portaltela.pt\/#\/schema\/person\/c4278d4a6028830caff9ee44b42d32ed","name":"Telinha","image":{"@type":"ImageObject","inLanguage":"pt-PT","@id":"https:\/\/portaltela.pt\/s.01k8rhncp4jt1\/2025\/11\/talking-bot-125x125.png","url":"https:\/\/portaltela.pt\/s.01k8rhncp4jt1\/2025\/11\/talking-bot-125x125.png","contentUrl":"https:\/\/portaltela.pt\/s.01k8rhncp4jt1\/2025\/11\/talking-bot-125x125.png","caption":"Telinha"},"sameAs":["https:\/\/portaltela.pt\/"],"url":"https:\/\/portaltela.pt\/por\/367410592786\/"}]}},"_links":{"self":[{"href":"https:\/\/portaltela.pt\/api\/wp\/v2\/posts\/450006","targetHints":{"allow":["GET"]}}],"collection":[{"href":"https:\/\/portaltela.pt\/api\/wp\/v2\/posts"}],"about":[{"href":"https:\/\/portaltela.pt\/api\/wp\/v2\/types\/post"}],"author":[{"embeddable":true,"href":"https:\/\/portaltela.pt\/api\/wp\/v2\/users\/2"}],"replies":[{"embeddable":true,"href":"https:\/\/portaltela.pt\/api\/wp\/v2\/comments?post=450006"}],"version-history":[{"count":0,"href":"https:\/\/portaltela.pt\/api\/wp\/v2\/posts\/450006\/revisions"}],"wp:featuredmedia":[{"embeddable":true,"href":"https:\/\/portaltela.pt\/api\/wp\/v2\/media\/450008"}],"wp:attachment":[{"href":"https:\/\/portaltela.pt\/api\/wp\/v2\/media?parent=450006"}],"wp:term":[{"taxonomy":"category","embeddable":true,"href":"https:\/\/portaltela.pt\/api\/wp\/v2\/categories?post=450006"},{"taxonomy":"post_tag","embeddable":true,"href":"https:\/\/portaltela.pt\/api\/wp\/v2\/tags?post=450006"}],"curies":[{"name":"wp","href":"https:\/\/api.w.org\/{rel}","templated":true}]}}