{"id":449989,"date":"2026-04-19T12:03:32","date_gmt":"2026-04-19T15:03:32","guid":{"rendered":"https:\/\/portaltela.pt\/noticias\/2026\/04\/19\/rochele-e-brites-perdem-na-estreia-no-adeus-de-portugal-aos-europeus-de-judo\/"},"modified":"2026-04-19T12:03:32","modified_gmt":"2026-04-19T15:03:32","slug":"rochele-e-brites-perdem-na-estreia-no-adeus-de-portugal-aos-europeus-de-judo","status":"publish","type":"post","link":"https:\/\/portaltela.pt\/desporto\/copa-do-mundo\/2026\/04\/19\/rochele-e-brites-perdem-na-estreia-no-adeus-de-portugal-aos-europeus-de-judo\/","title":{"rendered":"Rochele e Brites perdem na estreia no adeus de Portugal aos Europeus de judo"},"content":{"rendered":"<p>No encerramento dos Europeus de judo, em Tblissi, Ge\u00f3rgia, Portugal terminou a participa\u00e7\u00e3o com quatro nonos lugares. A comitiva disputou a \u00faltima jornada neste domingo, ap\u00f3s um torneio que come\u00e7ou na quinta-feira no Pal\u00e1cio dos Desportos.<\/p>\n<p>Rochele Nunes, 36 anos, estreou-se nos oitavos-de-final na categoria +78 kg, com 18 atletas inscritas. Perdeu no golden score para a est\u00f3nio Emma Aktas, fechando a participa\u00e7\u00e3o no primeiro combate do dia.<\/p>\n<p>Diogo Brites, no +100 kg masculino, abriu o dia no tatami central e caiu diante de um judoca da Est\u00f3nia ao fim de quase quatro minutos, ap\u00f3s uma imobiliza\u00e7\u00e3o osaekomi superior a 10 segundos.<\/p>\n<h3>Resultados por categoria<\/h3>\n<p>Miguel Gago (-66 kg) registou uma vit\u00f3ria e uma derrota, terminando no nono lugar. Otari Kvantidze (-73 kg) obteve igualmente uma vit\u00f3ria e uma derrota. B\u00e1rbara Timo (-70 kg) concluiu com o mesmo registo de 1-1.<\/p>\n<p>Maria Siderot (-52 kg) e Bernardo Tralh\u00e3o (-60 kg) foram eliminados logo na ronda inicial, em lutas com maior n\u00famero de concorrentes. Diogo Brites terminou na categoria +100 kg com a mesma posi\u00e7\u00e3o, sem avan\u00e7ar al\u00e9m do primeiro combate.<\/p>\n","protected":false},"excerpt":{"rendered":"<ul>\n<li>Portugal encerrou os Europeus de judo em Tblissi com quatro nonos lugares.<\/li>\n<li>Rochele Nunes, 36 anos, perdeu na estreia da categoria +78 kg no golden score frente \u00e0 est\u00f3nia Emma Aktas.<\/li>\n<li>Diogo Brites, na categoria +100 kg, caiu na estreia diante de um judoca da Est\u00f3nia, imobilizado em osaekomi por mais de dez segundos.<\/li>\n<li>Miguel Gago (-66 kg), Otari Kvantidze (-73 kg) e B\u00e1rbara Timo (-70 kg) registaram uma vit\u00f3ria e uma derrota cada.<\/li>\n<li>Maria Siderot (-52 kg) e Bernardo Tralh\u00e3o (-60 kg) foram eliminados na primeira ronda, tal como Diogo Brites (+100 kg), em zones com maior n\u00famero de atletas.<\/li>\n<\/ul>\n","protected":false},"author":2,"featured_media":449992,"comment_status":"closed","ping_status":"closed","sticky":false,"template":"","format":"standard","meta":{"footnotes":""},"categories":[6695,21],"tags":[152,2487,59,6593,1862,1014],"class_list":["post-449989","post","type-post","status-publish","format-standard","has-post-thumbnail","hentry","category-copa-do-mundo","category-desporto","tag-desporto","tag-europa","tag-europeus","tag-georgia","tag-judo","tag-portugal"],"yoast_head":"<!-- This site is optimized with the Yoast SEO plugin v27.2 - https:\/\/yoast.com\/product\/yoast-seo-wordpress\/ -->\n<title>Rochele e Brites perdem na estreia no adeus de Portugal aos Europeus de judo - Portal Tela Portugal<\/title>\n<meta name=\"robots\" content=\"index, follow, max-snippet:-1, max-image-preview:large, max-video-preview:-1\" \/>\n<meta property=\"og:locale\" content=\"pt_PT\" \/>\n<meta property=\"og:type\" content=\"article\" \/>\n<meta property=\"og:title\" content=\"Rochele e Brites perdem na estreia no adeus de Portugal aos Europeus de judo - Portal Tela Portugal\" \/>\n<meta property=\"og:description\" content=\"Portugal encerrou os Europeus de judo em Tblissi com quatro nonos lugares. Rochele Nunes, 36 anos, perdeu na estreia da categoria +78 kg no golden score frente \u00e0 est\u00f3nia Emma Aktas. Diogo Brites, na categoria +100 kg, caiu na estreia diante de um judoca da Est\u00f3nia, imobilizado em osaekomi por mais de dez segundos. Miguel Gago (-66 kg), Otari Kvantidze (-73 kg) e B\u00e1rbara Timo (-70 kg) registaram uma vit\u00f3ria e uma derrota cada. Maria Siderot (-52 kg) e Bernardo Tralh\u00e3o (-60 kg) foram eliminados na primeira ronda, tal como Diogo Brites (+100 kg), em zones com maior n\u00famero de atletas.\" \/>\n<meta property=\"og:url\" content=\"https:\/\/portaltela.pt\/noticias\/2026\/04\/19\/rochele-e-brites-perdem-na-estreia-no-adeus-de-portugal-aos-europeus-de-judo\/\" \/>\n<meta property=\"og:site_name\" content=\"Portal Tela Portugal\" \/>\n<meta property=\"article:published_time\" content=\"2026-04-19T15:03:32+00:00\" \/>\n<meta name=\"author\" content=\"Telinha\" \/>\n<meta name=\"twitter:card\" content=\"summary_large_image\" \/>\n<meta name=\"twitter:label1\" content=\"Escrito por\" \/>\n\t<meta name=\"twitter:data1\" content=\"Telinha\" \/>\n\t<meta name=\"twitter:label2\" content=\"Tempo estimado de leitura\" \/>\n\t<meta name=\"twitter:data2\" content=\"1 minuto\" \/>\n<script type=\"application\/ld+json\" class=\"yoast-schema-graph\">{\"@context\":\"https:\/\/schema.org\",\"@graph\":[{\"@type\":\"Article\",\"@id\":\"https:\/\/portaltela.pt\/noticias\/2026\/04\/19\/rochele-e-brites-perdem-na-estreia-no-adeus-de-portugal-aos-europeus-de-judo\/#article\",\"isPartOf\":{\"@id\":\"https:\/\/portaltela.pt\/noticias\/2026\/04\/19\/rochele-e-brites-perdem-na-estreia-no-adeus-de-portugal-aos-europeus-de-judo\/\"},\"author\":{\"name\":\"Telinha\",\"@id\":\"https:\/\/portaltela.pt\/#\/schema\/person\/c4278d4a6028830caff9ee44b42d32ed\"},\"headline\":\"Rochele e Brites perdem na estreia no adeus de Portugal aos Europeus de judo\",\"datePublished\":\"2026-04-19T15:03:32+00:00\",\"mainEntityOfPage\":{\"@id\":\"https:\/\/portaltela.pt\/noticias\/2026\/04\/19\/rochele-e-brites-perdem-na-estreia-no-adeus-de-portugal-aos-europeus-de-judo\/\"},\"wordCount\":206,\"image\":{\"@id\":\"https:\/\/portaltela.pt\/noticias\/2026\/04\/19\/rochele-e-brites-perdem-na-estreia-no-adeus-de-portugal-aos-europeus-de-judo\/#primaryimage\"},\"thumbnailUrl\":\"https:\/\/portaltela.pt\/s.01k8rhncp4jt1\/2026\/04\/2082545.jpg\",\"keywords\":[\"desporto\",\"Europa\",\"europeus\",\"Ge\u00f3rgia\",\"judo\",\"Portugal\"],\"articleSection\":[\"Copa do Mundo\",\"Desporto\"],\"inLanguage\":\"pt-PT\"},{\"@type\":\"WebPage\",\"@id\":\"https:\/\/portaltela.pt\/noticias\/2026\/04\/19\/rochele-e-brites-perdem-na-estreia-no-adeus-de-portugal-aos-europeus-de-judo\/\",\"url\":\"https:\/\/portaltela.pt\/noticias\/2026\/04\/19\/rochele-e-brites-perdem-na-estreia-no-adeus-de-portugal-aos-europeus-de-judo\/\",\"name\":\"Rochele e Brites perdem na estreia no adeus de Portugal aos Europeus de judo - Portal Tela Portugal\",\"isPartOf\":{\"@id\":\"https:\/\/portaltela.pt\/#website\"},\"primaryImageOfPage\":{\"@id\":\"https:\/\/portaltela.pt\/noticias\/2026\/04\/19\/rochele-e-brites-perdem-na-estreia-no-adeus-de-portugal-aos-europeus-de-judo\/#primaryimage\"},\"image\":{\"@id\":\"https:\/\/portaltela.pt\/noticias\/2026\/04\/19\/rochele-e-brites-perdem-na-estreia-no-adeus-de-portugal-aos-europeus-de-judo\/#primaryimage\"},\"thumbnailUrl\":\"https:\/\/portaltela.pt\/s.01k8rhncp4jt1\/2026\/04\/2082545.jpg\",\"datePublished\":\"2026-04-19T15:03:32+00:00\",\"author\":{\"@id\":\"https:\/\/portaltela.pt\/#\/schema\/person\/c4278d4a6028830caff9ee44b42d32ed\"},\"breadcrumb\":{\"@id\":\"https:\/\/portaltela.pt\/noticias\/2026\/04\/19\/rochele-e-brites-perdem-na-estreia-no-adeus-de-portugal-aos-europeus-de-judo\/#breadcrumb\"},\"inLanguage\":\"pt-PT\",\"potentialAction\":[{\"@type\":\"ReadAction\",\"target\":[\"https:\/\/portaltela.pt\/noticias\/2026\/04\/19\/rochele-e-brites-perdem-na-estreia-no-adeus-de-portugal-aos-europeus-de-judo\/\"]}]},{\"@type\":\"ImageObject\",\"inLanguage\":\"pt-PT\",\"@id\":\"https:\/\/portaltela.pt\/noticias\/2026\/04\/19\/rochele-e-brites-perdem-na-estreia-no-adeus-de-portugal-aos-europeus-de-judo\/#primaryimage\",\"url\":\"https:\/\/portaltela.pt\/s.01k8rhncp4jt1\/2026\/04\/2082545.jpg\",\"contentUrl\":\"https:\/\/portaltela.pt\/s.01k8rhncp4jt1\/2026\/04\/2082545.jpg\",\"width\":796,\"height\":448,\"caption\":\"Rochele Nunes fechou a participa\u00e7\u00e3o portuguesa nos Europeus\"},{\"@type\":\"BreadcrumbList\",\"@id\":\"https:\/\/portaltela.pt\/noticias\/2026\/04\/19\/rochele-e-brites-perdem-na-estreia-no-adeus-de-portugal-aos-europeus-de-judo\/#breadcrumb\",\"itemListElement\":[{\"@type\":\"ListItem\",\"position\":1,\"name\":\"In\u00edcio\",\"item\":\"https:\/\/portaltela.pt\/\"},{\"@type\":\"ListItem\",\"position\":2,\"name\":\"Rochele e Brites perdem na estreia no adeus de Portugal aos Europeus de judo\"}]},{\"@type\":\"WebSite\",\"@id\":\"https:\/\/portaltela.pt\/#website\",\"url\":\"https:\/\/portaltela.pt\/\",\"name\":\"Portal Tela Portugal\",\"description\":\"\",\"potentialAction\":[{\"@type\":\"SearchAction\",\"target\":{\"@type\":\"EntryPoint\",\"urlTemplate\":\"https:\/\/portaltela.pt\/?s={search_term_string}\"},\"query-input\":{\"@type\":\"PropertyValueSpecification\",\"valueRequired\":true,\"valueName\":\"search_term_string\"}}],\"inLanguage\":\"pt-PT\"},{\"@type\":\"Person\",\"@id\":\"https:\/\/portaltela.pt\/#\/schema\/person\/c4278d4a6028830caff9ee44b42d32ed\",\"name\":\"Telinha\",\"image\":{\"@type\":\"ImageObject\",\"inLanguage\":\"pt-PT\",\"@id\":\"https:\/\/portaltela.pt\/s.01k8rhncp4jt1\/2025\/11\/talking-bot-125x125.png\",\"url\":\"https:\/\/portaltela.pt\/s.01k8rhncp4jt1\/2025\/11\/talking-bot-125x125.png\",\"contentUrl\":\"https:\/\/portaltela.pt\/s.01k8rhncp4jt1\/2025\/11\/talking-bot-125x125.png\",\"caption\":\"Telinha\"},\"sameAs\":[\"https:\/\/portaltela.pt\/\"],\"url\":\"https:\/\/portaltela.pt\/por\/367410592786\/\"}]}<\/script>\n<!-- \/ Yoast SEO plugin. -->","yoast_head_json":{"title":"Rochele e Brites perdem na estreia no adeus de Portugal aos Europeus de judo - Portal Tela Portugal","robots":{"index":"index","follow":"follow","max-snippet":"max-snippet:-1","max-image-preview":"max-image-preview:large","max-video-preview":"max-video-preview:-1"},"og_locale":"pt_PT","og_type":"article","og_title":"Rochele e Brites perdem na estreia no adeus de Portugal aos Europeus de judo - Portal Tela Portugal","og_description":"Portugal encerrou os Europeus de judo em Tblissi com quatro nonos lugares. Rochele Nunes, 36 anos, perdeu na estreia da categoria +78 kg no golden score frente \u00e0 est\u00f3nia Emma Aktas. Diogo Brites, na categoria +100 kg, caiu na estreia diante de um judoca da Est\u00f3nia, imobilizado em osaekomi por mais de dez segundos. Miguel Gago (-66 kg), Otari Kvantidze (-73 kg) e B\u00e1rbara Timo (-70 kg) registaram uma vit\u00f3ria e uma derrota cada. Maria Siderot (-52 kg) e Bernardo Tralh\u00e3o (-60 kg) foram eliminados na primeira ronda, tal como Diogo Brites (+100 kg), em zones com maior n\u00famero de atletas.","og_url":"https:\/\/portaltela.pt\/noticias\/2026\/04\/19\/rochele-e-brites-perdem-na-estreia-no-adeus-de-portugal-aos-europeus-de-judo\/","og_site_name":"Portal Tela Portugal","article_published_time":"2026-04-19T15:03:32+00:00","author":"Telinha","twitter_card":"summary_large_image","twitter_misc":{"Escrito por":"Telinha","Tempo estimado de leitura":"1 minuto"},"schema":{"@context":"https:\/\/schema.org","@graph":[{"@type":"Article","@id":"https:\/\/portaltela.pt\/noticias\/2026\/04\/19\/rochele-e-brites-perdem-na-estreia-no-adeus-de-portugal-aos-europeus-de-judo\/#article","isPartOf":{"@id":"https:\/\/portaltela.pt\/noticias\/2026\/04\/19\/rochele-e-brites-perdem-na-estreia-no-adeus-de-portugal-aos-europeus-de-judo\/"},"author":{"name":"Telinha","@id":"https:\/\/portaltela.pt\/#\/schema\/person\/c4278d4a6028830caff9ee44b42d32ed"},"headline":"Rochele e Brites perdem na estreia no adeus de Portugal aos Europeus de judo","datePublished":"2026-04-19T15:03:32+00:00","mainEntityOfPage":{"@id":"https:\/\/portaltela.pt\/noticias\/2026\/04\/19\/rochele-e-brites-perdem-na-estreia-no-adeus-de-portugal-aos-europeus-de-judo\/"},"wordCount":206,"image":{"@id":"https:\/\/portaltela.pt\/noticias\/2026\/04\/19\/rochele-e-brites-perdem-na-estreia-no-adeus-de-portugal-aos-europeus-de-judo\/#primaryimage"},"thumbnailUrl":"https:\/\/portaltela.pt\/s.01k8rhncp4jt1\/2026\/04\/2082545.jpg","keywords":["desporto","Europa","europeus","Ge\u00f3rgia","judo","Portugal"],"articleSection":["Copa do Mundo","Desporto"],"inLanguage":"pt-PT"},{"@type":"WebPage","@id":"https:\/\/portaltela.pt\/noticias\/2026\/04\/19\/rochele-e-brites-perdem-na-estreia-no-adeus-de-portugal-aos-europeus-de-judo\/","url":"https:\/\/portaltela.pt\/noticias\/2026\/04\/19\/rochele-e-brites-perdem-na-estreia-no-adeus-de-portugal-aos-europeus-de-judo\/","name":"Rochele e Brites perdem na estreia no adeus de Portugal aos Europeus de judo - Portal Tela Portugal","isPartOf":{"@id":"https:\/\/portaltela.pt\/#website"},"primaryImageOfPage":{"@id":"https:\/\/portaltela.pt\/noticias\/2026\/04\/19\/rochele-e-brites-perdem-na-estreia-no-adeus-de-portugal-aos-europeus-de-judo\/#primaryimage"},"image":{"@id":"https:\/\/portaltela.pt\/noticias\/2026\/04\/19\/rochele-e-brites-perdem-na-estreia-no-adeus-de-portugal-aos-europeus-de-judo\/#primaryimage"},"thumbnailUrl":"https:\/\/portaltela.pt\/s.01k8rhncp4jt1\/2026\/04\/2082545.jpg","datePublished":"2026-04-19T15:03:32+00:00","author":{"@id":"https:\/\/portaltela.pt\/#\/schema\/person\/c4278d4a6028830caff9ee44b42d32ed"},"breadcrumb":{"@id":"https:\/\/portaltela.pt\/noticias\/2026\/04\/19\/rochele-e-brites-perdem-na-estreia-no-adeus-de-portugal-aos-europeus-de-judo\/#breadcrumb"},"inLanguage":"pt-PT","potentialAction":[{"@type":"ReadAction","target":["https:\/\/portaltela.pt\/noticias\/2026\/04\/19\/rochele-e-brites-perdem-na-estreia-no-adeus-de-portugal-aos-europeus-de-judo\/"]}]},{"@type":"ImageObject","inLanguage":"pt-PT","@id":"https:\/\/portaltela.pt\/noticias\/2026\/04\/19\/rochele-e-brites-perdem-na-estreia-no-adeus-de-portugal-aos-europeus-de-judo\/#primaryimage","url":"https:\/\/portaltela.pt\/s.01k8rhncp4jt1\/2026\/04\/2082545.jpg","contentUrl":"https:\/\/portaltela.pt\/s.01k8rhncp4jt1\/2026\/04\/2082545.jpg","width":796,"height":448,"caption":"Rochele Nunes fechou a participa\u00e7\u00e3o portuguesa nos Europeus"},{"@type":"BreadcrumbList","@id":"https:\/\/portaltela.pt\/noticias\/2026\/04\/19\/rochele-e-brites-perdem-na-estreia-no-adeus-de-portugal-aos-europeus-de-judo\/#breadcrumb","itemListElement":[{"@type":"ListItem","position":1,"name":"In\u00edcio","item":"https:\/\/portaltela.pt\/"},{"@type":"ListItem","position":2,"name":"Rochele e Brites perdem na estreia no adeus de Portugal aos Europeus de judo"}]},{"@type":"WebSite","@id":"https:\/\/portaltela.pt\/#website","url":"https:\/\/portaltela.pt\/","name":"Portal Tela Portugal","description":"","potentialAction":[{"@type":"SearchAction","target":{"@type":"EntryPoint","urlTemplate":"https:\/\/portaltela.pt\/?s={search_term_string}"},"query-input":{"@type":"PropertyValueSpecification","valueRequired":true,"valueName":"search_term_string"}}],"inLanguage":"pt-PT"},{"@type":"Person","@id":"https:\/\/portaltela.pt\/#\/schema\/person\/c4278d4a6028830caff9ee44b42d32ed","name":"Telinha","image":{"@type":"ImageObject","inLanguage":"pt-PT","@id":"https:\/\/portaltela.pt\/s.01k8rhncp4jt1\/2025\/11\/talking-bot-125x125.png","url":"https:\/\/portaltela.pt\/s.01k8rhncp4jt1\/2025\/11\/talking-bot-125x125.png","contentUrl":"https:\/\/portaltela.pt\/s.01k8rhncp4jt1\/2025\/11\/talking-bot-125x125.png","caption":"Telinha"},"sameAs":["https:\/\/portaltela.pt\/"],"url":"https:\/\/portaltela.pt\/por\/367410592786\/"}]}},"_links":{"self":[{"href":"https:\/\/portaltela.pt\/api\/wp\/v2\/posts\/449989","targetHints":{"allow":["GET"]}}],"collection":[{"href":"https:\/\/portaltela.pt\/api\/wp\/v2\/posts"}],"about":[{"href":"https:\/\/portaltela.pt\/api\/wp\/v2\/types\/post"}],"author":[{"embeddable":true,"href":"https:\/\/portaltela.pt\/api\/wp\/v2\/users\/2"}],"replies":[{"embeddable":true,"href":"https:\/\/portaltela.pt\/api\/wp\/v2\/comments?post=449989"}],"version-history":[{"count":0,"href":"https:\/\/portaltela.pt\/api\/wp\/v2\/posts\/449989\/revisions"}],"wp:featuredmedia":[{"embeddable":true,"href":"https:\/\/portaltela.pt\/api\/wp\/v2\/media\/449992"}],"wp:attachment":[{"href":"https:\/\/portaltela.pt\/api\/wp\/v2\/media?parent=449989"}],"wp:term":[{"taxonomy":"category","embeddable":true,"href":"https:\/\/portaltela.pt\/api\/wp\/v2\/categories?post=449989"},{"taxonomy":"post_tag","embeddable":true,"href":"https:\/\/portaltela.pt\/api\/wp\/v2\/tags?post=449989"}],"curies":[{"name":"wp","href":"https:\/\/api.w.org\/{rel}","templated":true}]}}