{"id":449959,"date":"2026-04-19T11:47:58","date_gmt":"2026-04-19T14:47:58","guid":{"rendered":"https:\/\/portaltela.pt\/noticias\/2026\/04\/19\/do-burrinho-autista-ao-jovem-pintor-jp-enfrenta-infancia-dificil-e-encontra-refugio-no-desenho\/"},"modified":"2026-04-19T11:47:58","modified_gmt":"2026-04-19T14:47:58","slug":"do-burrinho-autista-ao-jovem-pintor-jp-enfrenta-infancia-dificil-e-encontra-refugio-no-desenho","status":"publish","type":"post","link":"https:\/\/portaltela.pt\/sociedade\/2026\/04\/19\/do-burrinho-autista-ao-jovem-pintor-jp-enfrenta-infancia-dificil-e-encontra-refugio-no-desenho\/","title":{"rendered":"Do &#8216;burrinho&#8217; autista ao jovem pintor, JP enfrenta inf\u00e2ncia dif\u00edcil e encontra ref\u00fagio no desenho"},"content":{"rendered":"<p>Jovem de 24 anos, conhecido como JP, tornou-se aut\u00f3nomo e segue diariamente um trajeto de 10 km a p\u00e9 para apanhar o autocarro, enquanto se prepara para tirar a carta de condu\u00e7\u00e3o. A hist\u00f3ria destaca-se pela sua determina\u00e7\u00e3o.<\/p>\n<p>A inf\u00e2ncia e a adolesc\u00eancia foram marcadas por dificuldades, com JP a encontrar no desenho um ref\u00fagio. O percurso de supera\u00e7\u00e3o acompanha o diagn\u00f3stico de autismo, que o motivou a procurar express\u00e3o criativa como forma de lidar com os desafios.<\/p>\n<p>Hoje, JP mant\u00e9m-se ativo no dia a dia e continua a investir no seu crescimento pessoal. A trajet\u00f3ria \u00e9 apresentada como exemplo de resili\u00eancia, com foco em objetivos reais, como a autonomia e a constru\u00e7\u00e3o de uma vida independente.<\/p>\n","protected":false},"excerpt":{"rendered":"<ul>\n<li>JP, hoje com 24 anos, superou uma inf\u00e2ncia e adolesc\u00eancia dif\u00edceis, encontrando ref\u00fagio no desenho.<\/li>\n<li>Atualmente \u00e9 aut\u00f3nomo e trabalha por conta pr\u00f3pria.<\/li>\n<li>Diariamente percorre cerca de 10 quil\u00f4metros a p\u00e9 para apanhar o autocarro.<\/li>\n<li>J\u00e1 iniciou o processo para obter a carta de condu\u00e7\u00e3o.<\/li>\n<li>A hist\u00f3ria \u00e9 apresentada como um exemplo de supera\u00e7\u00e3o e resili\u00eancia.<\/li>\n<\/ul>\n","protected":false},"author":2,"featured_media":449961,"comment_status":"closed","ping_status":"closed","sticky":false,"template":"","format":"standard","meta":{"footnotes":""},"categories":[6745,6871],"tags":[2801,1759,2844,2737],"class_list":["post-449959","post","type-post","status-publish","format-standard","has-post-thumbnail","hentry","category-saude","category-sociedade","tag-desenho","tag-infancia","tag-jovens","tag-pessoas-com-deficiencia"],"yoast_head":"<!-- This site is optimized with the Yoast SEO plugin v27.2 - https:\/\/yoast.com\/product\/yoast-seo-wordpress\/ -->\n<title>Do &#039;burrinho&#039; autista ao jovem pintor, JP enfrenta inf\u00e2ncia dif\u00edcil e encontra ref\u00fagio no desenho - Portal Tela Portugal<\/title>\n<meta name=\"robots\" content=\"index, follow, max-snippet:-1, max-image-preview:large, max-video-preview:-1\" \/>\n<meta property=\"og:locale\" content=\"pt_PT\" \/>\n<meta property=\"og:type\" content=\"article\" \/>\n<meta property=\"og:title\" content=\"Do &#039;burrinho&#039; autista ao jovem pintor, JP enfrenta inf\u00e2ncia dif\u00edcil e encontra ref\u00fagio no desenho - Portal Tela Portugal\" \/>\n<meta property=\"og:description\" content=\"JP, hoje com 24 anos, superou uma inf\u00e2ncia e adolesc\u00eancia dif\u00edceis, encontrando ref\u00fagio no desenho. Atualmente \u00e9 aut\u00f3nomo e trabalha por conta pr\u00f3pria. Diariamente percorre cerca de 10 quil\u00f4metros a p\u00e9 para apanhar o autocarro. J\u00e1 iniciou o processo para obter a carta de condu\u00e7\u00e3o. A hist\u00f3ria \u00e9 apresentada como um exemplo de supera\u00e7\u00e3o e resili\u00eancia.\" \/>\n<meta property=\"og:url\" content=\"https:\/\/portaltela.pt\/noticias\/2026\/04\/19\/do-burrinho-autista-ao-jovem-pintor-jp-enfrenta-infancia-dificil-e-encontra-refugio-no-desenho\/\" \/>\n<meta property=\"og:site_name\" content=\"Portal Tela Portugal\" \/>\n<meta property=\"article:published_time\" content=\"2026-04-19T14:47:58+00:00\" \/>\n<meta name=\"author\" content=\"Telinha\" \/>\n<meta name=\"twitter:card\" content=\"summary_large_image\" \/>\n<meta name=\"twitter:label1\" content=\"Escrito por\" \/>\n\t<meta name=\"twitter:data1\" content=\"Telinha\" \/>\n\t<meta name=\"twitter:label2\" content=\"Tempo estimado de leitura\" \/>\n\t<meta name=\"twitter:data2\" content=\"1 minuto\" \/>\n<script type=\"application\/ld+json\" class=\"yoast-schema-graph\">{\"@context\":\"https:\/\/schema.org\",\"@graph\":[{\"@type\":\"Article\",\"@id\":\"https:\/\/portaltela.pt\/noticias\/2026\/04\/19\/do-burrinho-autista-ao-jovem-pintor-jp-enfrenta-infancia-dificil-e-encontra-refugio-no-desenho\/#article\",\"isPartOf\":{\"@id\":\"https:\/\/portaltela.pt\/noticias\/2026\/04\/19\/do-burrinho-autista-ao-jovem-pintor-jp-enfrenta-infancia-dificil-e-encontra-refugio-no-desenho\/\"},\"author\":{\"name\":\"Telinha\",\"@id\":\"https:\/\/portaltela.pt\/#\/schema\/person\/c4278d4a6028830caff9ee44b42d32ed\"},\"headline\":\"Do &#8216;burrinho&#8217; autista ao jovem pintor, JP enfrenta inf\u00e2ncia dif\u00edcil e encontra ref\u00fagio no desenho\",\"datePublished\":\"2026-04-19T14:47:58+00:00\",\"mainEntityOfPage\":{\"@id\":\"https:\/\/portaltela.pt\/noticias\/2026\/04\/19\/do-burrinho-autista-ao-jovem-pintor-jp-enfrenta-infancia-dificil-e-encontra-refugio-no-desenho\/\"},\"wordCount\":146,\"image\":{\"@id\":\"https:\/\/portaltela.pt\/noticias\/2026\/04\/19\/do-burrinho-autista-ao-jovem-pintor-jp-enfrenta-infancia-dificil-e-encontra-refugio-no-desenho\/#primaryimage\"},\"thumbnailUrl\":\"https:\/\/portaltela.pt\/s.01k8rhncp4jt1\/2026\/04\/img_1280x722uu2026-04-18-20-00-00-2279465.jpg\",\"keywords\":[\"desenho\",\"inf\u00e2ncia\",\"jovens\",\"pessoas com defici\u00eancia\"],\"articleSection\":[\"Sa\u00fade\",\"Sociedade\"],\"inLanguage\":\"pt-PT\"},{\"@type\":\"WebPage\",\"@id\":\"https:\/\/portaltela.pt\/noticias\/2026\/04\/19\/do-burrinho-autista-ao-jovem-pintor-jp-enfrenta-infancia-dificil-e-encontra-refugio-no-desenho\/\",\"url\":\"https:\/\/portaltela.pt\/noticias\/2026\/04\/19\/do-burrinho-autista-ao-jovem-pintor-jp-enfrenta-infancia-dificil-e-encontra-refugio-no-desenho\/\",\"name\":\"Do 'burrinho' autista ao jovem pintor, JP enfrenta inf\u00e2ncia dif\u00edcil e encontra ref\u00fagio no desenho - Portal Tela Portugal\",\"isPartOf\":{\"@id\":\"https:\/\/portaltela.pt\/#website\"},\"primaryImageOfPage\":{\"@id\":\"https:\/\/portaltela.pt\/noticias\/2026\/04\/19\/do-burrinho-autista-ao-jovem-pintor-jp-enfrenta-infancia-dificil-e-encontra-refugio-no-desenho\/#primaryimage\"},\"image\":{\"@id\":\"https:\/\/portaltela.pt\/noticias\/2026\/04\/19\/do-burrinho-autista-ao-jovem-pintor-jp-enfrenta-infancia-dificil-e-encontra-refugio-no-desenho\/#primaryimage\"},\"thumbnailUrl\":\"https:\/\/portaltela.pt\/s.01k8rhncp4jt1\/2026\/04\/img_1280x722uu2026-04-18-20-00-00-2279465.jpg\",\"datePublished\":\"2026-04-19T14:47:58+00:00\",\"author\":{\"@id\":\"https:\/\/portaltela.pt\/#\/schema\/person\/c4278d4a6028830caff9ee44b42d32ed\"},\"breadcrumb\":{\"@id\":\"https:\/\/portaltela.pt\/noticias\/2026\/04\/19\/do-burrinho-autista-ao-jovem-pintor-jp-enfrenta-infancia-dificil-e-encontra-refugio-no-desenho\/#breadcrumb\"},\"inLanguage\":\"pt-PT\",\"potentialAction\":[{\"@type\":\"ReadAction\",\"target\":[\"https:\/\/portaltela.pt\/noticias\/2026\/04\/19\/do-burrinho-autista-ao-jovem-pintor-jp-enfrenta-infancia-dificil-e-encontra-refugio-no-desenho\/\"]}]},{\"@type\":\"ImageObject\",\"inLanguage\":\"pt-PT\",\"@id\":\"https:\/\/portaltela.pt\/noticias\/2026\/04\/19\/do-burrinho-autista-ao-jovem-pintor-jp-enfrenta-infancia-dificil-e-encontra-refugio-no-desenho\/#primaryimage\",\"url\":\"https:\/\/portaltela.pt\/s.01k8rhncp4jt1\/2026\/04\/img_1280x722uu2026-04-18-20-00-00-2279465.jpg\",\"contentUrl\":\"https:\/\/portaltela.pt\/s.01k8rhncp4jt1\/2026\/04\/img_1280x722uu2026-04-18-20-00-00-2279465.jpg\",\"width\":796,\"height\":448,\"caption\":\"Photo\"},{\"@type\":\"BreadcrumbList\",\"@id\":\"https:\/\/portaltela.pt\/noticias\/2026\/04\/19\/do-burrinho-autista-ao-jovem-pintor-jp-enfrenta-infancia-dificil-e-encontra-refugio-no-desenho\/#breadcrumb\",\"itemListElement\":[{\"@type\":\"ListItem\",\"position\":1,\"name\":\"In\u00edcio\",\"item\":\"https:\/\/portaltela.pt\/\"},{\"@type\":\"ListItem\",\"position\":2,\"name\":\"Do &#8216;burrinho&#8217; autista ao jovem pintor, JP enfrenta inf\u00e2ncia dif\u00edcil e encontra ref\u00fagio no desenho\"}]},{\"@type\":\"WebSite\",\"@id\":\"https:\/\/portaltela.pt\/#website\",\"url\":\"https:\/\/portaltela.pt\/\",\"name\":\"Portal Tela Portugal\",\"description\":\"\",\"potentialAction\":[{\"@type\":\"SearchAction\",\"target\":{\"@type\":\"EntryPoint\",\"urlTemplate\":\"https:\/\/portaltela.pt\/?s={search_term_string}\"},\"query-input\":{\"@type\":\"PropertyValueSpecification\",\"valueRequired\":true,\"valueName\":\"search_term_string\"}}],\"inLanguage\":\"pt-PT\"},{\"@type\":\"Person\",\"@id\":\"https:\/\/portaltela.pt\/#\/schema\/person\/c4278d4a6028830caff9ee44b42d32ed\",\"name\":\"Telinha\",\"image\":{\"@type\":\"ImageObject\",\"inLanguage\":\"pt-PT\",\"@id\":\"https:\/\/portaltela.pt\/s.01k8rhncp4jt1\/2025\/11\/talking-bot-125x125.png\",\"url\":\"https:\/\/portaltela.pt\/s.01k8rhncp4jt1\/2025\/11\/talking-bot-125x125.png\",\"contentUrl\":\"https:\/\/portaltela.pt\/s.01k8rhncp4jt1\/2025\/11\/talking-bot-125x125.png\",\"caption\":\"Telinha\"},\"sameAs\":[\"https:\/\/portaltela.pt\/\"],\"url\":\"https:\/\/portaltela.pt\/por\/367410592786\/\"}]}<\/script>\n<!-- \/ Yoast SEO plugin. -->","yoast_head_json":{"title":"Do 'burrinho' autista ao jovem pintor, JP enfrenta inf\u00e2ncia dif\u00edcil e encontra ref\u00fagio no desenho - Portal Tela Portugal","robots":{"index":"index","follow":"follow","max-snippet":"max-snippet:-1","max-image-preview":"max-image-preview:large","max-video-preview":"max-video-preview:-1"},"og_locale":"pt_PT","og_type":"article","og_title":"Do 'burrinho' autista ao jovem pintor, JP enfrenta inf\u00e2ncia dif\u00edcil e encontra ref\u00fagio no desenho - Portal Tela Portugal","og_description":"JP, hoje com 24 anos, superou uma inf\u00e2ncia e adolesc\u00eancia dif\u00edceis, encontrando ref\u00fagio no desenho. Atualmente \u00e9 aut\u00f3nomo e trabalha por conta pr\u00f3pria. Diariamente percorre cerca de 10 quil\u00f4metros a p\u00e9 para apanhar o autocarro. J\u00e1 iniciou o processo para obter a carta de condu\u00e7\u00e3o. A hist\u00f3ria \u00e9 apresentada como um exemplo de supera\u00e7\u00e3o e resili\u00eancia.","og_url":"https:\/\/portaltela.pt\/noticias\/2026\/04\/19\/do-burrinho-autista-ao-jovem-pintor-jp-enfrenta-infancia-dificil-e-encontra-refugio-no-desenho\/","og_site_name":"Portal Tela Portugal","article_published_time":"2026-04-19T14:47:58+00:00","author":"Telinha","twitter_card":"summary_large_image","twitter_misc":{"Escrito por":"Telinha","Tempo estimado de leitura":"1 minuto"},"schema":{"@context":"https:\/\/schema.org","@graph":[{"@type":"Article","@id":"https:\/\/portaltela.pt\/noticias\/2026\/04\/19\/do-burrinho-autista-ao-jovem-pintor-jp-enfrenta-infancia-dificil-e-encontra-refugio-no-desenho\/#article","isPartOf":{"@id":"https:\/\/portaltela.pt\/noticias\/2026\/04\/19\/do-burrinho-autista-ao-jovem-pintor-jp-enfrenta-infancia-dificil-e-encontra-refugio-no-desenho\/"},"author":{"name":"Telinha","@id":"https:\/\/portaltela.pt\/#\/schema\/person\/c4278d4a6028830caff9ee44b42d32ed"},"headline":"Do &#8216;burrinho&#8217; autista ao jovem pintor, JP enfrenta inf\u00e2ncia dif\u00edcil e encontra ref\u00fagio no desenho","datePublished":"2026-04-19T14:47:58+00:00","mainEntityOfPage":{"@id":"https:\/\/portaltela.pt\/noticias\/2026\/04\/19\/do-burrinho-autista-ao-jovem-pintor-jp-enfrenta-infancia-dificil-e-encontra-refugio-no-desenho\/"},"wordCount":146,"image":{"@id":"https:\/\/portaltela.pt\/noticias\/2026\/04\/19\/do-burrinho-autista-ao-jovem-pintor-jp-enfrenta-infancia-dificil-e-encontra-refugio-no-desenho\/#primaryimage"},"thumbnailUrl":"https:\/\/portaltela.pt\/s.01k8rhncp4jt1\/2026\/04\/img_1280x722uu2026-04-18-20-00-00-2279465.jpg","keywords":["desenho","inf\u00e2ncia","jovens","pessoas com defici\u00eancia"],"articleSection":["Sa\u00fade","Sociedade"],"inLanguage":"pt-PT"},{"@type":"WebPage","@id":"https:\/\/portaltela.pt\/noticias\/2026\/04\/19\/do-burrinho-autista-ao-jovem-pintor-jp-enfrenta-infancia-dificil-e-encontra-refugio-no-desenho\/","url":"https:\/\/portaltela.pt\/noticias\/2026\/04\/19\/do-burrinho-autista-ao-jovem-pintor-jp-enfrenta-infancia-dificil-e-encontra-refugio-no-desenho\/","name":"Do 'burrinho' autista ao jovem pintor, JP enfrenta inf\u00e2ncia dif\u00edcil e encontra ref\u00fagio no desenho - Portal Tela Portugal","isPartOf":{"@id":"https:\/\/portaltela.pt\/#website"},"primaryImageOfPage":{"@id":"https:\/\/portaltela.pt\/noticias\/2026\/04\/19\/do-burrinho-autista-ao-jovem-pintor-jp-enfrenta-infancia-dificil-e-encontra-refugio-no-desenho\/#primaryimage"},"image":{"@id":"https:\/\/portaltela.pt\/noticias\/2026\/04\/19\/do-burrinho-autista-ao-jovem-pintor-jp-enfrenta-infancia-dificil-e-encontra-refugio-no-desenho\/#primaryimage"},"thumbnailUrl":"https:\/\/portaltela.pt\/s.01k8rhncp4jt1\/2026\/04\/img_1280x722uu2026-04-18-20-00-00-2279465.jpg","datePublished":"2026-04-19T14:47:58+00:00","author":{"@id":"https:\/\/portaltela.pt\/#\/schema\/person\/c4278d4a6028830caff9ee44b42d32ed"},"breadcrumb":{"@id":"https:\/\/portaltela.pt\/noticias\/2026\/04\/19\/do-burrinho-autista-ao-jovem-pintor-jp-enfrenta-infancia-dificil-e-encontra-refugio-no-desenho\/#breadcrumb"},"inLanguage":"pt-PT","potentialAction":[{"@type":"ReadAction","target":["https:\/\/portaltela.pt\/noticias\/2026\/04\/19\/do-burrinho-autista-ao-jovem-pintor-jp-enfrenta-infancia-dificil-e-encontra-refugio-no-desenho\/"]}]},{"@type":"ImageObject","inLanguage":"pt-PT","@id":"https:\/\/portaltela.pt\/noticias\/2026\/04\/19\/do-burrinho-autista-ao-jovem-pintor-jp-enfrenta-infancia-dificil-e-encontra-refugio-no-desenho\/#primaryimage","url":"https:\/\/portaltela.pt\/s.01k8rhncp4jt1\/2026\/04\/img_1280x722uu2026-04-18-20-00-00-2279465.jpg","contentUrl":"https:\/\/portaltela.pt\/s.01k8rhncp4jt1\/2026\/04\/img_1280x722uu2026-04-18-20-00-00-2279465.jpg","width":796,"height":448,"caption":"Photo"},{"@type":"BreadcrumbList","@id":"https:\/\/portaltela.pt\/noticias\/2026\/04\/19\/do-burrinho-autista-ao-jovem-pintor-jp-enfrenta-infancia-dificil-e-encontra-refugio-no-desenho\/#breadcrumb","itemListElement":[{"@type":"ListItem","position":1,"name":"In\u00edcio","item":"https:\/\/portaltela.pt\/"},{"@type":"ListItem","position":2,"name":"Do &#8216;burrinho&#8217; autista ao jovem pintor, JP enfrenta inf\u00e2ncia dif\u00edcil e encontra ref\u00fagio no desenho"}]},{"@type":"WebSite","@id":"https:\/\/portaltela.pt\/#website","url":"https:\/\/portaltela.pt\/","name":"Portal Tela Portugal","description":"","potentialAction":[{"@type":"SearchAction","target":{"@type":"EntryPoint","urlTemplate":"https:\/\/portaltela.pt\/?s={search_term_string}"},"query-input":{"@type":"PropertyValueSpecification","valueRequired":true,"valueName":"search_term_string"}}],"inLanguage":"pt-PT"},{"@type":"Person","@id":"https:\/\/portaltela.pt\/#\/schema\/person\/c4278d4a6028830caff9ee44b42d32ed","name":"Telinha","image":{"@type":"ImageObject","inLanguage":"pt-PT","@id":"https:\/\/portaltela.pt\/s.01k8rhncp4jt1\/2025\/11\/talking-bot-125x125.png","url":"https:\/\/portaltela.pt\/s.01k8rhncp4jt1\/2025\/11\/talking-bot-125x125.png","contentUrl":"https:\/\/portaltela.pt\/s.01k8rhncp4jt1\/2025\/11\/talking-bot-125x125.png","caption":"Telinha"},"sameAs":["https:\/\/portaltela.pt\/"],"url":"https:\/\/portaltela.pt\/por\/367410592786\/"}]}},"_links":{"self":[{"href":"https:\/\/portaltela.pt\/api\/wp\/v2\/posts\/449959","targetHints":{"allow":["GET"]}}],"collection":[{"href":"https:\/\/portaltela.pt\/api\/wp\/v2\/posts"}],"about":[{"href":"https:\/\/portaltela.pt\/api\/wp\/v2\/types\/post"}],"author":[{"embeddable":true,"href":"https:\/\/portaltela.pt\/api\/wp\/v2\/users\/2"}],"replies":[{"embeddable":true,"href":"https:\/\/portaltela.pt\/api\/wp\/v2\/comments?post=449959"}],"version-history":[{"count":0,"href":"https:\/\/portaltela.pt\/api\/wp\/v2\/posts\/449959\/revisions"}],"wp:featuredmedia":[{"embeddable":true,"href":"https:\/\/portaltela.pt\/api\/wp\/v2\/media\/449961"}],"wp:attachment":[{"href":"https:\/\/portaltela.pt\/api\/wp\/v2\/media?parent=449959"}],"wp:term":[{"taxonomy":"category","embeddable":true,"href":"https:\/\/portaltela.pt\/api\/wp\/v2\/categories?post=449959"},{"taxonomy":"post_tag","embeddable":true,"href":"https:\/\/portaltela.pt\/api\/wp\/v2\/tags?post=449959"}],"curies":[{"name":"wp","href":"https:\/\/api.w.org\/{rel}","templated":true}]}}