{"id":449891,"date":"2026-04-19T10:03:01","date_gmt":"2026-04-19T13:03:01","guid":{"rendered":"https:\/\/portaltela.pt\/noticias\/2026\/04\/19\/al-wasl-e-al-nassr-em-direto\/"},"modified":"2026-04-19T10:03:01","modified_gmt":"2026-04-19T13:03:01","slug":"al-wasl-e-al-nassr-em-direto","status":"publish","type":"post","link":"https:\/\/portaltela.pt\/desporto\/futebol\/2026\/04\/19\/al-wasl-e-al-nassr-em-direto\/","title":{"rendered":"Al Wasl e Al Nassr em direto"},"content":{"rendered":"<p>O jogo Al Wasl vs Al Nassr, dos quartos de final da Champions da \u00c1sia 2, realiza-se hoje \u00e0s 15h nos Emirados \u00c1rabes Unidos. O embate coloca Rui Vit\u00f3ria no comando do Al Wasl e Jorge Jesus no Al Nassr, numa terreno com grande procura de sele\u00e7\u00e3o de jogadores de alto n\u00edvel.<\/p>\n<p>Rui Vit\u00f3ria volta a encontrar o clube saudita onde foi campe\u00e3o na \u00e9poca 2018\/19. O t\u00e9cnico de 56 anos destacou a qualidade do advers\u00e1rio, reconhecendo tratar-se de uma forma\u00e7\u00e3o muito forte, possivelmente a melhor da \u00c1sia, com treinador e elenco de refer\u00eancia.<\/p>\n<p>No plantel visitante est\u00e1 Cristiano Ronaldo, ao lado de Jo\u00e3o F\u00e9lix, que n\u00e3o treinou ontem por precau\u00e7\u00e3o. O treinador do Al Nassr apontou que o prov\u00e1vel estreia de Ronaldo nesta competi\u00e7\u00e3o pode ocorrer, refor\u00e7ando o protagonismo da equipa na prova.<\/p>\n","protected":false},"excerpt":{"rendered":"<ul>\n<li>O Al Wasl, treinado por Rui Vit\u00f3ria, enfrenta o Al Nassr, orienta\u00e7\u00e3o de Jorge Jesus, nos quartos de final da Champions da \u00c1sia 2.<\/li>\n<li>A partida est\u00e1 agendada para as 15h, nos Emirados \u00c1rabes Unidos.<\/li>\n<li>Rui Vit\u00f3ria afirmou ter uma afei\u00e7\u00e3o especial pelo Al Nassr e reconheceu a qualidade da equipa, considerada entre as melhores da \u00c1sia.<\/li>\n<li>O plantel do Al Nassr inclui Jo\u00e3o F\u00e9lix, que n\u00e3o treinou ontem por precau\u00e7\u00e3o, e Cristiano Ronaldo dever\u00e1 estrear-se na competi\u00e7\u00e3o.<\/li>\n<li>O duelo marca o reencontro de Rui Vit\u00f3ria com o clube saudita, onde foi campe\u00e3o na \u00e9poca 2018\/19.<\/li>\n<\/ul>\n","protected":false},"author":2,"featured_media":449893,"comment_status":"closed","ping_status":"closed","sticky":false,"template":"","format":"standard","meta":{"footnotes":""},"categories":[21,24],"tags":[5342,1947,32,3338,2448],"class_list":["post-449891","post","type-post","status-publish","format-standard","has-post-thumbnail","hentry","category-desporto","category-futebol","tag-asia","tag-cristiano-ronaldo","tag-futebol","tag-futebol-internacional","tag-jorge-jesus"],"yoast_head":"<!-- This site is optimized with the Yoast SEO plugin v27.2 - https:\/\/yoast.com\/product\/yoast-seo-wordpress\/ -->\n<title>Al Wasl e Al Nassr em direto - Portal Tela Portugal<\/title>\n<meta name=\"robots\" content=\"index, follow, max-snippet:-1, max-image-preview:large, max-video-preview:-1\" \/>\n<meta property=\"og:locale\" content=\"pt_PT\" \/>\n<meta property=\"og:type\" content=\"article\" \/>\n<meta property=\"og:title\" content=\"Al Wasl e Al Nassr em direto - Portal Tela Portugal\" \/>\n<meta property=\"og:description\" content=\"O Al Wasl, treinado por Rui Vit\u00f3ria, enfrenta o Al Nassr, orienta\u00e7\u00e3o de Jorge Jesus, nos quartos de final da Champions da \u00c1sia 2. A partida est\u00e1 agendada para as 15h, nos Emirados \u00c1rabes Unidos. Rui Vit\u00f3ria afirmou ter uma afei\u00e7\u00e3o especial pelo Al Nassr e reconheceu a qualidade da equipa, considerada entre as melhores da \u00c1sia. O plantel do Al Nassr inclui Jo\u00e3o F\u00e9lix, que n\u00e3o treinou ontem por precau\u00e7\u00e3o, e Cristiano Ronaldo dever\u00e1 estrear-se na competi\u00e7\u00e3o. O duelo marca o reencontro de Rui Vit\u00f3ria com o clube saudita, onde foi campe\u00e3o na \u00e9poca 2018\/19.\" \/>\n<meta property=\"og:url\" content=\"https:\/\/portaltela.pt\/noticias\/2026\/04\/19\/al-wasl-e-al-nassr-em-direto\/\" \/>\n<meta property=\"og:site_name\" content=\"Portal Tela Portugal\" \/>\n<meta property=\"article:published_time\" content=\"2026-04-19T13:03:01+00:00\" \/>\n<meta name=\"author\" content=\"Telinha\" \/>\n<meta name=\"twitter:card\" content=\"summary_large_image\" \/>\n<meta name=\"twitter:label1\" content=\"Escrito por\" \/>\n\t<meta name=\"twitter:data1\" content=\"Telinha\" \/>\n\t<meta name=\"twitter:label2\" content=\"Tempo estimado de leitura\" \/>\n\t<meta name=\"twitter:data2\" content=\"1 minuto\" \/>\n<script type=\"application\/ld+json\" class=\"yoast-schema-graph\">{\"@context\":\"https:\/\/schema.org\",\"@graph\":[{\"@type\":\"Article\",\"@id\":\"https:\/\/portaltela.pt\/noticias\/2026\/04\/19\/al-wasl-e-al-nassr-em-direto\/#article\",\"isPartOf\":{\"@id\":\"https:\/\/portaltela.pt\/noticias\/2026\/04\/19\/al-wasl-e-al-nassr-em-direto\/\"},\"author\":{\"name\":\"Telinha\",\"@id\":\"https:\/\/portaltela.pt\/#\/schema\/person\/c4278d4a6028830caff9ee44b42d32ed\"},\"headline\":\"Al Wasl e Al Nassr em direto\",\"datePublished\":\"2026-04-19T13:03:01+00:00\",\"mainEntityOfPage\":{\"@id\":\"https:\/\/portaltela.pt\/noticias\/2026\/04\/19\/al-wasl-e-al-nassr-em-direto\/\"},\"wordCount\":154,\"image\":{\"@id\":\"https:\/\/portaltela.pt\/noticias\/2026\/04\/19\/al-wasl-e-al-nassr-em-direto\/#primaryimage\"},\"thumbnailUrl\":\"https:\/\/portaltela.pt\/s.01k8rhncp4jt1\/2026\/04\/img_1200x721uu2026-04-19-13-53-00-2433976.jpg\",\"keywords\":[\"\u00c1sia\",\"Cristiano Ronaldo\",\"futebol\",\"futebol internacional\",\"Jorge Jesus\"],\"articleSection\":[\"Desporto\",\"Futebol\"],\"inLanguage\":\"pt-PT\"},{\"@type\":\"WebPage\",\"@id\":\"https:\/\/portaltela.pt\/noticias\/2026\/04\/19\/al-wasl-e-al-nassr-em-direto\/\",\"url\":\"https:\/\/portaltela.pt\/noticias\/2026\/04\/19\/al-wasl-e-al-nassr-em-direto\/\",\"name\":\"Al Wasl e Al Nassr em direto - Portal Tela Portugal\",\"isPartOf\":{\"@id\":\"https:\/\/portaltela.pt\/#website\"},\"primaryImageOfPage\":{\"@id\":\"https:\/\/portaltela.pt\/noticias\/2026\/04\/19\/al-wasl-e-al-nassr-em-direto\/#primaryimage\"},\"image\":{\"@id\":\"https:\/\/portaltela.pt\/noticias\/2026\/04\/19\/al-wasl-e-al-nassr-em-direto\/#primaryimage\"},\"thumbnailUrl\":\"https:\/\/portaltela.pt\/s.01k8rhncp4jt1\/2026\/04\/img_1200x721uu2026-04-19-13-53-00-2433976.jpg\",\"datePublished\":\"2026-04-19T13:03:01+00:00\",\"author\":{\"@id\":\"https:\/\/portaltela.pt\/#\/schema\/person\/c4278d4a6028830caff9ee44b42d32ed\"},\"breadcrumb\":{\"@id\":\"https:\/\/portaltela.pt\/noticias\/2026\/04\/19\/al-wasl-e-al-nassr-em-direto\/#breadcrumb\"},\"inLanguage\":\"pt-PT\",\"potentialAction\":[{\"@type\":\"ReadAction\",\"target\":[\"https:\/\/portaltela.pt\/noticias\/2026\/04\/19\/al-wasl-e-al-nassr-em-direto\/\"]}]},{\"@type\":\"ImageObject\",\"inLanguage\":\"pt-PT\",\"@id\":\"https:\/\/portaltela.pt\/noticias\/2026\/04\/19\/al-wasl-e-al-nassr-em-direto\/#primaryimage\",\"url\":\"https:\/\/portaltela.pt\/s.01k8rhncp4jt1\/2026\/04\/img_1200x721uu2026-04-19-13-53-00-2433976.jpg\",\"contentUrl\":\"https:\/\/portaltela.pt\/s.01k8rhncp4jt1\/2026\/04\/img_1200x721uu2026-04-19-13-53-00-2433976.jpg\",\"width\":796,\"height\":448,\"caption\":\"Zabeel Stadium\"},{\"@type\":\"BreadcrumbList\",\"@id\":\"https:\/\/portaltela.pt\/noticias\/2026\/04\/19\/al-wasl-e-al-nassr-em-direto\/#breadcrumb\",\"itemListElement\":[{\"@type\":\"ListItem\",\"position\":1,\"name\":\"In\u00edcio\",\"item\":\"https:\/\/portaltela.pt\/\"},{\"@type\":\"ListItem\",\"position\":2,\"name\":\"Al Wasl e Al Nassr em direto\"}]},{\"@type\":\"WebSite\",\"@id\":\"https:\/\/portaltela.pt\/#website\",\"url\":\"https:\/\/portaltela.pt\/\",\"name\":\"Portal Tela Portugal\",\"description\":\"\",\"potentialAction\":[{\"@type\":\"SearchAction\",\"target\":{\"@type\":\"EntryPoint\",\"urlTemplate\":\"https:\/\/portaltela.pt\/?s={search_term_string}\"},\"query-input\":{\"@type\":\"PropertyValueSpecification\",\"valueRequired\":true,\"valueName\":\"search_term_string\"}}],\"inLanguage\":\"pt-PT\"},{\"@type\":\"Person\",\"@id\":\"https:\/\/portaltela.pt\/#\/schema\/person\/c4278d4a6028830caff9ee44b42d32ed\",\"name\":\"Telinha\",\"image\":{\"@type\":\"ImageObject\",\"inLanguage\":\"pt-PT\",\"@id\":\"https:\/\/portaltela.pt\/s.01k8rhncp4jt1\/2025\/11\/talking-bot-125x125.png\",\"url\":\"https:\/\/portaltela.pt\/s.01k8rhncp4jt1\/2025\/11\/talking-bot-125x125.png\",\"contentUrl\":\"https:\/\/portaltela.pt\/s.01k8rhncp4jt1\/2025\/11\/talking-bot-125x125.png\",\"caption\":\"Telinha\"},\"sameAs\":[\"https:\/\/portaltela.pt\/\"],\"url\":\"https:\/\/portaltela.pt\/por\/367410592786\/\"}]}<\/script>\n<!-- \/ Yoast SEO plugin. -->","yoast_head_json":{"title":"Al Wasl e Al Nassr em direto - Portal Tela Portugal","robots":{"index":"index","follow":"follow","max-snippet":"max-snippet:-1","max-image-preview":"max-image-preview:large","max-video-preview":"max-video-preview:-1"},"og_locale":"pt_PT","og_type":"article","og_title":"Al Wasl e Al Nassr em direto - Portal Tela Portugal","og_description":"O Al Wasl, treinado por Rui Vit\u00f3ria, enfrenta o Al Nassr, orienta\u00e7\u00e3o de Jorge Jesus, nos quartos de final da Champions da \u00c1sia 2. A partida est\u00e1 agendada para as 15h, nos Emirados \u00c1rabes Unidos. Rui Vit\u00f3ria afirmou ter uma afei\u00e7\u00e3o especial pelo Al Nassr e reconheceu a qualidade da equipa, considerada entre as melhores da \u00c1sia. O plantel do Al Nassr inclui Jo\u00e3o F\u00e9lix, que n\u00e3o treinou ontem por precau\u00e7\u00e3o, e Cristiano Ronaldo dever\u00e1 estrear-se na competi\u00e7\u00e3o. O duelo marca o reencontro de Rui Vit\u00f3ria com o clube saudita, onde foi campe\u00e3o na \u00e9poca 2018\/19.","og_url":"https:\/\/portaltela.pt\/noticias\/2026\/04\/19\/al-wasl-e-al-nassr-em-direto\/","og_site_name":"Portal Tela Portugal","article_published_time":"2026-04-19T13:03:01+00:00","author":"Telinha","twitter_card":"summary_large_image","twitter_misc":{"Escrito por":"Telinha","Tempo estimado de leitura":"1 minuto"},"schema":{"@context":"https:\/\/schema.org","@graph":[{"@type":"Article","@id":"https:\/\/portaltela.pt\/noticias\/2026\/04\/19\/al-wasl-e-al-nassr-em-direto\/#article","isPartOf":{"@id":"https:\/\/portaltela.pt\/noticias\/2026\/04\/19\/al-wasl-e-al-nassr-em-direto\/"},"author":{"name":"Telinha","@id":"https:\/\/portaltela.pt\/#\/schema\/person\/c4278d4a6028830caff9ee44b42d32ed"},"headline":"Al Wasl e Al Nassr em direto","datePublished":"2026-04-19T13:03:01+00:00","mainEntityOfPage":{"@id":"https:\/\/portaltela.pt\/noticias\/2026\/04\/19\/al-wasl-e-al-nassr-em-direto\/"},"wordCount":154,"image":{"@id":"https:\/\/portaltela.pt\/noticias\/2026\/04\/19\/al-wasl-e-al-nassr-em-direto\/#primaryimage"},"thumbnailUrl":"https:\/\/portaltela.pt\/s.01k8rhncp4jt1\/2026\/04\/img_1200x721uu2026-04-19-13-53-00-2433976.jpg","keywords":["\u00c1sia","Cristiano Ronaldo","futebol","futebol internacional","Jorge Jesus"],"articleSection":["Desporto","Futebol"],"inLanguage":"pt-PT"},{"@type":"WebPage","@id":"https:\/\/portaltela.pt\/noticias\/2026\/04\/19\/al-wasl-e-al-nassr-em-direto\/","url":"https:\/\/portaltela.pt\/noticias\/2026\/04\/19\/al-wasl-e-al-nassr-em-direto\/","name":"Al Wasl e Al Nassr em direto - Portal Tela Portugal","isPartOf":{"@id":"https:\/\/portaltela.pt\/#website"},"primaryImageOfPage":{"@id":"https:\/\/portaltela.pt\/noticias\/2026\/04\/19\/al-wasl-e-al-nassr-em-direto\/#primaryimage"},"image":{"@id":"https:\/\/portaltela.pt\/noticias\/2026\/04\/19\/al-wasl-e-al-nassr-em-direto\/#primaryimage"},"thumbnailUrl":"https:\/\/portaltela.pt\/s.01k8rhncp4jt1\/2026\/04\/img_1200x721uu2026-04-19-13-53-00-2433976.jpg","datePublished":"2026-04-19T13:03:01+00:00","author":{"@id":"https:\/\/portaltela.pt\/#\/schema\/person\/c4278d4a6028830caff9ee44b42d32ed"},"breadcrumb":{"@id":"https:\/\/portaltela.pt\/noticias\/2026\/04\/19\/al-wasl-e-al-nassr-em-direto\/#breadcrumb"},"inLanguage":"pt-PT","potentialAction":[{"@type":"ReadAction","target":["https:\/\/portaltela.pt\/noticias\/2026\/04\/19\/al-wasl-e-al-nassr-em-direto\/"]}]},{"@type":"ImageObject","inLanguage":"pt-PT","@id":"https:\/\/portaltela.pt\/noticias\/2026\/04\/19\/al-wasl-e-al-nassr-em-direto\/#primaryimage","url":"https:\/\/portaltela.pt\/s.01k8rhncp4jt1\/2026\/04\/img_1200x721uu2026-04-19-13-53-00-2433976.jpg","contentUrl":"https:\/\/portaltela.pt\/s.01k8rhncp4jt1\/2026\/04\/img_1200x721uu2026-04-19-13-53-00-2433976.jpg","width":796,"height":448,"caption":"Zabeel Stadium"},{"@type":"BreadcrumbList","@id":"https:\/\/portaltela.pt\/noticias\/2026\/04\/19\/al-wasl-e-al-nassr-em-direto\/#breadcrumb","itemListElement":[{"@type":"ListItem","position":1,"name":"In\u00edcio","item":"https:\/\/portaltela.pt\/"},{"@type":"ListItem","position":2,"name":"Al Wasl e Al Nassr em direto"}]},{"@type":"WebSite","@id":"https:\/\/portaltela.pt\/#website","url":"https:\/\/portaltela.pt\/","name":"Portal Tela Portugal","description":"","potentialAction":[{"@type":"SearchAction","target":{"@type":"EntryPoint","urlTemplate":"https:\/\/portaltela.pt\/?s={search_term_string}"},"query-input":{"@type":"PropertyValueSpecification","valueRequired":true,"valueName":"search_term_string"}}],"inLanguage":"pt-PT"},{"@type":"Person","@id":"https:\/\/portaltela.pt\/#\/schema\/person\/c4278d4a6028830caff9ee44b42d32ed","name":"Telinha","image":{"@type":"ImageObject","inLanguage":"pt-PT","@id":"https:\/\/portaltela.pt\/s.01k8rhncp4jt1\/2025\/11\/talking-bot-125x125.png","url":"https:\/\/portaltela.pt\/s.01k8rhncp4jt1\/2025\/11\/talking-bot-125x125.png","contentUrl":"https:\/\/portaltela.pt\/s.01k8rhncp4jt1\/2025\/11\/talking-bot-125x125.png","caption":"Telinha"},"sameAs":["https:\/\/portaltela.pt\/"],"url":"https:\/\/portaltela.pt\/por\/367410592786\/"}]}},"_links":{"self":[{"href":"https:\/\/portaltela.pt\/api\/wp\/v2\/posts\/449891","targetHints":{"allow":["GET"]}}],"collection":[{"href":"https:\/\/portaltela.pt\/api\/wp\/v2\/posts"}],"about":[{"href":"https:\/\/portaltela.pt\/api\/wp\/v2\/types\/post"}],"author":[{"embeddable":true,"href":"https:\/\/portaltela.pt\/api\/wp\/v2\/users\/2"}],"replies":[{"embeddable":true,"href":"https:\/\/portaltela.pt\/api\/wp\/v2\/comments?post=449891"}],"version-history":[{"count":0,"href":"https:\/\/portaltela.pt\/api\/wp\/v2\/posts\/449891\/revisions"}],"wp:featuredmedia":[{"embeddable":true,"href":"https:\/\/portaltela.pt\/api\/wp\/v2\/media\/449893"}],"wp:attachment":[{"href":"https:\/\/portaltela.pt\/api\/wp\/v2\/media?parent=449891"}],"wp:term":[{"taxonomy":"category","embeddable":true,"href":"https:\/\/portaltela.pt\/api\/wp\/v2\/categories?post=449891"},{"taxonomy":"post_tag","embeddable":true,"href":"https:\/\/portaltela.pt\/api\/wp\/v2\/tags?post=449891"}],"curies":[{"name":"wp","href":"https:\/\/api.w.org\/{rel}","templated":true}]}}