{"id":449839,"date":"2026-04-19T09:17:49","date_gmt":"2026-04-19T12:17:49","guid":{"rendered":"https:\/\/portaltela.pt\/noticias\/2026\/04\/19\/dino-d-santiago-esta-de-luto-cores-juntam-se-no-ceu\/"},"modified":"2026-04-19T09:17:49","modified_gmt":"2026-04-19T12:17:49","slug":"dino-d-santiago-esta-de-luto-cores-juntam-se-no-ceu","status":"publish","type":"post","link":"https:\/\/portaltela.pt\/musica\/2026\/04\/19\/dino-d-santiago-esta-de-luto-cores-juntam-se-no-ceu\/","title":{"rendered":"Dino D&#8217;Santiago est\u00e1 de luto; cores juntam-se no c\u00e9u"},"content":{"rendered":"<p>Dino D\u2019Santiago lamentou neste s\u00e1bado a morte de M\u00e1rio Marta, cantor cabo-verdiano que integrou a edi\u00e7\u00e3o mais recente do Festival da Can\u00e7\u00e3o com o tema Pertencer. O artista morreu na quinta-feira, 16, aos 53 anos, em Lisboa.<\/p>\n<p>Segundo a Lusa, a fam\u00edlia descreveu M\u00e1rio Marta como um artista de grande sensibilidade e dedica\u00e7\u00e3o \u00e0 m\u00fasica cabo-verdiana, que conquistou o respeito do p\u00fablico dentro e fora do pa\u00eds.<\/p>\n<p>Dino D\u2019Santiago escreveu que a vida de M\u00e1rio Marta \u00e9 um monumento \u00e0 gentileza, recordando que o artista conjuga o presente e permanece no ensinamento que nos deixou, citando versos da can\u00e7\u00e3o Pertencer.<\/p>\n<p>O Minist\u00e9rio da Cultura de Cabo Verde publicou uma nota de pesar, destacando a voz marcante de Marta e a sua presen\u00e7a em palco, associada \u00e0 sensibilidade e autenticidade.<\/p>\n<p>A Sociedade Cabo-verdiana de M\u00fasica relembrou o percurso de Marta, marcado pelo talento e pela forte liga\u00e7\u00e3o \u00e0s mornas e coladeiras, ganhando respeito na Cabo Verde e na di\u00e1spora.<\/p>\n","protected":false},"excerpt":{"rendered":"<ul>\n<li>M\u00e1rio Marta, cantor cabo-verdiano, morreu aos 53 anos na quinta-feira, 16, conforme a fam\u00edlia.<\/li>\n<li>Dino D&#8217;Santiago lamentou a perda e descreveu a vida do artista como &#8220;um monumento \u00e0 gentileza&#8221;, citando versos de Pertencer, can\u00e7\u00e3o que participou no Festival da Can\u00e7\u00e3o deste ano.<\/li>\n<li>O falecimento levou o Minist\u00e9rio da Cultura de Cabo Verde a emitir uma nota de pesar, destacando a voz marcante e a presen\u00e7a em palco de Marta.<\/li>\n<li>A Sociedade Cabo-verdiana de M\u00fasica relembrou o percurso de Marta, marcado pela liga\u00e7\u00e3o \u00e0s mornas e coladeiras e pelo reconhecimento junto da popula\u00e7\u00e3o cabo-verdiana, em Cabo Verde e na di\u00e1spora.<\/li>\n<\/ul>\n","protected":false},"author":2,"featured_media":449841,"comment_status":"closed","ping_status":"closed","sticky":false,"template":"","format":"standard","meta":{"footnotes":""},"categories":[6676],"tags":[2329,145,3674,9035,122],"class_list":["post-449839","post","type-post","status-publish","format-standard","has-post-thumbnail","hentry","category-musica","tag-cabo-verde","tag-cultura","tag-festival","tag-mornas","tag-musica"],"yoast_head":"<!-- This site is optimized with the Yoast SEO plugin v27.2 - https:\/\/yoast.com\/product\/yoast-seo-wordpress\/ -->\n<title>Dino D&#039;Santiago est\u00e1 de luto; cores juntam-se no c\u00e9u - Portal Tela Portugal<\/title>\n<meta name=\"robots\" content=\"index, follow, max-snippet:-1, max-image-preview:large, max-video-preview:-1\" \/>\n<meta property=\"og:locale\" content=\"pt_PT\" \/>\n<meta property=\"og:type\" content=\"article\" \/>\n<meta property=\"og:title\" content=\"Dino D&#039;Santiago est\u00e1 de luto; cores juntam-se no c\u00e9u - Portal Tela Portugal\" \/>\n<meta property=\"og:description\" content=\"M\u00e1rio Marta, cantor cabo-verdiano, morreu aos 53 anos na quinta-feira, 16, conforme a fam\u00edlia. Dino D&#039;Santiago lamentou a perda e descreveu a vida do artista como &quot;um monumento \u00e0 gentileza&quot;, citando versos de Pertencer, can\u00e7\u00e3o que participou no Festival da Can\u00e7\u00e3o deste ano. O falecimento levou o Minist\u00e9rio da Cultura de Cabo Verde a emitir uma nota de pesar, destacando a voz marcante e a presen\u00e7a em palco de Marta. A Sociedade Cabo-verdiana de M\u00fasica relembrou o percurso de Marta, marcado pela liga\u00e7\u00e3o \u00e0s mornas e coladeiras e pelo reconhecimento junto da popula\u00e7\u00e3o cabo-verdiana, em Cabo Verde e na di\u00e1spora.\" \/>\n<meta property=\"og:url\" content=\"https:\/\/portaltela.pt\/noticias\/2026\/04\/19\/dino-d-santiago-esta-de-luto-cores-juntam-se-no-ceu\/\" \/>\n<meta property=\"og:site_name\" content=\"Portal Tela Portugal\" \/>\n<meta property=\"article:published_time\" content=\"2026-04-19T12:17:49+00:00\" \/>\n<meta name=\"author\" content=\"Telinha\" \/>\n<meta name=\"twitter:card\" content=\"summary_large_image\" \/>\n<meta name=\"twitter:label1\" content=\"Escrito por\" \/>\n\t<meta name=\"twitter:data1\" content=\"Telinha\" \/>\n\t<meta name=\"twitter:label2\" content=\"Tempo estimado de leitura\" \/>\n\t<meta name=\"twitter:data2\" content=\"1 minuto\" \/>\n<script type=\"application\/ld+json\" class=\"yoast-schema-graph\">{\"@context\":\"https:\/\/schema.org\",\"@graph\":[{\"@type\":\"Article\",\"@id\":\"https:\/\/portaltela.pt\/noticias\/2026\/04\/19\/dino-d-santiago-esta-de-luto-cores-juntam-se-no-ceu\/#article\",\"isPartOf\":{\"@id\":\"https:\/\/portaltela.pt\/noticias\/2026\/04\/19\/dino-d-santiago-esta-de-luto-cores-juntam-se-no-ceu\/\"},\"author\":{\"name\":\"Telinha\",\"@id\":\"https:\/\/portaltela.pt\/#\/schema\/person\/c4278d4a6028830caff9ee44b42d32ed\"},\"headline\":\"Dino D&#8217;Santiago est\u00e1 de luto; cores juntam-se no c\u00e9u\",\"datePublished\":\"2026-04-19T12:17:49+00:00\",\"mainEntityOfPage\":{\"@id\":\"https:\/\/portaltela.pt\/noticias\/2026\/04\/19\/dino-d-santiago-esta-de-luto-cores-juntam-se-no-ceu\/\"},\"wordCount\":182,\"image\":{\"@id\":\"https:\/\/portaltela.pt\/noticias\/2026\/04\/19\/dino-d-santiago-esta-de-luto-cores-juntam-se-no-ceu\/#primaryimage\"},\"thumbnailUrl\":\"https:\/\/portaltela.pt\/s.01k8rhncp4jt1\/2026\/04\/img_1500x1000uu2026-04-19-11-50-58-2279561-im-639121963056667738.jpg\",\"keywords\":[\"Cabo Verde\",\"cultura\",\"festival\",\"mornas\",\"m\u00fasica\"],\"articleSection\":[\"M\u00fasica\"],\"inLanguage\":\"pt-PT\"},{\"@type\":\"WebPage\",\"@id\":\"https:\/\/portaltela.pt\/noticias\/2026\/04\/19\/dino-d-santiago-esta-de-luto-cores-juntam-se-no-ceu\/\",\"url\":\"https:\/\/portaltela.pt\/noticias\/2026\/04\/19\/dino-d-santiago-esta-de-luto-cores-juntam-se-no-ceu\/\",\"name\":\"Dino D'Santiago est\u00e1 de luto; cores juntam-se no c\u00e9u - Portal Tela Portugal\",\"isPartOf\":{\"@id\":\"https:\/\/portaltela.pt\/#website\"},\"primaryImageOfPage\":{\"@id\":\"https:\/\/portaltela.pt\/noticias\/2026\/04\/19\/dino-d-santiago-esta-de-luto-cores-juntam-se-no-ceu\/#primaryimage\"},\"image\":{\"@id\":\"https:\/\/portaltela.pt\/noticias\/2026\/04\/19\/dino-d-santiago-esta-de-luto-cores-juntam-se-no-ceu\/#primaryimage\"},\"thumbnailUrl\":\"https:\/\/portaltela.pt\/s.01k8rhncp4jt1\/2026\/04\/img_1500x1000uu2026-04-19-11-50-58-2279561-im-639121963056667738.jpg\",\"datePublished\":\"2026-04-19T12:17:49+00:00\",\"author\":{\"@id\":\"https:\/\/portaltela.pt\/#\/schema\/person\/c4278d4a6028830caff9ee44b42d32ed\"},\"breadcrumb\":{\"@id\":\"https:\/\/portaltela.pt\/noticias\/2026\/04\/19\/dino-d-santiago-esta-de-luto-cores-juntam-se-no-ceu\/#breadcrumb\"},\"inLanguage\":\"pt-PT\",\"potentialAction\":[{\"@type\":\"ReadAction\",\"target\":[\"https:\/\/portaltela.pt\/noticias\/2026\/04\/19\/dino-d-santiago-esta-de-luto-cores-juntam-se-no-ceu\/\"]}]},{\"@type\":\"ImageObject\",\"inLanguage\":\"pt-PT\",\"@id\":\"https:\/\/portaltela.pt\/noticias\/2026\/04\/19\/dino-d-santiago-esta-de-luto-cores-juntam-se-no-ceu\/#primaryimage\",\"url\":\"https:\/\/portaltela.pt\/s.01k8rhncp4jt1\/2026\/04\/img_1500x1000uu2026-04-19-11-50-58-2279561-im-639121963056667738.jpg\",\"contentUrl\":\"https:\/\/portaltela.pt\/s.01k8rhncp4jt1\/2026\/04\/img_1500x1000uu2026-04-19-11-50-58-2279561-im-639121963056667738.jpg\",\"width\":796,\"height\":448,\"caption\":\"Dino D'Santiago\"},{\"@type\":\"BreadcrumbList\",\"@id\":\"https:\/\/portaltela.pt\/noticias\/2026\/04\/19\/dino-d-santiago-esta-de-luto-cores-juntam-se-no-ceu\/#breadcrumb\",\"itemListElement\":[{\"@type\":\"ListItem\",\"position\":1,\"name\":\"In\u00edcio\",\"item\":\"https:\/\/portaltela.pt\/\"},{\"@type\":\"ListItem\",\"position\":2,\"name\":\"Dino D&#8217;Santiago est\u00e1 de luto; cores juntam-se no c\u00e9u\"}]},{\"@type\":\"WebSite\",\"@id\":\"https:\/\/portaltela.pt\/#website\",\"url\":\"https:\/\/portaltela.pt\/\",\"name\":\"Portal Tela Portugal\",\"description\":\"\",\"potentialAction\":[{\"@type\":\"SearchAction\",\"target\":{\"@type\":\"EntryPoint\",\"urlTemplate\":\"https:\/\/portaltela.pt\/?s={search_term_string}\"},\"query-input\":{\"@type\":\"PropertyValueSpecification\",\"valueRequired\":true,\"valueName\":\"search_term_string\"}}],\"inLanguage\":\"pt-PT\"},{\"@type\":\"Person\",\"@id\":\"https:\/\/portaltela.pt\/#\/schema\/person\/c4278d4a6028830caff9ee44b42d32ed\",\"name\":\"Telinha\",\"image\":{\"@type\":\"ImageObject\",\"inLanguage\":\"pt-PT\",\"@id\":\"https:\/\/portaltela.pt\/s.01k8rhncp4jt1\/2025\/11\/talking-bot-125x125.png\",\"url\":\"https:\/\/portaltela.pt\/s.01k8rhncp4jt1\/2025\/11\/talking-bot-125x125.png\",\"contentUrl\":\"https:\/\/portaltela.pt\/s.01k8rhncp4jt1\/2025\/11\/talking-bot-125x125.png\",\"caption\":\"Telinha\"},\"sameAs\":[\"https:\/\/portaltela.pt\/\"],\"url\":\"https:\/\/portaltela.pt\/por\/367410592786\/\"}]}<\/script>\n<!-- \/ Yoast SEO plugin. -->","yoast_head_json":{"title":"Dino D'Santiago est\u00e1 de luto; cores juntam-se no c\u00e9u - Portal Tela Portugal","robots":{"index":"index","follow":"follow","max-snippet":"max-snippet:-1","max-image-preview":"max-image-preview:large","max-video-preview":"max-video-preview:-1"},"og_locale":"pt_PT","og_type":"article","og_title":"Dino D'Santiago est\u00e1 de luto; cores juntam-se no c\u00e9u - Portal Tela Portugal","og_description":"M\u00e1rio Marta, cantor cabo-verdiano, morreu aos 53 anos na quinta-feira, 16, conforme a fam\u00edlia. Dino D'Santiago lamentou a perda e descreveu a vida do artista como \"um monumento \u00e0 gentileza\", citando versos de Pertencer, can\u00e7\u00e3o que participou no Festival da Can\u00e7\u00e3o deste ano. O falecimento levou o Minist\u00e9rio da Cultura de Cabo Verde a emitir uma nota de pesar, destacando a voz marcante e a presen\u00e7a em palco de Marta. A Sociedade Cabo-verdiana de M\u00fasica relembrou o percurso de Marta, marcado pela liga\u00e7\u00e3o \u00e0s mornas e coladeiras e pelo reconhecimento junto da popula\u00e7\u00e3o cabo-verdiana, em Cabo Verde e na di\u00e1spora.","og_url":"https:\/\/portaltela.pt\/noticias\/2026\/04\/19\/dino-d-santiago-esta-de-luto-cores-juntam-se-no-ceu\/","og_site_name":"Portal Tela Portugal","article_published_time":"2026-04-19T12:17:49+00:00","author":"Telinha","twitter_card":"summary_large_image","twitter_misc":{"Escrito por":"Telinha","Tempo estimado de leitura":"1 minuto"},"schema":{"@context":"https:\/\/schema.org","@graph":[{"@type":"Article","@id":"https:\/\/portaltela.pt\/noticias\/2026\/04\/19\/dino-d-santiago-esta-de-luto-cores-juntam-se-no-ceu\/#article","isPartOf":{"@id":"https:\/\/portaltela.pt\/noticias\/2026\/04\/19\/dino-d-santiago-esta-de-luto-cores-juntam-se-no-ceu\/"},"author":{"name":"Telinha","@id":"https:\/\/portaltela.pt\/#\/schema\/person\/c4278d4a6028830caff9ee44b42d32ed"},"headline":"Dino D&#8217;Santiago est\u00e1 de luto; cores juntam-se no c\u00e9u","datePublished":"2026-04-19T12:17:49+00:00","mainEntityOfPage":{"@id":"https:\/\/portaltela.pt\/noticias\/2026\/04\/19\/dino-d-santiago-esta-de-luto-cores-juntam-se-no-ceu\/"},"wordCount":182,"image":{"@id":"https:\/\/portaltela.pt\/noticias\/2026\/04\/19\/dino-d-santiago-esta-de-luto-cores-juntam-se-no-ceu\/#primaryimage"},"thumbnailUrl":"https:\/\/portaltela.pt\/s.01k8rhncp4jt1\/2026\/04\/img_1500x1000uu2026-04-19-11-50-58-2279561-im-639121963056667738.jpg","keywords":["Cabo Verde","cultura","festival","mornas","m\u00fasica"],"articleSection":["M\u00fasica"],"inLanguage":"pt-PT"},{"@type":"WebPage","@id":"https:\/\/portaltela.pt\/noticias\/2026\/04\/19\/dino-d-santiago-esta-de-luto-cores-juntam-se-no-ceu\/","url":"https:\/\/portaltela.pt\/noticias\/2026\/04\/19\/dino-d-santiago-esta-de-luto-cores-juntam-se-no-ceu\/","name":"Dino D'Santiago est\u00e1 de luto; cores juntam-se no c\u00e9u - Portal Tela Portugal","isPartOf":{"@id":"https:\/\/portaltela.pt\/#website"},"primaryImageOfPage":{"@id":"https:\/\/portaltela.pt\/noticias\/2026\/04\/19\/dino-d-santiago-esta-de-luto-cores-juntam-se-no-ceu\/#primaryimage"},"image":{"@id":"https:\/\/portaltela.pt\/noticias\/2026\/04\/19\/dino-d-santiago-esta-de-luto-cores-juntam-se-no-ceu\/#primaryimage"},"thumbnailUrl":"https:\/\/portaltela.pt\/s.01k8rhncp4jt1\/2026\/04\/img_1500x1000uu2026-04-19-11-50-58-2279561-im-639121963056667738.jpg","datePublished":"2026-04-19T12:17:49+00:00","author":{"@id":"https:\/\/portaltela.pt\/#\/schema\/person\/c4278d4a6028830caff9ee44b42d32ed"},"breadcrumb":{"@id":"https:\/\/portaltela.pt\/noticias\/2026\/04\/19\/dino-d-santiago-esta-de-luto-cores-juntam-se-no-ceu\/#breadcrumb"},"inLanguage":"pt-PT","potentialAction":[{"@type":"ReadAction","target":["https:\/\/portaltela.pt\/noticias\/2026\/04\/19\/dino-d-santiago-esta-de-luto-cores-juntam-se-no-ceu\/"]}]},{"@type":"ImageObject","inLanguage":"pt-PT","@id":"https:\/\/portaltela.pt\/noticias\/2026\/04\/19\/dino-d-santiago-esta-de-luto-cores-juntam-se-no-ceu\/#primaryimage","url":"https:\/\/portaltela.pt\/s.01k8rhncp4jt1\/2026\/04\/img_1500x1000uu2026-04-19-11-50-58-2279561-im-639121963056667738.jpg","contentUrl":"https:\/\/portaltela.pt\/s.01k8rhncp4jt1\/2026\/04\/img_1500x1000uu2026-04-19-11-50-58-2279561-im-639121963056667738.jpg","width":796,"height":448,"caption":"Dino D'Santiago"},{"@type":"BreadcrumbList","@id":"https:\/\/portaltela.pt\/noticias\/2026\/04\/19\/dino-d-santiago-esta-de-luto-cores-juntam-se-no-ceu\/#breadcrumb","itemListElement":[{"@type":"ListItem","position":1,"name":"In\u00edcio","item":"https:\/\/portaltela.pt\/"},{"@type":"ListItem","position":2,"name":"Dino D&#8217;Santiago est\u00e1 de luto; cores juntam-se no c\u00e9u"}]},{"@type":"WebSite","@id":"https:\/\/portaltela.pt\/#website","url":"https:\/\/portaltela.pt\/","name":"Portal Tela Portugal","description":"","potentialAction":[{"@type":"SearchAction","target":{"@type":"EntryPoint","urlTemplate":"https:\/\/portaltela.pt\/?s={search_term_string}"},"query-input":{"@type":"PropertyValueSpecification","valueRequired":true,"valueName":"search_term_string"}}],"inLanguage":"pt-PT"},{"@type":"Person","@id":"https:\/\/portaltela.pt\/#\/schema\/person\/c4278d4a6028830caff9ee44b42d32ed","name":"Telinha","image":{"@type":"ImageObject","inLanguage":"pt-PT","@id":"https:\/\/portaltela.pt\/s.01k8rhncp4jt1\/2025\/11\/talking-bot-125x125.png","url":"https:\/\/portaltela.pt\/s.01k8rhncp4jt1\/2025\/11\/talking-bot-125x125.png","contentUrl":"https:\/\/portaltela.pt\/s.01k8rhncp4jt1\/2025\/11\/talking-bot-125x125.png","caption":"Telinha"},"sameAs":["https:\/\/portaltela.pt\/"],"url":"https:\/\/portaltela.pt\/por\/367410592786\/"}]}},"_links":{"self":[{"href":"https:\/\/portaltela.pt\/api\/wp\/v2\/posts\/449839","targetHints":{"allow":["GET"]}}],"collection":[{"href":"https:\/\/portaltela.pt\/api\/wp\/v2\/posts"}],"about":[{"href":"https:\/\/portaltela.pt\/api\/wp\/v2\/types\/post"}],"author":[{"embeddable":true,"href":"https:\/\/portaltela.pt\/api\/wp\/v2\/users\/2"}],"replies":[{"embeddable":true,"href":"https:\/\/portaltela.pt\/api\/wp\/v2\/comments?post=449839"}],"version-history":[{"count":0,"href":"https:\/\/portaltela.pt\/api\/wp\/v2\/posts\/449839\/revisions"}],"wp:featuredmedia":[{"embeddable":true,"href":"https:\/\/portaltela.pt\/api\/wp\/v2\/media\/449841"}],"wp:attachment":[{"href":"https:\/\/portaltela.pt\/api\/wp\/v2\/media?parent=449839"}],"wp:term":[{"taxonomy":"category","embeddable":true,"href":"https:\/\/portaltela.pt\/api\/wp\/v2\/categories?post=449839"},{"taxonomy":"post_tag","embeddable":true,"href":"https:\/\/portaltela.pt\/api\/wp\/v2\/tags?post=449839"}],"curies":[{"name":"wp","href":"https:\/\/api.w.org\/{rel}","templated":true}]}}