{"id":449816,"date":"2026-04-19T03:45:00","date_gmt":"2026-04-19T06:45:00","guid":{"rendered":"https:\/\/portaltela.pt\/noticias\/2026\/04\/19\/teerao-critica-ue-apos-advertencias-de-kallas-sobre-estreito-de-ormuz\/"},"modified":"2026-04-19T03:45:00","modified_gmt":"2026-04-19T06:45:00","slug":"teerao-critica-ue-apos-advertencias-de-kallas-sobre-estreito-de-ormuz","status":"publish","type":"post","link":"https:\/\/portaltela.pt\/noticias\/internacional\/2026\/04\/19\/teerao-critica-ue-apos-advertencias-de-kallas-sobre-estreito-de-ormuz\/","title":{"rendered":"Teer\u00e3o critica UE ap\u00f3s advert\u00eancias de Kallas sobre Estreito de Ormuz"},"content":{"rendered":"<p>Teer\u00e3o criticou a Uni\u00e3o Europeia ap\u00f3s as advert\u00eancias proferidas pela primeira-ministra estoniana, Kaja Kallas, sobre a seguran\u00e7a e a passagem no estreito de Ormuz. O coment\u00e1rio surge numa conjuntura de tens\u00f5es regionais e diplomas de rela\u00e7\u00e3o entre a UE e o Ir\u00e3o.<\/p>\n<p>Segundo aliados de Teer\u00e3o, as cr\u00edticas destacam diverg\u00eancias quanto \u00e0 atua\u00e7\u00e3o europeia em mat\u00e9rias de seguran\u00e7a mar\u00edtima e de at\u00e9 que ponto a UE deve agir com press\u00e3o sobre o Ir\u00e3o em quest\u00f5es estrat\u00e9gicas. Tamb\u00e9m se aponta para a discrep\u00e2ncia entre interesses europeus e as pol\u00edticas nacionais iranianas.<\/p>\n<p>O epis\u00f3dio ocorreu num contexto internacional de aten\u00e7\u00e3o ao corredor estrat\u00e9gico do estreito de Ormuz, por onde passam grandes volumes de petr\u00f3leo. A posi\u00e7\u00e3o de Teer\u00e3o \u00e9 apresentada como resposta \u00e0s mensagens de alerta recebidas pela UE, segundo fontes pr\u00f3ximas do governo iraniano.<\/p>\n<p>At\u00e9 ao momento, n\u00e3o foram divulgados detalhes sobre eventuais medidas diplom\u00e1ticas ou sobre novas declara\u00e7\u00f5es oficiais al\u00e9m das j\u00e1 conhecidas. A situa\u00e7\u00e3o mant\u00e9m-se sob monitoriza\u00e7\u00e3o, com observadores a falar em riscos de escalada nas rela\u00e7\u00f5es entre o Ir\u00e3o e a UE.<\/p>\n","protected":false},"excerpt":{"rendered":"<ul>\n<li>Teer\u00e3o criticou a Uni\u00e3o Europeia ap\u00f3s as advert\u00eancias da primeira-ministra da Est\u00f3nia, Kaja Kallas, sobre o estreito de Ormuz.<\/li>\n<li>O texto indica que Kallas alertou para a necessidade de aten\u00e7\u00e3o \u00e0 situa\u00e7\u00e3o militar e de seguran\u00e7a na regi\u00e3o.<\/li>\n<li>O conte\u00fado completo est\u00e1 dispon\u00edvel apenas para subscritores.<\/li>\n<li>O tema envolve rela\u00e7\u00f5es entre o Ir\u00e3o e a Uni\u00e3o Europeia e a seguran\u00e7a mar\u00edtima no estreito de Ormuz.<\/li>\n<\/ul>\n","protected":false},"author":2,"featured_media":449817,"comment_status":"closed","ping_status":"closed","sticky":false,"template":"","format":"standard","meta":{"footnotes":""},"categories":[6814,4],"tags":[8193,8056,272,6703,27,4222],"class_list":["post-449816","post","type-post","status-publish","format-standard","has-post-thumbnail","hentry","category-geopolitica","category-internacional","tag-_ira","tag-_uniao-europeia","tag-acordos-internacionais","tag-diplomacia-internacional","tag-relacoes-internacionais","tag-seguranca-internacional"],"yoast_head":"<!-- This site is optimized with the Yoast SEO plugin v27.2 - https:\/\/yoast.com\/product\/yoast-seo-wordpress\/ -->\n<title>Teer\u00e3o critica UE ap\u00f3s advert\u00eancias de Kallas sobre Estreito de Ormuz - Portal Tela Portugal<\/title>\n<meta name=\"robots\" content=\"index, follow, max-snippet:-1, max-image-preview:large, max-video-preview:-1\" \/>\n<meta property=\"og:locale\" content=\"pt_PT\" \/>\n<meta property=\"og:type\" content=\"article\" \/>\n<meta property=\"og:title\" content=\"Teer\u00e3o critica UE ap\u00f3s advert\u00eancias de Kallas sobre Estreito de Ormuz - Portal Tela Portugal\" \/>\n<meta property=\"og:description\" content=\"Teer\u00e3o criticou a Uni\u00e3o Europeia ap\u00f3s as advert\u00eancias da primeira-ministra da Est\u00f3nia, Kaja Kallas, sobre o estreito de Ormuz. O texto indica que Kallas alertou para a necessidade de aten\u00e7\u00e3o \u00e0 situa\u00e7\u00e3o militar e de seguran\u00e7a na regi\u00e3o. O conte\u00fado completo est\u00e1 dispon\u00edvel apenas para subscritores. O tema envolve rela\u00e7\u00f5es entre o Ir\u00e3o e a Uni\u00e3o Europeia e a seguran\u00e7a mar\u00edtima no estreito de Ormuz.\" \/>\n<meta property=\"og:url\" content=\"https:\/\/portaltela.pt\/noticias\/2026\/04\/19\/teerao-critica-ue-apos-advertencias-de-kallas-sobre-estreito-de-ormuz\/\" \/>\n<meta property=\"og:site_name\" content=\"Portal Tela Portugal\" \/>\n<meta property=\"article:published_time\" content=\"2026-04-19T06:45:00+00:00\" \/>\n<meta name=\"author\" content=\"Telinha\" \/>\n<meta name=\"twitter:card\" content=\"summary_large_image\" \/>\n<meta name=\"twitter:label1\" content=\"Escrito por\" \/>\n\t<meta name=\"twitter:data1\" content=\"Telinha\" \/>\n\t<meta name=\"twitter:label2\" content=\"Tempo estimado de leitura\" \/>\n\t<meta name=\"twitter:data2\" content=\"1 minuto\" \/>\n<script type=\"application\/ld+json\" class=\"yoast-schema-graph\">{\"@context\":\"https:\/\/schema.org\",\"@graph\":[{\"@type\":\"Article\",\"@id\":\"https:\/\/portaltela.pt\/noticias\/2026\/04\/19\/teerao-critica-ue-apos-advertencias-de-kallas-sobre-estreito-de-ormuz\/#article\",\"isPartOf\":{\"@id\":\"https:\/\/portaltela.pt\/noticias\/2026\/04\/19\/teerao-critica-ue-apos-advertencias-de-kallas-sobre-estreito-de-ormuz\/\"},\"author\":{\"name\":\"Telinha\",\"@id\":\"https:\/\/portaltela.pt\/#\/schema\/person\/c4278d4a6028830caff9ee44b42d32ed\"},\"headline\":\"Teer\u00e3o critica UE ap\u00f3s advert\u00eancias de Kallas sobre Estreito de Ormuz\",\"datePublished\":\"2026-04-19T06:45:00+00:00\",\"mainEntityOfPage\":{\"@id\":\"https:\/\/portaltela.pt\/noticias\/2026\/04\/19\/teerao-critica-ue-apos-advertencias-de-kallas-sobre-estreito-de-ormuz\/\"},\"wordCount\":225,\"image\":{\"@id\":\"https:\/\/portaltela.pt\/noticias\/2026\/04\/19\/teerao-critica-ue-apos-advertencias-de-kallas-sobre-estreito-de-ormuz\/#primaryimage\"},\"thumbnailUrl\":\"https:\/\/portaltela.pt\/s.01k8rhncp4jt1\/2026\/04\/CACHE_780X1200_ANALOG_WATERMARKED_46949526_630053724000077.jpg\",\"keywords\":[\"_Ir\u00e3\",\"_Uni\u00e3o Europeia\",\"acordos internacionais\",\"diplomacia internacional\",\"rela\u00e7\u00f5es internacionais\",\"seguran\u00e7a internacional\"],\"articleSection\":[\"Geopol\u00edtica\",\"Internacional\"],\"inLanguage\":\"pt-PT\"},{\"@type\":\"WebPage\",\"@id\":\"https:\/\/portaltela.pt\/noticias\/2026\/04\/19\/teerao-critica-ue-apos-advertencias-de-kallas-sobre-estreito-de-ormuz\/\",\"url\":\"https:\/\/portaltela.pt\/noticias\/2026\/04\/19\/teerao-critica-ue-apos-advertencias-de-kallas-sobre-estreito-de-ormuz\/\",\"name\":\"Teer\u00e3o critica UE ap\u00f3s advert\u00eancias de Kallas sobre Estreito de Ormuz - Portal Tela Portugal\",\"isPartOf\":{\"@id\":\"https:\/\/portaltela.pt\/#website\"},\"primaryImageOfPage\":{\"@id\":\"https:\/\/portaltela.pt\/noticias\/2026\/04\/19\/teerao-critica-ue-apos-advertencias-de-kallas-sobre-estreito-de-ormuz\/#primaryimage\"},\"image\":{\"@id\":\"https:\/\/portaltela.pt\/noticias\/2026\/04\/19\/teerao-critica-ue-apos-advertencias-de-kallas-sobre-estreito-de-ormuz\/#primaryimage\"},\"thumbnailUrl\":\"https:\/\/portaltela.pt\/s.01k8rhncp4jt1\/2026\/04\/CACHE_780X1200_ANALOG_WATERMARKED_46949526_630053724000077.jpg\",\"datePublished\":\"2026-04-19T06:45:00+00:00\",\"author\":{\"@id\":\"https:\/\/portaltela.pt\/#\/schema\/person\/c4278d4a6028830caff9ee44b42d32ed\"},\"breadcrumb\":{\"@id\":\"https:\/\/portaltela.pt\/noticias\/2026\/04\/19\/teerao-critica-ue-apos-advertencias-de-kallas-sobre-estreito-de-ormuz\/#breadcrumb\"},\"inLanguage\":\"pt-PT\",\"potentialAction\":[{\"@type\":\"ReadAction\",\"target\":[\"https:\/\/portaltela.pt\/noticias\/2026\/04\/19\/teerao-critica-ue-apos-advertencias-de-kallas-sobre-estreito-de-ormuz\/\"]}]},{\"@type\":\"ImageObject\",\"inLanguage\":\"pt-PT\",\"@id\":\"https:\/\/portaltela.pt\/noticias\/2026\/04\/19\/teerao-critica-ue-apos-advertencias-de-kallas-sobre-estreito-de-ormuz\/#primaryimage\",\"url\":\"https:\/\/portaltela.pt\/s.01k8rhncp4jt1\/2026\/04\/CACHE_780X1200_ANALOG_WATERMARKED_46949526_630053724000077.jpg\",\"contentUrl\":\"https:\/\/portaltela.pt\/s.01k8rhncp4jt1\/2026\/04\/CACHE_780X1200_ANALOG_WATERMARKED_46949526_630053724000077.jpg\",\"width\":796,\"height\":448,\"caption\":\"Photo\"},{\"@type\":\"BreadcrumbList\",\"@id\":\"https:\/\/portaltela.pt\/noticias\/2026\/04\/19\/teerao-critica-ue-apos-advertencias-de-kallas-sobre-estreito-de-ormuz\/#breadcrumb\",\"itemListElement\":[{\"@type\":\"ListItem\",\"position\":1,\"name\":\"In\u00edcio\",\"item\":\"https:\/\/portaltela.pt\/\"},{\"@type\":\"ListItem\",\"position\":2,\"name\":\"Teer\u00e3o critica UE ap\u00f3s advert\u00eancias de Kallas sobre Estreito de Ormuz\"}]},{\"@type\":\"WebSite\",\"@id\":\"https:\/\/portaltela.pt\/#website\",\"url\":\"https:\/\/portaltela.pt\/\",\"name\":\"Portal Tela Portugal\",\"description\":\"\",\"potentialAction\":[{\"@type\":\"SearchAction\",\"target\":{\"@type\":\"EntryPoint\",\"urlTemplate\":\"https:\/\/portaltela.pt\/?s={search_term_string}\"},\"query-input\":{\"@type\":\"PropertyValueSpecification\",\"valueRequired\":true,\"valueName\":\"search_term_string\"}}],\"inLanguage\":\"pt-PT\"},{\"@type\":\"Person\",\"@id\":\"https:\/\/portaltela.pt\/#\/schema\/person\/c4278d4a6028830caff9ee44b42d32ed\",\"name\":\"Telinha\",\"image\":{\"@type\":\"ImageObject\",\"inLanguage\":\"pt-PT\",\"@id\":\"https:\/\/portaltela.pt\/s.01k8rhncp4jt1\/2025\/11\/talking-bot-125x125.png\",\"url\":\"https:\/\/portaltela.pt\/s.01k8rhncp4jt1\/2025\/11\/talking-bot-125x125.png\",\"contentUrl\":\"https:\/\/portaltela.pt\/s.01k8rhncp4jt1\/2025\/11\/talking-bot-125x125.png\",\"caption\":\"Telinha\"},\"sameAs\":[\"https:\/\/portaltela.pt\/\"],\"url\":\"https:\/\/portaltela.pt\/por\/367410592786\/\"}]}<\/script>\n<!-- \/ Yoast SEO plugin. -->","yoast_head_json":{"title":"Teer\u00e3o critica UE ap\u00f3s advert\u00eancias de Kallas sobre Estreito de Ormuz - Portal Tela Portugal","robots":{"index":"index","follow":"follow","max-snippet":"max-snippet:-1","max-image-preview":"max-image-preview:large","max-video-preview":"max-video-preview:-1"},"og_locale":"pt_PT","og_type":"article","og_title":"Teer\u00e3o critica UE ap\u00f3s advert\u00eancias de Kallas sobre Estreito de Ormuz - Portal Tela Portugal","og_description":"Teer\u00e3o criticou a Uni\u00e3o Europeia ap\u00f3s as advert\u00eancias da primeira-ministra da Est\u00f3nia, Kaja Kallas, sobre o estreito de Ormuz. O texto indica que Kallas alertou para a necessidade de aten\u00e7\u00e3o \u00e0 situa\u00e7\u00e3o militar e de seguran\u00e7a na regi\u00e3o. O conte\u00fado completo est\u00e1 dispon\u00edvel apenas para subscritores. O tema envolve rela\u00e7\u00f5es entre o Ir\u00e3o e a Uni\u00e3o Europeia e a seguran\u00e7a mar\u00edtima no estreito de Ormuz.","og_url":"https:\/\/portaltela.pt\/noticias\/2026\/04\/19\/teerao-critica-ue-apos-advertencias-de-kallas-sobre-estreito-de-ormuz\/","og_site_name":"Portal Tela Portugal","article_published_time":"2026-04-19T06:45:00+00:00","author":"Telinha","twitter_card":"summary_large_image","twitter_misc":{"Escrito por":"Telinha","Tempo estimado de leitura":"1 minuto"},"schema":{"@context":"https:\/\/schema.org","@graph":[{"@type":"Article","@id":"https:\/\/portaltela.pt\/noticias\/2026\/04\/19\/teerao-critica-ue-apos-advertencias-de-kallas-sobre-estreito-de-ormuz\/#article","isPartOf":{"@id":"https:\/\/portaltela.pt\/noticias\/2026\/04\/19\/teerao-critica-ue-apos-advertencias-de-kallas-sobre-estreito-de-ormuz\/"},"author":{"name":"Telinha","@id":"https:\/\/portaltela.pt\/#\/schema\/person\/c4278d4a6028830caff9ee44b42d32ed"},"headline":"Teer\u00e3o critica UE ap\u00f3s advert\u00eancias de Kallas sobre Estreito de Ormuz","datePublished":"2026-04-19T06:45:00+00:00","mainEntityOfPage":{"@id":"https:\/\/portaltela.pt\/noticias\/2026\/04\/19\/teerao-critica-ue-apos-advertencias-de-kallas-sobre-estreito-de-ormuz\/"},"wordCount":225,"image":{"@id":"https:\/\/portaltela.pt\/noticias\/2026\/04\/19\/teerao-critica-ue-apos-advertencias-de-kallas-sobre-estreito-de-ormuz\/#primaryimage"},"thumbnailUrl":"https:\/\/portaltela.pt\/s.01k8rhncp4jt1\/2026\/04\/CACHE_780X1200_ANALOG_WATERMARKED_46949526_630053724000077.jpg","keywords":["_Ir\u00e3","_Uni\u00e3o Europeia","acordos internacionais","diplomacia internacional","rela\u00e7\u00f5es internacionais","seguran\u00e7a internacional"],"articleSection":["Geopol\u00edtica","Internacional"],"inLanguage":"pt-PT"},{"@type":"WebPage","@id":"https:\/\/portaltela.pt\/noticias\/2026\/04\/19\/teerao-critica-ue-apos-advertencias-de-kallas-sobre-estreito-de-ormuz\/","url":"https:\/\/portaltela.pt\/noticias\/2026\/04\/19\/teerao-critica-ue-apos-advertencias-de-kallas-sobre-estreito-de-ormuz\/","name":"Teer\u00e3o critica UE ap\u00f3s advert\u00eancias de Kallas sobre Estreito de Ormuz - Portal Tela Portugal","isPartOf":{"@id":"https:\/\/portaltela.pt\/#website"},"primaryImageOfPage":{"@id":"https:\/\/portaltela.pt\/noticias\/2026\/04\/19\/teerao-critica-ue-apos-advertencias-de-kallas-sobre-estreito-de-ormuz\/#primaryimage"},"image":{"@id":"https:\/\/portaltela.pt\/noticias\/2026\/04\/19\/teerao-critica-ue-apos-advertencias-de-kallas-sobre-estreito-de-ormuz\/#primaryimage"},"thumbnailUrl":"https:\/\/portaltela.pt\/s.01k8rhncp4jt1\/2026\/04\/CACHE_780X1200_ANALOG_WATERMARKED_46949526_630053724000077.jpg","datePublished":"2026-04-19T06:45:00+00:00","author":{"@id":"https:\/\/portaltela.pt\/#\/schema\/person\/c4278d4a6028830caff9ee44b42d32ed"},"breadcrumb":{"@id":"https:\/\/portaltela.pt\/noticias\/2026\/04\/19\/teerao-critica-ue-apos-advertencias-de-kallas-sobre-estreito-de-ormuz\/#breadcrumb"},"inLanguage":"pt-PT","potentialAction":[{"@type":"ReadAction","target":["https:\/\/portaltela.pt\/noticias\/2026\/04\/19\/teerao-critica-ue-apos-advertencias-de-kallas-sobre-estreito-de-ormuz\/"]}]},{"@type":"ImageObject","inLanguage":"pt-PT","@id":"https:\/\/portaltela.pt\/noticias\/2026\/04\/19\/teerao-critica-ue-apos-advertencias-de-kallas-sobre-estreito-de-ormuz\/#primaryimage","url":"https:\/\/portaltela.pt\/s.01k8rhncp4jt1\/2026\/04\/CACHE_780X1200_ANALOG_WATERMARKED_46949526_630053724000077.jpg","contentUrl":"https:\/\/portaltela.pt\/s.01k8rhncp4jt1\/2026\/04\/CACHE_780X1200_ANALOG_WATERMARKED_46949526_630053724000077.jpg","width":796,"height":448,"caption":"Photo"},{"@type":"BreadcrumbList","@id":"https:\/\/portaltela.pt\/noticias\/2026\/04\/19\/teerao-critica-ue-apos-advertencias-de-kallas-sobre-estreito-de-ormuz\/#breadcrumb","itemListElement":[{"@type":"ListItem","position":1,"name":"In\u00edcio","item":"https:\/\/portaltela.pt\/"},{"@type":"ListItem","position":2,"name":"Teer\u00e3o critica UE ap\u00f3s advert\u00eancias de Kallas sobre Estreito de Ormuz"}]},{"@type":"WebSite","@id":"https:\/\/portaltela.pt\/#website","url":"https:\/\/portaltela.pt\/","name":"Portal Tela Portugal","description":"","potentialAction":[{"@type":"SearchAction","target":{"@type":"EntryPoint","urlTemplate":"https:\/\/portaltela.pt\/?s={search_term_string}"},"query-input":{"@type":"PropertyValueSpecification","valueRequired":true,"valueName":"search_term_string"}}],"inLanguage":"pt-PT"},{"@type":"Person","@id":"https:\/\/portaltela.pt\/#\/schema\/person\/c4278d4a6028830caff9ee44b42d32ed","name":"Telinha","image":{"@type":"ImageObject","inLanguage":"pt-PT","@id":"https:\/\/portaltela.pt\/s.01k8rhncp4jt1\/2025\/11\/talking-bot-125x125.png","url":"https:\/\/portaltela.pt\/s.01k8rhncp4jt1\/2025\/11\/talking-bot-125x125.png","contentUrl":"https:\/\/portaltela.pt\/s.01k8rhncp4jt1\/2025\/11\/talking-bot-125x125.png","caption":"Telinha"},"sameAs":["https:\/\/portaltela.pt\/"],"url":"https:\/\/portaltela.pt\/por\/367410592786\/"}]}},"_links":{"self":[{"href":"https:\/\/portaltela.pt\/api\/wp\/v2\/posts\/449816","targetHints":{"allow":["GET"]}}],"collection":[{"href":"https:\/\/portaltela.pt\/api\/wp\/v2\/posts"}],"about":[{"href":"https:\/\/portaltela.pt\/api\/wp\/v2\/types\/post"}],"author":[{"embeddable":true,"href":"https:\/\/portaltela.pt\/api\/wp\/v2\/users\/2"}],"replies":[{"embeddable":true,"href":"https:\/\/portaltela.pt\/api\/wp\/v2\/comments?post=449816"}],"version-history":[{"count":0,"href":"https:\/\/portaltela.pt\/api\/wp\/v2\/posts\/449816\/revisions"}],"wp:featuredmedia":[{"embeddable":true,"href":"https:\/\/portaltela.pt\/api\/wp\/v2\/media\/449817"}],"wp:attachment":[{"href":"https:\/\/portaltela.pt\/api\/wp\/v2\/media?parent=449816"}],"wp:term":[{"taxonomy":"category","embeddable":true,"href":"https:\/\/portaltela.pt\/api\/wp\/v2\/categories?post=449816"},{"taxonomy":"post_tag","embeddable":true,"href":"https:\/\/portaltela.pt\/api\/wp\/v2\/tags?post=449816"}],"curies":[{"name":"wp","href":"https:\/\/api.w.org\/{rel}","templated":true}]}}