{"id":449791,"date":"2026-04-19T08:18:02","date_gmt":"2026-04-19T11:18:02","guid":{"rendered":"https:\/\/portaltela.pt\/noticias\/2026\/04\/19\/villas-boas-aponta-data-de-regresso-de-samu-e-comenta-sobre-thiago-silva\/"},"modified":"2026-04-19T08:18:02","modified_gmt":"2026-04-19T11:18:02","slug":"villas-boas-aponta-data-de-regresso-de-samu-e-comenta-sobre-thiago-silva","status":"publish","type":"post","link":"https:\/\/portaltela.pt\/desporto\/futebol\/2026\/04\/19\/villas-boas-aponta-data-de-regresso-de-samu-e-comenta-sobre-thiago-silva\/","title":{"rendered":"Villas-Boas aponta data de regresso de Samu e comenta sobre Thiago Silva"},"content":{"rendered":"<p>O FC Porto n\u00e3o conta ainda com Samu, nuclear do ataque espanhol, devido \u00e0 entorse no joelho direito ocorrida frente ao Sporting em fevereiro. A recupera\u00e7\u00e3o mant\u00e9m-se em curso e n\u00e3o h\u00e1 indica\u00e7\u00e3o de retorno at\u00e9 setembro, data mencionada por Villas-Boas \u00e0 Gazzetta dello Sport.<\/p>\n<p>O presidente dos azuis e brancos elogiou a participa\u00e7\u00e3o de Farioli no regresso de Thiago Silva ao Drag\u00e3o, afirmando que o neg\u00f3cio foi fechado rapidamente com o aval de Francesco. O dirigente destacou a oportunidade que o defesa-centralrepresenta, depois de ter iniciado a carreira europeia h\u00e1 20 anos no clube.<\/p>\n<p>Portugal no Mundial&#8230; e CR7 ainda em 2030?<\/p>\n<p>Villas-Boas analisa a Sele\u00e7\u00e3o Nacional num ano de Mundial. Sobre Rafael Le\u00e3o, afirma que o atleta n\u00e3o fica atr\u00e1s de ningu\u00e9m e que a equipa vive uma fase de viragem, com a gera\u00e7\u00e3o de ouro e jovens com liga\u00e7\u00f5es a ligas europeias.<\/p>\n<p>O presidente do Porto sinaliza que Cristiano Ronaldo poder\u00e1 ainda estar em competi\u00e7\u00e3o em 2030, mantendo as hip\u00f3teses abertas para o futuro da equipa global. A aposta passa por reduzir a dist\u00e2ncia para Fran\u00e7a, a atual favorita, e enfrentar Espanha, Argentina e Brasil.<\/p>\n","protected":false},"excerpt":{"rendered":"<ul>\n<li>O FC Porto continua sem Samu, que se recupera da opera\u00e7\u00e3o ap\u00f3s entorse no joelho direito; o regresso \u00e9 apontado para setembro, segundo Andr\u00e9 Villas\u2011Boas.<\/li>\n<li>Villas\u2011Boas destacou o papel de Farioli na negocia\u00e7\u00e3o de Thiago Silva, afirmando que foi uma oportunidade incr\u00edvel e que o neg\u00f3cio fechou rapidamente com o aval de Francesco.<\/li>\n<li>O presidente lembra que Thiago Silva iniciou a carreira na Europa h\u00e1 vinte anos com o FC Porto.<\/li>\n<li>Sobre a Sele\u00e7\u00e3o Nacional, o dirigente diz que Rafael Le\u00e3o \u00e9 um talento ao lado da gera\u00e7\u00e3o de ouro, com jovens que jogam al\u00e9m das grandes ligas europeias.<\/li>\n<li>A hip\u00f3tese de Cristiano Ronaldo atuar em 2030 \u00e9 mencionada, com Villas\u2011Boas a dizer que n\u00e3o ficaria surpreendido caso esteja em campo, e a expectativa de um Mundial em que Portugal possa lutar com Fran\u00e7a, Espanha, Argentina e Brasil.<\/li>\n<\/ul>\n","protected":false},"author":2,"featured_media":449793,"comment_status":"closed","ping_status":"closed","sticky":false,"template":"","format":"standard","meta":{"footnotes":""},"categories":[21,24],"tags":[1947,2028,32,2673,2057,3037],"class_list":["post-449791","post","type-post","status-publish","format-standard","has-post-thumbnail","hentry","category-desporto","category-futebol","tag-cristiano-ronaldo","tag-fc-porto","tag-futebol","tag-rafael-leao","tag-selecao-nacional","tag-thiago-silva"],"yoast_head":"<!-- This site is optimized with the Yoast SEO plugin v27.2 - https:\/\/yoast.com\/product\/yoast-seo-wordpress\/ -->\n<title>Villas-Boas aponta data de regresso de Samu e comenta sobre Thiago Silva - Portal Tela Portugal<\/title>\n<meta name=\"robots\" content=\"index, follow, max-snippet:-1, max-image-preview:large, max-video-preview:-1\" \/>\n<meta property=\"og:locale\" content=\"pt_PT\" \/>\n<meta property=\"og:type\" content=\"article\" \/>\n<meta property=\"og:title\" content=\"Villas-Boas aponta data de regresso de Samu e comenta sobre Thiago Silva - Portal Tela Portugal\" \/>\n<meta property=\"og:description\" content=\"O FC Porto continua sem Samu, que se recupera da opera\u00e7\u00e3o ap\u00f3s entorse no joelho direito; o regresso \u00e9 apontado para setembro, segundo Andr\u00e9 Villas\u2011Boas. Villas\u2011Boas destacou o papel de Farioli na negocia\u00e7\u00e3o de Thiago Silva, afirmando que foi uma oportunidade incr\u00edvel e que o neg\u00f3cio fechou rapidamente com o aval de Francesco. O presidente lembra que Thiago Silva iniciou a carreira na Europa h\u00e1 vinte anos com o FC Porto. Sobre a Sele\u00e7\u00e3o Nacional, o dirigente diz que Rafael Le\u00e3o \u00e9 um talento ao lado da gera\u00e7\u00e3o de ouro, com jovens que jogam al\u00e9m das grandes ligas europeias. A hip\u00f3tese de Cristiano Ronaldo atuar em 2030 \u00e9 mencionada, com Villas\u2011Boas a dizer que n\u00e3o ficaria surpreendido caso esteja em campo, e a expectativa de um Mundial em que Portugal possa lutar com Fran\u00e7a, Espanha, Argentina e Brasil.\" \/>\n<meta property=\"og:url\" content=\"https:\/\/portaltela.pt\/noticias\/2026\/04\/19\/villas-boas-aponta-data-de-regresso-de-samu-e-comenta-sobre-thiago-silva\/\" \/>\n<meta property=\"og:site_name\" content=\"Portal Tela Portugal\" \/>\n<meta property=\"article:published_time\" content=\"2026-04-19T11:18:02+00:00\" \/>\n<meta name=\"author\" content=\"Telinha\" \/>\n<meta name=\"twitter:card\" content=\"summary_large_image\" \/>\n<meta name=\"twitter:label1\" content=\"Escrito por\" \/>\n\t<meta name=\"twitter:data1\" content=\"Telinha\" \/>\n\t<meta name=\"twitter:label2\" content=\"Tempo estimado de leitura\" \/>\n\t<meta name=\"twitter:data2\" content=\"1 minuto\" \/>\n<script type=\"application\/ld+json\" class=\"yoast-schema-graph\">{\"@context\":\"https:\/\/schema.org\",\"@graph\":[{\"@type\":\"Article\",\"@id\":\"https:\/\/portaltela.pt\/noticias\/2026\/04\/19\/villas-boas-aponta-data-de-regresso-de-samu-e-comenta-sobre-thiago-silva\/#article\",\"isPartOf\":{\"@id\":\"https:\/\/portaltela.pt\/noticias\/2026\/04\/19\/villas-boas-aponta-data-de-regresso-de-samu-e-comenta-sobre-thiago-silva\/\"},\"author\":{\"name\":\"Telinha\",\"@id\":\"https:\/\/portaltela.pt\/#\/schema\/person\/c4278d4a6028830caff9ee44b42d32ed\"},\"headline\":\"Villas-Boas aponta data de regresso de Samu e comenta sobre Thiago Silva\",\"datePublished\":\"2026-04-19T11:18:02+00:00\",\"mainEntityOfPage\":{\"@id\":\"https:\/\/portaltela.pt\/noticias\/2026\/04\/19\/villas-boas-aponta-data-de-regresso-de-samu-e-comenta-sobre-thiago-silva\/\"},\"wordCount\":214,\"image\":{\"@id\":\"https:\/\/portaltela.pt\/noticias\/2026\/04\/19\/villas-boas-aponta-data-de-regresso-de-samu-e-comenta-sobre-thiago-silva\/#primaryimage\"},\"thumbnailUrl\":\"https:\/\/portaltela.pt\/s.01k8rhncp4jt1\/2026\/04\/img_920x518uu2026-04-19-12-00-52-2433968-im-639121968634359264.jpg\",\"keywords\":[\"Cristiano Ronaldo\",\"FC Porto\",\"futebol\",\"Rafael Le\u00e3o\",\"Sele\u00e7\u00e3o Nacional\",\"Thiago Silva\"],\"articleSection\":[\"Desporto\",\"Futebol\"],\"inLanguage\":\"pt-PT\"},{\"@type\":\"WebPage\",\"@id\":\"https:\/\/portaltela.pt\/noticias\/2026\/04\/19\/villas-boas-aponta-data-de-regresso-de-samu-e-comenta-sobre-thiago-silva\/\",\"url\":\"https:\/\/portaltela.pt\/noticias\/2026\/04\/19\/villas-boas-aponta-data-de-regresso-de-samu-e-comenta-sobre-thiago-silva\/\",\"name\":\"Villas-Boas aponta data de regresso de Samu e comenta sobre Thiago Silva - Portal Tela Portugal\",\"isPartOf\":{\"@id\":\"https:\/\/portaltela.pt\/#website\"},\"primaryImageOfPage\":{\"@id\":\"https:\/\/portaltela.pt\/noticias\/2026\/04\/19\/villas-boas-aponta-data-de-regresso-de-samu-e-comenta-sobre-thiago-silva\/#primaryimage\"},\"image\":{\"@id\":\"https:\/\/portaltela.pt\/noticias\/2026\/04\/19\/villas-boas-aponta-data-de-regresso-de-samu-e-comenta-sobre-thiago-silva\/#primaryimage\"},\"thumbnailUrl\":\"https:\/\/portaltela.pt\/s.01k8rhncp4jt1\/2026\/04\/img_920x518uu2026-04-19-12-00-52-2433968-im-639121968634359264.jpg\",\"datePublished\":\"2026-04-19T11:18:02+00:00\",\"author\":{\"@id\":\"https:\/\/portaltela.pt\/#\/schema\/person\/c4278d4a6028830caff9ee44b42d32ed\"},\"breadcrumb\":{\"@id\":\"https:\/\/portaltela.pt\/noticias\/2026\/04\/19\/villas-boas-aponta-data-de-regresso-de-samu-e-comenta-sobre-thiago-silva\/#breadcrumb\"},\"inLanguage\":\"pt-PT\",\"potentialAction\":[{\"@type\":\"ReadAction\",\"target\":[\"https:\/\/portaltela.pt\/noticias\/2026\/04\/19\/villas-boas-aponta-data-de-regresso-de-samu-e-comenta-sobre-thiago-silva\/\"]}]},{\"@type\":\"ImageObject\",\"inLanguage\":\"pt-PT\",\"@id\":\"https:\/\/portaltela.pt\/noticias\/2026\/04\/19\/villas-boas-aponta-data-de-regresso-de-samu-e-comenta-sobre-thiago-silva\/#primaryimage\",\"url\":\"https:\/\/portaltela.pt\/s.01k8rhncp4jt1\/2026\/04\/img_920x518uu2026-04-19-12-00-52-2433968-im-639121968634359264.jpg\",\"contentUrl\":\"https:\/\/portaltela.pt\/s.01k8rhncp4jt1\/2026\/04\/img_920x518uu2026-04-19-12-00-52-2433968-im-639121968634359264.jpg\",\"width\":796,\"height\":448,\"caption\":\"Samu e Farioli no Olival\"},{\"@type\":\"BreadcrumbList\",\"@id\":\"https:\/\/portaltela.pt\/noticias\/2026\/04\/19\/villas-boas-aponta-data-de-regresso-de-samu-e-comenta-sobre-thiago-silva\/#breadcrumb\",\"itemListElement\":[{\"@type\":\"ListItem\",\"position\":1,\"name\":\"In\u00edcio\",\"item\":\"https:\/\/portaltela.pt\/\"},{\"@type\":\"ListItem\",\"position\":2,\"name\":\"Villas-Boas aponta data de regresso de Samu e comenta sobre Thiago Silva\"}]},{\"@type\":\"WebSite\",\"@id\":\"https:\/\/portaltela.pt\/#website\",\"url\":\"https:\/\/portaltela.pt\/\",\"name\":\"Portal Tela Portugal\",\"description\":\"\",\"potentialAction\":[{\"@type\":\"SearchAction\",\"target\":{\"@type\":\"EntryPoint\",\"urlTemplate\":\"https:\/\/portaltela.pt\/?s={search_term_string}\"},\"query-input\":{\"@type\":\"PropertyValueSpecification\",\"valueRequired\":true,\"valueName\":\"search_term_string\"}}],\"inLanguage\":\"pt-PT\"},{\"@type\":\"Person\",\"@id\":\"https:\/\/portaltela.pt\/#\/schema\/person\/c4278d4a6028830caff9ee44b42d32ed\",\"name\":\"Telinha\",\"image\":{\"@type\":\"ImageObject\",\"inLanguage\":\"pt-PT\",\"@id\":\"https:\/\/portaltela.pt\/s.01k8rhncp4jt1\/2025\/11\/talking-bot-125x125.png\",\"url\":\"https:\/\/portaltela.pt\/s.01k8rhncp4jt1\/2025\/11\/talking-bot-125x125.png\",\"contentUrl\":\"https:\/\/portaltela.pt\/s.01k8rhncp4jt1\/2025\/11\/talking-bot-125x125.png\",\"caption\":\"Telinha\"},\"sameAs\":[\"https:\/\/portaltela.pt\/\"],\"url\":\"https:\/\/portaltela.pt\/por\/367410592786\/\"}]}<\/script>\n<!-- \/ Yoast SEO plugin. -->","yoast_head_json":{"title":"Villas-Boas aponta data de regresso de Samu e comenta sobre Thiago Silva - Portal Tela Portugal","robots":{"index":"index","follow":"follow","max-snippet":"max-snippet:-1","max-image-preview":"max-image-preview:large","max-video-preview":"max-video-preview:-1"},"og_locale":"pt_PT","og_type":"article","og_title":"Villas-Boas aponta data de regresso de Samu e comenta sobre Thiago Silva - Portal Tela Portugal","og_description":"O FC Porto continua sem Samu, que se recupera da opera\u00e7\u00e3o ap\u00f3s entorse no joelho direito; o regresso \u00e9 apontado para setembro, segundo Andr\u00e9 Villas\u2011Boas. Villas\u2011Boas destacou o papel de Farioli na negocia\u00e7\u00e3o de Thiago Silva, afirmando que foi uma oportunidade incr\u00edvel e que o neg\u00f3cio fechou rapidamente com o aval de Francesco. O presidente lembra que Thiago Silva iniciou a carreira na Europa h\u00e1 vinte anos com o FC Porto. Sobre a Sele\u00e7\u00e3o Nacional, o dirigente diz que Rafael Le\u00e3o \u00e9 um talento ao lado da gera\u00e7\u00e3o de ouro, com jovens que jogam al\u00e9m das grandes ligas europeias. A hip\u00f3tese de Cristiano Ronaldo atuar em 2030 \u00e9 mencionada, com Villas\u2011Boas a dizer que n\u00e3o ficaria surpreendido caso esteja em campo, e a expectativa de um Mundial em que Portugal possa lutar com Fran\u00e7a, Espanha, Argentina e Brasil.","og_url":"https:\/\/portaltela.pt\/noticias\/2026\/04\/19\/villas-boas-aponta-data-de-regresso-de-samu-e-comenta-sobre-thiago-silva\/","og_site_name":"Portal Tela Portugal","article_published_time":"2026-04-19T11:18:02+00:00","author":"Telinha","twitter_card":"summary_large_image","twitter_misc":{"Escrito por":"Telinha","Tempo estimado de leitura":"1 minuto"},"schema":{"@context":"https:\/\/schema.org","@graph":[{"@type":"Article","@id":"https:\/\/portaltela.pt\/noticias\/2026\/04\/19\/villas-boas-aponta-data-de-regresso-de-samu-e-comenta-sobre-thiago-silva\/#article","isPartOf":{"@id":"https:\/\/portaltela.pt\/noticias\/2026\/04\/19\/villas-boas-aponta-data-de-regresso-de-samu-e-comenta-sobre-thiago-silva\/"},"author":{"name":"Telinha","@id":"https:\/\/portaltela.pt\/#\/schema\/person\/c4278d4a6028830caff9ee44b42d32ed"},"headline":"Villas-Boas aponta data de regresso de Samu e comenta sobre Thiago Silva","datePublished":"2026-04-19T11:18:02+00:00","mainEntityOfPage":{"@id":"https:\/\/portaltela.pt\/noticias\/2026\/04\/19\/villas-boas-aponta-data-de-regresso-de-samu-e-comenta-sobre-thiago-silva\/"},"wordCount":214,"image":{"@id":"https:\/\/portaltela.pt\/noticias\/2026\/04\/19\/villas-boas-aponta-data-de-regresso-de-samu-e-comenta-sobre-thiago-silva\/#primaryimage"},"thumbnailUrl":"https:\/\/portaltela.pt\/s.01k8rhncp4jt1\/2026\/04\/img_920x518uu2026-04-19-12-00-52-2433968-im-639121968634359264.jpg","keywords":["Cristiano Ronaldo","FC Porto","futebol","Rafael Le\u00e3o","Sele\u00e7\u00e3o Nacional","Thiago Silva"],"articleSection":["Desporto","Futebol"],"inLanguage":"pt-PT"},{"@type":"WebPage","@id":"https:\/\/portaltela.pt\/noticias\/2026\/04\/19\/villas-boas-aponta-data-de-regresso-de-samu-e-comenta-sobre-thiago-silva\/","url":"https:\/\/portaltela.pt\/noticias\/2026\/04\/19\/villas-boas-aponta-data-de-regresso-de-samu-e-comenta-sobre-thiago-silva\/","name":"Villas-Boas aponta data de regresso de Samu e comenta sobre Thiago Silva - Portal Tela Portugal","isPartOf":{"@id":"https:\/\/portaltela.pt\/#website"},"primaryImageOfPage":{"@id":"https:\/\/portaltela.pt\/noticias\/2026\/04\/19\/villas-boas-aponta-data-de-regresso-de-samu-e-comenta-sobre-thiago-silva\/#primaryimage"},"image":{"@id":"https:\/\/portaltela.pt\/noticias\/2026\/04\/19\/villas-boas-aponta-data-de-regresso-de-samu-e-comenta-sobre-thiago-silva\/#primaryimage"},"thumbnailUrl":"https:\/\/portaltela.pt\/s.01k8rhncp4jt1\/2026\/04\/img_920x518uu2026-04-19-12-00-52-2433968-im-639121968634359264.jpg","datePublished":"2026-04-19T11:18:02+00:00","author":{"@id":"https:\/\/portaltela.pt\/#\/schema\/person\/c4278d4a6028830caff9ee44b42d32ed"},"breadcrumb":{"@id":"https:\/\/portaltela.pt\/noticias\/2026\/04\/19\/villas-boas-aponta-data-de-regresso-de-samu-e-comenta-sobre-thiago-silva\/#breadcrumb"},"inLanguage":"pt-PT","potentialAction":[{"@type":"ReadAction","target":["https:\/\/portaltela.pt\/noticias\/2026\/04\/19\/villas-boas-aponta-data-de-regresso-de-samu-e-comenta-sobre-thiago-silva\/"]}]},{"@type":"ImageObject","inLanguage":"pt-PT","@id":"https:\/\/portaltela.pt\/noticias\/2026\/04\/19\/villas-boas-aponta-data-de-regresso-de-samu-e-comenta-sobre-thiago-silva\/#primaryimage","url":"https:\/\/portaltela.pt\/s.01k8rhncp4jt1\/2026\/04\/img_920x518uu2026-04-19-12-00-52-2433968-im-639121968634359264.jpg","contentUrl":"https:\/\/portaltela.pt\/s.01k8rhncp4jt1\/2026\/04\/img_920x518uu2026-04-19-12-00-52-2433968-im-639121968634359264.jpg","width":796,"height":448,"caption":"Samu e Farioli no Olival"},{"@type":"BreadcrumbList","@id":"https:\/\/portaltela.pt\/noticias\/2026\/04\/19\/villas-boas-aponta-data-de-regresso-de-samu-e-comenta-sobre-thiago-silva\/#breadcrumb","itemListElement":[{"@type":"ListItem","position":1,"name":"In\u00edcio","item":"https:\/\/portaltela.pt\/"},{"@type":"ListItem","position":2,"name":"Villas-Boas aponta data de regresso de Samu e comenta sobre Thiago Silva"}]},{"@type":"WebSite","@id":"https:\/\/portaltela.pt\/#website","url":"https:\/\/portaltela.pt\/","name":"Portal Tela Portugal","description":"","potentialAction":[{"@type":"SearchAction","target":{"@type":"EntryPoint","urlTemplate":"https:\/\/portaltela.pt\/?s={search_term_string}"},"query-input":{"@type":"PropertyValueSpecification","valueRequired":true,"valueName":"search_term_string"}}],"inLanguage":"pt-PT"},{"@type":"Person","@id":"https:\/\/portaltela.pt\/#\/schema\/person\/c4278d4a6028830caff9ee44b42d32ed","name":"Telinha","image":{"@type":"ImageObject","inLanguage":"pt-PT","@id":"https:\/\/portaltela.pt\/s.01k8rhncp4jt1\/2025\/11\/talking-bot-125x125.png","url":"https:\/\/portaltela.pt\/s.01k8rhncp4jt1\/2025\/11\/talking-bot-125x125.png","contentUrl":"https:\/\/portaltela.pt\/s.01k8rhncp4jt1\/2025\/11\/talking-bot-125x125.png","caption":"Telinha"},"sameAs":["https:\/\/portaltela.pt\/"],"url":"https:\/\/portaltela.pt\/por\/367410592786\/"}]}},"_links":{"self":[{"href":"https:\/\/portaltela.pt\/api\/wp\/v2\/posts\/449791","targetHints":{"allow":["GET"]}}],"collection":[{"href":"https:\/\/portaltela.pt\/api\/wp\/v2\/posts"}],"about":[{"href":"https:\/\/portaltela.pt\/api\/wp\/v2\/types\/post"}],"author":[{"embeddable":true,"href":"https:\/\/portaltela.pt\/api\/wp\/v2\/users\/2"}],"replies":[{"embeddable":true,"href":"https:\/\/portaltela.pt\/api\/wp\/v2\/comments?post=449791"}],"version-history":[{"count":0,"href":"https:\/\/portaltela.pt\/api\/wp\/v2\/posts\/449791\/revisions"}],"wp:featuredmedia":[{"embeddable":true,"href":"https:\/\/portaltela.pt\/api\/wp\/v2\/media\/449793"}],"wp:attachment":[{"href":"https:\/\/portaltela.pt\/api\/wp\/v2\/media?parent=449791"}],"wp:term":[{"taxonomy":"category","embeddable":true,"href":"https:\/\/portaltela.pt\/api\/wp\/v2\/categories?post=449791"},{"taxonomy":"post_tag","embeddable":true,"href":"https:\/\/portaltela.pt\/api\/wp\/v2\/tags?post=449791"}],"curies":[{"name":"wp","href":"https:\/\/api.w.org\/{rel}","templated":true}]}}