{"id":449724,"date":"2026-04-19T06:32:55","date_gmt":"2026-04-19T09:32:55","guid":{"rendered":"https:\/\/portaltela.pt\/noticias\/2026\/04\/19\/tres-pessoas-dormem-na-cama-dos-principes-de-gales\/"},"modified":"2026-04-19T06:32:55","modified_gmt":"2026-04-19T09:32:55","slug":"tres-pessoas-dormem-na-cama-dos-principes-de-gales","status":"publish","type":"post","link":"https:\/\/portaltela.pt\/celebridades\/2026\/04\/19\/tres-pessoas-dormem-na-cama-dos-principes-de-gales\/","title":{"rendered":"Tr\u00eas pessoas dormem na cama dos Pr\u00edncipes de Gales"},"content":{"rendered":"<p>Era revelado um segredo: os duques de Cambridge permitem \u00e0 cadela Orla dormir na cama deles. William confirmou isso durante uma visita \u00e0 Duchy College Stoke Climsland em 2024, em conversa informal.<\/p>\n<p>O casal, composto por William e Catherine, est\u00e1 a cuidar de Orla, a cadela mais pequena da casa. A revela\u00e7\u00e3o desmonta uma pr\u00e1tica que antes parecia privada nos sal\u00f5es do pal\u00e1cio.<\/p>\n<p>Segundo uma sondagem no Reino Unido, 56% dos donos de c\u00e3es tamb\u00e9m costumam dormir com os seus animais, argumentando beneficiar o sono. A not\u00edcia centra-se nesses h\u00e1bitos familiares e na vida quotidiana da realeza.<\/p>\n","protected":false},"excerpt":{"rendered":"<ul>\n<li>Os duques de Cambridge permitem que a cadela Orla durma na cama deles, recordando-se de que \u00e9 a menor do casal.<\/li>\n<li>A revela\u00e7\u00e3o foi feita por William em 2024, durante uma visita \u00e0 Duchy College Stoke Climsland, universidade dedicada a estudos agr\u00edcolas.<\/li>\n<li>Em conversa informal, William confirmou que ele e Kate acolhem Orla na cama.<\/li>\n<li>Uma sondagem no Reino Unido indica que 56% dos donos de c\u00e3es adotam o mesmo h\u00e1bito.<\/li>\n<li>Benef\u00edcios apontados incluem sono mais profundo.<\/li>\n<\/ul>\n","protected":false},"author":2,"featured_media":449727,"comment_status":"closed","ping_status":"closed","sticky":false,"template":"","format":"standard","meta":{"footnotes":""},"categories":[6675],"tags":[8131,8274,8941,7924,8206,8523],"class_list":["post-449724","post","type-post","status-publish","format-standard","has-post-thumbnail","hentry","category-celebridades","tag-_animais","tag-_animais-de-companhia","tag-_casa","tag-_familia","tag-_familias","tag-_vida-privada"],"yoast_head":"<!-- This site is optimized with the Yoast SEO plugin v27.2 - https:\/\/yoast.com\/product\/yoast-seo-wordpress\/ -->\n<title>Tr\u00eas pessoas dormem na cama dos Pr\u00edncipes de Gales - Portal Tela Portugal<\/title>\n<meta name=\"robots\" content=\"index, follow, max-snippet:-1, max-image-preview:large, max-video-preview:-1\" \/>\n<meta property=\"og:locale\" content=\"pt_PT\" \/>\n<meta property=\"og:type\" content=\"article\" \/>\n<meta property=\"og:title\" content=\"Tr\u00eas pessoas dormem na cama dos Pr\u00edncipes de Gales - Portal Tela Portugal\" \/>\n<meta property=\"og:description\" content=\"Os duques de Cambridge permitem que a cadela Orla durma na cama deles, recordando-se de que \u00e9 a menor do casal. A revela\u00e7\u00e3o foi feita por William em 2024, durante uma visita \u00e0 Duchy College Stoke Climsland, universidade dedicada a estudos agr\u00edcolas. Em conversa informal, William confirmou que ele e Kate acolhem Orla na cama. Uma sondagem no Reino Unido indica que 56% dos donos de c\u00e3es adotam o mesmo h\u00e1bito. Benef\u00edcios apontados incluem sono mais profundo.\" \/>\n<meta property=\"og:url\" content=\"https:\/\/portaltela.pt\/noticias\/2026\/04\/19\/tres-pessoas-dormem-na-cama-dos-principes-de-gales\/\" \/>\n<meta property=\"og:site_name\" content=\"Portal Tela Portugal\" \/>\n<meta property=\"article:published_time\" content=\"2026-04-19T09:32:55+00:00\" \/>\n<meta name=\"author\" content=\"Telinha\" \/>\n<meta name=\"twitter:card\" content=\"summary_large_image\" \/>\n<meta name=\"twitter:label1\" content=\"Escrito por\" \/>\n\t<meta name=\"twitter:data1\" content=\"Telinha\" \/>\n\t<meta name=\"twitter:label2\" content=\"Tempo estimado de leitura\" \/>\n\t<meta name=\"twitter:data2\" content=\"1 minuto\" \/>\n<script type=\"application\/ld+json\" class=\"yoast-schema-graph\">{\"@context\":\"https:\/\/schema.org\",\"@graph\":[{\"@type\":\"Article\",\"@id\":\"https:\/\/portaltela.pt\/noticias\/2026\/04\/19\/tres-pessoas-dormem-na-cama-dos-principes-de-gales\/#article\",\"isPartOf\":{\"@id\":\"https:\/\/portaltela.pt\/noticias\/2026\/04\/19\/tres-pessoas-dormem-na-cama-dos-principes-de-gales\/\"},\"author\":{\"name\":\"Telinha\",\"@id\":\"https:\/\/portaltela.pt\/#\/schema\/person\/c4278d4a6028830caff9ee44b42d32ed\"},\"headline\":\"Tr\u00eas pessoas dormem na cama dos Pr\u00edncipes de Gales\",\"datePublished\":\"2026-04-19T09:32:55+00:00\",\"mainEntityOfPage\":{\"@id\":\"https:\/\/portaltela.pt\/noticias\/2026\/04\/19\/tres-pessoas-dormem-na-cama-dos-principes-de-gales\/\"},\"wordCount\":112,\"image\":{\"@id\":\"https:\/\/portaltela.pt\/noticias\/2026\/04\/19\/tres-pessoas-dormem-na-cama-dos-principes-de-gales\/#primaryimage\"},\"thumbnailUrl\":\"https:\/\/portaltela.pt\/s.01k8rhncp4jt1\/2026\/04\/img_1280x718uu2026-04-14-16-46-56-2278528-im-639117821647360336.jpg\",\"keywords\":[\"_animais\",\"_animais de companhia\",\"_casa\",\"_fam\u00edlia\",\"_fam\u00edlias\",\"_vida privada\"],\"articleSection\":[\"Celebridades\"],\"inLanguage\":\"pt-PT\"},{\"@type\":\"WebPage\",\"@id\":\"https:\/\/portaltela.pt\/noticias\/2026\/04\/19\/tres-pessoas-dormem-na-cama-dos-principes-de-gales\/\",\"url\":\"https:\/\/portaltela.pt\/noticias\/2026\/04\/19\/tres-pessoas-dormem-na-cama-dos-principes-de-gales\/\",\"name\":\"Tr\u00eas pessoas dormem na cama dos Pr\u00edncipes de Gales - Portal Tela Portugal\",\"isPartOf\":{\"@id\":\"https:\/\/portaltela.pt\/#website\"},\"primaryImageOfPage\":{\"@id\":\"https:\/\/portaltela.pt\/noticias\/2026\/04\/19\/tres-pessoas-dormem-na-cama-dos-principes-de-gales\/#primaryimage\"},\"image\":{\"@id\":\"https:\/\/portaltela.pt\/noticias\/2026\/04\/19\/tres-pessoas-dormem-na-cama-dos-principes-de-gales\/#primaryimage\"},\"thumbnailUrl\":\"https:\/\/portaltela.pt\/s.01k8rhncp4jt1\/2026\/04\/img_1280x718uu2026-04-14-16-46-56-2278528-im-639117821647360336.jpg\",\"datePublished\":\"2026-04-19T09:32:55+00:00\",\"author\":{\"@id\":\"https:\/\/portaltela.pt\/#\/schema\/person\/c4278d4a6028830caff9ee44b42d32ed\"},\"breadcrumb\":{\"@id\":\"https:\/\/portaltela.pt\/noticias\/2026\/04\/19\/tres-pessoas-dormem-na-cama-dos-principes-de-gales\/#breadcrumb\"},\"inLanguage\":\"pt-PT\",\"potentialAction\":[{\"@type\":\"ReadAction\",\"target\":[\"https:\/\/portaltela.pt\/noticias\/2026\/04\/19\/tres-pessoas-dormem-na-cama-dos-principes-de-gales\/\"]}]},{\"@type\":\"ImageObject\",\"inLanguage\":\"pt-PT\",\"@id\":\"https:\/\/portaltela.pt\/noticias\/2026\/04\/19\/tres-pessoas-dormem-na-cama-dos-principes-de-gales\/#primaryimage\",\"url\":\"https:\/\/portaltela.pt\/s.01k8rhncp4jt1\/2026\/04\/img_1280x718uu2026-04-14-16-46-56-2278528-im-639117821647360336.jpg\",\"contentUrl\":\"https:\/\/portaltela.pt\/s.01k8rhncp4jt1\/2026\/04\/img_1280x718uu2026-04-14-16-46-56-2278528-im-639117821647360336.jpg\",\"width\":796,\"height\":448,\"caption\":\"William e Kate seguem juntos\"},{\"@type\":\"BreadcrumbList\",\"@id\":\"https:\/\/portaltela.pt\/noticias\/2026\/04\/19\/tres-pessoas-dormem-na-cama-dos-principes-de-gales\/#breadcrumb\",\"itemListElement\":[{\"@type\":\"ListItem\",\"position\":1,\"name\":\"In\u00edcio\",\"item\":\"https:\/\/portaltela.pt\/\"},{\"@type\":\"ListItem\",\"position\":2,\"name\":\"Tr\u00eas pessoas dormem na cama dos Pr\u00edncipes de Gales\"}]},{\"@type\":\"WebSite\",\"@id\":\"https:\/\/portaltela.pt\/#website\",\"url\":\"https:\/\/portaltela.pt\/\",\"name\":\"Portal Tela Portugal\",\"description\":\"\",\"potentialAction\":[{\"@type\":\"SearchAction\",\"target\":{\"@type\":\"EntryPoint\",\"urlTemplate\":\"https:\/\/portaltela.pt\/?s={search_term_string}\"},\"query-input\":{\"@type\":\"PropertyValueSpecification\",\"valueRequired\":true,\"valueName\":\"search_term_string\"}}],\"inLanguage\":\"pt-PT\"},{\"@type\":\"Person\",\"@id\":\"https:\/\/portaltela.pt\/#\/schema\/person\/c4278d4a6028830caff9ee44b42d32ed\",\"name\":\"Telinha\",\"image\":{\"@type\":\"ImageObject\",\"inLanguage\":\"pt-PT\",\"@id\":\"https:\/\/portaltela.pt\/s.01k8rhncp4jt1\/2025\/11\/talking-bot-125x125.png\",\"url\":\"https:\/\/portaltela.pt\/s.01k8rhncp4jt1\/2025\/11\/talking-bot-125x125.png\",\"contentUrl\":\"https:\/\/portaltela.pt\/s.01k8rhncp4jt1\/2025\/11\/talking-bot-125x125.png\",\"caption\":\"Telinha\"},\"sameAs\":[\"https:\/\/portaltela.pt\/\"],\"url\":\"https:\/\/portaltela.pt\/por\/367410592786\/\"}]}<\/script>\n<!-- \/ Yoast SEO plugin. -->","yoast_head_json":{"title":"Tr\u00eas pessoas dormem na cama dos Pr\u00edncipes de Gales - Portal Tela Portugal","robots":{"index":"index","follow":"follow","max-snippet":"max-snippet:-1","max-image-preview":"max-image-preview:large","max-video-preview":"max-video-preview:-1"},"og_locale":"pt_PT","og_type":"article","og_title":"Tr\u00eas pessoas dormem na cama dos Pr\u00edncipes de Gales - Portal Tela Portugal","og_description":"Os duques de Cambridge permitem que a cadela Orla durma na cama deles, recordando-se de que \u00e9 a menor do casal. A revela\u00e7\u00e3o foi feita por William em 2024, durante uma visita \u00e0 Duchy College Stoke Climsland, universidade dedicada a estudos agr\u00edcolas. Em conversa informal, William confirmou que ele e Kate acolhem Orla na cama. Uma sondagem no Reino Unido indica que 56% dos donos de c\u00e3es adotam o mesmo h\u00e1bito. Benef\u00edcios apontados incluem sono mais profundo.","og_url":"https:\/\/portaltela.pt\/noticias\/2026\/04\/19\/tres-pessoas-dormem-na-cama-dos-principes-de-gales\/","og_site_name":"Portal Tela Portugal","article_published_time":"2026-04-19T09:32:55+00:00","author":"Telinha","twitter_card":"summary_large_image","twitter_misc":{"Escrito por":"Telinha","Tempo estimado de leitura":"1 minuto"},"schema":{"@context":"https:\/\/schema.org","@graph":[{"@type":"Article","@id":"https:\/\/portaltela.pt\/noticias\/2026\/04\/19\/tres-pessoas-dormem-na-cama-dos-principes-de-gales\/#article","isPartOf":{"@id":"https:\/\/portaltela.pt\/noticias\/2026\/04\/19\/tres-pessoas-dormem-na-cama-dos-principes-de-gales\/"},"author":{"name":"Telinha","@id":"https:\/\/portaltela.pt\/#\/schema\/person\/c4278d4a6028830caff9ee44b42d32ed"},"headline":"Tr\u00eas pessoas dormem na cama dos Pr\u00edncipes de Gales","datePublished":"2026-04-19T09:32:55+00:00","mainEntityOfPage":{"@id":"https:\/\/portaltela.pt\/noticias\/2026\/04\/19\/tres-pessoas-dormem-na-cama-dos-principes-de-gales\/"},"wordCount":112,"image":{"@id":"https:\/\/portaltela.pt\/noticias\/2026\/04\/19\/tres-pessoas-dormem-na-cama-dos-principes-de-gales\/#primaryimage"},"thumbnailUrl":"https:\/\/portaltela.pt\/s.01k8rhncp4jt1\/2026\/04\/img_1280x718uu2026-04-14-16-46-56-2278528-im-639117821647360336.jpg","keywords":["_animais","_animais de companhia","_casa","_fam\u00edlia","_fam\u00edlias","_vida privada"],"articleSection":["Celebridades"],"inLanguage":"pt-PT"},{"@type":"WebPage","@id":"https:\/\/portaltela.pt\/noticias\/2026\/04\/19\/tres-pessoas-dormem-na-cama-dos-principes-de-gales\/","url":"https:\/\/portaltela.pt\/noticias\/2026\/04\/19\/tres-pessoas-dormem-na-cama-dos-principes-de-gales\/","name":"Tr\u00eas pessoas dormem na cama dos Pr\u00edncipes de Gales - Portal Tela Portugal","isPartOf":{"@id":"https:\/\/portaltela.pt\/#website"},"primaryImageOfPage":{"@id":"https:\/\/portaltela.pt\/noticias\/2026\/04\/19\/tres-pessoas-dormem-na-cama-dos-principes-de-gales\/#primaryimage"},"image":{"@id":"https:\/\/portaltela.pt\/noticias\/2026\/04\/19\/tres-pessoas-dormem-na-cama-dos-principes-de-gales\/#primaryimage"},"thumbnailUrl":"https:\/\/portaltela.pt\/s.01k8rhncp4jt1\/2026\/04\/img_1280x718uu2026-04-14-16-46-56-2278528-im-639117821647360336.jpg","datePublished":"2026-04-19T09:32:55+00:00","author":{"@id":"https:\/\/portaltela.pt\/#\/schema\/person\/c4278d4a6028830caff9ee44b42d32ed"},"breadcrumb":{"@id":"https:\/\/portaltela.pt\/noticias\/2026\/04\/19\/tres-pessoas-dormem-na-cama-dos-principes-de-gales\/#breadcrumb"},"inLanguage":"pt-PT","potentialAction":[{"@type":"ReadAction","target":["https:\/\/portaltela.pt\/noticias\/2026\/04\/19\/tres-pessoas-dormem-na-cama-dos-principes-de-gales\/"]}]},{"@type":"ImageObject","inLanguage":"pt-PT","@id":"https:\/\/portaltela.pt\/noticias\/2026\/04\/19\/tres-pessoas-dormem-na-cama-dos-principes-de-gales\/#primaryimage","url":"https:\/\/portaltela.pt\/s.01k8rhncp4jt1\/2026\/04\/img_1280x718uu2026-04-14-16-46-56-2278528-im-639117821647360336.jpg","contentUrl":"https:\/\/portaltela.pt\/s.01k8rhncp4jt1\/2026\/04\/img_1280x718uu2026-04-14-16-46-56-2278528-im-639117821647360336.jpg","width":796,"height":448,"caption":"William e Kate seguem juntos"},{"@type":"BreadcrumbList","@id":"https:\/\/portaltela.pt\/noticias\/2026\/04\/19\/tres-pessoas-dormem-na-cama-dos-principes-de-gales\/#breadcrumb","itemListElement":[{"@type":"ListItem","position":1,"name":"In\u00edcio","item":"https:\/\/portaltela.pt\/"},{"@type":"ListItem","position":2,"name":"Tr\u00eas pessoas dormem na cama dos Pr\u00edncipes de Gales"}]},{"@type":"WebSite","@id":"https:\/\/portaltela.pt\/#website","url":"https:\/\/portaltela.pt\/","name":"Portal Tela Portugal","description":"","potentialAction":[{"@type":"SearchAction","target":{"@type":"EntryPoint","urlTemplate":"https:\/\/portaltela.pt\/?s={search_term_string}"},"query-input":{"@type":"PropertyValueSpecification","valueRequired":true,"valueName":"search_term_string"}}],"inLanguage":"pt-PT"},{"@type":"Person","@id":"https:\/\/portaltela.pt\/#\/schema\/person\/c4278d4a6028830caff9ee44b42d32ed","name":"Telinha","image":{"@type":"ImageObject","inLanguage":"pt-PT","@id":"https:\/\/portaltela.pt\/s.01k8rhncp4jt1\/2025\/11\/talking-bot-125x125.png","url":"https:\/\/portaltela.pt\/s.01k8rhncp4jt1\/2025\/11\/talking-bot-125x125.png","contentUrl":"https:\/\/portaltela.pt\/s.01k8rhncp4jt1\/2025\/11\/talking-bot-125x125.png","caption":"Telinha"},"sameAs":["https:\/\/portaltela.pt\/"],"url":"https:\/\/portaltela.pt\/por\/367410592786\/"}]}},"_links":{"self":[{"href":"https:\/\/portaltela.pt\/api\/wp\/v2\/posts\/449724","targetHints":{"allow":["GET"]}}],"collection":[{"href":"https:\/\/portaltela.pt\/api\/wp\/v2\/posts"}],"about":[{"href":"https:\/\/portaltela.pt\/api\/wp\/v2\/types\/post"}],"author":[{"embeddable":true,"href":"https:\/\/portaltela.pt\/api\/wp\/v2\/users\/2"}],"replies":[{"embeddable":true,"href":"https:\/\/portaltela.pt\/api\/wp\/v2\/comments?post=449724"}],"version-history":[{"count":0,"href":"https:\/\/portaltela.pt\/api\/wp\/v2\/posts\/449724\/revisions"}],"wp:featuredmedia":[{"embeddable":true,"href":"https:\/\/portaltela.pt\/api\/wp\/v2\/media\/449727"}],"wp:attachment":[{"href":"https:\/\/portaltela.pt\/api\/wp\/v2\/media?parent=449724"}],"wp:term":[{"taxonomy":"category","embeddable":true,"href":"https:\/\/portaltela.pt\/api\/wp\/v2\/categories?post=449724"},{"taxonomy":"post_tag","embeddable":true,"href":"https:\/\/portaltela.pt\/api\/wp\/v2\/tags?post=449724"}],"curies":[{"name":"wp","href":"https:\/\/api.w.org\/{rel}","templated":true}]}}