{"id":449684,"date":"2026-04-19T06:03:04","date_gmt":"2026-04-19T09:03:04","guid":{"rendered":"https:\/\/portaltela.pt\/noticias\/2026\/04\/19\/bombeiro-condenado-a-pena-efetiva-por-atropelar-policia-municipal-na-maia\/"},"modified":"2026-04-19T06:03:04","modified_gmt":"2026-04-19T09:03:04","slug":"bombeiro-condenado-a-pena-efetiva-por-atropelar-policia-municipal-na-maia","status":"publish","type":"post","link":"https:\/\/portaltela.pt\/noticias\/2026\/04\/19\/bombeiro-condenado-a-pena-efetiva-por-atropelar-policia-municipal-na-maia\/","title":{"rendered":"Bombeiro condenado a pena efetiva por atropelar pol\u00edcia municipal na Maia"},"content":{"rendered":"<p>O bombeiro foi condenado a pena efetiva de pris\u00e3o por atropelar um agente da Pol\u00edcia Municipal da Maia na manh\u00e3 de ontem, ap\u00f3s colidir com a viatura da corpora\u00e7\u00e3o. O incidente ocorreu na Maia, quando o bombeiro tentou fugir e acabou por atropelar o pol\u00edcia que tentava impedir a fuga.<\/p>\n<p>A v\u00edtima sofreu ferimentos graves, incluindo fraturas e traumatismo craniano, e encontra-se hospitalizada. O agente apresentou uma queixa formal e est\u00e1 a receber acompanhamento m\u00e9dico e psicol\u00f3gico. O pedinte pretende uma indemniza\u00e7\u00e3o superior a 100 mil euros.<\/p>\n<p>Segundo o tribunal, foi aplicada pena de pris\u00e3o efetiva, al\u00e9m de multa e da suspens\u00e3o tempor\u00e1ria do direito de conduzir. A senten\u00e7a baseou-se na an\u00e1lise de provas, testemunhos e imagens de c\u00e2maras de seguran\u00e7a.<\/p>\n<h3>Situa\u00e7\u00e3o atual<\/h3>\n<p>A C\u00e2mara Municipal da Maia lamentou o ocorrido e destacou a necessidade de responsabiliza\u00e7\u00e3o de todos os agentes p\u00fablicos implicados em viola\u00e7\u00e3o da lei. O caso est\u00e1 a ser acompanhado pelas autoridades judiciais para determinar as medidas cab\u00edveis e a repara\u00e7\u00e3o dos danos.<\/p>\n","protected":false},"excerpt":{"rendered":"<ul>\n<li>O bombeiro foi condenado a uma pena efetiva de pris\u00e3o, por ter atropelado um pol\u00edcia municipal da Maia na sequ\u00eancia de uma colis\u00e3o com a viatura policial.<\/li>\n<li>A v\u00edtima sofreu sequelas graves e encontra-se em recupera\u00e7\u00e3o, exigindo uma indemniza\u00e7\u00e3o superior a 100 mil euros.<\/li>\n<li>Al\u00e9m da pris\u00e3o, foi aplicada uma multa e a suspens\u00e3o do direito de conduzir por um per\u00edodo de tempo.<\/li>\n<li>O incidente ocorreu na manh\u00e3 de ontem, quando o bombeiro tentou fugir ap\u00f3s a colis\u00e3o com a viatura policial; o agente atropelado ficou gravemente ferido e o agressor foi detido no local.<\/li>\n<li>A comunidade e a C\u00e2mara Municipal da Maia manifestaram solidariedade \u00e0 v\u00edtima e apelaram \u00e0 responsabiliza\u00e7\u00e3o de todos os agentes p\u00fablicos envolvidos; o caso segue em aprecia\u00e7\u00e3o judicial.<\/li>\n<\/ul>\n","protected":false},"author":2,"featured_media":449687,"comment_status":"closed","ping_status":"closed","sticky":false,"template":"","format":"standard","meta":{"footnotes":""},"categories":[6815,1],"tags":[8054,8483,8902,6327,6543,4343],"class_list":["post-449684","post","type-post","status-publish","format-standard","has-post-thumbnail","hentry","category-justica","category-noticias","tag-_bombeiros","tag-_maia","tag-_policia-municipal","tag-atropelamento","tag-condenacao","tag-prisoes"],"yoast_head":"<!-- This site is optimized with the Yoast SEO plugin v27.2 - https:\/\/yoast.com\/product\/yoast-seo-wordpress\/ -->\n<title>Bombeiro condenado a pena efetiva por atropelar pol\u00edcia municipal na Maia - Portal Tela Portugal<\/title>\n<meta name=\"robots\" content=\"index, follow, max-snippet:-1, max-image-preview:large, max-video-preview:-1\" \/>\n<meta property=\"og:locale\" content=\"pt_PT\" \/>\n<meta property=\"og:type\" content=\"article\" \/>\n<meta property=\"og:title\" content=\"Bombeiro condenado a pena efetiva por atropelar pol\u00edcia municipal na Maia - Portal Tela Portugal\" \/>\n<meta property=\"og:description\" content=\"O bombeiro foi condenado a uma pena efetiva de pris\u00e3o, por ter atropelado um pol\u00edcia municipal da Maia na sequ\u00eancia de uma colis\u00e3o com a viatura policial. A v\u00edtima sofreu sequelas graves e encontra-se em recupera\u00e7\u00e3o, exigindo uma indemniza\u00e7\u00e3o superior a 100 mil euros. Al\u00e9m da pris\u00e3o, foi aplicada uma multa e a suspens\u00e3o do direito de conduzir por um per\u00edodo de tempo. O incidente ocorreu na manh\u00e3 de ontem, quando o bombeiro tentou fugir ap\u00f3s a colis\u00e3o com a viatura policial; o agente atropelado ficou gravemente ferido e o agressor foi detido no local. A comunidade e a C\u00e2mara Municipal da Maia manifestaram solidariedade \u00e0 v\u00edtima e apelaram \u00e0 responsabiliza\u00e7\u00e3o de todos os agentes p\u00fablicos envolvidos; o caso segue em aprecia\u00e7\u00e3o judicial.\" \/>\n<meta property=\"og:url\" content=\"https:\/\/portaltela.pt\/noticias\/2026\/04\/19\/bombeiro-condenado-a-pena-efetiva-por-atropelar-policia-municipal-na-maia\/\" \/>\n<meta property=\"og:site_name\" content=\"Portal Tela Portugal\" \/>\n<meta property=\"article:published_time\" content=\"2026-04-19T09:03:04+00:00\" \/>\n<meta name=\"author\" content=\"Telinha\" \/>\n<meta name=\"twitter:card\" content=\"summary_large_image\" \/>\n<meta name=\"twitter:label1\" content=\"Escrito por\" \/>\n\t<meta name=\"twitter:data1\" content=\"Telinha\" \/>\n\t<meta name=\"twitter:label2\" content=\"Tempo estimado de leitura\" \/>\n\t<meta name=\"twitter:data2\" content=\"1 minuto\" \/>\n<script type=\"application\/ld+json\" class=\"yoast-schema-graph\">{\"@context\":\"https:\/\/schema.org\",\"@graph\":[{\"@type\":\"Article\",\"@id\":\"https:\/\/portaltela.pt\/noticias\/2026\/04\/19\/bombeiro-condenado-a-pena-efetiva-por-atropelar-policia-municipal-na-maia\/#article\",\"isPartOf\":{\"@id\":\"https:\/\/portaltela.pt\/noticias\/2026\/04\/19\/bombeiro-condenado-a-pena-efetiva-por-atropelar-policia-municipal-na-maia\/\"},\"author\":{\"name\":\"Telinha\",\"@id\":\"https:\/\/portaltela.pt\/#\/schema\/person\/c4278d4a6028830caff9ee44b42d32ed\"},\"headline\":\"Bombeiro condenado a pena efetiva por atropelar pol\u00edcia municipal na Maia\",\"datePublished\":\"2026-04-19T09:03:04+00:00\",\"mainEntityOfPage\":{\"@id\":\"https:\/\/portaltela.pt\/noticias\/2026\/04\/19\/bombeiro-condenado-a-pena-efetiva-por-atropelar-policia-municipal-na-maia\/\"},\"wordCount\":201,\"image\":{\"@id\":\"https:\/\/portaltela.pt\/noticias\/2026\/04\/19\/bombeiro-condenado-a-pena-efetiva-por-atropelar-policia-municipal-na-maia\/#primaryimage\"},\"thumbnailUrl\":\"https:\/\/portaltela.pt\/s.01k8rhncp4jt1\/2026\/04\/img_1280x722uu2021-11-28-22-16-00-1104050.jpg\",\"keywords\":[\"_Bombeiros\",\"_Maia\",\"_pol\u00edcia municipal\",\"atropelamento\",\"condena\u00e7\u00e3o\",\"pris\u00f5es\"],\"articleSection\":[\"Justi\u00e7a\",\"Not\u00edcias\"],\"inLanguage\":\"pt-PT\"},{\"@type\":\"WebPage\",\"@id\":\"https:\/\/portaltela.pt\/noticias\/2026\/04\/19\/bombeiro-condenado-a-pena-efetiva-por-atropelar-policia-municipal-na-maia\/\",\"url\":\"https:\/\/portaltela.pt\/noticias\/2026\/04\/19\/bombeiro-condenado-a-pena-efetiva-por-atropelar-policia-municipal-na-maia\/\",\"name\":\"Bombeiro condenado a pena efetiva por atropelar pol\u00edcia municipal na Maia - Portal Tela Portugal\",\"isPartOf\":{\"@id\":\"https:\/\/portaltela.pt\/#website\"},\"primaryImageOfPage\":{\"@id\":\"https:\/\/portaltela.pt\/noticias\/2026\/04\/19\/bombeiro-condenado-a-pena-efetiva-por-atropelar-policia-municipal-na-maia\/#primaryimage\"},\"image\":{\"@id\":\"https:\/\/portaltela.pt\/noticias\/2026\/04\/19\/bombeiro-condenado-a-pena-efetiva-por-atropelar-policia-municipal-na-maia\/#primaryimage\"},\"thumbnailUrl\":\"https:\/\/portaltela.pt\/s.01k8rhncp4jt1\/2026\/04\/img_1280x722uu2021-11-28-22-16-00-1104050.jpg\",\"datePublished\":\"2026-04-19T09:03:04+00:00\",\"author\":{\"@id\":\"https:\/\/portaltela.pt\/#\/schema\/person\/c4278d4a6028830caff9ee44b42d32ed\"},\"breadcrumb\":{\"@id\":\"https:\/\/portaltela.pt\/noticias\/2026\/04\/19\/bombeiro-condenado-a-pena-efetiva-por-atropelar-policia-municipal-na-maia\/#breadcrumb\"},\"inLanguage\":\"pt-PT\",\"potentialAction\":[{\"@type\":\"ReadAction\",\"target\":[\"https:\/\/portaltela.pt\/noticias\/2026\/04\/19\/bombeiro-condenado-a-pena-efetiva-por-atropelar-policia-municipal-na-maia\/\"]}]},{\"@type\":\"ImageObject\",\"inLanguage\":\"pt-PT\",\"@id\":\"https:\/\/portaltela.pt\/noticias\/2026\/04\/19\/bombeiro-condenado-a-pena-efetiva-por-atropelar-policia-municipal-na-maia\/#primaryimage\",\"url\":\"https:\/\/portaltela.pt\/s.01k8rhncp4jt1\/2026\/04\/img_1280x722uu2021-11-28-22-16-00-1104050.jpg\",\"contentUrl\":\"https:\/\/portaltela.pt\/s.01k8rhncp4jt1\/2026\/04\/img_1280x722uu2021-11-28-22-16-00-1104050.jpg\",\"width\":796,\"height\":448,\"caption\":\"Photo\"},{\"@type\":\"BreadcrumbList\",\"@id\":\"https:\/\/portaltela.pt\/noticias\/2026\/04\/19\/bombeiro-condenado-a-pena-efetiva-por-atropelar-policia-municipal-na-maia\/#breadcrumb\",\"itemListElement\":[{\"@type\":\"ListItem\",\"position\":1,\"name\":\"In\u00edcio\",\"item\":\"https:\/\/portaltela.pt\/\"},{\"@type\":\"ListItem\",\"position\":2,\"name\":\"Bombeiro condenado a pena efetiva por atropelar pol\u00edcia municipal na Maia\"}]},{\"@type\":\"WebSite\",\"@id\":\"https:\/\/portaltela.pt\/#website\",\"url\":\"https:\/\/portaltela.pt\/\",\"name\":\"Portal Tela Portugal\",\"description\":\"\",\"potentialAction\":[{\"@type\":\"SearchAction\",\"target\":{\"@type\":\"EntryPoint\",\"urlTemplate\":\"https:\/\/portaltela.pt\/?s={search_term_string}\"},\"query-input\":{\"@type\":\"PropertyValueSpecification\",\"valueRequired\":true,\"valueName\":\"search_term_string\"}}],\"inLanguage\":\"pt-PT\"},{\"@type\":\"Person\",\"@id\":\"https:\/\/portaltela.pt\/#\/schema\/person\/c4278d4a6028830caff9ee44b42d32ed\",\"name\":\"Telinha\",\"image\":{\"@type\":\"ImageObject\",\"inLanguage\":\"pt-PT\",\"@id\":\"https:\/\/portaltela.pt\/s.01k8rhncp4jt1\/2025\/11\/talking-bot-125x125.png\",\"url\":\"https:\/\/portaltela.pt\/s.01k8rhncp4jt1\/2025\/11\/talking-bot-125x125.png\",\"contentUrl\":\"https:\/\/portaltela.pt\/s.01k8rhncp4jt1\/2025\/11\/talking-bot-125x125.png\",\"caption\":\"Telinha\"},\"sameAs\":[\"https:\/\/portaltela.pt\/\"],\"url\":\"https:\/\/portaltela.pt\/por\/367410592786\/\"}]}<\/script>\n<!-- \/ Yoast SEO plugin. -->","yoast_head_json":{"title":"Bombeiro condenado a pena efetiva por atropelar pol\u00edcia municipal na Maia - Portal Tela Portugal","robots":{"index":"index","follow":"follow","max-snippet":"max-snippet:-1","max-image-preview":"max-image-preview:large","max-video-preview":"max-video-preview:-1"},"og_locale":"pt_PT","og_type":"article","og_title":"Bombeiro condenado a pena efetiva por atropelar pol\u00edcia municipal na Maia - Portal Tela Portugal","og_description":"O bombeiro foi condenado a uma pena efetiva de pris\u00e3o, por ter atropelado um pol\u00edcia municipal da Maia na sequ\u00eancia de uma colis\u00e3o com a viatura policial. A v\u00edtima sofreu sequelas graves e encontra-se em recupera\u00e7\u00e3o, exigindo uma indemniza\u00e7\u00e3o superior a 100 mil euros. Al\u00e9m da pris\u00e3o, foi aplicada uma multa e a suspens\u00e3o do direito de conduzir por um per\u00edodo de tempo. O incidente ocorreu na manh\u00e3 de ontem, quando o bombeiro tentou fugir ap\u00f3s a colis\u00e3o com a viatura policial; o agente atropelado ficou gravemente ferido e o agressor foi detido no local. A comunidade e a C\u00e2mara Municipal da Maia manifestaram solidariedade \u00e0 v\u00edtima e apelaram \u00e0 responsabiliza\u00e7\u00e3o de todos os agentes p\u00fablicos envolvidos; o caso segue em aprecia\u00e7\u00e3o judicial.","og_url":"https:\/\/portaltela.pt\/noticias\/2026\/04\/19\/bombeiro-condenado-a-pena-efetiva-por-atropelar-policia-municipal-na-maia\/","og_site_name":"Portal Tela Portugal","article_published_time":"2026-04-19T09:03:04+00:00","author":"Telinha","twitter_card":"summary_large_image","twitter_misc":{"Escrito por":"Telinha","Tempo estimado de leitura":"1 minuto"},"schema":{"@context":"https:\/\/schema.org","@graph":[{"@type":"Article","@id":"https:\/\/portaltela.pt\/noticias\/2026\/04\/19\/bombeiro-condenado-a-pena-efetiva-por-atropelar-policia-municipal-na-maia\/#article","isPartOf":{"@id":"https:\/\/portaltela.pt\/noticias\/2026\/04\/19\/bombeiro-condenado-a-pena-efetiva-por-atropelar-policia-municipal-na-maia\/"},"author":{"name":"Telinha","@id":"https:\/\/portaltela.pt\/#\/schema\/person\/c4278d4a6028830caff9ee44b42d32ed"},"headline":"Bombeiro condenado a pena efetiva por atropelar pol\u00edcia municipal na Maia","datePublished":"2026-04-19T09:03:04+00:00","mainEntityOfPage":{"@id":"https:\/\/portaltela.pt\/noticias\/2026\/04\/19\/bombeiro-condenado-a-pena-efetiva-por-atropelar-policia-municipal-na-maia\/"},"wordCount":201,"image":{"@id":"https:\/\/portaltela.pt\/noticias\/2026\/04\/19\/bombeiro-condenado-a-pena-efetiva-por-atropelar-policia-municipal-na-maia\/#primaryimage"},"thumbnailUrl":"https:\/\/portaltela.pt\/s.01k8rhncp4jt1\/2026\/04\/img_1280x722uu2021-11-28-22-16-00-1104050.jpg","keywords":["_Bombeiros","_Maia","_pol\u00edcia municipal","atropelamento","condena\u00e7\u00e3o","pris\u00f5es"],"articleSection":["Justi\u00e7a","Not\u00edcias"],"inLanguage":"pt-PT"},{"@type":"WebPage","@id":"https:\/\/portaltela.pt\/noticias\/2026\/04\/19\/bombeiro-condenado-a-pena-efetiva-por-atropelar-policia-municipal-na-maia\/","url":"https:\/\/portaltela.pt\/noticias\/2026\/04\/19\/bombeiro-condenado-a-pena-efetiva-por-atropelar-policia-municipal-na-maia\/","name":"Bombeiro condenado a pena efetiva por atropelar pol\u00edcia municipal na Maia - Portal Tela Portugal","isPartOf":{"@id":"https:\/\/portaltela.pt\/#website"},"primaryImageOfPage":{"@id":"https:\/\/portaltela.pt\/noticias\/2026\/04\/19\/bombeiro-condenado-a-pena-efetiva-por-atropelar-policia-municipal-na-maia\/#primaryimage"},"image":{"@id":"https:\/\/portaltela.pt\/noticias\/2026\/04\/19\/bombeiro-condenado-a-pena-efetiva-por-atropelar-policia-municipal-na-maia\/#primaryimage"},"thumbnailUrl":"https:\/\/portaltela.pt\/s.01k8rhncp4jt1\/2026\/04\/img_1280x722uu2021-11-28-22-16-00-1104050.jpg","datePublished":"2026-04-19T09:03:04+00:00","author":{"@id":"https:\/\/portaltela.pt\/#\/schema\/person\/c4278d4a6028830caff9ee44b42d32ed"},"breadcrumb":{"@id":"https:\/\/portaltela.pt\/noticias\/2026\/04\/19\/bombeiro-condenado-a-pena-efetiva-por-atropelar-policia-municipal-na-maia\/#breadcrumb"},"inLanguage":"pt-PT","potentialAction":[{"@type":"ReadAction","target":["https:\/\/portaltela.pt\/noticias\/2026\/04\/19\/bombeiro-condenado-a-pena-efetiva-por-atropelar-policia-municipal-na-maia\/"]}]},{"@type":"ImageObject","inLanguage":"pt-PT","@id":"https:\/\/portaltela.pt\/noticias\/2026\/04\/19\/bombeiro-condenado-a-pena-efetiva-por-atropelar-policia-municipal-na-maia\/#primaryimage","url":"https:\/\/portaltela.pt\/s.01k8rhncp4jt1\/2026\/04\/img_1280x722uu2021-11-28-22-16-00-1104050.jpg","contentUrl":"https:\/\/portaltela.pt\/s.01k8rhncp4jt1\/2026\/04\/img_1280x722uu2021-11-28-22-16-00-1104050.jpg","width":796,"height":448,"caption":"Photo"},{"@type":"BreadcrumbList","@id":"https:\/\/portaltela.pt\/noticias\/2026\/04\/19\/bombeiro-condenado-a-pena-efetiva-por-atropelar-policia-municipal-na-maia\/#breadcrumb","itemListElement":[{"@type":"ListItem","position":1,"name":"In\u00edcio","item":"https:\/\/portaltela.pt\/"},{"@type":"ListItem","position":2,"name":"Bombeiro condenado a pena efetiva por atropelar pol\u00edcia municipal na Maia"}]},{"@type":"WebSite","@id":"https:\/\/portaltela.pt\/#website","url":"https:\/\/portaltela.pt\/","name":"Portal Tela Portugal","description":"","potentialAction":[{"@type":"SearchAction","target":{"@type":"EntryPoint","urlTemplate":"https:\/\/portaltela.pt\/?s={search_term_string}"},"query-input":{"@type":"PropertyValueSpecification","valueRequired":true,"valueName":"search_term_string"}}],"inLanguage":"pt-PT"},{"@type":"Person","@id":"https:\/\/portaltela.pt\/#\/schema\/person\/c4278d4a6028830caff9ee44b42d32ed","name":"Telinha","image":{"@type":"ImageObject","inLanguage":"pt-PT","@id":"https:\/\/portaltela.pt\/s.01k8rhncp4jt1\/2025\/11\/talking-bot-125x125.png","url":"https:\/\/portaltela.pt\/s.01k8rhncp4jt1\/2025\/11\/talking-bot-125x125.png","contentUrl":"https:\/\/portaltela.pt\/s.01k8rhncp4jt1\/2025\/11\/talking-bot-125x125.png","caption":"Telinha"},"sameAs":["https:\/\/portaltela.pt\/"],"url":"https:\/\/portaltela.pt\/por\/367410592786\/"}]}},"_links":{"self":[{"href":"https:\/\/portaltela.pt\/api\/wp\/v2\/posts\/449684","targetHints":{"allow":["GET"]}}],"collection":[{"href":"https:\/\/portaltela.pt\/api\/wp\/v2\/posts"}],"about":[{"href":"https:\/\/portaltela.pt\/api\/wp\/v2\/types\/post"}],"author":[{"embeddable":true,"href":"https:\/\/portaltela.pt\/api\/wp\/v2\/users\/2"}],"replies":[{"embeddable":true,"href":"https:\/\/portaltela.pt\/api\/wp\/v2\/comments?post=449684"}],"version-history":[{"count":0,"href":"https:\/\/portaltela.pt\/api\/wp\/v2\/posts\/449684\/revisions"}],"wp:featuredmedia":[{"embeddable":true,"href":"https:\/\/portaltela.pt\/api\/wp\/v2\/media\/449687"}],"wp:attachment":[{"href":"https:\/\/portaltela.pt\/api\/wp\/v2\/media?parent=449684"}],"wp:term":[{"taxonomy":"category","embeddable":true,"href":"https:\/\/portaltela.pt\/api\/wp\/v2\/categories?post=449684"},{"taxonomy":"post_tag","embeddable":true,"href":"https:\/\/portaltela.pt\/api\/wp\/v2\/tags?post=449684"}],"curies":[{"name":"wp","href":"https:\/\/api.w.org\/{rel}","templated":true}]}}