{"id":449682,"date":"2026-04-19T06:03:02","date_gmt":"2026-04-19T09:03:02","guid":{"rendered":"https:\/\/portaltela.pt\/noticias\/2026\/04\/19\/ex-benfica-acusa-adepto-de-racismo-apos-insulto-macaco\/"},"modified":"2026-04-19T06:03:02","modified_gmt":"2026-04-19T09:03:02","slug":"ex-benfica-acusa-adepto-de-racismo-apos-insulto-macaco","status":"publish","type":"post","link":"https:\/\/portaltela.pt\/desporto\/futebol\/2026\/04\/19\/ex-benfica-acusa-adepto-de-racismo-apos-insulto-macaco\/","title":{"rendered":"Ex-Benfica acusa adepto de racismo ap\u00f3s insulto &#8216;macaco&#8217;"},"content":{"rendered":"<p>Hildeberto, ponta-esquerda do Oper\u00e1rio Ferrovi\u00e1rio, da segunda divis\u00e3o brasileira, diz ter sido alvo de racismo por parte de um adepto do Vila Nova ap\u00f3s o duelo entre as duas equipas, que terminou com a vit\u00f3ria do Vila Nova por 2-1. A den\u00fancia foi feita no final do jogo.<\/p>\n<p>Segundo a imprensa brasileira, o epis\u00f3dio ocorreu quando o jogador, que passou pela forma\u00e7\u00e3o do Benfica, conversava com adeptos do Vila Nova que estavam atr\u00e1s de uma das balizas. A tens\u00e3o desencadeou-se num momento de discuss\u00e3o entre jogador e p\u00fablico.<\/p>\n<p>A confus\u00e3o ganhou propor\u00e7\u00f5es com diversos objetos arremessados para o terreno de jogo, de acordo com imagens divulgadas pela ESPN e Globo Esporte. N\u00e3o h\u00e1 confirma\u00e7\u00e3o de infra\u00e7\u00f5es adicionais por parte das autoridades desportivas.<\/p>\n<p>Ainda n\u00e3o foram anunciadas aberturas de investiga\u00e7\u00e3o ou declara\u00e7\u00f5es oficiais das respectivas organiza\u00e7\u00f5es, mas o caso \u00e9 acompanhado pela imprensa brasileira. As informa\u00e7\u00f5es j\u00e1 foram recolhidas junto a fontes desportivas nacionais.<\/p>\n","protected":false},"excerpt":{"rendered":"<ul>\n<li>Hildeberto, avan\u00e7ado do Oper\u00e1rio Ferrovi\u00e1rio, disse ter sido v\u00edtima de racismo por parte de um adepto do Vila Nova ap\u00f3s a derrota do seu clube, por 2-1.<\/li>\n<li>O jogador, que passou pela forma\u00e7\u00e3o do Benfica, alegou ter sido alvo de insultos de adeptos que estavam atr\u00e1s de uma das balizas.<\/li>\n<li>O incidente gerou confus\u00e3o em campo e arremesso de v\u00e1rios objetos entre os setores.<\/li>\n<li>A den\u00fancia foi feita no final do jogo, com reportes da ESPN e Globo Esporte a mencionar o epis\u00f3dio.<\/li>\n<\/ul>\n","protected":false},"author":2,"featured_media":449685,"comment_status":"closed","ping_status":"closed","sticky":false,"template":"","format":"standard","meta":{"footnotes":""},"categories":[21,24],"tags":[2533,152,32,6693,6032],"class_list":["post-449682","post","type-post","status-publish","format-standard","has-post-thumbnail","hentry","category-desporto","category-futebol","tag-adeptos","tag-desporto","tag-futebol","tag-futebol-brasileiro","tag-racismo"],"yoast_head":"<!-- This site is optimized with the Yoast SEO plugin v27.2 - https:\/\/yoast.com\/product\/yoast-seo-wordpress\/ -->\n<title>Ex-Benfica acusa adepto de racismo ap\u00f3s insulto &#039;macaco&#039; - Portal Tela Portugal<\/title>\n<meta name=\"robots\" content=\"index, follow, max-snippet:-1, max-image-preview:large, max-video-preview:-1\" \/>\n<meta property=\"og:locale\" content=\"pt_PT\" \/>\n<meta property=\"og:type\" content=\"article\" \/>\n<meta property=\"og:title\" content=\"Ex-Benfica acusa adepto de racismo ap\u00f3s insulto &#039;macaco&#039; - Portal Tela Portugal\" \/>\n<meta property=\"og:description\" content=\"Hildeberto, avan\u00e7ado do Oper\u00e1rio Ferrovi\u00e1rio, disse ter sido v\u00edtima de racismo por parte de um adepto do Vila Nova ap\u00f3s a derrota do seu clube, por 2-1. O jogador, que passou pela forma\u00e7\u00e3o do Benfica, alegou ter sido alvo de insultos de adeptos que estavam atr\u00e1s de uma das balizas. O incidente gerou confus\u00e3o em campo e arremesso de v\u00e1rios objetos entre os setores. A den\u00fancia foi feita no final do jogo, com reportes da ESPN e Globo Esporte a mencionar o epis\u00f3dio.\" \/>\n<meta property=\"og:url\" content=\"https:\/\/portaltela.pt\/noticias\/2026\/04\/19\/ex-benfica-acusa-adepto-de-racismo-apos-insulto-macaco\/\" \/>\n<meta property=\"og:site_name\" content=\"Portal Tela Portugal\" \/>\n<meta property=\"article:published_time\" content=\"2026-04-19T09:03:02+00:00\" \/>\n<meta name=\"author\" content=\"Telinha\" \/>\n<meta name=\"twitter:card\" content=\"summary_large_image\" \/>\n<meta name=\"twitter:label1\" content=\"Escrito por\" \/>\n\t<meta name=\"twitter:data1\" content=\"Telinha\" \/>\n\t<meta name=\"twitter:label2\" content=\"Tempo estimado de leitura\" \/>\n\t<meta name=\"twitter:data2\" content=\"1 minuto\" \/>\n<script type=\"application\/ld+json\" class=\"yoast-schema-graph\">{\"@context\":\"https:\/\/schema.org\",\"@graph\":[{\"@type\":\"Article\",\"@id\":\"https:\/\/portaltela.pt\/noticias\/2026\/04\/19\/ex-benfica-acusa-adepto-de-racismo-apos-insulto-macaco\/#article\",\"isPartOf\":{\"@id\":\"https:\/\/portaltela.pt\/noticias\/2026\/04\/19\/ex-benfica-acusa-adepto-de-racismo-apos-insulto-macaco\/\"},\"author\":{\"name\":\"Telinha\",\"@id\":\"https:\/\/portaltela.pt\/#\/schema\/person\/c4278d4a6028830caff9ee44b42d32ed\"},\"headline\":\"Ex-Benfica acusa adepto de racismo ap\u00f3s insulto &#8216;macaco&#8217;\",\"datePublished\":\"2026-04-19T09:03:02+00:00\",\"mainEntityOfPage\":{\"@id\":\"https:\/\/portaltela.pt\/noticias\/2026\/04\/19\/ex-benfica-acusa-adepto-de-racismo-apos-insulto-macaco\/\"},\"wordCount\":183,\"image\":{\"@id\":\"https:\/\/portaltela.pt\/noticias\/2026\/04\/19\/ex-benfica-acusa-adepto-de-racismo-apos-insulto-macaco\/#primaryimage\"},\"thumbnailUrl\":\"https:\/\/portaltela.pt\/s.01k8rhncp4jt1\/2026\/04\/img_1200x721uu2026-04-19-09-48-14-2433952.jpg\",\"keywords\":[\"adeptos\",\"desporto\",\"futebol\",\"futebol brasileiro\",\"racismo\"],\"articleSection\":[\"Desporto\",\"Futebol\"],\"inLanguage\":\"pt-PT\"},{\"@type\":\"WebPage\",\"@id\":\"https:\/\/portaltela.pt\/noticias\/2026\/04\/19\/ex-benfica-acusa-adepto-de-racismo-apos-insulto-macaco\/\",\"url\":\"https:\/\/portaltela.pt\/noticias\/2026\/04\/19\/ex-benfica-acusa-adepto-de-racismo-apos-insulto-macaco\/\",\"name\":\"Ex-Benfica acusa adepto de racismo ap\u00f3s insulto 'macaco' - Portal Tela Portugal\",\"isPartOf\":{\"@id\":\"https:\/\/portaltela.pt\/#website\"},\"primaryImageOfPage\":{\"@id\":\"https:\/\/portaltela.pt\/noticias\/2026\/04\/19\/ex-benfica-acusa-adepto-de-racismo-apos-insulto-macaco\/#primaryimage\"},\"image\":{\"@id\":\"https:\/\/portaltela.pt\/noticias\/2026\/04\/19\/ex-benfica-acusa-adepto-de-racismo-apos-insulto-macaco\/#primaryimage\"},\"thumbnailUrl\":\"https:\/\/portaltela.pt\/s.01k8rhncp4jt1\/2026\/04\/img_1200x721uu2026-04-19-09-48-14-2433952.jpg\",\"datePublished\":\"2026-04-19T09:03:02+00:00\",\"author\":{\"@id\":\"https:\/\/portaltela.pt\/#\/schema\/person\/c4278d4a6028830caff9ee44b42d32ed\"},\"breadcrumb\":{\"@id\":\"https:\/\/portaltela.pt\/noticias\/2026\/04\/19\/ex-benfica-acusa-adepto-de-racismo-apos-insulto-macaco\/#breadcrumb\"},\"inLanguage\":\"pt-PT\",\"potentialAction\":[{\"@type\":\"ReadAction\",\"target\":[\"https:\/\/portaltela.pt\/noticias\/2026\/04\/19\/ex-benfica-acusa-adepto-de-racismo-apos-insulto-macaco\/\"]}]},{\"@type\":\"ImageObject\",\"inLanguage\":\"pt-PT\",\"@id\":\"https:\/\/portaltela.pt\/noticias\/2026\/04\/19\/ex-benfica-acusa-adepto-de-racismo-apos-insulto-macaco\/#primaryimage\",\"url\":\"https:\/\/portaltela.pt\/s.01k8rhncp4jt1\/2026\/04\/img_1200x721uu2026-04-19-09-48-14-2433952.jpg\",\"contentUrl\":\"https:\/\/portaltela.pt\/s.01k8rhncp4jt1\/2026\/04\/img_1200x721uu2026-04-19-09-48-14-2433952.jpg\",\"width\":796,\"height\":448,\"caption\":\"Hildeberto fez a den\u00fancia no final do Vila Nova-Oper\u00e1rio Ferrovi\u00e1rio, da segunda divis\u00e3o do Brasil\"},{\"@type\":\"BreadcrumbList\",\"@id\":\"https:\/\/portaltela.pt\/noticias\/2026\/04\/19\/ex-benfica-acusa-adepto-de-racismo-apos-insulto-macaco\/#breadcrumb\",\"itemListElement\":[{\"@type\":\"ListItem\",\"position\":1,\"name\":\"In\u00edcio\",\"item\":\"https:\/\/portaltela.pt\/\"},{\"@type\":\"ListItem\",\"position\":2,\"name\":\"Ex-Benfica acusa adepto de racismo ap\u00f3s insulto &#8216;macaco&#8217;\"}]},{\"@type\":\"WebSite\",\"@id\":\"https:\/\/portaltela.pt\/#website\",\"url\":\"https:\/\/portaltela.pt\/\",\"name\":\"Portal Tela Portugal\",\"description\":\"\",\"potentialAction\":[{\"@type\":\"SearchAction\",\"target\":{\"@type\":\"EntryPoint\",\"urlTemplate\":\"https:\/\/portaltela.pt\/?s={search_term_string}\"},\"query-input\":{\"@type\":\"PropertyValueSpecification\",\"valueRequired\":true,\"valueName\":\"search_term_string\"}}],\"inLanguage\":\"pt-PT\"},{\"@type\":\"Person\",\"@id\":\"https:\/\/portaltela.pt\/#\/schema\/person\/c4278d4a6028830caff9ee44b42d32ed\",\"name\":\"Telinha\",\"image\":{\"@type\":\"ImageObject\",\"inLanguage\":\"pt-PT\",\"@id\":\"https:\/\/portaltela.pt\/s.01k8rhncp4jt1\/2025\/11\/talking-bot-125x125.png\",\"url\":\"https:\/\/portaltela.pt\/s.01k8rhncp4jt1\/2025\/11\/talking-bot-125x125.png\",\"contentUrl\":\"https:\/\/portaltela.pt\/s.01k8rhncp4jt1\/2025\/11\/talking-bot-125x125.png\",\"caption\":\"Telinha\"},\"sameAs\":[\"https:\/\/portaltela.pt\/\"],\"url\":\"https:\/\/portaltela.pt\/por\/367410592786\/\"}]}<\/script>\n<!-- \/ Yoast SEO plugin. -->","yoast_head_json":{"title":"Ex-Benfica acusa adepto de racismo ap\u00f3s insulto 'macaco' - Portal Tela Portugal","robots":{"index":"index","follow":"follow","max-snippet":"max-snippet:-1","max-image-preview":"max-image-preview:large","max-video-preview":"max-video-preview:-1"},"og_locale":"pt_PT","og_type":"article","og_title":"Ex-Benfica acusa adepto de racismo ap\u00f3s insulto 'macaco' - Portal Tela Portugal","og_description":"Hildeberto, avan\u00e7ado do Oper\u00e1rio Ferrovi\u00e1rio, disse ter sido v\u00edtima de racismo por parte de um adepto do Vila Nova ap\u00f3s a derrota do seu clube, por 2-1. O jogador, que passou pela forma\u00e7\u00e3o do Benfica, alegou ter sido alvo de insultos de adeptos que estavam atr\u00e1s de uma das balizas. O incidente gerou confus\u00e3o em campo e arremesso de v\u00e1rios objetos entre os setores. A den\u00fancia foi feita no final do jogo, com reportes da ESPN e Globo Esporte a mencionar o epis\u00f3dio.","og_url":"https:\/\/portaltela.pt\/noticias\/2026\/04\/19\/ex-benfica-acusa-adepto-de-racismo-apos-insulto-macaco\/","og_site_name":"Portal Tela Portugal","article_published_time":"2026-04-19T09:03:02+00:00","author":"Telinha","twitter_card":"summary_large_image","twitter_misc":{"Escrito por":"Telinha","Tempo estimado de leitura":"1 minuto"},"schema":{"@context":"https:\/\/schema.org","@graph":[{"@type":"Article","@id":"https:\/\/portaltela.pt\/noticias\/2026\/04\/19\/ex-benfica-acusa-adepto-de-racismo-apos-insulto-macaco\/#article","isPartOf":{"@id":"https:\/\/portaltela.pt\/noticias\/2026\/04\/19\/ex-benfica-acusa-adepto-de-racismo-apos-insulto-macaco\/"},"author":{"name":"Telinha","@id":"https:\/\/portaltela.pt\/#\/schema\/person\/c4278d4a6028830caff9ee44b42d32ed"},"headline":"Ex-Benfica acusa adepto de racismo ap\u00f3s insulto &#8216;macaco&#8217;","datePublished":"2026-04-19T09:03:02+00:00","mainEntityOfPage":{"@id":"https:\/\/portaltela.pt\/noticias\/2026\/04\/19\/ex-benfica-acusa-adepto-de-racismo-apos-insulto-macaco\/"},"wordCount":183,"image":{"@id":"https:\/\/portaltela.pt\/noticias\/2026\/04\/19\/ex-benfica-acusa-adepto-de-racismo-apos-insulto-macaco\/#primaryimage"},"thumbnailUrl":"https:\/\/portaltela.pt\/s.01k8rhncp4jt1\/2026\/04\/img_1200x721uu2026-04-19-09-48-14-2433952.jpg","keywords":["adeptos","desporto","futebol","futebol brasileiro","racismo"],"articleSection":["Desporto","Futebol"],"inLanguage":"pt-PT"},{"@type":"WebPage","@id":"https:\/\/portaltela.pt\/noticias\/2026\/04\/19\/ex-benfica-acusa-adepto-de-racismo-apos-insulto-macaco\/","url":"https:\/\/portaltela.pt\/noticias\/2026\/04\/19\/ex-benfica-acusa-adepto-de-racismo-apos-insulto-macaco\/","name":"Ex-Benfica acusa adepto de racismo ap\u00f3s insulto 'macaco' - Portal Tela Portugal","isPartOf":{"@id":"https:\/\/portaltela.pt\/#website"},"primaryImageOfPage":{"@id":"https:\/\/portaltela.pt\/noticias\/2026\/04\/19\/ex-benfica-acusa-adepto-de-racismo-apos-insulto-macaco\/#primaryimage"},"image":{"@id":"https:\/\/portaltela.pt\/noticias\/2026\/04\/19\/ex-benfica-acusa-adepto-de-racismo-apos-insulto-macaco\/#primaryimage"},"thumbnailUrl":"https:\/\/portaltela.pt\/s.01k8rhncp4jt1\/2026\/04\/img_1200x721uu2026-04-19-09-48-14-2433952.jpg","datePublished":"2026-04-19T09:03:02+00:00","author":{"@id":"https:\/\/portaltela.pt\/#\/schema\/person\/c4278d4a6028830caff9ee44b42d32ed"},"breadcrumb":{"@id":"https:\/\/portaltela.pt\/noticias\/2026\/04\/19\/ex-benfica-acusa-adepto-de-racismo-apos-insulto-macaco\/#breadcrumb"},"inLanguage":"pt-PT","potentialAction":[{"@type":"ReadAction","target":["https:\/\/portaltela.pt\/noticias\/2026\/04\/19\/ex-benfica-acusa-adepto-de-racismo-apos-insulto-macaco\/"]}]},{"@type":"ImageObject","inLanguage":"pt-PT","@id":"https:\/\/portaltela.pt\/noticias\/2026\/04\/19\/ex-benfica-acusa-adepto-de-racismo-apos-insulto-macaco\/#primaryimage","url":"https:\/\/portaltela.pt\/s.01k8rhncp4jt1\/2026\/04\/img_1200x721uu2026-04-19-09-48-14-2433952.jpg","contentUrl":"https:\/\/portaltela.pt\/s.01k8rhncp4jt1\/2026\/04\/img_1200x721uu2026-04-19-09-48-14-2433952.jpg","width":796,"height":448,"caption":"Hildeberto fez a den\u00fancia no final do Vila Nova-Oper\u00e1rio Ferrovi\u00e1rio, da segunda divis\u00e3o do Brasil"},{"@type":"BreadcrumbList","@id":"https:\/\/portaltela.pt\/noticias\/2026\/04\/19\/ex-benfica-acusa-adepto-de-racismo-apos-insulto-macaco\/#breadcrumb","itemListElement":[{"@type":"ListItem","position":1,"name":"In\u00edcio","item":"https:\/\/portaltela.pt\/"},{"@type":"ListItem","position":2,"name":"Ex-Benfica acusa adepto de racismo ap\u00f3s insulto &#8216;macaco&#8217;"}]},{"@type":"WebSite","@id":"https:\/\/portaltela.pt\/#website","url":"https:\/\/portaltela.pt\/","name":"Portal Tela Portugal","description":"","potentialAction":[{"@type":"SearchAction","target":{"@type":"EntryPoint","urlTemplate":"https:\/\/portaltela.pt\/?s={search_term_string}"},"query-input":{"@type":"PropertyValueSpecification","valueRequired":true,"valueName":"search_term_string"}}],"inLanguage":"pt-PT"},{"@type":"Person","@id":"https:\/\/portaltela.pt\/#\/schema\/person\/c4278d4a6028830caff9ee44b42d32ed","name":"Telinha","image":{"@type":"ImageObject","inLanguage":"pt-PT","@id":"https:\/\/portaltela.pt\/s.01k8rhncp4jt1\/2025\/11\/talking-bot-125x125.png","url":"https:\/\/portaltela.pt\/s.01k8rhncp4jt1\/2025\/11\/talking-bot-125x125.png","contentUrl":"https:\/\/portaltela.pt\/s.01k8rhncp4jt1\/2025\/11\/talking-bot-125x125.png","caption":"Telinha"},"sameAs":["https:\/\/portaltela.pt\/"],"url":"https:\/\/portaltela.pt\/por\/367410592786\/"}]}},"_links":{"self":[{"href":"https:\/\/portaltela.pt\/api\/wp\/v2\/posts\/449682","targetHints":{"allow":["GET"]}}],"collection":[{"href":"https:\/\/portaltela.pt\/api\/wp\/v2\/posts"}],"about":[{"href":"https:\/\/portaltela.pt\/api\/wp\/v2\/types\/post"}],"author":[{"embeddable":true,"href":"https:\/\/portaltela.pt\/api\/wp\/v2\/users\/2"}],"replies":[{"embeddable":true,"href":"https:\/\/portaltela.pt\/api\/wp\/v2\/comments?post=449682"}],"version-history":[{"count":0,"href":"https:\/\/portaltela.pt\/api\/wp\/v2\/posts\/449682\/revisions"}],"wp:featuredmedia":[{"embeddable":true,"href":"https:\/\/portaltela.pt\/api\/wp\/v2\/media\/449685"}],"wp:attachment":[{"href":"https:\/\/portaltela.pt\/api\/wp\/v2\/media?parent=449682"}],"wp:term":[{"taxonomy":"category","embeddable":true,"href":"https:\/\/portaltela.pt\/api\/wp\/v2\/categories?post=449682"},{"taxonomy":"post_tag","embeddable":true,"href":"https:\/\/portaltela.pt\/api\/wp\/v2\/tags?post=449682"}],"curies":[{"name":"wp","href":"https:\/\/api.w.org\/{rel}","templated":true}]}}