{"id":449664,"date":"2026-04-19T05:02:56","date_gmt":"2026-04-19T08:02:56","guid":{"rendered":"https:\/\/portaltela.pt\/noticias\/2026\/04\/19\/rui-costa-pode-alinhar-se-com-mourinho-mas-nao-quer-faze-lo\/"},"modified":"2026-04-19T05:02:56","modified_gmt":"2026-04-19T08:02:56","slug":"rui-costa-pode-alinhar-se-com-mourinho-mas-nao-quer-faze-lo","status":"publish","type":"post","link":"https:\/\/portaltela.pt\/desporto\/futebol\/2026\/04\/19\/rui-costa-pode-alinhar-se-com-mourinho-mas-nao-quer-faze-lo\/","title":{"rendered":"Rui Costa pode alinhar-se com Mourinho, mas n\u00e3o quer faz\u00ea-lo"},"content":{"rendered":"<p>Lu\u00eds Pedro Sousa, chefe de reda\u00e7\u00e3o da Record, afirma que existe uma perce\u00e7\u00e3o de falta de sintonia entre Jos\u00e9 Mourinho e Rui Costa. Segundo o jornalista, o treinador tem uma press\u00e3o \u201cnot\u00f3ria\u201d sobre a dire\u00e7\u00e3o do Benfica para renovar contrato.<\/p>\n<p>A leitura destes sinais aponta para uma diverg\u00eancia entre o que Mourinho pretende e o que Rui Costa est\u00e1 disposto a assumir. A not\u00edcia n\u00e3o especifica propostas, datas ou detalhes de negocia\u00e7\u00e3o.<\/p>\n<p>O objetivo do artigo \u00e9 clarificar o que est\u00e1 em jogo: a rela\u00e7\u00e3o entre o treinador do Benfica e o diretor executivo, no contexto de renova\u00e7\u00f5es contratuais. A an\u00e1lise baseia-se em declara\u00e7\u00f5es p\u00fablicas e na leitura de cobertura jornal\u00edstica associada.<\/p>\n<h3>Contexto no Benfica<\/h3>\n<ul>\n<li>A mat\u00e9ria centra-se na rela\u00e7\u00e3o entre Mourinho e Rui Costa, com foco no processo de renova\u00e7\u00e3o de contrato.<\/li>\n<li>N\u00e3o s\u00e3o divulgados termos ou prazos, apenas a exist\u00eancia de press\u00e3o por parte do treinador para um acordo.<\/li>\n<\/ul>\n","protected":false},"excerpt":{"rendered":"<ul>\n<li>Lu\u00eds Pedro Sousa, chefe de reda\u00e7\u00e3o da Record, aponta uma falta de sintonia entre Jos\u00e9 Mourinho e Rui Costa.<\/li>\n<li>Alega que o treinador do Benfica exerce uma press\u00e3o not\u00f3ria junto dos dirigentes para renovar o contrato.<\/li>\n<li>Sugere que Rui Costa pode ir ao encontro dos desejos de Mourinho, mas n\u00e3o pretende faz\u00ea-lo neste momento.<\/li>\n<li>A leitura \u00e9 de que existe press\u00e3o p\u00fablica por parte de Mourinho para manter a renova\u00e7\u00e3o.<\/li>\n<li>A not\u00edcia baseia-se na vis\u00e3o do jornalista sobre o relacionamento entre ambos no clube.<\/li>\n<\/ul>\n","protected":false},"author":2,"featured_media":449665,"comment_status":"closed","ping_status":"closed","sticky":false,"template":"","format":"standard","meta":{"footnotes":""},"categories":[21,24],"tags":[1946,1125,2138,7892,6430,2139],"class_list":["post-449664","post","type-post","status-publish","format-standard","has-post-thumbnail","hentry","category-desporto","category-futebol","tag-benfica","tag-contratos","tag-jose-mourinho","tag-politica-interna","tag-renovacoes","tag-rui-costa"],"yoast_head":"<!-- This site is optimized with the Yoast SEO plugin v27.2 - https:\/\/yoast.com\/product\/yoast-seo-wordpress\/ -->\n<title>Rui Costa pode alinhar-se com Mourinho, mas n\u00e3o quer faz\u00ea-lo - Portal Tela Portugal<\/title>\n<meta name=\"robots\" content=\"index, follow, max-snippet:-1, max-image-preview:large, max-video-preview:-1\" \/>\n<meta property=\"og:locale\" content=\"pt_PT\" \/>\n<meta property=\"og:type\" content=\"article\" \/>\n<meta property=\"og:title\" content=\"Rui Costa pode alinhar-se com Mourinho, mas n\u00e3o quer faz\u00ea-lo - Portal Tela Portugal\" \/>\n<meta property=\"og:description\" content=\"Lu\u00eds Pedro Sousa, chefe de reda\u00e7\u00e3o da Record, aponta uma falta de sintonia entre Jos\u00e9 Mourinho e Rui Costa. Alega que o treinador do Benfica exerce uma press\u00e3o not\u00f3ria junto dos dirigentes para renovar o contrato. Sugere que Rui Costa pode ir ao encontro dos desejos de Mourinho, mas n\u00e3o pretende faz\u00ea-lo neste momento. A leitura \u00e9 de que existe press\u00e3o p\u00fablica por parte de Mourinho para manter a renova\u00e7\u00e3o. A not\u00edcia baseia-se na vis\u00e3o do jornalista sobre o relacionamento entre ambos no clube.\" \/>\n<meta property=\"og:url\" content=\"https:\/\/portaltela.pt\/noticias\/2026\/04\/19\/rui-costa-pode-alinhar-se-com-mourinho-mas-nao-quer-faze-lo\/\" \/>\n<meta property=\"og:site_name\" content=\"Portal Tela Portugal\" \/>\n<meta property=\"article:published_time\" content=\"2026-04-19T08:02:56+00:00\" \/>\n<meta name=\"author\" content=\"Telinha\" \/>\n<meta name=\"twitter:card\" content=\"summary_large_image\" \/>\n<meta name=\"twitter:label1\" content=\"Escrito por\" \/>\n\t<meta name=\"twitter:data1\" content=\"Telinha\" \/>\n\t<meta name=\"twitter:label2\" content=\"Tempo estimado de leitura\" \/>\n\t<meta name=\"twitter:data2\" content=\"1 minuto\" \/>\n<script type=\"application\/ld+json\" class=\"yoast-schema-graph\">{\"@context\":\"https:\/\/schema.org\",\"@graph\":[{\"@type\":\"Article\",\"@id\":\"https:\/\/portaltela.pt\/noticias\/2026\/04\/19\/rui-costa-pode-alinhar-se-com-mourinho-mas-nao-quer-faze-lo\/#article\",\"isPartOf\":{\"@id\":\"https:\/\/portaltela.pt\/noticias\/2026\/04\/19\/rui-costa-pode-alinhar-se-com-mourinho-mas-nao-quer-faze-lo\/\"},\"author\":{\"name\":\"Telinha\",\"@id\":\"https:\/\/portaltela.pt\/#\/schema\/person\/c4278d4a6028830caff9ee44b42d32ed\"},\"headline\":\"Rui Costa pode alinhar-se com Mourinho, mas n\u00e3o quer faz\u00ea-lo\",\"datePublished\":\"2026-04-19T08:02:56+00:00\",\"mainEntityOfPage\":{\"@id\":\"https:\/\/portaltela.pt\/noticias\/2026\/04\/19\/rui-costa-pode-alinhar-se-com-mourinho-mas-nao-quer-faze-lo\/\"},\"wordCount\":185,\"image\":{\"@id\":\"https:\/\/portaltela.pt\/noticias\/2026\/04\/19\/rui-costa-pode-alinhar-se-com-mourinho-mas-nao-quer-faze-lo\/#primaryimage\"},\"thumbnailUrl\":\"https:\/\/portaltela.pt\/s.01k8rhncp4jt1\/2026\/04\/img_1200x721uu2026-04-18-22-26-52-2433907.jpg\",\"keywords\":[\"Benfica\",\"contratos\",\"Jos\u00e9 Mourinho\",\"pol\u00edtica interna\",\"renova\u00e7\u00f5es\",\"Rui Costa\"],\"articleSection\":[\"Desporto\",\"Futebol\"],\"inLanguage\":\"pt-PT\"},{\"@type\":\"WebPage\",\"@id\":\"https:\/\/portaltela.pt\/noticias\/2026\/04\/19\/rui-costa-pode-alinhar-se-com-mourinho-mas-nao-quer-faze-lo\/\",\"url\":\"https:\/\/portaltela.pt\/noticias\/2026\/04\/19\/rui-costa-pode-alinhar-se-com-mourinho-mas-nao-quer-faze-lo\/\",\"name\":\"Rui Costa pode alinhar-se com Mourinho, mas n\u00e3o quer faz\u00ea-lo - Portal Tela Portugal\",\"isPartOf\":{\"@id\":\"https:\/\/portaltela.pt\/#website\"},\"primaryImageOfPage\":{\"@id\":\"https:\/\/portaltela.pt\/noticias\/2026\/04\/19\/rui-costa-pode-alinhar-se-com-mourinho-mas-nao-quer-faze-lo\/#primaryimage\"},\"image\":{\"@id\":\"https:\/\/portaltela.pt\/noticias\/2026\/04\/19\/rui-costa-pode-alinhar-se-com-mourinho-mas-nao-quer-faze-lo\/#primaryimage\"},\"thumbnailUrl\":\"https:\/\/portaltela.pt\/s.01k8rhncp4jt1\/2026\/04\/img_1200x721uu2026-04-18-22-26-52-2433907.jpg\",\"datePublished\":\"2026-04-19T08:02:56+00:00\",\"author\":{\"@id\":\"https:\/\/portaltela.pt\/#\/schema\/person\/c4278d4a6028830caff9ee44b42d32ed\"},\"breadcrumb\":{\"@id\":\"https:\/\/portaltela.pt\/noticias\/2026\/04\/19\/rui-costa-pode-alinhar-se-com-mourinho-mas-nao-quer-faze-lo\/#breadcrumb\"},\"inLanguage\":\"pt-PT\",\"potentialAction\":[{\"@type\":\"ReadAction\",\"target\":[\"https:\/\/portaltela.pt\/noticias\/2026\/04\/19\/rui-costa-pode-alinhar-se-com-mourinho-mas-nao-quer-faze-lo\/\"]}]},{\"@type\":\"ImageObject\",\"inLanguage\":\"pt-PT\",\"@id\":\"https:\/\/portaltela.pt\/noticias\/2026\/04\/19\/rui-costa-pode-alinhar-se-com-mourinho-mas-nao-quer-faze-lo\/#primaryimage\",\"url\":\"https:\/\/portaltela.pt\/s.01k8rhncp4jt1\/2026\/04\/img_1200x721uu2026-04-18-22-26-52-2433907.jpg\",\"contentUrl\":\"https:\/\/portaltela.pt\/s.01k8rhncp4jt1\/2026\/04\/img_1200x721uu2026-04-18-22-26-52-2433907.jpg\",\"width\":796,\"height\":448,\"caption\":\"Lu\u00eds Pedro Sousa considera que h\u00e1 press\u00e3o do treinador do Benfica para renovar\"},{\"@type\":\"BreadcrumbList\",\"@id\":\"https:\/\/portaltela.pt\/noticias\/2026\/04\/19\/rui-costa-pode-alinhar-se-com-mourinho-mas-nao-quer-faze-lo\/#breadcrumb\",\"itemListElement\":[{\"@type\":\"ListItem\",\"position\":1,\"name\":\"In\u00edcio\",\"item\":\"https:\/\/portaltela.pt\/\"},{\"@type\":\"ListItem\",\"position\":2,\"name\":\"Rui Costa pode alinhar-se com Mourinho, mas n\u00e3o quer faz\u00ea-lo\"}]},{\"@type\":\"WebSite\",\"@id\":\"https:\/\/portaltela.pt\/#website\",\"url\":\"https:\/\/portaltela.pt\/\",\"name\":\"Portal Tela Portugal\",\"description\":\"\",\"potentialAction\":[{\"@type\":\"SearchAction\",\"target\":{\"@type\":\"EntryPoint\",\"urlTemplate\":\"https:\/\/portaltela.pt\/?s={search_term_string}\"},\"query-input\":{\"@type\":\"PropertyValueSpecification\",\"valueRequired\":true,\"valueName\":\"search_term_string\"}}],\"inLanguage\":\"pt-PT\"},{\"@type\":\"Person\",\"@id\":\"https:\/\/portaltela.pt\/#\/schema\/person\/c4278d4a6028830caff9ee44b42d32ed\",\"name\":\"Telinha\",\"image\":{\"@type\":\"ImageObject\",\"inLanguage\":\"pt-PT\",\"@id\":\"https:\/\/portaltela.pt\/s.01k8rhncp4jt1\/2025\/11\/talking-bot-125x125.png\",\"url\":\"https:\/\/portaltela.pt\/s.01k8rhncp4jt1\/2025\/11\/talking-bot-125x125.png\",\"contentUrl\":\"https:\/\/portaltela.pt\/s.01k8rhncp4jt1\/2025\/11\/talking-bot-125x125.png\",\"caption\":\"Telinha\"},\"sameAs\":[\"https:\/\/portaltela.pt\/\"],\"url\":\"https:\/\/portaltela.pt\/por\/367410592786\/\"}]}<\/script>\n<!-- \/ Yoast SEO plugin. -->","yoast_head_json":{"title":"Rui Costa pode alinhar-se com Mourinho, mas n\u00e3o quer faz\u00ea-lo - Portal Tela Portugal","robots":{"index":"index","follow":"follow","max-snippet":"max-snippet:-1","max-image-preview":"max-image-preview:large","max-video-preview":"max-video-preview:-1"},"og_locale":"pt_PT","og_type":"article","og_title":"Rui Costa pode alinhar-se com Mourinho, mas n\u00e3o quer faz\u00ea-lo - Portal Tela Portugal","og_description":"Lu\u00eds Pedro Sousa, chefe de reda\u00e7\u00e3o da Record, aponta uma falta de sintonia entre Jos\u00e9 Mourinho e Rui Costa. Alega que o treinador do Benfica exerce uma press\u00e3o not\u00f3ria junto dos dirigentes para renovar o contrato. Sugere que Rui Costa pode ir ao encontro dos desejos de Mourinho, mas n\u00e3o pretende faz\u00ea-lo neste momento. A leitura \u00e9 de que existe press\u00e3o p\u00fablica por parte de Mourinho para manter a renova\u00e7\u00e3o. A not\u00edcia baseia-se na vis\u00e3o do jornalista sobre o relacionamento entre ambos no clube.","og_url":"https:\/\/portaltela.pt\/noticias\/2026\/04\/19\/rui-costa-pode-alinhar-se-com-mourinho-mas-nao-quer-faze-lo\/","og_site_name":"Portal Tela Portugal","article_published_time":"2026-04-19T08:02:56+00:00","author":"Telinha","twitter_card":"summary_large_image","twitter_misc":{"Escrito por":"Telinha","Tempo estimado de leitura":"1 minuto"},"schema":{"@context":"https:\/\/schema.org","@graph":[{"@type":"Article","@id":"https:\/\/portaltela.pt\/noticias\/2026\/04\/19\/rui-costa-pode-alinhar-se-com-mourinho-mas-nao-quer-faze-lo\/#article","isPartOf":{"@id":"https:\/\/portaltela.pt\/noticias\/2026\/04\/19\/rui-costa-pode-alinhar-se-com-mourinho-mas-nao-quer-faze-lo\/"},"author":{"name":"Telinha","@id":"https:\/\/portaltela.pt\/#\/schema\/person\/c4278d4a6028830caff9ee44b42d32ed"},"headline":"Rui Costa pode alinhar-se com Mourinho, mas n\u00e3o quer faz\u00ea-lo","datePublished":"2026-04-19T08:02:56+00:00","mainEntityOfPage":{"@id":"https:\/\/portaltela.pt\/noticias\/2026\/04\/19\/rui-costa-pode-alinhar-se-com-mourinho-mas-nao-quer-faze-lo\/"},"wordCount":185,"image":{"@id":"https:\/\/portaltela.pt\/noticias\/2026\/04\/19\/rui-costa-pode-alinhar-se-com-mourinho-mas-nao-quer-faze-lo\/#primaryimage"},"thumbnailUrl":"https:\/\/portaltela.pt\/s.01k8rhncp4jt1\/2026\/04\/img_1200x721uu2026-04-18-22-26-52-2433907.jpg","keywords":["Benfica","contratos","Jos\u00e9 Mourinho","pol\u00edtica interna","renova\u00e7\u00f5es","Rui Costa"],"articleSection":["Desporto","Futebol"],"inLanguage":"pt-PT"},{"@type":"WebPage","@id":"https:\/\/portaltela.pt\/noticias\/2026\/04\/19\/rui-costa-pode-alinhar-se-com-mourinho-mas-nao-quer-faze-lo\/","url":"https:\/\/portaltela.pt\/noticias\/2026\/04\/19\/rui-costa-pode-alinhar-se-com-mourinho-mas-nao-quer-faze-lo\/","name":"Rui Costa pode alinhar-se com Mourinho, mas n\u00e3o quer faz\u00ea-lo - Portal Tela Portugal","isPartOf":{"@id":"https:\/\/portaltela.pt\/#website"},"primaryImageOfPage":{"@id":"https:\/\/portaltela.pt\/noticias\/2026\/04\/19\/rui-costa-pode-alinhar-se-com-mourinho-mas-nao-quer-faze-lo\/#primaryimage"},"image":{"@id":"https:\/\/portaltela.pt\/noticias\/2026\/04\/19\/rui-costa-pode-alinhar-se-com-mourinho-mas-nao-quer-faze-lo\/#primaryimage"},"thumbnailUrl":"https:\/\/portaltela.pt\/s.01k8rhncp4jt1\/2026\/04\/img_1200x721uu2026-04-18-22-26-52-2433907.jpg","datePublished":"2026-04-19T08:02:56+00:00","author":{"@id":"https:\/\/portaltela.pt\/#\/schema\/person\/c4278d4a6028830caff9ee44b42d32ed"},"breadcrumb":{"@id":"https:\/\/portaltela.pt\/noticias\/2026\/04\/19\/rui-costa-pode-alinhar-se-com-mourinho-mas-nao-quer-faze-lo\/#breadcrumb"},"inLanguage":"pt-PT","potentialAction":[{"@type":"ReadAction","target":["https:\/\/portaltela.pt\/noticias\/2026\/04\/19\/rui-costa-pode-alinhar-se-com-mourinho-mas-nao-quer-faze-lo\/"]}]},{"@type":"ImageObject","inLanguage":"pt-PT","@id":"https:\/\/portaltela.pt\/noticias\/2026\/04\/19\/rui-costa-pode-alinhar-se-com-mourinho-mas-nao-quer-faze-lo\/#primaryimage","url":"https:\/\/portaltela.pt\/s.01k8rhncp4jt1\/2026\/04\/img_1200x721uu2026-04-18-22-26-52-2433907.jpg","contentUrl":"https:\/\/portaltela.pt\/s.01k8rhncp4jt1\/2026\/04\/img_1200x721uu2026-04-18-22-26-52-2433907.jpg","width":796,"height":448,"caption":"Lu\u00eds Pedro Sousa considera que h\u00e1 press\u00e3o do treinador do Benfica para renovar"},{"@type":"BreadcrumbList","@id":"https:\/\/portaltela.pt\/noticias\/2026\/04\/19\/rui-costa-pode-alinhar-se-com-mourinho-mas-nao-quer-faze-lo\/#breadcrumb","itemListElement":[{"@type":"ListItem","position":1,"name":"In\u00edcio","item":"https:\/\/portaltela.pt\/"},{"@type":"ListItem","position":2,"name":"Rui Costa pode alinhar-se com Mourinho, mas n\u00e3o quer faz\u00ea-lo"}]},{"@type":"WebSite","@id":"https:\/\/portaltela.pt\/#website","url":"https:\/\/portaltela.pt\/","name":"Portal Tela Portugal","description":"","potentialAction":[{"@type":"SearchAction","target":{"@type":"EntryPoint","urlTemplate":"https:\/\/portaltela.pt\/?s={search_term_string}"},"query-input":{"@type":"PropertyValueSpecification","valueRequired":true,"valueName":"search_term_string"}}],"inLanguage":"pt-PT"},{"@type":"Person","@id":"https:\/\/portaltela.pt\/#\/schema\/person\/c4278d4a6028830caff9ee44b42d32ed","name":"Telinha","image":{"@type":"ImageObject","inLanguage":"pt-PT","@id":"https:\/\/portaltela.pt\/s.01k8rhncp4jt1\/2025\/11\/talking-bot-125x125.png","url":"https:\/\/portaltela.pt\/s.01k8rhncp4jt1\/2025\/11\/talking-bot-125x125.png","contentUrl":"https:\/\/portaltela.pt\/s.01k8rhncp4jt1\/2025\/11\/talking-bot-125x125.png","caption":"Telinha"},"sameAs":["https:\/\/portaltela.pt\/"],"url":"https:\/\/portaltela.pt\/por\/367410592786\/"}]}},"_links":{"self":[{"href":"https:\/\/portaltela.pt\/api\/wp\/v2\/posts\/449664","targetHints":{"allow":["GET"]}}],"collection":[{"href":"https:\/\/portaltela.pt\/api\/wp\/v2\/posts"}],"about":[{"href":"https:\/\/portaltela.pt\/api\/wp\/v2\/types\/post"}],"author":[{"embeddable":true,"href":"https:\/\/portaltela.pt\/api\/wp\/v2\/users\/2"}],"replies":[{"embeddable":true,"href":"https:\/\/portaltela.pt\/api\/wp\/v2\/comments?post=449664"}],"version-history":[{"count":0,"href":"https:\/\/portaltela.pt\/api\/wp\/v2\/posts\/449664\/revisions"}],"wp:featuredmedia":[{"embeddable":true,"href":"https:\/\/portaltela.pt\/api\/wp\/v2\/media\/449665"}],"wp:attachment":[{"href":"https:\/\/portaltela.pt\/api\/wp\/v2\/media?parent=449664"}],"wp:term":[{"taxonomy":"category","embeddable":true,"href":"https:\/\/portaltela.pt\/api\/wp\/v2\/categories?post=449664"},{"taxonomy":"post_tag","embeddable":true,"href":"https:\/\/portaltela.pt\/api\/wp\/v2\/tags?post=449664"}],"curies":[{"name":"wp","href":"https:\/\/api.w.org\/{rel}","templated":true}]}}