{"id":449608,"date":"2026-04-19T03:26:00","date_gmt":"2026-04-19T06:26:00","guid":{"rendered":"https:\/\/portaltela.pt\/noticias\/2026\/04\/19\/valentim-diz-que-linhas-vermelhas-ficarao-onde-a-centro-direita-as-estabelecer\/"},"modified":"2026-04-19T03:26:00","modified_gmt":"2026-04-19T06:26:00","slug":"valentim-diz-que-linhas-vermelhas-ficarao-onde-a-centro-direita-as-estabelecer","status":"publish","type":"post","link":"https:\/\/portaltela.pt\/noticias\/politica\/2026\/04\/19\/valentim-diz-que-linhas-vermelhas-ficarao-onde-a-centro-direita-as-estabelecer\/","title":{"rendered":"Valentim diz que linhas vermelhas ficar\u00e3o onde a centro-direita as estabelecer"},"content":{"rendered":"<p>Vicente Valentim, professor de Ci\u00eancia Pol\u00edtica na IE University, em Madrid, v\u00ea a normaliza\u00e7\u00e3o da direita radical como resultado das din\u00e2micas pol\u00edticas atuais. O livro *O Fim da Vergonha \u2013 Como a direita radical se normalizou* tem recebido v\u00e1rios reconhecimentos na academia. O autor falou ao P\u00daBLICO por videochamada, a partir de Madrid, sobre os caminhos que a pol\u00edtica tem tomado.<\/p>\n<p>A obra analisa a rela\u00e7\u00e3o entre elites pol\u00edticas e o abandono do consenso que existia em Portugal no per\u00edodo p\u00f3s-ditadura. Valentim sustenta que esse abandono facilita a ascens\u00e3o de posi\u00e7\u00f5es consideradas radicais dentro do eixo pol\u00edtico dominante.<\/p>\n<p>A tese \u00e9 apresentada numa perspectiva interdisciplinar. O investigador, de 34 anos, \u00e9 tamb\u00e9m membro associado do Nuffield College, em Oxford, e tem procurado ligar as normas sociais \u00e0 pr\u00e1tica pol\u00edtica contempor\u00e2nea. O livro foi editado pela Oxford University Press e pela Gradiva, refor\u00e7ando o impacto da pesquisa no debate acad\u00e9mico.<\/p>\n<h3>Contexto e impactos<\/h3>\n<p>Valentim explicou que a normaliza\u00e7\u00e3o da direita radical \u00e9 um fen\u00f3meno que, segundo ele, \u00e9 alimentado pelo que designa como normaliza\u00e7\u00e3o de discursos extremos no espa\u00e7o p\u00fablico. A an\u00e1lise associa esse processo a mudan\u00e7as na forma como se moldam consensos c\u00edvicos e eleitorais.<\/p>\n<p>Segundo o autor, a leitura atual do fen\u00f3meno permite compreender como determinadas pol\u00edticas ganham legitimidade social mesmo quando rompem com compromissos hist\u00f3ricos. O estudo envolve dados, entrevistas e uma leitura cr\u00edtica de contextos atuais.<\/p>\n","protected":false},"excerpt":{"rendered":"<ul>\n<li>Vicente Valentim defende que a normaliza\u00e7\u00e3o da direita radical est\u00e1 ligada \u00e0s elites pol\u00edticas e ao abandono do consenso existente no Portugal p\u00f3s-ditadura.<\/li>\n<li>O livro O Fim da Vergonha \u2013 Como a direita radical se normalizou, editado pela Oxford University Press e pela Gradiva, tem sido reconhecido com quase todos os pr\u00e9mios da \u00e1rea.<\/li>\n<li>Valentim tem 34 anos, \u00e9 professor de Ci\u00eancia Pol\u00edtica na Universidade IE em Madrid e membro associado do Nuffield College, em Oxford.<\/li>\n<li>O acad\u00e9mico revelou, em entrevista por videochamada a partir de Madrid, uma perspetiva interdisciplinar sobre como a pol\u00edtica atual molda normas sociais.<\/li>\n<\/ul>\n","protected":false},"author":2,"featured_media":449622,"comment_status":"closed","ping_status":"closed","sticky":false,"template":"","format":"standard","meta":{"footnotes":""},"categories":[1,5],"tags":[3193,2487,5517,81,2832,1014],"class_list":["post-449608","post","type-post","status-publish","format-standard","has-post-thumbnail","hentry","category-noticias","category-politica","tag-academica","tag-europa","tag-extrema-direita","tag-internacionais","tag-politica","tag-portugal"],"yoast_head":"<!-- This site is optimized with the Yoast SEO plugin v27.2 - https:\/\/yoast.com\/product\/yoast-seo-wordpress\/ -->\n<title>Valentim diz que linhas vermelhas ficar\u00e3o onde a centro-direita as estabelecer - Portal Tela Portugal<\/title>\n<meta name=\"robots\" content=\"index, follow, max-snippet:-1, max-image-preview:large, max-video-preview:-1\" \/>\n<meta property=\"og:locale\" content=\"pt_PT\" \/>\n<meta property=\"og:type\" content=\"article\" \/>\n<meta property=\"og:title\" content=\"Valentim diz que linhas vermelhas ficar\u00e3o onde a centro-direita as estabelecer - Portal Tela Portugal\" \/>\n<meta property=\"og:description\" content=\"Vicente Valentim defende que a normaliza\u00e7\u00e3o da direita radical est\u00e1 ligada \u00e0s elites pol\u00edticas e ao abandono do consenso existente no Portugal p\u00f3s-ditadura. O livro O Fim da Vergonha \u2013 Como a direita radical se normalizou, editado pela Oxford University Press e pela Gradiva, tem sido reconhecido com quase todos os pr\u00e9mios da \u00e1rea. Valentim tem 34 anos, \u00e9 professor de Ci\u00eancia Pol\u00edtica na Universidade IE em Madrid e membro associado do Nuffield College, em Oxford. O acad\u00e9mico revelou, em entrevista por videochamada a partir de Madrid, uma perspetiva interdisciplinar sobre como a pol\u00edtica atual molda normas sociais.\" \/>\n<meta property=\"og:url\" content=\"https:\/\/portaltela.pt\/noticias\/2026\/04\/19\/valentim-diz-que-linhas-vermelhas-ficarao-onde-a-centro-direita-as-estabelecer\/\" \/>\n<meta property=\"og:site_name\" content=\"Portal Tela Portugal\" \/>\n<meta property=\"article:published_time\" content=\"2026-04-19T06:26:00+00:00\" \/>\n<meta name=\"author\" content=\"Telinha\" \/>\n<meta name=\"twitter:card\" content=\"summary_large_image\" \/>\n<meta name=\"twitter:label1\" content=\"Escrito por\" \/>\n\t<meta name=\"twitter:data1\" content=\"Telinha\" \/>\n\t<meta name=\"twitter:label2\" content=\"Tempo estimado de leitura\" \/>\n\t<meta name=\"twitter:data2\" content=\"1 minuto\" \/>\n<script type=\"application\/ld+json\" class=\"yoast-schema-graph\">{\"@context\":\"https:\/\/schema.org\",\"@graph\":[{\"@type\":\"Article\",\"@id\":\"https:\/\/portaltela.pt\/noticias\/2026\/04\/19\/valentim-diz-que-linhas-vermelhas-ficarao-onde-a-centro-direita-as-estabelecer\/#article\",\"isPartOf\":{\"@id\":\"https:\/\/portaltela.pt\/noticias\/2026\/04\/19\/valentim-diz-que-linhas-vermelhas-ficarao-onde-a-centro-direita-as-estabelecer\/\"},\"author\":{\"name\":\"Telinha\",\"@id\":\"https:\/\/portaltela.pt\/#\/schema\/person\/c4278d4a6028830caff9ee44b42d32ed\"},\"headline\":\"Valentim diz que linhas vermelhas ficar\u00e3o onde a centro-direita as estabelecer\",\"datePublished\":\"2026-04-19T06:26:00+00:00\",\"mainEntityOfPage\":{\"@id\":\"https:\/\/portaltela.pt\/noticias\/2026\/04\/19\/valentim-diz-que-linhas-vermelhas-ficarao-onde-a-centro-direita-as-estabelecer\/\"},\"wordCount\":267,\"image\":{\"@id\":\"https:\/\/portaltela.pt\/noticias\/2026\/04\/19\/valentim-diz-que-linhas-vermelhas-ficarao-onde-a-centro-direita-as-estabelecer\/#primaryimage\"},\"thumbnailUrl\":\"https:\/\/portaltela.pt\/s.01k8rhncp4jt1\/2026\/04\/2082469.jpg\",\"keywords\":[\"Acad\u00e9mica\",\"Europa\",\"extrema-direita\",\"internacionais\",\"pol\u00edtica\",\"Portugal\"],\"articleSection\":[\"Not\u00edcias\",\"Pol\u00edtica\"],\"inLanguage\":\"pt-PT\"},{\"@type\":\"WebPage\",\"@id\":\"https:\/\/portaltela.pt\/noticias\/2026\/04\/19\/valentim-diz-que-linhas-vermelhas-ficarao-onde-a-centro-direita-as-estabelecer\/\",\"url\":\"https:\/\/portaltela.pt\/noticias\/2026\/04\/19\/valentim-diz-que-linhas-vermelhas-ficarao-onde-a-centro-direita-as-estabelecer\/\",\"name\":\"Valentim diz que linhas vermelhas ficar\u00e3o onde a centro-direita as estabelecer - Portal Tela Portugal\",\"isPartOf\":{\"@id\":\"https:\/\/portaltela.pt\/#website\"},\"primaryImageOfPage\":{\"@id\":\"https:\/\/portaltela.pt\/noticias\/2026\/04\/19\/valentim-diz-que-linhas-vermelhas-ficarao-onde-a-centro-direita-as-estabelecer\/#primaryimage\"},\"image\":{\"@id\":\"https:\/\/portaltela.pt\/noticias\/2026\/04\/19\/valentim-diz-que-linhas-vermelhas-ficarao-onde-a-centro-direita-as-estabelecer\/#primaryimage\"},\"thumbnailUrl\":\"https:\/\/portaltela.pt\/s.01k8rhncp4jt1\/2026\/04\/2082469.jpg\",\"datePublished\":\"2026-04-19T06:26:00+00:00\",\"author\":{\"@id\":\"https:\/\/portaltela.pt\/#\/schema\/person\/c4278d4a6028830caff9ee44b42d32ed\"},\"breadcrumb\":{\"@id\":\"https:\/\/portaltela.pt\/noticias\/2026\/04\/19\/valentim-diz-que-linhas-vermelhas-ficarao-onde-a-centro-direita-as-estabelecer\/#breadcrumb\"},\"inLanguage\":\"pt-PT\",\"potentialAction\":[{\"@type\":\"ReadAction\",\"target\":[\"https:\/\/portaltela.pt\/noticias\/2026\/04\/19\/valentim-diz-que-linhas-vermelhas-ficarao-onde-a-centro-direita-as-estabelecer\/\"]}]},{\"@type\":\"ImageObject\",\"inLanguage\":\"pt-PT\",\"@id\":\"https:\/\/portaltela.pt\/noticias\/2026\/04\/19\/valentim-diz-que-linhas-vermelhas-ficarao-onde-a-centro-direita-as-estabelecer\/#primaryimage\",\"url\":\"https:\/\/portaltela.pt\/s.01k8rhncp4jt1\/2026\/04\/2082469.jpg\",\"contentUrl\":\"https:\/\/portaltela.pt\/s.01k8rhncp4jt1\/2026\/04\/2082469.jpg\",\"width\":796,\"height\":448,\"caption\":\"Vicente Valentim\"},{\"@type\":\"BreadcrumbList\",\"@id\":\"https:\/\/portaltela.pt\/noticias\/2026\/04\/19\/valentim-diz-que-linhas-vermelhas-ficarao-onde-a-centro-direita-as-estabelecer\/#breadcrumb\",\"itemListElement\":[{\"@type\":\"ListItem\",\"position\":1,\"name\":\"In\u00edcio\",\"item\":\"https:\/\/portaltela.pt\/\"},{\"@type\":\"ListItem\",\"position\":2,\"name\":\"Valentim diz que linhas vermelhas ficar\u00e3o onde a centro-direita as estabelecer\"}]},{\"@type\":\"WebSite\",\"@id\":\"https:\/\/portaltela.pt\/#website\",\"url\":\"https:\/\/portaltela.pt\/\",\"name\":\"Portal Tela Portugal\",\"description\":\"\",\"potentialAction\":[{\"@type\":\"SearchAction\",\"target\":{\"@type\":\"EntryPoint\",\"urlTemplate\":\"https:\/\/portaltela.pt\/?s={search_term_string}\"},\"query-input\":{\"@type\":\"PropertyValueSpecification\",\"valueRequired\":true,\"valueName\":\"search_term_string\"}}],\"inLanguage\":\"pt-PT\"},{\"@type\":\"Person\",\"@id\":\"https:\/\/portaltela.pt\/#\/schema\/person\/c4278d4a6028830caff9ee44b42d32ed\",\"name\":\"Telinha\",\"image\":{\"@type\":\"ImageObject\",\"inLanguage\":\"pt-PT\",\"@id\":\"https:\/\/portaltela.pt\/s.01k8rhncp4jt1\/2025\/11\/talking-bot-125x125.png\",\"url\":\"https:\/\/portaltela.pt\/s.01k8rhncp4jt1\/2025\/11\/talking-bot-125x125.png\",\"contentUrl\":\"https:\/\/portaltela.pt\/s.01k8rhncp4jt1\/2025\/11\/talking-bot-125x125.png\",\"caption\":\"Telinha\"},\"sameAs\":[\"https:\/\/portaltela.pt\/\"],\"url\":\"https:\/\/portaltela.pt\/por\/367410592786\/\"}]}<\/script>\n<!-- \/ Yoast SEO plugin. -->","yoast_head_json":{"title":"Valentim diz que linhas vermelhas ficar\u00e3o onde a centro-direita as estabelecer - Portal Tela Portugal","robots":{"index":"index","follow":"follow","max-snippet":"max-snippet:-1","max-image-preview":"max-image-preview:large","max-video-preview":"max-video-preview:-1"},"og_locale":"pt_PT","og_type":"article","og_title":"Valentim diz que linhas vermelhas ficar\u00e3o onde a centro-direita as estabelecer - Portal Tela Portugal","og_description":"Vicente Valentim defende que a normaliza\u00e7\u00e3o da direita radical est\u00e1 ligada \u00e0s elites pol\u00edticas e ao abandono do consenso existente no Portugal p\u00f3s-ditadura. O livro O Fim da Vergonha \u2013 Como a direita radical se normalizou, editado pela Oxford University Press e pela Gradiva, tem sido reconhecido com quase todos os pr\u00e9mios da \u00e1rea. Valentim tem 34 anos, \u00e9 professor de Ci\u00eancia Pol\u00edtica na Universidade IE em Madrid e membro associado do Nuffield College, em Oxford. O acad\u00e9mico revelou, em entrevista por videochamada a partir de Madrid, uma perspetiva interdisciplinar sobre como a pol\u00edtica atual molda normas sociais.","og_url":"https:\/\/portaltela.pt\/noticias\/2026\/04\/19\/valentim-diz-que-linhas-vermelhas-ficarao-onde-a-centro-direita-as-estabelecer\/","og_site_name":"Portal Tela Portugal","article_published_time":"2026-04-19T06:26:00+00:00","author":"Telinha","twitter_card":"summary_large_image","twitter_misc":{"Escrito por":"Telinha","Tempo estimado de leitura":"1 minuto"},"schema":{"@context":"https:\/\/schema.org","@graph":[{"@type":"Article","@id":"https:\/\/portaltela.pt\/noticias\/2026\/04\/19\/valentim-diz-que-linhas-vermelhas-ficarao-onde-a-centro-direita-as-estabelecer\/#article","isPartOf":{"@id":"https:\/\/portaltela.pt\/noticias\/2026\/04\/19\/valentim-diz-que-linhas-vermelhas-ficarao-onde-a-centro-direita-as-estabelecer\/"},"author":{"name":"Telinha","@id":"https:\/\/portaltela.pt\/#\/schema\/person\/c4278d4a6028830caff9ee44b42d32ed"},"headline":"Valentim diz que linhas vermelhas ficar\u00e3o onde a centro-direita as estabelecer","datePublished":"2026-04-19T06:26:00+00:00","mainEntityOfPage":{"@id":"https:\/\/portaltela.pt\/noticias\/2026\/04\/19\/valentim-diz-que-linhas-vermelhas-ficarao-onde-a-centro-direita-as-estabelecer\/"},"wordCount":267,"image":{"@id":"https:\/\/portaltela.pt\/noticias\/2026\/04\/19\/valentim-diz-que-linhas-vermelhas-ficarao-onde-a-centro-direita-as-estabelecer\/#primaryimage"},"thumbnailUrl":"https:\/\/portaltela.pt\/s.01k8rhncp4jt1\/2026\/04\/2082469.jpg","keywords":["Acad\u00e9mica","Europa","extrema-direita","internacionais","pol\u00edtica","Portugal"],"articleSection":["Not\u00edcias","Pol\u00edtica"],"inLanguage":"pt-PT"},{"@type":"WebPage","@id":"https:\/\/portaltela.pt\/noticias\/2026\/04\/19\/valentim-diz-que-linhas-vermelhas-ficarao-onde-a-centro-direita-as-estabelecer\/","url":"https:\/\/portaltela.pt\/noticias\/2026\/04\/19\/valentim-diz-que-linhas-vermelhas-ficarao-onde-a-centro-direita-as-estabelecer\/","name":"Valentim diz que linhas vermelhas ficar\u00e3o onde a centro-direita as estabelecer - Portal Tela Portugal","isPartOf":{"@id":"https:\/\/portaltela.pt\/#website"},"primaryImageOfPage":{"@id":"https:\/\/portaltela.pt\/noticias\/2026\/04\/19\/valentim-diz-que-linhas-vermelhas-ficarao-onde-a-centro-direita-as-estabelecer\/#primaryimage"},"image":{"@id":"https:\/\/portaltela.pt\/noticias\/2026\/04\/19\/valentim-diz-que-linhas-vermelhas-ficarao-onde-a-centro-direita-as-estabelecer\/#primaryimage"},"thumbnailUrl":"https:\/\/portaltela.pt\/s.01k8rhncp4jt1\/2026\/04\/2082469.jpg","datePublished":"2026-04-19T06:26:00+00:00","author":{"@id":"https:\/\/portaltela.pt\/#\/schema\/person\/c4278d4a6028830caff9ee44b42d32ed"},"breadcrumb":{"@id":"https:\/\/portaltela.pt\/noticias\/2026\/04\/19\/valentim-diz-que-linhas-vermelhas-ficarao-onde-a-centro-direita-as-estabelecer\/#breadcrumb"},"inLanguage":"pt-PT","potentialAction":[{"@type":"ReadAction","target":["https:\/\/portaltela.pt\/noticias\/2026\/04\/19\/valentim-diz-que-linhas-vermelhas-ficarao-onde-a-centro-direita-as-estabelecer\/"]}]},{"@type":"ImageObject","inLanguage":"pt-PT","@id":"https:\/\/portaltela.pt\/noticias\/2026\/04\/19\/valentim-diz-que-linhas-vermelhas-ficarao-onde-a-centro-direita-as-estabelecer\/#primaryimage","url":"https:\/\/portaltela.pt\/s.01k8rhncp4jt1\/2026\/04\/2082469.jpg","contentUrl":"https:\/\/portaltela.pt\/s.01k8rhncp4jt1\/2026\/04\/2082469.jpg","width":796,"height":448,"caption":"Vicente Valentim"},{"@type":"BreadcrumbList","@id":"https:\/\/portaltela.pt\/noticias\/2026\/04\/19\/valentim-diz-que-linhas-vermelhas-ficarao-onde-a-centro-direita-as-estabelecer\/#breadcrumb","itemListElement":[{"@type":"ListItem","position":1,"name":"In\u00edcio","item":"https:\/\/portaltela.pt\/"},{"@type":"ListItem","position":2,"name":"Valentim diz que linhas vermelhas ficar\u00e3o onde a centro-direita as estabelecer"}]},{"@type":"WebSite","@id":"https:\/\/portaltela.pt\/#website","url":"https:\/\/portaltela.pt\/","name":"Portal Tela Portugal","description":"","potentialAction":[{"@type":"SearchAction","target":{"@type":"EntryPoint","urlTemplate":"https:\/\/portaltela.pt\/?s={search_term_string}"},"query-input":{"@type":"PropertyValueSpecification","valueRequired":true,"valueName":"search_term_string"}}],"inLanguage":"pt-PT"},{"@type":"Person","@id":"https:\/\/portaltela.pt\/#\/schema\/person\/c4278d4a6028830caff9ee44b42d32ed","name":"Telinha","image":{"@type":"ImageObject","inLanguage":"pt-PT","@id":"https:\/\/portaltela.pt\/s.01k8rhncp4jt1\/2025\/11\/talking-bot-125x125.png","url":"https:\/\/portaltela.pt\/s.01k8rhncp4jt1\/2025\/11\/talking-bot-125x125.png","contentUrl":"https:\/\/portaltela.pt\/s.01k8rhncp4jt1\/2025\/11\/talking-bot-125x125.png","caption":"Telinha"},"sameAs":["https:\/\/portaltela.pt\/"],"url":"https:\/\/portaltela.pt\/por\/367410592786\/"}]}},"_links":{"self":[{"href":"https:\/\/portaltela.pt\/api\/wp\/v2\/posts\/449608","targetHints":{"allow":["GET"]}}],"collection":[{"href":"https:\/\/portaltela.pt\/api\/wp\/v2\/posts"}],"about":[{"href":"https:\/\/portaltela.pt\/api\/wp\/v2\/types\/post"}],"author":[{"embeddable":true,"href":"https:\/\/portaltela.pt\/api\/wp\/v2\/users\/2"}],"replies":[{"embeddable":true,"href":"https:\/\/portaltela.pt\/api\/wp\/v2\/comments?post=449608"}],"version-history":[{"count":0,"href":"https:\/\/portaltela.pt\/api\/wp\/v2\/posts\/449608\/revisions"}],"wp:featuredmedia":[{"embeddable":true,"href":"https:\/\/portaltela.pt\/api\/wp\/v2\/media\/449622"}],"wp:attachment":[{"href":"https:\/\/portaltela.pt\/api\/wp\/v2\/media?parent=449608"}],"wp:term":[{"taxonomy":"category","embeddable":true,"href":"https:\/\/portaltela.pt\/api\/wp\/v2\/categories?post=449608"},{"taxonomy":"post_tag","embeddable":true,"href":"https:\/\/portaltela.pt\/api\/wp\/v2\/tags?post=449608"}],"curies":[{"name":"wp","href":"https:\/\/api.w.org\/{rel}","templated":true}]}}