{"id":449606,"date":"2026-04-19T04:18:07","date_gmt":"2026-04-19T07:18:07","guid":{"rendered":"https:\/\/portaltela.pt\/noticias\/2026\/04\/19\/palcos-da-semana-traz-rap-poesia-e-opera-entre-folclore-e-mulheres-ao-trabalho\/"},"modified":"2026-04-19T04:18:07","modified_gmt":"2026-04-19T07:18:07","slug":"palcos-da-semana-traz-rap-poesia-e-opera-entre-folclore-e-mulheres-ao-trabalho","status":"publish","type":"post","link":"https:\/\/portaltela.pt\/series-e-filmes\/2026\/04\/19\/palcos-da-semana-traz-rap-poesia-e-opera-entre-folclore-e-mulheres-ao-trabalho\/","title":{"rendered":"Palcos da semana traz RAP, poesia e \u00f3pera entre folclore e mulheres ao trabalho"},"content":{"rendered":"<p>V\u00eam a\u00ed diversas propostas culturais para esta semana, com RAP, poesia e \u00f3pera a dialogar com o folclore e a tem\u00e1tica das mulheres no trabalho. Os programas combinam humor, m\u00fasica e cinema, em v\u00e1rias cidades de Portugal.<\/p>\n<p>Ricardo Ara\u00fajo Pereira apresenta stand-up em Verificando Se Voc\u00ea \u00c9 Humano, explorando humor contempor\u00e2neo numa apresenta\u00e7\u00e3o de palco.<\/p>\n<p>No S\u00e3o Carlos, a \u00f3pera Tannh\u00e4user, de Wagner, sobe \u00e0 cena, trazendo m\u00fasica e drama l\u00edrico para o espa\u00e7o hist\u00f3rico da cidade.<\/p>\n<h3>Cinema e poesia<\/h3>\n<p>No Porto Femme, o foco est\u00e1 no cinema, com Silent Rebellion, de Marie-Elsa Sgualdo, em destaque entre os filmes da programa\u00e7\u00e3o.<\/p>\n<p>O Festival de Poesia e M\u00fasica Foz C\u00f4a recebe Marco Neves e Sam the Kid, com o podcast Assim ou Assado a marcar presen\u00e7a no evento.<\/p>\n<h3>Teatro<\/h3>\n<p>O Theatro Circo acolhe Como Una Baguala Oscura, numa produ\u00e7\u00e3o que cruza elementos de teatro e m\u00fasica em uma leitura de folclore contempor\u00e2neo.<\/p>\n","protected":false},"excerpt":{"rendered":"<ul>\n<li>Ricardo Ara\u00fajo Pereira faz stand-up em Verificando Se Voc\u00ea \u00c9 Humano.<\/li>\n<li>O S\u00e3o Carlos leva \u00e0 cena Tannh\u00e4user, de Wagner.<\/li>\n<li>Silent Rebellion, de Marie-Elsa Sgualdo, \u00e9 um dos filmes em destaque no Porto Femme.<\/li>\n<li>O Festival de Poesia e M\u00fasica Foz C\u00f4a recebe Marco Neves e Sam the Kid com o podcast Assim ou Assado.<\/li>\n<li>O Theatro Circo \u00e9 palco de Como Una Baguala Oscura.<\/li>\n<\/ul>\n","protected":false},"author":2,"featured_media":449623,"comment_status":"closed","ping_status":"closed","sticky":false,"template":"","format":"standard","meta":{"footnotes":""},"categories":[7375,7368],"tags":[8111,7947,8233,8088,8364,5553],"class_list":["post-449606","post","type-post","status-publish","format-standard","has-post-thumbnail","hentry","category-cultura","category-series-e-filmes","tag-_cinema","tag-_mulheres","tag-_musica","tag-_porto","tag-_teatro","tag-poesia"],"yoast_head":"<!-- This site is optimized with the Yoast SEO plugin v27.2 - https:\/\/yoast.com\/product\/yoast-seo-wordpress\/ -->\n<title>Palcos da semana traz RAP, poesia e \u00f3pera entre folclore e mulheres ao trabalho - Portal Tela Portugal<\/title>\n<meta name=\"robots\" content=\"index, follow, max-snippet:-1, max-image-preview:large, max-video-preview:-1\" \/>\n<meta property=\"og:locale\" content=\"pt_PT\" \/>\n<meta property=\"og:type\" content=\"article\" \/>\n<meta property=\"og:title\" content=\"Palcos da semana traz RAP, poesia e \u00f3pera entre folclore e mulheres ao trabalho - Portal Tela Portugal\" \/>\n<meta property=\"og:description\" content=\"Ricardo Ara\u00fajo Pereira faz stand-up em Verificando Se Voc\u00ea \u00c9 Humano. O S\u00e3o Carlos leva \u00e0 cena Tannh\u00e4user, de Wagner. Silent Rebellion, de Marie-Elsa Sgualdo, \u00e9 um dos filmes em destaque no Porto Femme. O Festival de Poesia e M\u00fasica Foz C\u00f4a recebe Marco Neves e Sam the Kid com o podcast Assim ou Assado. O Theatro Circo \u00e9 palco de Como Una Baguala Oscura.\" \/>\n<meta property=\"og:url\" content=\"https:\/\/portaltela.pt\/noticias\/2026\/04\/19\/palcos-da-semana-traz-rap-poesia-e-opera-entre-folclore-e-mulheres-ao-trabalho\/\" \/>\n<meta property=\"og:site_name\" content=\"Portal Tela Portugal\" \/>\n<meta property=\"article:published_time\" content=\"2026-04-19T07:18:07+00:00\" \/>\n<meta name=\"author\" content=\"Telinha\" \/>\n<meta name=\"twitter:card\" content=\"summary_large_image\" \/>\n<meta name=\"twitter:label1\" content=\"Escrito por\" \/>\n\t<meta name=\"twitter:data1\" content=\"Telinha\" \/>\n\t<meta name=\"twitter:label2\" content=\"Tempo estimado de leitura\" \/>\n\t<meta name=\"twitter:data2\" content=\"1 minuto\" \/>\n<script type=\"application\/ld+json\" class=\"yoast-schema-graph\">{\"@context\":\"https:\/\/schema.org\",\"@graph\":[{\"@type\":\"Article\",\"@id\":\"https:\/\/portaltela.pt\/noticias\/2026\/04\/19\/palcos-da-semana-traz-rap-poesia-e-opera-entre-folclore-e-mulheres-ao-trabalho\/#article\",\"isPartOf\":{\"@id\":\"https:\/\/portaltela.pt\/noticias\/2026\/04\/19\/palcos-da-semana-traz-rap-poesia-e-opera-entre-folclore-e-mulheres-ao-trabalho\/\"},\"author\":{\"name\":\"Telinha\",\"@id\":\"https:\/\/portaltela.pt\/#\/schema\/person\/c4278d4a6028830caff9ee44b42d32ed\"},\"headline\":\"Palcos da semana traz RAP, poesia e \u00f3pera entre folclore e mulheres ao trabalho\",\"datePublished\":\"2026-04-19T07:18:07+00:00\",\"mainEntityOfPage\":{\"@id\":\"https:\/\/portaltela.pt\/noticias\/2026\/04\/19\/palcos-da-semana-traz-rap-poesia-e-opera-entre-folclore-e-mulheres-ao-trabalho\/\"},\"wordCount\":183,\"image\":{\"@id\":\"https:\/\/portaltela.pt\/noticias\/2026\/04\/19\/palcos-da-semana-traz-rap-poesia-e-opera-entre-folclore-e-mulheres-ao-trabalho\/#primaryimage\"},\"thumbnailUrl\":\"https:\/\/portaltela.pt\/s.01k8rhncp4jt1\/2026\/04\/2082088.jpg\",\"keywords\":[\"_cinema\",\"_mulheres\",\"_m\u00fasica\",\"_Porto\",\"_teatro\",\"poesia\"],\"articleSection\":[\"Cultura\",\"S\u00e9ries e filmes\"],\"inLanguage\":\"pt-PT\"},{\"@type\":\"WebPage\",\"@id\":\"https:\/\/portaltela.pt\/noticias\/2026\/04\/19\/palcos-da-semana-traz-rap-poesia-e-opera-entre-folclore-e-mulheres-ao-trabalho\/\",\"url\":\"https:\/\/portaltela.pt\/noticias\/2026\/04\/19\/palcos-da-semana-traz-rap-poesia-e-opera-entre-folclore-e-mulheres-ao-trabalho\/\",\"name\":\"Palcos da semana traz RAP, poesia e \u00f3pera entre folclore e mulheres ao trabalho - Portal Tela Portugal\",\"isPartOf\":{\"@id\":\"https:\/\/portaltela.pt\/#website\"},\"primaryImageOfPage\":{\"@id\":\"https:\/\/portaltela.pt\/noticias\/2026\/04\/19\/palcos-da-semana-traz-rap-poesia-e-opera-entre-folclore-e-mulheres-ao-trabalho\/#primaryimage\"},\"image\":{\"@id\":\"https:\/\/portaltela.pt\/noticias\/2026\/04\/19\/palcos-da-semana-traz-rap-poesia-e-opera-entre-folclore-e-mulheres-ao-trabalho\/#primaryimage\"},\"thumbnailUrl\":\"https:\/\/portaltela.pt\/s.01k8rhncp4jt1\/2026\/04\/2082088.jpg\",\"datePublished\":\"2026-04-19T07:18:07+00:00\",\"author\":{\"@id\":\"https:\/\/portaltela.pt\/#\/schema\/person\/c4278d4a6028830caff9ee44b42d32ed\"},\"breadcrumb\":{\"@id\":\"https:\/\/portaltela.pt\/noticias\/2026\/04\/19\/palcos-da-semana-traz-rap-poesia-e-opera-entre-folclore-e-mulheres-ao-trabalho\/#breadcrumb\"},\"inLanguage\":\"pt-PT\",\"potentialAction\":[{\"@type\":\"ReadAction\",\"target\":[\"https:\/\/portaltela.pt\/noticias\/2026\/04\/19\/palcos-da-semana-traz-rap-poesia-e-opera-entre-folclore-e-mulheres-ao-trabalho\/\"]}]},{\"@type\":\"ImageObject\",\"inLanguage\":\"pt-PT\",\"@id\":\"https:\/\/portaltela.pt\/noticias\/2026\/04\/19\/palcos-da-semana-traz-rap-poesia-e-opera-entre-folclore-e-mulheres-ao-trabalho\/#primaryimage\",\"url\":\"https:\/\/portaltela.pt\/s.01k8rhncp4jt1\/2026\/04\/2082088.jpg\",\"contentUrl\":\"https:\/\/portaltela.pt\/s.01k8rhncp4jt1\/2026\/04\/2082088.jpg\",\"width\":796,\"height\":448,\"caption\":\"Ricardo Ara\u00fajo Pereira faz stand-up em Verificando Se Voc\u00ea \u00c9 Humano\"},{\"@type\":\"BreadcrumbList\",\"@id\":\"https:\/\/portaltela.pt\/noticias\/2026\/04\/19\/palcos-da-semana-traz-rap-poesia-e-opera-entre-folclore-e-mulheres-ao-trabalho\/#breadcrumb\",\"itemListElement\":[{\"@type\":\"ListItem\",\"position\":1,\"name\":\"In\u00edcio\",\"item\":\"https:\/\/portaltela.pt\/\"},{\"@type\":\"ListItem\",\"position\":2,\"name\":\"Palcos da semana traz RAP, poesia e \u00f3pera entre folclore e mulheres ao trabalho\"}]},{\"@type\":\"WebSite\",\"@id\":\"https:\/\/portaltela.pt\/#website\",\"url\":\"https:\/\/portaltela.pt\/\",\"name\":\"Portal Tela Portugal\",\"description\":\"\",\"potentialAction\":[{\"@type\":\"SearchAction\",\"target\":{\"@type\":\"EntryPoint\",\"urlTemplate\":\"https:\/\/portaltela.pt\/?s={search_term_string}\"},\"query-input\":{\"@type\":\"PropertyValueSpecification\",\"valueRequired\":true,\"valueName\":\"search_term_string\"}}],\"inLanguage\":\"pt-PT\"},{\"@type\":\"Person\",\"@id\":\"https:\/\/portaltela.pt\/#\/schema\/person\/c4278d4a6028830caff9ee44b42d32ed\",\"name\":\"Telinha\",\"image\":{\"@type\":\"ImageObject\",\"inLanguage\":\"pt-PT\",\"@id\":\"https:\/\/portaltela.pt\/s.01k8rhncp4jt1\/2025\/11\/talking-bot-125x125.png\",\"url\":\"https:\/\/portaltela.pt\/s.01k8rhncp4jt1\/2025\/11\/talking-bot-125x125.png\",\"contentUrl\":\"https:\/\/portaltela.pt\/s.01k8rhncp4jt1\/2025\/11\/talking-bot-125x125.png\",\"caption\":\"Telinha\"},\"sameAs\":[\"https:\/\/portaltela.pt\/\"],\"url\":\"https:\/\/portaltela.pt\/por\/367410592786\/\"}]}<\/script>\n<!-- \/ Yoast SEO plugin. -->","yoast_head_json":{"title":"Palcos da semana traz RAP, poesia e \u00f3pera entre folclore e mulheres ao trabalho - Portal Tela Portugal","robots":{"index":"index","follow":"follow","max-snippet":"max-snippet:-1","max-image-preview":"max-image-preview:large","max-video-preview":"max-video-preview:-1"},"og_locale":"pt_PT","og_type":"article","og_title":"Palcos da semana traz RAP, poesia e \u00f3pera entre folclore e mulheres ao trabalho - Portal Tela Portugal","og_description":"Ricardo Ara\u00fajo Pereira faz stand-up em Verificando Se Voc\u00ea \u00c9 Humano. O S\u00e3o Carlos leva \u00e0 cena Tannh\u00e4user, de Wagner. Silent Rebellion, de Marie-Elsa Sgualdo, \u00e9 um dos filmes em destaque no Porto Femme. O Festival de Poesia e M\u00fasica Foz C\u00f4a recebe Marco Neves e Sam the Kid com o podcast Assim ou Assado. O Theatro Circo \u00e9 palco de Como Una Baguala Oscura.","og_url":"https:\/\/portaltela.pt\/noticias\/2026\/04\/19\/palcos-da-semana-traz-rap-poesia-e-opera-entre-folclore-e-mulheres-ao-trabalho\/","og_site_name":"Portal Tela Portugal","article_published_time":"2026-04-19T07:18:07+00:00","author":"Telinha","twitter_card":"summary_large_image","twitter_misc":{"Escrito por":"Telinha","Tempo estimado de leitura":"1 minuto"},"schema":{"@context":"https:\/\/schema.org","@graph":[{"@type":"Article","@id":"https:\/\/portaltela.pt\/noticias\/2026\/04\/19\/palcos-da-semana-traz-rap-poesia-e-opera-entre-folclore-e-mulheres-ao-trabalho\/#article","isPartOf":{"@id":"https:\/\/portaltela.pt\/noticias\/2026\/04\/19\/palcos-da-semana-traz-rap-poesia-e-opera-entre-folclore-e-mulheres-ao-trabalho\/"},"author":{"name":"Telinha","@id":"https:\/\/portaltela.pt\/#\/schema\/person\/c4278d4a6028830caff9ee44b42d32ed"},"headline":"Palcos da semana traz RAP, poesia e \u00f3pera entre folclore e mulheres ao trabalho","datePublished":"2026-04-19T07:18:07+00:00","mainEntityOfPage":{"@id":"https:\/\/portaltela.pt\/noticias\/2026\/04\/19\/palcos-da-semana-traz-rap-poesia-e-opera-entre-folclore-e-mulheres-ao-trabalho\/"},"wordCount":183,"image":{"@id":"https:\/\/portaltela.pt\/noticias\/2026\/04\/19\/palcos-da-semana-traz-rap-poesia-e-opera-entre-folclore-e-mulheres-ao-trabalho\/#primaryimage"},"thumbnailUrl":"https:\/\/portaltela.pt\/s.01k8rhncp4jt1\/2026\/04\/2082088.jpg","keywords":["_cinema","_mulheres","_m\u00fasica","_Porto","_teatro","poesia"],"articleSection":["Cultura","S\u00e9ries e filmes"],"inLanguage":"pt-PT"},{"@type":"WebPage","@id":"https:\/\/portaltela.pt\/noticias\/2026\/04\/19\/palcos-da-semana-traz-rap-poesia-e-opera-entre-folclore-e-mulheres-ao-trabalho\/","url":"https:\/\/portaltela.pt\/noticias\/2026\/04\/19\/palcos-da-semana-traz-rap-poesia-e-opera-entre-folclore-e-mulheres-ao-trabalho\/","name":"Palcos da semana traz RAP, poesia e \u00f3pera entre folclore e mulheres ao trabalho - Portal Tela Portugal","isPartOf":{"@id":"https:\/\/portaltela.pt\/#website"},"primaryImageOfPage":{"@id":"https:\/\/portaltela.pt\/noticias\/2026\/04\/19\/palcos-da-semana-traz-rap-poesia-e-opera-entre-folclore-e-mulheres-ao-trabalho\/#primaryimage"},"image":{"@id":"https:\/\/portaltela.pt\/noticias\/2026\/04\/19\/palcos-da-semana-traz-rap-poesia-e-opera-entre-folclore-e-mulheres-ao-trabalho\/#primaryimage"},"thumbnailUrl":"https:\/\/portaltela.pt\/s.01k8rhncp4jt1\/2026\/04\/2082088.jpg","datePublished":"2026-04-19T07:18:07+00:00","author":{"@id":"https:\/\/portaltela.pt\/#\/schema\/person\/c4278d4a6028830caff9ee44b42d32ed"},"breadcrumb":{"@id":"https:\/\/portaltela.pt\/noticias\/2026\/04\/19\/palcos-da-semana-traz-rap-poesia-e-opera-entre-folclore-e-mulheres-ao-trabalho\/#breadcrumb"},"inLanguage":"pt-PT","potentialAction":[{"@type":"ReadAction","target":["https:\/\/portaltela.pt\/noticias\/2026\/04\/19\/palcos-da-semana-traz-rap-poesia-e-opera-entre-folclore-e-mulheres-ao-trabalho\/"]}]},{"@type":"ImageObject","inLanguage":"pt-PT","@id":"https:\/\/portaltela.pt\/noticias\/2026\/04\/19\/palcos-da-semana-traz-rap-poesia-e-opera-entre-folclore-e-mulheres-ao-trabalho\/#primaryimage","url":"https:\/\/portaltela.pt\/s.01k8rhncp4jt1\/2026\/04\/2082088.jpg","contentUrl":"https:\/\/portaltela.pt\/s.01k8rhncp4jt1\/2026\/04\/2082088.jpg","width":796,"height":448,"caption":"Ricardo Ara\u00fajo Pereira faz stand-up em Verificando Se Voc\u00ea \u00c9 Humano"},{"@type":"BreadcrumbList","@id":"https:\/\/portaltela.pt\/noticias\/2026\/04\/19\/palcos-da-semana-traz-rap-poesia-e-opera-entre-folclore-e-mulheres-ao-trabalho\/#breadcrumb","itemListElement":[{"@type":"ListItem","position":1,"name":"In\u00edcio","item":"https:\/\/portaltela.pt\/"},{"@type":"ListItem","position":2,"name":"Palcos da semana traz RAP, poesia e \u00f3pera entre folclore e mulheres ao trabalho"}]},{"@type":"WebSite","@id":"https:\/\/portaltela.pt\/#website","url":"https:\/\/portaltela.pt\/","name":"Portal Tela Portugal","description":"","potentialAction":[{"@type":"SearchAction","target":{"@type":"EntryPoint","urlTemplate":"https:\/\/portaltela.pt\/?s={search_term_string}"},"query-input":{"@type":"PropertyValueSpecification","valueRequired":true,"valueName":"search_term_string"}}],"inLanguage":"pt-PT"},{"@type":"Person","@id":"https:\/\/portaltela.pt\/#\/schema\/person\/c4278d4a6028830caff9ee44b42d32ed","name":"Telinha","image":{"@type":"ImageObject","inLanguage":"pt-PT","@id":"https:\/\/portaltela.pt\/s.01k8rhncp4jt1\/2025\/11\/talking-bot-125x125.png","url":"https:\/\/portaltela.pt\/s.01k8rhncp4jt1\/2025\/11\/talking-bot-125x125.png","contentUrl":"https:\/\/portaltela.pt\/s.01k8rhncp4jt1\/2025\/11\/talking-bot-125x125.png","caption":"Telinha"},"sameAs":["https:\/\/portaltela.pt\/"],"url":"https:\/\/portaltela.pt\/por\/367410592786\/"}]}},"_links":{"self":[{"href":"https:\/\/portaltela.pt\/api\/wp\/v2\/posts\/449606","targetHints":{"allow":["GET"]}}],"collection":[{"href":"https:\/\/portaltela.pt\/api\/wp\/v2\/posts"}],"about":[{"href":"https:\/\/portaltela.pt\/api\/wp\/v2\/types\/post"}],"author":[{"embeddable":true,"href":"https:\/\/portaltela.pt\/api\/wp\/v2\/users\/2"}],"replies":[{"embeddable":true,"href":"https:\/\/portaltela.pt\/api\/wp\/v2\/comments?post=449606"}],"version-history":[{"count":0,"href":"https:\/\/portaltela.pt\/api\/wp\/v2\/posts\/449606\/revisions"}],"wp:featuredmedia":[{"embeddable":true,"href":"https:\/\/portaltela.pt\/api\/wp\/v2\/media\/449623"}],"wp:attachment":[{"href":"https:\/\/portaltela.pt\/api\/wp\/v2\/media?parent=449606"}],"wp:term":[{"taxonomy":"category","embeddable":true,"href":"https:\/\/portaltela.pt\/api\/wp\/v2\/categories?post=449606"},{"taxonomy":"post_tag","embeddable":true,"href":"https:\/\/portaltela.pt\/api\/wp\/v2\/tags?post=449606"}],"curies":[{"name":"wp","href":"https:\/\/api.w.org\/{rel}","templated":true}]}}