{"id":449603,"date":"2026-04-19T04:18:06","date_gmt":"2026-04-19T07:18:06","guid":{"rendered":"https:\/\/portaltela.pt\/noticias\/2026\/04\/19\/estranho-processo-de-exportacao-da-palavra-resiliencia-para-a-alma-humana\/"},"modified":"2026-04-19T04:18:06","modified_gmt":"2026-04-19T07:18:06","slug":"estranho-processo-de-exportacao-da-palavra-resiliencia-para-a-alma-humana","status":"publish","type":"post","link":"https:\/\/portaltela.pt\/noticias\/2026\/04\/19\/estranho-processo-de-exportacao-da-palavra-resiliencia-para-a-alma-humana\/","title":{"rendered":"Estranho processo de exporta\u00e7\u00e3o da palavra resili\u00eancia para a alma humana"},"content":{"rendered":"<p>O fil\u00f3sofo Jean-Philippe Pierron questiona a trajet\u00f3ria da palavra resili\u00eancia, exportada da engenharia para a psicologia. Ele analisa como o termo passou de representar metais resistentes a choques para descrever a capacidade humana de superar traumas.<\/p>\n<p>Em menos de uma d\u00e9cada, a express\u00e3o atravessou disciplinas, segundo Pierron, que sustenta que a mudan\u00e7a de \u00e2mbito alterou o sentido original. A ideia de que a resili\u00eancia \u201cretoma\u201d o equil\u00edbrio after trauma \u00e9 vista por ele como uma f\u00e1bula.<\/p>\n<p>Pierron afirma que a exporta\u00e7\u00e3o n\u00e3o foi inocente e que a met\u00e1fora favorece uma vis\u00e3o de supera\u00e7\u00e3o universal. Para ele, trauma, infort\u00fanio e mal fazem parte da condi\u00e7\u00e3o humana, sem garantias de recupera\u00e7\u00e3o r\u00e1pida.<\/p>\n<p>O autor prop\u00f5e uma leitura cr\u00edtica: n\u00e3o \u00e9 poss\u00edvel apagar o passado nem reconstituir a vida exatamente como era antes. A vida p\u00f3s-trauma envolve reconfigura\u00e7\u00f5es internas que n\u00e3o se reduzem a um retorno ao estado inicial.<\/p>\n<p>Segundo Pierron, a resili\u00eancia ignora, com frequ\u00eancia, a necessidade de inven\u00e7\u00e3o pessoal em face dos reveses. Essa for\u00e7a criativa n\u00e3o luta contra o insuport\u00e1vel, mas permite viver com ele, mantendo a dignidade.<\/p>\n<p>A an\u00e1lise distingue o que \u00e9 recupera\u00e7\u00e3o de uma vida transformada. Para ele, doen\u00e7as, perdas e momentos extremos criam novas fases biogr\u00e1ficas, onde a pessoa continua a existir, mudada e n\u00e3o est\u00e1tica.<\/p>\n","protected":false},"excerpt":{"rendered":"<ul>\n<li>O termo resili\u00eancia nasceu na engenharia para descrever a capacidade de um metal resistir a choques e tens\u00f5es, e foi exportado para a psicologia para designar a supera\u00e7\u00e3o de traumas.<\/li>\n<li>O fil\u00f3sofo Jean-Philippe Pierron critica esse trajeto, vendo-o como uma f\u00e1bula que promete recupera\u00e7\u00e3o r\u00e1pida ao acionar \u201co bot\u00e3o\u201d da for\u00e7a interior.<\/li>\n<li>Ele sustenta que trauma, infelicidade e mal existem, e que a vida n\u00e3o volta ao estado inicial; ocorre uma reconfigura\u00e7\u00e3o interna da alma.<\/li>\n<li>A narrativa da resili\u00eancia, segundo Pierron, cria um hero\u00edsmo ligado ao bem-estar e \u00e0 dignidade moral, excluindo quem n\u00e3o consegue superar o infort\u00fanio.<\/li>\n<li>Em situa\u00e7\u00f5es extremas, a ideia de recupera\u00e7\u00e3o pode falhar, j\u00e1 que doen\u00e7as, perdas e traumas geram mudan\u00e7as profundas que n\u00e3o se anulam, exigindo inven\u00e7\u00e3o criativa para enfrentar o insustent\u00e1vel.<\/li>\n<\/ul>\n","protected":false},"author":2,"featured_media":449612,"comment_status":"closed","ping_status":"closed","sticky":false,"template":"","format":"standard","meta":{"footnotes":""},"categories":[7375,1],"tags":[6825,145,2894,2249,7438,55],"class_list":["post-449603","post","type-post","status-publish","format-standard","has-post-thumbnail","hentry","category-cultura","category-noticias","tag-antropologia","tag-cultura","tag-filosofia","tag-psicologia","tag-psicossocial","tag-saude-mental"],"yoast_head":"<!-- This site is optimized with the Yoast SEO plugin v27.2 - https:\/\/yoast.com\/product\/yoast-seo-wordpress\/ -->\n<title>Estranho processo de exporta\u00e7\u00e3o da palavra resili\u00eancia para a alma humana - Portal Tela Portugal<\/title>\n<meta name=\"robots\" content=\"index, follow, max-snippet:-1, max-image-preview:large, max-video-preview:-1\" \/>\n<meta property=\"og:locale\" content=\"pt_PT\" \/>\n<meta property=\"og:type\" content=\"article\" \/>\n<meta property=\"og:title\" content=\"Estranho processo de exporta\u00e7\u00e3o da palavra resili\u00eancia para a alma humana - Portal Tela Portugal\" \/>\n<meta property=\"og:description\" content=\"O termo resili\u00eancia nasceu na engenharia para descrever a capacidade de um metal resistir a choques e tens\u00f5es, e foi exportado para a psicologia para designar a supera\u00e7\u00e3o de traumas. O fil\u00f3sofo Jean-Philippe Pierron critica esse trajeto, vendo-o como uma f\u00e1bula que promete recupera\u00e7\u00e3o r\u00e1pida ao acionar \u201co bot\u00e3o\u201d da for\u00e7a interior. Ele sustenta que trauma, infelicidade e mal existem, e que a vida n\u00e3o volta ao estado inicial; ocorre uma reconfigura\u00e7\u00e3o interna da alma. A narrativa da resili\u00eancia, segundo Pierron, cria um hero\u00edsmo ligado ao bem-estar e \u00e0 dignidade moral, excluindo quem n\u00e3o consegue superar o infort\u00fanio. Em situa\u00e7\u00f5es extremas, a ideia de recupera\u00e7\u00e3o pode falhar, j\u00e1 que doen\u00e7as, perdas e traumas geram mudan\u00e7as profundas que n\u00e3o se anulam, exigindo inven\u00e7\u00e3o criativa para enfrentar o insustent\u00e1vel.\" \/>\n<meta property=\"og:url\" content=\"https:\/\/portaltela.pt\/noticias\/2026\/04\/19\/estranho-processo-de-exportacao-da-palavra-resiliencia-para-a-alma-humana\/\" \/>\n<meta property=\"og:site_name\" content=\"Portal Tela Portugal\" \/>\n<meta property=\"article:published_time\" content=\"2026-04-19T07:18:06+00:00\" \/>\n<meta name=\"author\" content=\"Telinha\" \/>\n<meta name=\"twitter:card\" content=\"summary_large_image\" \/>\n<meta name=\"twitter:label1\" content=\"Escrito por\" \/>\n\t<meta name=\"twitter:data1\" content=\"Telinha\" \/>\n\t<meta name=\"twitter:label2\" content=\"Tempo estimado de leitura\" \/>\n\t<meta name=\"twitter:data2\" content=\"1 minuto\" \/>\n<script type=\"application\/ld+json\" class=\"yoast-schema-graph\">{\"@context\":\"https:\/\/schema.org\",\"@graph\":[{\"@type\":\"Article\",\"@id\":\"https:\/\/portaltela.pt\/noticias\/2026\/04\/19\/estranho-processo-de-exportacao-da-palavra-resiliencia-para-a-alma-humana\/#article\",\"isPartOf\":{\"@id\":\"https:\/\/portaltela.pt\/noticias\/2026\/04\/19\/estranho-processo-de-exportacao-da-palavra-resiliencia-para-a-alma-humana\/\"},\"author\":{\"name\":\"Telinha\",\"@id\":\"https:\/\/portaltela.pt\/#\/schema\/person\/c4278d4a6028830caff9ee44b42d32ed\"},\"headline\":\"Estranho processo de exporta\u00e7\u00e3o da palavra resili\u00eancia para a alma humana\",\"datePublished\":\"2026-04-19T07:18:06+00:00\",\"mainEntityOfPage\":{\"@id\":\"https:\/\/portaltela.pt\/noticias\/2026\/04\/19\/estranho-processo-de-exportacao-da-palavra-resiliencia-para-a-alma-humana\/\"},\"wordCount\":257,\"image\":{\"@id\":\"https:\/\/portaltela.pt\/noticias\/2026\/04\/19\/estranho-processo-de-exportacao-da-palavra-resiliencia-para-a-alma-humana\/#primaryimage\"},\"thumbnailUrl\":\"https:\/\/portaltela.pt\/s.01k8rhncp4jt1\/2026\/04\/2082320.jpg\",\"keywords\":[\"antropologia\",\"cultura\",\"filosofia\",\"psicologia\",\"psicossocial\",\"sa\u00fade mental\"],\"articleSection\":[\"Cultura\",\"Not\u00edcias\"],\"inLanguage\":\"pt-PT\"},{\"@type\":\"WebPage\",\"@id\":\"https:\/\/portaltela.pt\/noticias\/2026\/04\/19\/estranho-processo-de-exportacao-da-palavra-resiliencia-para-a-alma-humana\/\",\"url\":\"https:\/\/portaltela.pt\/noticias\/2026\/04\/19\/estranho-processo-de-exportacao-da-palavra-resiliencia-para-a-alma-humana\/\",\"name\":\"Estranho processo de exporta\u00e7\u00e3o da palavra resili\u00eancia para a alma humana - Portal Tela Portugal\",\"isPartOf\":{\"@id\":\"https:\/\/portaltela.pt\/#website\"},\"primaryImageOfPage\":{\"@id\":\"https:\/\/portaltela.pt\/noticias\/2026\/04\/19\/estranho-processo-de-exportacao-da-palavra-resiliencia-para-a-alma-humana\/#primaryimage\"},\"image\":{\"@id\":\"https:\/\/portaltela.pt\/noticias\/2026\/04\/19\/estranho-processo-de-exportacao-da-palavra-resiliencia-para-a-alma-humana\/#primaryimage\"},\"thumbnailUrl\":\"https:\/\/portaltela.pt\/s.01k8rhncp4jt1\/2026\/04\/2082320.jpg\",\"datePublished\":\"2026-04-19T07:18:06+00:00\",\"author\":{\"@id\":\"https:\/\/portaltela.pt\/#\/schema\/person\/c4278d4a6028830caff9ee44b42d32ed\"},\"breadcrumb\":{\"@id\":\"https:\/\/portaltela.pt\/noticias\/2026\/04\/19\/estranho-processo-de-exportacao-da-palavra-resiliencia-para-a-alma-humana\/#breadcrumb\"},\"inLanguage\":\"pt-PT\",\"potentialAction\":[{\"@type\":\"ReadAction\",\"target\":[\"https:\/\/portaltela.pt\/noticias\/2026\/04\/19\/estranho-processo-de-exportacao-da-palavra-resiliencia-para-a-alma-humana\/\"]}]},{\"@type\":\"ImageObject\",\"inLanguage\":\"pt-PT\",\"@id\":\"https:\/\/portaltela.pt\/noticias\/2026\/04\/19\/estranho-processo-de-exportacao-da-palavra-resiliencia-para-a-alma-humana\/#primaryimage\",\"url\":\"https:\/\/portaltela.pt\/s.01k8rhncp4jt1\/2026\/04\/2082320.jpg\",\"contentUrl\":\"https:\/\/portaltela.pt\/s.01k8rhncp4jt1\/2026\/04\/2082320.jpg\",\"width\":796,\"height\":448,\"caption\":\"O voc\u00e1bulo \\\"resili\u00eancia\\\" foi exportado da \u00e1rea da engenharia para o dom\u00ednio da psicologia\"},{\"@type\":\"BreadcrumbList\",\"@id\":\"https:\/\/portaltela.pt\/noticias\/2026\/04\/19\/estranho-processo-de-exportacao-da-palavra-resiliencia-para-a-alma-humana\/#breadcrumb\",\"itemListElement\":[{\"@type\":\"ListItem\",\"position\":1,\"name\":\"In\u00edcio\",\"item\":\"https:\/\/portaltela.pt\/\"},{\"@type\":\"ListItem\",\"position\":2,\"name\":\"Estranho processo de exporta\u00e7\u00e3o da palavra resili\u00eancia para a alma humana\"}]},{\"@type\":\"WebSite\",\"@id\":\"https:\/\/portaltela.pt\/#website\",\"url\":\"https:\/\/portaltela.pt\/\",\"name\":\"Portal Tela Portugal\",\"description\":\"\",\"potentialAction\":[{\"@type\":\"SearchAction\",\"target\":{\"@type\":\"EntryPoint\",\"urlTemplate\":\"https:\/\/portaltela.pt\/?s={search_term_string}\"},\"query-input\":{\"@type\":\"PropertyValueSpecification\",\"valueRequired\":true,\"valueName\":\"search_term_string\"}}],\"inLanguage\":\"pt-PT\"},{\"@type\":\"Person\",\"@id\":\"https:\/\/portaltela.pt\/#\/schema\/person\/c4278d4a6028830caff9ee44b42d32ed\",\"name\":\"Telinha\",\"image\":{\"@type\":\"ImageObject\",\"inLanguage\":\"pt-PT\",\"@id\":\"https:\/\/portaltela.pt\/s.01k8rhncp4jt1\/2025\/11\/talking-bot-125x125.png\",\"url\":\"https:\/\/portaltela.pt\/s.01k8rhncp4jt1\/2025\/11\/talking-bot-125x125.png\",\"contentUrl\":\"https:\/\/portaltela.pt\/s.01k8rhncp4jt1\/2025\/11\/talking-bot-125x125.png\",\"caption\":\"Telinha\"},\"sameAs\":[\"https:\/\/portaltela.pt\/\"],\"url\":\"https:\/\/portaltela.pt\/por\/367410592786\/\"}]}<\/script>\n<!-- \/ Yoast SEO plugin. -->","yoast_head_json":{"title":"Estranho processo de exporta\u00e7\u00e3o da palavra resili\u00eancia para a alma humana - Portal Tela Portugal","robots":{"index":"index","follow":"follow","max-snippet":"max-snippet:-1","max-image-preview":"max-image-preview:large","max-video-preview":"max-video-preview:-1"},"og_locale":"pt_PT","og_type":"article","og_title":"Estranho processo de exporta\u00e7\u00e3o da palavra resili\u00eancia para a alma humana - Portal Tela Portugal","og_description":"O termo resili\u00eancia nasceu na engenharia para descrever a capacidade de um metal resistir a choques e tens\u00f5es, e foi exportado para a psicologia para designar a supera\u00e7\u00e3o de traumas. O fil\u00f3sofo Jean-Philippe Pierron critica esse trajeto, vendo-o como uma f\u00e1bula que promete recupera\u00e7\u00e3o r\u00e1pida ao acionar \u201co bot\u00e3o\u201d da for\u00e7a interior. Ele sustenta que trauma, infelicidade e mal existem, e que a vida n\u00e3o volta ao estado inicial; ocorre uma reconfigura\u00e7\u00e3o interna da alma. A narrativa da resili\u00eancia, segundo Pierron, cria um hero\u00edsmo ligado ao bem-estar e \u00e0 dignidade moral, excluindo quem n\u00e3o consegue superar o infort\u00fanio. Em situa\u00e7\u00f5es extremas, a ideia de recupera\u00e7\u00e3o pode falhar, j\u00e1 que doen\u00e7as, perdas e traumas geram mudan\u00e7as profundas que n\u00e3o se anulam, exigindo inven\u00e7\u00e3o criativa para enfrentar o insustent\u00e1vel.","og_url":"https:\/\/portaltela.pt\/noticias\/2026\/04\/19\/estranho-processo-de-exportacao-da-palavra-resiliencia-para-a-alma-humana\/","og_site_name":"Portal Tela Portugal","article_published_time":"2026-04-19T07:18:06+00:00","author":"Telinha","twitter_card":"summary_large_image","twitter_misc":{"Escrito por":"Telinha","Tempo estimado de leitura":"1 minuto"},"schema":{"@context":"https:\/\/schema.org","@graph":[{"@type":"Article","@id":"https:\/\/portaltela.pt\/noticias\/2026\/04\/19\/estranho-processo-de-exportacao-da-palavra-resiliencia-para-a-alma-humana\/#article","isPartOf":{"@id":"https:\/\/portaltela.pt\/noticias\/2026\/04\/19\/estranho-processo-de-exportacao-da-palavra-resiliencia-para-a-alma-humana\/"},"author":{"name":"Telinha","@id":"https:\/\/portaltela.pt\/#\/schema\/person\/c4278d4a6028830caff9ee44b42d32ed"},"headline":"Estranho processo de exporta\u00e7\u00e3o da palavra resili\u00eancia para a alma humana","datePublished":"2026-04-19T07:18:06+00:00","mainEntityOfPage":{"@id":"https:\/\/portaltela.pt\/noticias\/2026\/04\/19\/estranho-processo-de-exportacao-da-palavra-resiliencia-para-a-alma-humana\/"},"wordCount":257,"image":{"@id":"https:\/\/portaltela.pt\/noticias\/2026\/04\/19\/estranho-processo-de-exportacao-da-palavra-resiliencia-para-a-alma-humana\/#primaryimage"},"thumbnailUrl":"https:\/\/portaltela.pt\/s.01k8rhncp4jt1\/2026\/04\/2082320.jpg","keywords":["antropologia","cultura","filosofia","psicologia","psicossocial","sa\u00fade mental"],"articleSection":["Cultura","Not\u00edcias"],"inLanguage":"pt-PT"},{"@type":"WebPage","@id":"https:\/\/portaltela.pt\/noticias\/2026\/04\/19\/estranho-processo-de-exportacao-da-palavra-resiliencia-para-a-alma-humana\/","url":"https:\/\/portaltela.pt\/noticias\/2026\/04\/19\/estranho-processo-de-exportacao-da-palavra-resiliencia-para-a-alma-humana\/","name":"Estranho processo de exporta\u00e7\u00e3o da palavra resili\u00eancia para a alma humana - Portal Tela Portugal","isPartOf":{"@id":"https:\/\/portaltela.pt\/#website"},"primaryImageOfPage":{"@id":"https:\/\/portaltela.pt\/noticias\/2026\/04\/19\/estranho-processo-de-exportacao-da-palavra-resiliencia-para-a-alma-humana\/#primaryimage"},"image":{"@id":"https:\/\/portaltela.pt\/noticias\/2026\/04\/19\/estranho-processo-de-exportacao-da-palavra-resiliencia-para-a-alma-humana\/#primaryimage"},"thumbnailUrl":"https:\/\/portaltela.pt\/s.01k8rhncp4jt1\/2026\/04\/2082320.jpg","datePublished":"2026-04-19T07:18:06+00:00","author":{"@id":"https:\/\/portaltela.pt\/#\/schema\/person\/c4278d4a6028830caff9ee44b42d32ed"},"breadcrumb":{"@id":"https:\/\/portaltela.pt\/noticias\/2026\/04\/19\/estranho-processo-de-exportacao-da-palavra-resiliencia-para-a-alma-humana\/#breadcrumb"},"inLanguage":"pt-PT","potentialAction":[{"@type":"ReadAction","target":["https:\/\/portaltela.pt\/noticias\/2026\/04\/19\/estranho-processo-de-exportacao-da-palavra-resiliencia-para-a-alma-humana\/"]}]},{"@type":"ImageObject","inLanguage":"pt-PT","@id":"https:\/\/portaltela.pt\/noticias\/2026\/04\/19\/estranho-processo-de-exportacao-da-palavra-resiliencia-para-a-alma-humana\/#primaryimage","url":"https:\/\/portaltela.pt\/s.01k8rhncp4jt1\/2026\/04\/2082320.jpg","contentUrl":"https:\/\/portaltela.pt\/s.01k8rhncp4jt1\/2026\/04\/2082320.jpg","width":796,"height":448,"caption":"O voc\u00e1bulo \"resili\u00eancia\" foi exportado da \u00e1rea da engenharia para o dom\u00ednio da psicologia"},{"@type":"BreadcrumbList","@id":"https:\/\/portaltela.pt\/noticias\/2026\/04\/19\/estranho-processo-de-exportacao-da-palavra-resiliencia-para-a-alma-humana\/#breadcrumb","itemListElement":[{"@type":"ListItem","position":1,"name":"In\u00edcio","item":"https:\/\/portaltela.pt\/"},{"@type":"ListItem","position":2,"name":"Estranho processo de exporta\u00e7\u00e3o da palavra resili\u00eancia para a alma humana"}]},{"@type":"WebSite","@id":"https:\/\/portaltela.pt\/#website","url":"https:\/\/portaltela.pt\/","name":"Portal Tela Portugal","description":"","potentialAction":[{"@type":"SearchAction","target":{"@type":"EntryPoint","urlTemplate":"https:\/\/portaltela.pt\/?s={search_term_string}"},"query-input":{"@type":"PropertyValueSpecification","valueRequired":true,"valueName":"search_term_string"}}],"inLanguage":"pt-PT"},{"@type":"Person","@id":"https:\/\/portaltela.pt\/#\/schema\/person\/c4278d4a6028830caff9ee44b42d32ed","name":"Telinha","image":{"@type":"ImageObject","inLanguage":"pt-PT","@id":"https:\/\/portaltela.pt\/s.01k8rhncp4jt1\/2025\/11\/talking-bot-125x125.png","url":"https:\/\/portaltela.pt\/s.01k8rhncp4jt1\/2025\/11\/talking-bot-125x125.png","contentUrl":"https:\/\/portaltela.pt\/s.01k8rhncp4jt1\/2025\/11\/talking-bot-125x125.png","caption":"Telinha"},"sameAs":["https:\/\/portaltela.pt\/"],"url":"https:\/\/portaltela.pt\/por\/367410592786\/"}]}},"_links":{"self":[{"href":"https:\/\/portaltela.pt\/api\/wp\/v2\/posts\/449603","targetHints":{"allow":["GET"]}}],"collection":[{"href":"https:\/\/portaltela.pt\/api\/wp\/v2\/posts"}],"about":[{"href":"https:\/\/portaltela.pt\/api\/wp\/v2\/types\/post"}],"author":[{"embeddable":true,"href":"https:\/\/portaltela.pt\/api\/wp\/v2\/users\/2"}],"replies":[{"embeddable":true,"href":"https:\/\/portaltela.pt\/api\/wp\/v2\/comments?post=449603"}],"version-history":[{"count":0,"href":"https:\/\/portaltela.pt\/api\/wp\/v2\/posts\/449603\/revisions"}],"wp:featuredmedia":[{"embeddable":true,"href":"https:\/\/portaltela.pt\/api\/wp\/v2\/media\/449612"}],"wp:attachment":[{"href":"https:\/\/portaltela.pt\/api\/wp\/v2\/media?parent=449603"}],"wp:term":[{"taxonomy":"category","embeddable":true,"href":"https:\/\/portaltela.pt\/api\/wp\/v2\/categories?post=449603"},{"taxonomy":"post_tag","embeddable":true,"href":"https:\/\/portaltela.pt\/api\/wp\/v2\/tags?post=449603"}],"curies":[{"name":"wp","href":"https:\/\/api.w.org\/{rel}","templated":true}]}}