{"id":449594,"date":"2026-04-19T04:00:00","date_gmt":"2026-04-19T07:00:00","guid":{"rendered":"https:\/\/portaltela.pt\/noticias\/2026\/04\/19\/bulgaria-enfrenta-oitava-eleicao-em-cinco-anos-com-radev-na-dianteira\/"},"modified":"2026-04-19T04:00:00","modified_gmt":"2026-04-19T07:00:00","slug":"bulgaria-enfrenta-oitava-eleicao-em-cinco-anos-com-radev-na-dianteira","status":"publish","type":"post","link":"https:\/\/portaltela.pt\/noticias\/internacional\/2026\/04\/19\/bulgaria-enfrenta-oitava-eleicao-em-cinco-anos-com-radev-na-dianteira\/","title":{"rendered":"Bulg\u00e1ria enfrenta oitava elei\u00e7\u00e3o em cinco anos com Radev na dianteira"},"content":{"rendered":"<p>Na oitava elei\u00e7\u00e3o em cinco anos, a Bulg\u00e1ria vota este domingo para legislativas, numa sess\u00e3o marcada pela fragmenta\u00e7\u00e3o do cen\u00e1rio pol\u00edtico e pela aus\u00eancia de maioria est\u00e1vel. Rumen Radev, ex-presidente que se demitiu em janeiro para abrir caminho a um novo partido, aparece como favorito nas sondagens.<\/p>\n<p>Radev \u00e9 apresentado pela campanha como figura central do bloco pr\u00f3-registo com a R\u00fassia, numa altura em que o pa\u00eds enfrenta press\u00e3o de vizinhos e questionamentos sobre alinhamentos externos. O ex-l\u00edder j\u00e1 indicou que o foco da sua forma\u00e7\u00e3o passa por consolidar propostas de governabilidade, economia e reformas estruturais.<\/p>\n<p>O escrut\u00ednio ocorre num contexto de v\u00e1rias elei\u00e7\u00f5es no espa\u00e7o de cinco anos, refletindo a instabilidade interna e as dificuldades de maioria parlamentar. Embora as sondagens apontem para uma vit\u00f3ria do bloco de Radev, n\u00e3o est\u00e1 prevista uma maioria clara, o que poder\u00e1 levar a negocia\u00e7\u00f5es para forma\u00e7\u00e3o de governo.<\/p>\n<h3>Contexto pol\u00edtico e perspectiva de governan\u00e7a<\/h3>\n<p>A campanha tem centrado aten\u00e7\u00f5es na postura externa da Bulg\u00e1ria, incluindo eventuais rela\u00e7\u00f5es com a Uni\u00e3o Europeia e com l\u00edderes da regi\u00e3o. As contagens oficiais dever\u00e3o indicar se o eleitorado valida a estrat\u00e9gia apresentada pelos apoiantes de Radev e quais coaliz\u00f5es poder\u00e3o emergir ap\u00f3s a vota\u00e7\u00e3o.<\/p>\n<p>A comunidade internacional observa o desfecho com interesse especial, dada a relev\u00e2ncia estrat\u00e9gica da Bulg\u00e1ria na regi\u00e3o dos Balc\u00e3s. O resultado dever\u00e1 influenciar, entre outros aspetos, a din\u00e2mica de poder na regi\u00e3o e as rela\u00e7\u00f5es com \u00f3rg\u00e3os comunit\u00e1rios.<\/p>\n","protected":false},"excerpt":{"rendered":"<ul>\n<li>Oito elei\u00e7\u00f5es em cinco anos na Bulg\u00e1ria, realizadas neste domingo, para formar novo governo.<\/li>\n<li>O ex-Presidente Rumen Radev, declarado pr\u00f3-Russo, \u00e9 o favorito nas sondagens para vencer as legislativas.<\/li>\n<li>Radev saiu do cargo em janeiro para fundar um novo partido pol\u00edtico.<\/li>\n<li>As proje\u00e7\u00f5es indicam vit\u00f3ria do seu bloco, mas sem maioria parlamentar.<\/li>\n<li>O desfecho poder\u00e1 influenciar o alinhamento da Bulg\u00e1ria dentro da Uni\u00e3o Europeia, sem indica\u00e7\u00e3o de maioria est\u00e1vel.<\/li>\n<\/ul>\n","protected":false},"author":2,"featured_media":449598,"comment_status":"closed","ping_status":"closed","sticky":false,"template":"","format":"standard","meta":{"footnotes":""},"categories":[6814,4],"tags":[3203,1487,68,34,2832,27],"class_list":["post-449594","post","type-post","status-publish","format-standard","has-post-thumbnail","hentry","category-geopolitica","category-internacional","tag-balcas-ocidentais","tag-bulgaria","tag-eleicoes","tag-governo","tag-politica","tag-relacoes-internacionais"],"yoast_head":"<!-- This site is optimized with the Yoast SEO plugin v27.2 - https:\/\/yoast.com\/product\/yoast-seo-wordpress\/ -->\n<title>Bulg\u00e1ria enfrenta oitava elei\u00e7\u00e3o em cinco anos com Radev na dianteira - Portal Tela Portugal<\/title>\n<meta name=\"robots\" content=\"index, follow, max-snippet:-1, max-image-preview:large, max-video-preview:-1\" \/>\n<meta property=\"og:locale\" content=\"pt_PT\" \/>\n<meta property=\"og:type\" content=\"article\" \/>\n<meta property=\"og:title\" content=\"Bulg\u00e1ria enfrenta oitava elei\u00e7\u00e3o em cinco anos com Radev na dianteira - Portal Tela Portugal\" \/>\n<meta property=\"og:description\" content=\"Oito elei\u00e7\u00f5es em cinco anos na Bulg\u00e1ria, realizadas neste domingo, para formar novo governo. O ex-Presidente Rumen Radev, declarado pr\u00f3-Russo, \u00e9 o favorito nas sondagens para vencer as legislativas. Radev saiu do cargo em janeiro para fundar um novo partido pol\u00edtico. As proje\u00e7\u00f5es indicam vit\u00f3ria do seu bloco, mas sem maioria parlamentar. O desfecho poder\u00e1 influenciar o alinhamento da Bulg\u00e1ria dentro da Uni\u00e3o Europeia, sem indica\u00e7\u00e3o de maioria est\u00e1vel.\" \/>\n<meta property=\"og:url\" content=\"https:\/\/portaltela.pt\/noticias\/2026\/04\/19\/bulgaria-enfrenta-oitava-eleicao-em-cinco-anos-com-radev-na-dianteira\/\" \/>\n<meta property=\"og:site_name\" content=\"Portal Tela Portugal\" \/>\n<meta property=\"article:published_time\" content=\"2026-04-19T07:00:00+00:00\" \/>\n<meta name=\"author\" content=\"Telinha\" \/>\n<meta name=\"twitter:card\" content=\"summary_large_image\" \/>\n<meta name=\"twitter:label1\" content=\"Escrito por\" \/>\n\t<meta name=\"twitter:data1\" content=\"Telinha\" \/>\n\t<meta name=\"twitter:label2\" content=\"Tempo estimado de leitura\" \/>\n\t<meta name=\"twitter:data2\" content=\"1 minuto\" \/>\n<script type=\"application\/ld+json\" class=\"yoast-schema-graph\">{\"@context\":\"https:\/\/schema.org\",\"@graph\":[{\"@type\":\"Article\",\"@id\":\"https:\/\/portaltela.pt\/noticias\/2026\/04\/19\/bulgaria-enfrenta-oitava-eleicao-em-cinco-anos-com-radev-na-dianteira\/#article\",\"isPartOf\":{\"@id\":\"https:\/\/portaltela.pt\/noticias\/2026\/04\/19\/bulgaria-enfrenta-oitava-eleicao-em-cinco-anos-com-radev-na-dianteira\/\"},\"author\":{\"name\":\"Telinha\",\"@id\":\"https:\/\/portaltela.pt\/#\/schema\/person\/c4278d4a6028830caff9ee44b42d32ed\"},\"headline\":\"Bulg\u00e1ria enfrenta oitava elei\u00e7\u00e3o em cinco anos com Radev na dianteira\",\"datePublished\":\"2026-04-19T07:00:00+00:00\",\"mainEntityOfPage\":{\"@id\":\"https:\/\/portaltela.pt\/noticias\/2026\/04\/19\/bulgaria-enfrenta-oitava-eleicao-em-cinco-anos-com-radev-na-dianteira\/\"},\"wordCount\":294,\"image\":{\"@id\":\"https:\/\/portaltela.pt\/noticias\/2026\/04\/19\/bulgaria-enfrenta-oitava-eleicao-em-cinco-anos-com-radev-na-dianteira\/#primaryimage\"},\"thumbnailUrl\":\"https:\/\/portaltela.pt\/s.01k8rhncp4jt1\/2026\/04\/2082174.jpg\",\"keywords\":[\"Balc\u00e3s Ocidentais\",\"Bulg\u00e1ria\",\"elei\u00e7\u00f5es\",\"governo\",\"pol\u00edtica\",\"rela\u00e7\u00f5es internacionais\"],\"articleSection\":[\"Geopol\u00edtica\",\"Internacional\"],\"inLanguage\":\"pt-PT\"},{\"@type\":\"WebPage\",\"@id\":\"https:\/\/portaltela.pt\/noticias\/2026\/04\/19\/bulgaria-enfrenta-oitava-eleicao-em-cinco-anos-com-radev-na-dianteira\/\",\"url\":\"https:\/\/portaltela.pt\/noticias\/2026\/04\/19\/bulgaria-enfrenta-oitava-eleicao-em-cinco-anos-com-radev-na-dianteira\/\",\"name\":\"Bulg\u00e1ria enfrenta oitava elei\u00e7\u00e3o em cinco anos com Radev na dianteira - Portal Tela Portugal\",\"isPartOf\":{\"@id\":\"https:\/\/portaltela.pt\/#website\"},\"primaryImageOfPage\":{\"@id\":\"https:\/\/portaltela.pt\/noticias\/2026\/04\/19\/bulgaria-enfrenta-oitava-eleicao-em-cinco-anos-com-radev-na-dianteira\/#primaryimage\"},\"image\":{\"@id\":\"https:\/\/portaltela.pt\/noticias\/2026\/04\/19\/bulgaria-enfrenta-oitava-eleicao-em-cinco-anos-com-radev-na-dianteira\/#primaryimage\"},\"thumbnailUrl\":\"https:\/\/portaltela.pt\/s.01k8rhncp4jt1\/2026\/04\/2082174.jpg\",\"datePublished\":\"2026-04-19T07:00:00+00:00\",\"author\":{\"@id\":\"https:\/\/portaltela.pt\/#\/schema\/person\/c4278d4a6028830caff9ee44b42d32ed\"},\"breadcrumb\":{\"@id\":\"https:\/\/portaltela.pt\/noticias\/2026\/04\/19\/bulgaria-enfrenta-oitava-eleicao-em-cinco-anos-com-radev-na-dianteira\/#breadcrumb\"},\"inLanguage\":\"pt-PT\",\"potentialAction\":[{\"@type\":\"ReadAction\",\"target\":[\"https:\/\/portaltela.pt\/noticias\/2026\/04\/19\/bulgaria-enfrenta-oitava-eleicao-em-cinco-anos-com-radev-na-dianteira\/\"]}]},{\"@type\":\"ImageObject\",\"inLanguage\":\"pt-PT\",\"@id\":\"https:\/\/portaltela.pt\/noticias\/2026\/04\/19\/bulgaria-enfrenta-oitava-eleicao-em-cinco-anos-com-radev-na-dianteira\/#primaryimage\",\"url\":\"https:\/\/portaltela.pt\/s.01k8rhncp4jt1\/2026\/04\/2082174.jpg\",\"contentUrl\":\"https:\/\/portaltela.pt\/s.01k8rhncp4jt1\/2026\/04\/2082174.jpg\",\"width\":796,\"height\":448,\"caption\":\"Rumen Radev durante um com\u00edcio em S\u00f3fia, capital da Bulg\u00e1ria\"},{\"@type\":\"BreadcrumbList\",\"@id\":\"https:\/\/portaltela.pt\/noticias\/2026\/04\/19\/bulgaria-enfrenta-oitava-eleicao-em-cinco-anos-com-radev-na-dianteira\/#breadcrumb\",\"itemListElement\":[{\"@type\":\"ListItem\",\"position\":1,\"name\":\"In\u00edcio\",\"item\":\"https:\/\/portaltela.pt\/\"},{\"@type\":\"ListItem\",\"position\":2,\"name\":\"Bulg\u00e1ria enfrenta oitava elei\u00e7\u00e3o em cinco anos com Radev na dianteira\"}]},{\"@type\":\"WebSite\",\"@id\":\"https:\/\/portaltela.pt\/#website\",\"url\":\"https:\/\/portaltela.pt\/\",\"name\":\"Portal Tela Portugal\",\"description\":\"\",\"potentialAction\":[{\"@type\":\"SearchAction\",\"target\":{\"@type\":\"EntryPoint\",\"urlTemplate\":\"https:\/\/portaltela.pt\/?s={search_term_string}\"},\"query-input\":{\"@type\":\"PropertyValueSpecification\",\"valueRequired\":true,\"valueName\":\"search_term_string\"}}],\"inLanguage\":\"pt-PT\"},{\"@type\":\"Person\",\"@id\":\"https:\/\/portaltela.pt\/#\/schema\/person\/c4278d4a6028830caff9ee44b42d32ed\",\"name\":\"Telinha\",\"image\":{\"@type\":\"ImageObject\",\"inLanguage\":\"pt-PT\",\"@id\":\"https:\/\/portaltela.pt\/s.01k8rhncp4jt1\/2025\/11\/talking-bot-125x125.png\",\"url\":\"https:\/\/portaltela.pt\/s.01k8rhncp4jt1\/2025\/11\/talking-bot-125x125.png\",\"contentUrl\":\"https:\/\/portaltela.pt\/s.01k8rhncp4jt1\/2025\/11\/talking-bot-125x125.png\",\"caption\":\"Telinha\"},\"sameAs\":[\"https:\/\/portaltela.pt\/\"],\"url\":\"https:\/\/portaltela.pt\/por\/367410592786\/\"}]}<\/script>\n<!-- \/ Yoast SEO plugin. -->","yoast_head_json":{"title":"Bulg\u00e1ria enfrenta oitava elei\u00e7\u00e3o em cinco anos com Radev na dianteira - Portal Tela Portugal","robots":{"index":"index","follow":"follow","max-snippet":"max-snippet:-1","max-image-preview":"max-image-preview:large","max-video-preview":"max-video-preview:-1"},"og_locale":"pt_PT","og_type":"article","og_title":"Bulg\u00e1ria enfrenta oitava elei\u00e7\u00e3o em cinco anos com Radev na dianteira - Portal Tela Portugal","og_description":"Oito elei\u00e7\u00f5es em cinco anos na Bulg\u00e1ria, realizadas neste domingo, para formar novo governo. O ex-Presidente Rumen Radev, declarado pr\u00f3-Russo, \u00e9 o favorito nas sondagens para vencer as legislativas. Radev saiu do cargo em janeiro para fundar um novo partido pol\u00edtico. As proje\u00e7\u00f5es indicam vit\u00f3ria do seu bloco, mas sem maioria parlamentar. O desfecho poder\u00e1 influenciar o alinhamento da Bulg\u00e1ria dentro da Uni\u00e3o Europeia, sem indica\u00e7\u00e3o de maioria est\u00e1vel.","og_url":"https:\/\/portaltela.pt\/noticias\/2026\/04\/19\/bulgaria-enfrenta-oitava-eleicao-em-cinco-anos-com-radev-na-dianteira\/","og_site_name":"Portal Tela Portugal","article_published_time":"2026-04-19T07:00:00+00:00","author":"Telinha","twitter_card":"summary_large_image","twitter_misc":{"Escrito por":"Telinha","Tempo estimado de leitura":"1 minuto"},"schema":{"@context":"https:\/\/schema.org","@graph":[{"@type":"Article","@id":"https:\/\/portaltela.pt\/noticias\/2026\/04\/19\/bulgaria-enfrenta-oitava-eleicao-em-cinco-anos-com-radev-na-dianteira\/#article","isPartOf":{"@id":"https:\/\/portaltela.pt\/noticias\/2026\/04\/19\/bulgaria-enfrenta-oitava-eleicao-em-cinco-anos-com-radev-na-dianteira\/"},"author":{"name":"Telinha","@id":"https:\/\/portaltela.pt\/#\/schema\/person\/c4278d4a6028830caff9ee44b42d32ed"},"headline":"Bulg\u00e1ria enfrenta oitava elei\u00e7\u00e3o em cinco anos com Radev na dianteira","datePublished":"2026-04-19T07:00:00+00:00","mainEntityOfPage":{"@id":"https:\/\/portaltela.pt\/noticias\/2026\/04\/19\/bulgaria-enfrenta-oitava-eleicao-em-cinco-anos-com-radev-na-dianteira\/"},"wordCount":294,"image":{"@id":"https:\/\/portaltela.pt\/noticias\/2026\/04\/19\/bulgaria-enfrenta-oitava-eleicao-em-cinco-anos-com-radev-na-dianteira\/#primaryimage"},"thumbnailUrl":"https:\/\/portaltela.pt\/s.01k8rhncp4jt1\/2026\/04\/2082174.jpg","keywords":["Balc\u00e3s Ocidentais","Bulg\u00e1ria","elei\u00e7\u00f5es","governo","pol\u00edtica","rela\u00e7\u00f5es internacionais"],"articleSection":["Geopol\u00edtica","Internacional"],"inLanguage":"pt-PT"},{"@type":"WebPage","@id":"https:\/\/portaltela.pt\/noticias\/2026\/04\/19\/bulgaria-enfrenta-oitava-eleicao-em-cinco-anos-com-radev-na-dianteira\/","url":"https:\/\/portaltela.pt\/noticias\/2026\/04\/19\/bulgaria-enfrenta-oitava-eleicao-em-cinco-anos-com-radev-na-dianteira\/","name":"Bulg\u00e1ria enfrenta oitava elei\u00e7\u00e3o em cinco anos com Radev na dianteira - Portal Tela Portugal","isPartOf":{"@id":"https:\/\/portaltela.pt\/#website"},"primaryImageOfPage":{"@id":"https:\/\/portaltela.pt\/noticias\/2026\/04\/19\/bulgaria-enfrenta-oitava-eleicao-em-cinco-anos-com-radev-na-dianteira\/#primaryimage"},"image":{"@id":"https:\/\/portaltela.pt\/noticias\/2026\/04\/19\/bulgaria-enfrenta-oitava-eleicao-em-cinco-anos-com-radev-na-dianteira\/#primaryimage"},"thumbnailUrl":"https:\/\/portaltela.pt\/s.01k8rhncp4jt1\/2026\/04\/2082174.jpg","datePublished":"2026-04-19T07:00:00+00:00","author":{"@id":"https:\/\/portaltela.pt\/#\/schema\/person\/c4278d4a6028830caff9ee44b42d32ed"},"breadcrumb":{"@id":"https:\/\/portaltela.pt\/noticias\/2026\/04\/19\/bulgaria-enfrenta-oitava-eleicao-em-cinco-anos-com-radev-na-dianteira\/#breadcrumb"},"inLanguage":"pt-PT","potentialAction":[{"@type":"ReadAction","target":["https:\/\/portaltela.pt\/noticias\/2026\/04\/19\/bulgaria-enfrenta-oitava-eleicao-em-cinco-anos-com-radev-na-dianteira\/"]}]},{"@type":"ImageObject","inLanguage":"pt-PT","@id":"https:\/\/portaltela.pt\/noticias\/2026\/04\/19\/bulgaria-enfrenta-oitava-eleicao-em-cinco-anos-com-radev-na-dianteira\/#primaryimage","url":"https:\/\/portaltela.pt\/s.01k8rhncp4jt1\/2026\/04\/2082174.jpg","contentUrl":"https:\/\/portaltela.pt\/s.01k8rhncp4jt1\/2026\/04\/2082174.jpg","width":796,"height":448,"caption":"Rumen Radev durante um com\u00edcio em S\u00f3fia, capital da Bulg\u00e1ria"},{"@type":"BreadcrumbList","@id":"https:\/\/portaltela.pt\/noticias\/2026\/04\/19\/bulgaria-enfrenta-oitava-eleicao-em-cinco-anos-com-radev-na-dianteira\/#breadcrumb","itemListElement":[{"@type":"ListItem","position":1,"name":"In\u00edcio","item":"https:\/\/portaltela.pt\/"},{"@type":"ListItem","position":2,"name":"Bulg\u00e1ria enfrenta oitava elei\u00e7\u00e3o em cinco anos com Radev na dianteira"}]},{"@type":"WebSite","@id":"https:\/\/portaltela.pt\/#website","url":"https:\/\/portaltela.pt\/","name":"Portal Tela Portugal","description":"","potentialAction":[{"@type":"SearchAction","target":{"@type":"EntryPoint","urlTemplate":"https:\/\/portaltela.pt\/?s={search_term_string}"},"query-input":{"@type":"PropertyValueSpecification","valueRequired":true,"valueName":"search_term_string"}}],"inLanguage":"pt-PT"},{"@type":"Person","@id":"https:\/\/portaltela.pt\/#\/schema\/person\/c4278d4a6028830caff9ee44b42d32ed","name":"Telinha","image":{"@type":"ImageObject","inLanguage":"pt-PT","@id":"https:\/\/portaltela.pt\/s.01k8rhncp4jt1\/2025\/11\/talking-bot-125x125.png","url":"https:\/\/portaltela.pt\/s.01k8rhncp4jt1\/2025\/11\/talking-bot-125x125.png","contentUrl":"https:\/\/portaltela.pt\/s.01k8rhncp4jt1\/2025\/11\/talking-bot-125x125.png","caption":"Telinha"},"sameAs":["https:\/\/portaltela.pt\/"],"url":"https:\/\/portaltela.pt\/por\/367410592786\/"}]}},"_links":{"self":[{"href":"https:\/\/portaltela.pt\/api\/wp\/v2\/posts\/449594","targetHints":{"allow":["GET"]}}],"collection":[{"href":"https:\/\/portaltela.pt\/api\/wp\/v2\/posts"}],"about":[{"href":"https:\/\/portaltela.pt\/api\/wp\/v2\/types\/post"}],"author":[{"embeddable":true,"href":"https:\/\/portaltela.pt\/api\/wp\/v2\/users\/2"}],"replies":[{"embeddable":true,"href":"https:\/\/portaltela.pt\/api\/wp\/v2\/comments?post=449594"}],"version-history":[{"count":0,"href":"https:\/\/portaltela.pt\/api\/wp\/v2\/posts\/449594\/revisions"}],"wp:featuredmedia":[{"embeddable":true,"href":"https:\/\/portaltela.pt\/api\/wp\/v2\/media\/449598"}],"wp:attachment":[{"href":"https:\/\/portaltela.pt\/api\/wp\/v2\/media?parent=449594"}],"wp:term":[{"taxonomy":"category","embeddable":true,"href":"https:\/\/portaltela.pt\/api\/wp\/v2\/categories?post=449594"},{"taxonomy":"post_tag","embeddable":true,"href":"https:\/\/portaltela.pt\/api\/wp\/v2\/tags?post=449594"}],"curies":[{"name":"wp","href":"https:\/\/api.w.org\/{rel}","templated":true}]}}