{"id":449563,"date":"2026-04-19T03:17:26","date_gmt":"2026-04-19T06:17:26","guid":{"rendered":"https:\/\/portaltela.pt\/noticias\/2026\/04\/19\/pedidos-de-pensoes-entre-brasil-e-portugal-continuam-a-crescer\/"},"modified":"2026-04-19T03:17:26","modified_gmt":"2026-04-19T06:17:26","slug":"pedidos-de-pensoes-entre-brasil-e-portugal-continuam-a-crescer","status":"publish","type":"post","link":"https:\/\/portaltela.pt\/noticias\/2026\/04\/19\/pedidos-de-pensoes-entre-brasil-e-portugal-continuam-a-crescer\/","title":{"rendered":"Pedidos de pens\u00f5es entre Brasil e Portugal continuam a crescer"},"content":{"rendered":"<p>O volume de pedidos de pens\u00f5es de alimentos entre Brasil e Portugal continua a crescer, segundo a ag\u00eancia Lusa. A tend\u00eancia tem mantido-se est\u00e1vel nos \u00faltimos anos, refletindo uma maior mobilidade entre os dois pa\u00edses e mudan\u00e7as nas circunst\u00e2ncias familiares.<\/p>\n<p>As informa\u00e7\u00f5es indicam que o aumento envolve fam\u00edlias de ambos os lados do Atl\u00e2ntico e as entidades que lidam com quest\u00f5es de pens\u00f5es de alimentos. Autoridades de Portugal e do Brasil t\u00eam acompanhado a evolu\u00e7\u00e3o, com ajustes operacionais para facilitar o acesso aos mecanismos de cumprimento.<\/p>\n<p>Explica\u00e7\u00f5es para o crescimento apontam para fatores como desloca\u00e7\u00e3o entre os pa\u00edses, mudan\u00e7as de resid\u00eancia e maior busca por prote\u00e7\u00e3o financeira para menores. A Lusa ressalva que o conte\u00fado completo da reportagem est\u00e1 acess\u00edvel apenas a subscritores.<\/p>\n","protected":false},"excerpt":{"rendered":"<ul>\n<li>Pedidos de pens\u00f5es de alimentos entre Brasil e Portugal continuam a crescer.<\/li>\n<li>O tema envolve acordos ou decis\u00f5es entre os dois pa\u00edses para pens\u00f5es de alimentos.<\/li>\n<li>O conte\u00fado completo da not\u00edcia est\u00e1 dispon\u00edvel apenas para subscritores.<\/li>\n<li>A publica\u00e7\u00e3o destaca o aumento de pedidos envolvendo cidad\u00e3os de Brasil e de Portugal.<\/li>\n<li>O resumo n\u00e3o fornece dados adicionais sem acesso ao texto integral.<\/li>\n<\/ul>\n","protected":false},"author":2,"featured_media":449564,"comment_status":"closed","ping_status":"closed","sticky":false,"template":"","format":"standard","meta":{"footnotes":""},"categories":[6815,1],"tags":[2547,256,64,6180,1014,27],"class_list":["post-449563","post","type-post","status-publish","format-standard","has-post-thumbnail","hentry","category-justica","category-noticias","tag-brasil","tag-cooperacao-internacional","tag-familia","tag-pensoes","tag-portugal","tag-relacoes-internacionais"],"yoast_head":"<!-- This site is optimized with the Yoast SEO plugin v27.2 - https:\/\/yoast.com\/product\/yoast-seo-wordpress\/ -->\n<title>Pedidos de pens\u00f5es entre Brasil e Portugal continuam a crescer - Portal Tela Portugal<\/title>\n<meta name=\"robots\" content=\"index, follow, max-snippet:-1, max-image-preview:large, max-video-preview:-1\" \/>\n<meta property=\"og:locale\" content=\"pt_PT\" \/>\n<meta property=\"og:type\" content=\"article\" \/>\n<meta property=\"og:title\" content=\"Pedidos de pens\u00f5es entre Brasil e Portugal continuam a crescer - Portal Tela Portugal\" \/>\n<meta property=\"og:description\" content=\"Pedidos de pens\u00f5es de alimentos entre Brasil e Portugal continuam a crescer. O tema envolve acordos ou decis\u00f5es entre os dois pa\u00edses para pens\u00f5es de alimentos. O conte\u00fado completo da not\u00edcia est\u00e1 dispon\u00edvel apenas para subscritores. A publica\u00e7\u00e3o destaca o aumento de pedidos envolvendo cidad\u00e3os de Brasil e de Portugal. O resumo n\u00e3o fornece dados adicionais sem acesso ao texto integral.\" \/>\n<meta property=\"og:url\" content=\"https:\/\/portaltela.pt\/noticias\/2026\/04\/19\/pedidos-de-pensoes-entre-brasil-e-portugal-continuam-a-crescer\/\" \/>\n<meta property=\"og:site_name\" content=\"Portal Tela Portugal\" \/>\n<meta property=\"article:published_time\" content=\"2026-04-19T06:17:26+00:00\" \/>\n<meta name=\"author\" content=\"Telinha\" \/>\n<meta name=\"twitter:card\" content=\"summary_large_image\" \/>\n<meta name=\"twitter:label1\" content=\"Escrito por\" \/>\n\t<meta name=\"twitter:data1\" content=\"Telinha\" \/>\n\t<meta name=\"twitter:label2\" content=\"Tempo estimado de leitura\" \/>\n\t<meta name=\"twitter:data2\" content=\"1 minuto\" \/>\n<script type=\"application\/ld+json\" class=\"yoast-schema-graph\">{\"@context\":\"https:\/\/schema.org\",\"@graph\":[{\"@type\":\"Article\",\"@id\":\"https:\/\/portaltela.pt\/noticias\/2026\/04\/19\/pedidos-de-pensoes-entre-brasil-e-portugal-continuam-a-crescer\/#article\",\"isPartOf\":{\"@id\":\"https:\/\/portaltela.pt\/noticias\/2026\/04\/19\/pedidos-de-pensoes-entre-brasil-e-portugal-continuam-a-crescer\/\"},\"author\":{\"name\":\"Telinha\",\"@id\":\"https:\/\/portaltela.pt\/#\/schema\/person\/c4278d4a6028830caff9ee44b42d32ed\"},\"headline\":\"Pedidos de pens\u00f5es entre Brasil e Portugal continuam a crescer\",\"datePublished\":\"2026-04-19T06:17:26+00:00\",\"mainEntityOfPage\":{\"@id\":\"https:\/\/portaltela.pt\/noticias\/2026\/04\/19\/pedidos-de-pensoes-entre-brasil-e-portugal-continuam-a-crescer\/\"},\"wordCount\":156,\"image\":{\"@id\":\"https:\/\/portaltela.pt\/noticias\/2026\/04\/19\/pedidos-de-pensoes-entre-brasil-e-portugal-continuam-a-crescer\/#primaryimage\"},\"thumbnailUrl\":\"https:\/\/portaltela.pt\/s.01k8rhncp4jt1\/2026\/04\/CACHE_780X1200_ANALOG_WATERMARKED_44497091_1972575_28022025111757.jpg\",\"keywords\":[\"Brasil\",\"coopera\u00e7\u00e3o internacional\",\"fam\u00edlia\",\"pens\u00f5es\",\"Portugal\",\"rela\u00e7\u00f5es internacionais\"],\"articleSection\":[\"Justi\u00e7a\",\"Not\u00edcias\"],\"inLanguage\":\"pt-PT\"},{\"@type\":\"WebPage\",\"@id\":\"https:\/\/portaltela.pt\/noticias\/2026\/04\/19\/pedidos-de-pensoes-entre-brasil-e-portugal-continuam-a-crescer\/\",\"url\":\"https:\/\/portaltela.pt\/noticias\/2026\/04\/19\/pedidos-de-pensoes-entre-brasil-e-portugal-continuam-a-crescer\/\",\"name\":\"Pedidos de pens\u00f5es entre Brasil e Portugal continuam a crescer - Portal Tela Portugal\",\"isPartOf\":{\"@id\":\"https:\/\/portaltela.pt\/#website\"},\"primaryImageOfPage\":{\"@id\":\"https:\/\/portaltela.pt\/noticias\/2026\/04\/19\/pedidos-de-pensoes-entre-brasil-e-portugal-continuam-a-crescer\/#primaryimage\"},\"image\":{\"@id\":\"https:\/\/portaltela.pt\/noticias\/2026\/04\/19\/pedidos-de-pensoes-entre-brasil-e-portugal-continuam-a-crescer\/#primaryimage\"},\"thumbnailUrl\":\"https:\/\/portaltela.pt\/s.01k8rhncp4jt1\/2026\/04\/CACHE_780X1200_ANALOG_WATERMARKED_44497091_1972575_28022025111757.jpg\",\"datePublished\":\"2026-04-19T06:17:26+00:00\",\"author\":{\"@id\":\"https:\/\/portaltela.pt\/#\/schema\/person\/c4278d4a6028830caff9ee44b42d32ed\"},\"breadcrumb\":{\"@id\":\"https:\/\/portaltela.pt\/noticias\/2026\/04\/19\/pedidos-de-pensoes-entre-brasil-e-portugal-continuam-a-crescer\/#breadcrumb\"},\"inLanguage\":\"pt-PT\",\"potentialAction\":[{\"@type\":\"ReadAction\",\"target\":[\"https:\/\/portaltela.pt\/noticias\/2026\/04\/19\/pedidos-de-pensoes-entre-brasil-e-portugal-continuam-a-crescer\/\"]}]},{\"@type\":\"ImageObject\",\"inLanguage\":\"pt-PT\",\"@id\":\"https:\/\/portaltela.pt\/noticias\/2026\/04\/19\/pedidos-de-pensoes-entre-brasil-e-portugal-continuam-a-crescer\/#primaryimage\",\"url\":\"https:\/\/portaltela.pt\/s.01k8rhncp4jt1\/2026\/04\/CACHE_780X1200_ANALOG_WATERMARKED_44497091_1972575_28022025111757.jpg\",\"contentUrl\":\"https:\/\/portaltela.pt\/s.01k8rhncp4jt1\/2026\/04\/CACHE_780X1200_ANALOG_WATERMARKED_44497091_1972575_28022025111757.jpg\",\"width\":796,\"height\":448,\"caption\":\"Pedidos de pens\u00f5es de alimentos entre Brasil e Portugal continuam a crescer\"},{\"@type\":\"BreadcrumbList\",\"@id\":\"https:\/\/portaltela.pt\/noticias\/2026\/04\/19\/pedidos-de-pensoes-entre-brasil-e-portugal-continuam-a-crescer\/#breadcrumb\",\"itemListElement\":[{\"@type\":\"ListItem\",\"position\":1,\"name\":\"In\u00edcio\",\"item\":\"https:\/\/portaltela.pt\/\"},{\"@type\":\"ListItem\",\"position\":2,\"name\":\"Pedidos de pens\u00f5es entre Brasil e Portugal continuam a crescer\"}]},{\"@type\":\"WebSite\",\"@id\":\"https:\/\/portaltela.pt\/#website\",\"url\":\"https:\/\/portaltela.pt\/\",\"name\":\"Portal Tela Portugal\",\"description\":\"\",\"potentialAction\":[{\"@type\":\"SearchAction\",\"target\":{\"@type\":\"EntryPoint\",\"urlTemplate\":\"https:\/\/portaltela.pt\/?s={search_term_string}\"},\"query-input\":{\"@type\":\"PropertyValueSpecification\",\"valueRequired\":true,\"valueName\":\"search_term_string\"}}],\"inLanguage\":\"pt-PT\"},{\"@type\":\"Person\",\"@id\":\"https:\/\/portaltela.pt\/#\/schema\/person\/c4278d4a6028830caff9ee44b42d32ed\",\"name\":\"Telinha\",\"image\":{\"@type\":\"ImageObject\",\"inLanguage\":\"pt-PT\",\"@id\":\"https:\/\/portaltela.pt\/s.01k8rhncp4jt1\/2025\/11\/talking-bot-125x125.png\",\"url\":\"https:\/\/portaltela.pt\/s.01k8rhncp4jt1\/2025\/11\/talking-bot-125x125.png\",\"contentUrl\":\"https:\/\/portaltela.pt\/s.01k8rhncp4jt1\/2025\/11\/talking-bot-125x125.png\",\"caption\":\"Telinha\"},\"sameAs\":[\"https:\/\/portaltela.pt\/\"],\"url\":\"https:\/\/portaltela.pt\/por\/367410592786\/\"}]}<\/script>\n<!-- \/ Yoast SEO plugin. -->","yoast_head_json":{"title":"Pedidos de pens\u00f5es entre Brasil e Portugal continuam a crescer - Portal Tela Portugal","robots":{"index":"index","follow":"follow","max-snippet":"max-snippet:-1","max-image-preview":"max-image-preview:large","max-video-preview":"max-video-preview:-1"},"og_locale":"pt_PT","og_type":"article","og_title":"Pedidos de pens\u00f5es entre Brasil e Portugal continuam a crescer - Portal Tela Portugal","og_description":"Pedidos de pens\u00f5es de alimentos entre Brasil e Portugal continuam a crescer. O tema envolve acordos ou decis\u00f5es entre os dois pa\u00edses para pens\u00f5es de alimentos. O conte\u00fado completo da not\u00edcia est\u00e1 dispon\u00edvel apenas para subscritores. A publica\u00e7\u00e3o destaca o aumento de pedidos envolvendo cidad\u00e3os de Brasil e de Portugal. O resumo n\u00e3o fornece dados adicionais sem acesso ao texto integral.","og_url":"https:\/\/portaltela.pt\/noticias\/2026\/04\/19\/pedidos-de-pensoes-entre-brasil-e-portugal-continuam-a-crescer\/","og_site_name":"Portal Tela Portugal","article_published_time":"2026-04-19T06:17:26+00:00","author":"Telinha","twitter_card":"summary_large_image","twitter_misc":{"Escrito por":"Telinha","Tempo estimado de leitura":"1 minuto"},"schema":{"@context":"https:\/\/schema.org","@graph":[{"@type":"Article","@id":"https:\/\/portaltela.pt\/noticias\/2026\/04\/19\/pedidos-de-pensoes-entre-brasil-e-portugal-continuam-a-crescer\/#article","isPartOf":{"@id":"https:\/\/portaltela.pt\/noticias\/2026\/04\/19\/pedidos-de-pensoes-entre-brasil-e-portugal-continuam-a-crescer\/"},"author":{"name":"Telinha","@id":"https:\/\/portaltela.pt\/#\/schema\/person\/c4278d4a6028830caff9ee44b42d32ed"},"headline":"Pedidos de pens\u00f5es entre Brasil e Portugal continuam a crescer","datePublished":"2026-04-19T06:17:26+00:00","mainEntityOfPage":{"@id":"https:\/\/portaltela.pt\/noticias\/2026\/04\/19\/pedidos-de-pensoes-entre-brasil-e-portugal-continuam-a-crescer\/"},"wordCount":156,"image":{"@id":"https:\/\/portaltela.pt\/noticias\/2026\/04\/19\/pedidos-de-pensoes-entre-brasil-e-portugal-continuam-a-crescer\/#primaryimage"},"thumbnailUrl":"https:\/\/portaltela.pt\/s.01k8rhncp4jt1\/2026\/04\/CACHE_780X1200_ANALOG_WATERMARKED_44497091_1972575_28022025111757.jpg","keywords":["Brasil","coopera\u00e7\u00e3o internacional","fam\u00edlia","pens\u00f5es","Portugal","rela\u00e7\u00f5es internacionais"],"articleSection":["Justi\u00e7a","Not\u00edcias"],"inLanguage":"pt-PT"},{"@type":"WebPage","@id":"https:\/\/portaltela.pt\/noticias\/2026\/04\/19\/pedidos-de-pensoes-entre-brasil-e-portugal-continuam-a-crescer\/","url":"https:\/\/portaltela.pt\/noticias\/2026\/04\/19\/pedidos-de-pensoes-entre-brasil-e-portugal-continuam-a-crescer\/","name":"Pedidos de pens\u00f5es entre Brasil e Portugal continuam a crescer - Portal Tela Portugal","isPartOf":{"@id":"https:\/\/portaltela.pt\/#website"},"primaryImageOfPage":{"@id":"https:\/\/portaltela.pt\/noticias\/2026\/04\/19\/pedidos-de-pensoes-entre-brasil-e-portugal-continuam-a-crescer\/#primaryimage"},"image":{"@id":"https:\/\/portaltela.pt\/noticias\/2026\/04\/19\/pedidos-de-pensoes-entre-brasil-e-portugal-continuam-a-crescer\/#primaryimage"},"thumbnailUrl":"https:\/\/portaltela.pt\/s.01k8rhncp4jt1\/2026\/04\/CACHE_780X1200_ANALOG_WATERMARKED_44497091_1972575_28022025111757.jpg","datePublished":"2026-04-19T06:17:26+00:00","author":{"@id":"https:\/\/portaltela.pt\/#\/schema\/person\/c4278d4a6028830caff9ee44b42d32ed"},"breadcrumb":{"@id":"https:\/\/portaltela.pt\/noticias\/2026\/04\/19\/pedidos-de-pensoes-entre-brasil-e-portugal-continuam-a-crescer\/#breadcrumb"},"inLanguage":"pt-PT","potentialAction":[{"@type":"ReadAction","target":["https:\/\/portaltela.pt\/noticias\/2026\/04\/19\/pedidos-de-pensoes-entre-brasil-e-portugal-continuam-a-crescer\/"]}]},{"@type":"ImageObject","inLanguage":"pt-PT","@id":"https:\/\/portaltela.pt\/noticias\/2026\/04\/19\/pedidos-de-pensoes-entre-brasil-e-portugal-continuam-a-crescer\/#primaryimage","url":"https:\/\/portaltela.pt\/s.01k8rhncp4jt1\/2026\/04\/CACHE_780X1200_ANALOG_WATERMARKED_44497091_1972575_28022025111757.jpg","contentUrl":"https:\/\/portaltela.pt\/s.01k8rhncp4jt1\/2026\/04\/CACHE_780X1200_ANALOG_WATERMARKED_44497091_1972575_28022025111757.jpg","width":796,"height":448,"caption":"Pedidos de pens\u00f5es de alimentos entre Brasil e Portugal continuam a crescer"},{"@type":"BreadcrumbList","@id":"https:\/\/portaltela.pt\/noticias\/2026\/04\/19\/pedidos-de-pensoes-entre-brasil-e-portugal-continuam-a-crescer\/#breadcrumb","itemListElement":[{"@type":"ListItem","position":1,"name":"In\u00edcio","item":"https:\/\/portaltela.pt\/"},{"@type":"ListItem","position":2,"name":"Pedidos de pens\u00f5es entre Brasil e Portugal continuam a crescer"}]},{"@type":"WebSite","@id":"https:\/\/portaltela.pt\/#website","url":"https:\/\/portaltela.pt\/","name":"Portal Tela Portugal","description":"","potentialAction":[{"@type":"SearchAction","target":{"@type":"EntryPoint","urlTemplate":"https:\/\/portaltela.pt\/?s={search_term_string}"},"query-input":{"@type":"PropertyValueSpecification","valueRequired":true,"valueName":"search_term_string"}}],"inLanguage":"pt-PT"},{"@type":"Person","@id":"https:\/\/portaltela.pt\/#\/schema\/person\/c4278d4a6028830caff9ee44b42d32ed","name":"Telinha","image":{"@type":"ImageObject","inLanguage":"pt-PT","@id":"https:\/\/portaltela.pt\/s.01k8rhncp4jt1\/2025\/11\/talking-bot-125x125.png","url":"https:\/\/portaltela.pt\/s.01k8rhncp4jt1\/2025\/11\/talking-bot-125x125.png","contentUrl":"https:\/\/portaltela.pt\/s.01k8rhncp4jt1\/2025\/11\/talking-bot-125x125.png","caption":"Telinha"},"sameAs":["https:\/\/portaltela.pt\/"],"url":"https:\/\/portaltela.pt\/por\/367410592786\/"}]}},"_links":{"self":[{"href":"https:\/\/portaltela.pt\/api\/wp\/v2\/posts\/449563","targetHints":{"allow":["GET"]}}],"collection":[{"href":"https:\/\/portaltela.pt\/api\/wp\/v2\/posts"}],"about":[{"href":"https:\/\/portaltela.pt\/api\/wp\/v2\/types\/post"}],"author":[{"embeddable":true,"href":"https:\/\/portaltela.pt\/api\/wp\/v2\/users\/2"}],"replies":[{"embeddable":true,"href":"https:\/\/portaltela.pt\/api\/wp\/v2\/comments?post=449563"}],"version-history":[{"count":0,"href":"https:\/\/portaltela.pt\/api\/wp\/v2\/posts\/449563\/revisions"}],"wp:featuredmedia":[{"embeddable":true,"href":"https:\/\/portaltela.pt\/api\/wp\/v2\/media\/449564"}],"wp:attachment":[{"href":"https:\/\/portaltela.pt\/api\/wp\/v2\/media?parent=449563"}],"wp:term":[{"taxonomy":"category","embeddable":true,"href":"https:\/\/portaltela.pt\/api\/wp\/v2\/categories?post=449563"},{"taxonomy":"post_tag","embeddable":true,"href":"https:\/\/portaltela.pt\/api\/wp\/v2\/tags?post=449563"}],"curies":[{"name":"wp","href":"https:\/\/api.w.org\/{rel}","templated":true}]}}