{"id":449558,"date":"2026-04-18T04:00:00","date_gmt":"2026-04-18T07:00:00","guid":{"rendered":"https:\/\/portaltela.pt\/noticias\/2026\/04\/18\/calor-extremo-e-ventos-fortes-testam-a-capacidade-das-renovaveis\/"},"modified":"2026-04-18T04:00:00","modified_gmt":"2026-04-18T07:00:00","slug":"calor-extremo-e-ventos-fortes-testam-a-capacidade-das-renovaveis","status":"publish","type":"post","link":"https:\/\/portaltela.pt\/renovaveis\/2026\/04\/18\/calor-extremo-e-ventos-fortes-testam-a-capacidade-das-renovaveis\/","title":{"rendered":"Calor extremo e ventos fortes testam a capacidade das renov\u00e1veis"},"content":{"rendered":"<p>A energia renov\u00e1vel \u00e9 apresentada como solu\u00e7\u00e3o para travar as altera\u00e7\u00f5es clim\u00e1ticas, mas o aquecimento global coloca em causa a sua fiabilidade. A guerra no Ir\u00e3o acelerou a corrida a fontes limpas na Europa, que enfrenta a volatilidade dos combust\u00edveis f\u00f3sseis.<\/p>\n<p>O aumento dos pre\u00e7os do petr\u00f3leo e do g\u00e1s, impulsionado pelo controlo do Estreito de Ormuz, levou governos e consumidores a apostar mais em tecnologias verdes como ve\u00edculos el\u00e9tricos, bombas de calor e pain\u00e9is solares. A procura intensifica-se.<\/p>\n<p>Para muitos analistas, os pre\u00e7os elevados n\u00e3o ser\u00e3o rapidamente contidos, mesmo ap\u00f3s a resolu\u00e7\u00e3o de conflitos. A Europa aposta, ent\u00e3o, em refor\u00e7ar a independ\u00eancia energ\u00e9tica atrav\u00e9s das renov\u00e1veis, numa altura de incerteza econ\u00f3mica.<\/p>\n<h3>Paradoxo do calor solar<\/h3>\n<p>Uma an\u00e1lise da SolarPower Europe mostra poupan\u00e7as significativas com energia solar, que podem chegar a 67,5 mil milh\u00f5es de euros at\u00e9 ao final do ano, se os pre\u00e7os do g\u00e1s continuarem elevados. Contudo, o calor extremo pode reduzir a efici\u00eancia.<\/p>\n<p>Ioanna Vergini, especialista, explica que mais sol nem sempre significa mais eletricidade. As c\u00e9lulas PV perdem efici\u00eancia com a temperatura, afetando a produ\u00e7\u00e3o em ondas de calor.<\/p>\n<p>Em epis\u00f3dios de calor extremo, como o ver\u00f5es de Espanha e Gr\u00e9cia, houve quedas na produ\u00e7\u00e3o solar precisamente quando a procura por ar condicionado subia. Pain\u00e9is a 65 \u00b0C chegaram a reduzir a capacidade em quase 20%.<\/p>\n<h3>Energia e\u00f3lica e as limita\u00e7\u00f5es da rede<\/h3>\n<p>O vento forte impulsionou a produ\u00e7\u00e3o e\u00f3lica no Reino Unido, que atingiu um m\u00e1ximo de 23 880 MW em 26 de mar\u00e7o, suficiente para abastecer 23 milh\u00f5es de casas. Contudo, ventos excessivos levam a paragens para evitar danos.<\/p>\n<p>A Octopus Energy aponta uma chamada \u201chora de pico\u201d na rede, com a necessidade de compensa\u00e7\u00e3o para manter a oferta. Em 2025, a compensa\u00e7\u00e3o no Reino Unido rondou 1,47 mil milh\u00f5es de libras.<\/p>\n<p>Na Alemanha, as restri\u00e7\u00f5es de produ\u00e7\u00e3o renov\u00e1vel custaram 435 milh\u00f5es de euros em 2025. Espanha e Fran\u00e7a tamb\u00e9m registaram cortes significativos nos primeiros meses de 2025. O governo brit\u00e2nico estuda oferecer eletricidade mais barata ou gratuita para habita\u00e7\u00f5es quando a rede estiver sobrecarregada.<\/p>\n<h3>Desafio de adapta\u00e7\u00e3o \u00e0s condi\u00e7\u00f5es clim\u00e1ticas<\/h3>\n<p>Turbinas e\u00f3licas desligam-se para evitar falhas quando o vento atinge velocidades elevadas. A fundadora da wfy24.com alerta para o ponto \u00f3timo da turbina, que pode exigir paragens em ventos extremos de cerca de 90 km\/h.<\/p>\n<p>Eventos recentes, como a tempestade Ciar\u00e1n, mostraram depend\u00eancia de centrais a g\u00e1s quando a produ\u00e7\u00e3o renov\u00e1vel \u00e9 limitada por ventos fortes. Projetos de turbinas mais resistentes a ventos extremos est\u00e3o j\u00e1 a surgir, inclusive em regi\u00f5es propensas a furac\u00f5es.<\/p>\n<h3>Hydro e a variabilidade clim\u00e1tica<\/h3>\n<p>A Noruega, apelidada de a maior bateria da Europa, v\u00ea as reservas de neve em m\u00ednimos nas \u00faltimas duas d\u00e9cadas ap\u00f3s um inverno quente e seco. A previs\u00edvel produ\u00e7\u00e3o hidroel\u00e9trica fica comprometida, estimando-se um d\u00e9fice de cerca de 25 TWh.<\/p>\n<p>Alex Truby sustenta que a energia hidroel\u00e9trica europeia est\u00e1 cada vez mais vari\u00e1vel, com padr\u00f5es de precipita\u00e7\u00e3o a mudar. Melhorias na previs\u00e3o, armazenamento e rede s\u00e3o cruciais para equilibrar a produ\u00e7\u00e3o renov\u00e1vel.<\/p>\n<h3>Rede europeia sob press\u00e3o<\/h3>\n<p>An\u00e1lises indicam que mais de 120 GW de futuros projetos verdes correm risco por limita\u00e7\u00f5es da rede. Segundo Ember, metade dos operadores de rede enfrenta capacidade insuficiente para ligar novos parques e\u00f3licos e solares at\u00e9 2030.<\/p>\n<p>A insuficiente rede pode atrasar 16 GW de instala\u00e7\u00f5es solares em telhados, afetando mais de 1,5 milh\u00f5es de lares. A UE estima custos de investimento entre 85 mil milh\u00f5es de euros anuais na rede entre 2031 e 2050.<\/p>\n<h3>Resposta institucional<\/h3>\n<p>A Comiss\u00e3o Europeia lan\u00e7ou, no ano passado, um pacote para modernizar redes, avaliando 1,2 bili\u00f5es de euros para melhorar cabos, subesta\u00e7\u00f5es e infraestrutura que transporta eletricidade pelo continente. As medidas visam reduzir depend\u00eancia energ\u00e9tica e melhorar resili\u00eancia.<\/p>\n","protected":false},"excerpt":{"rendered":"<ul>\n<li>A guerra no Ir\u00e3o elevou os pre\u00e7os de petr\u00f3leo e g\u00e1s devido ao controlo do Estreito de Ormuz, impulsionando a procura por tecnologias verdes na Europa.<\/li>\n<li>Analistas dizem que, mesmo com o al\u00edvio esperado ap\u00f3s o conflito, as faturas de energia n\u00e3o devem cair de imediato, o que acelera a transi\u00e7\u00e3o para renov\u00e1veis.<\/li>\n<li>O calor extremo pode reduzir a efici\u00eancia de pain\u00e9is solares e colocar press\u00e3o na rede el\u00e9trica, desafiando a fiabilidade da energia verde.<\/li>\n<li>A energia e\u00f3lica brit\u00e2nica atingiu recordes de produ\u00e7\u00e3o, mas ventos muito fortes podem for\u00e7ar o desligamento de turbinas para evitar danos, com custos de compensa\u00e7\u00e3o altos noutros pa\u00edses.<\/li>\n<li>Uma avalia\u00e7\u00e3o de Ember mostra que mais de 120 gigawatts de futuros projetos renov\u00e1veis correm risco devido a limita\u00e7\u00f5es da rede, destacando a necessidade de moderniza\u00e7\u00e3o prevista pela UE.<\/li>\n<\/ul>\n","protected":false},"author":2,"featured_media":449559,"comment_status":"closed","ping_status":"closed","sticky":false,"template":"","format":"standard","meta":{"footnotes":""},"categories":[6806,7382],"tags":[8179,7775,8051,8297,8254,8056],"class_list":["post-449558","post","type-post","status-publish","format-standard","has-post-thumbnail","hentry","category-energia","category-renovaveis","tag-_descarbonizacao","tag-_energia","tag-_energias-renovaveis","tag-_rede-eletrica","tag-_transicao-climatica","tag-_uniao-europeia"],"yoast_head":"<!-- This site is optimized with the Yoast SEO plugin v27.2 - https:\/\/yoast.com\/product\/yoast-seo-wordpress\/ -->\n<title>Calor extremo e ventos fortes testam a capacidade das renov\u00e1veis - Portal Tela Portugal<\/title>\n<meta name=\"robots\" content=\"index, follow, max-snippet:-1, max-image-preview:large, max-video-preview:-1\" \/>\n<meta property=\"og:locale\" content=\"pt_PT\" \/>\n<meta property=\"og:type\" content=\"article\" \/>\n<meta property=\"og:title\" content=\"Calor extremo e ventos fortes testam a capacidade das renov\u00e1veis - Portal Tela Portugal\" \/>\n<meta property=\"og:description\" content=\"A guerra no Ir\u00e3o elevou os pre\u00e7os de petr\u00f3leo e g\u00e1s devido ao controlo do Estreito de Ormuz, impulsionando a procura por tecnologias verdes na Europa. Analistas dizem que, mesmo com o al\u00edvio esperado ap\u00f3s o conflito, as faturas de energia n\u00e3o devem cair de imediato, o que acelera a transi\u00e7\u00e3o para renov\u00e1veis. O calor extremo pode reduzir a efici\u00eancia de pain\u00e9is solares e colocar press\u00e3o na rede el\u00e9trica, desafiando a fiabilidade da energia verde. A energia e\u00f3lica brit\u00e2nica atingiu recordes de produ\u00e7\u00e3o, mas ventos muito fortes podem for\u00e7ar o desligamento de turbinas para evitar danos, com custos de compensa\u00e7\u00e3o altos noutros pa\u00edses. Uma avalia\u00e7\u00e3o de Ember mostra que mais de 120 gigawatts de futuros projetos renov\u00e1veis correm risco devido a limita\u00e7\u00f5es da rede, destacando a necessidade de moderniza\u00e7\u00e3o prevista pela UE.\" \/>\n<meta property=\"og:url\" content=\"https:\/\/portaltela.pt\/noticias\/2026\/04\/18\/calor-extremo-e-ventos-fortes-testam-a-capacidade-das-renovaveis\/\" \/>\n<meta property=\"og:site_name\" content=\"Portal Tela Portugal\" \/>\n<meta property=\"article:published_time\" content=\"2026-04-18T07:00:00+00:00\" \/>\n<meta name=\"author\" content=\"Telinha\" \/>\n<meta name=\"twitter:card\" content=\"summary_large_image\" \/>\n<meta name=\"twitter:label1\" content=\"Escrito por\" \/>\n\t<meta name=\"twitter:data1\" content=\"Telinha\" \/>\n\t<meta name=\"twitter:label2\" content=\"Tempo estimado de leitura\" \/>\n\t<meta name=\"twitter:data2\" content=\"3 minutos\" \/>\n<script type=\"application\/ld+json\" class=\"yoast-schema-graph\">{\"@context\":\"https:\/\/schema.org\",\"@graph\":[{\"@type\":\"Article\",\"@id\":\"https:\/\/portaltela.pt\/noticias\/2026\/04\/18\/calor-extremo-e-ventos-fortes-testam-a-capacidade-das-renovaveis\/#article\",\"isPartOf\":{\"@id\":\"https:\/\/portaltela.pt\/noticias\/2026\/04\/18\/calor-extremo-e-ventos-fortes-testam-a-capacidade-das-renovaveis\/\"},\"author\":{\"name\":\"Telinha\",\"@id\":\"https:\/\/portaltela.pt\/#\/schema\/person\/c4278d4a6028830caff9ee44b42d32ed\"},\"headline\":\"Calor extremo e ventos fortes testam a capacidade das renov\u00e1veis\",\"datePublished\":\"2026-04-18T07:00:00+00:00\",\"mainEntityOfPage\":{\"@id\":\"https:\/\/portaltela.pt\/noticias\/2026\/04\/18\/calor-extremo-e-ventos-fortes-testam-a-capacidade-das-renovaveis\/\"},\"wordCount\":703,\"image\":{\"@id\":\"https:\/\/portaltela.pt\/noticias\/2026\/04\/18\/calor-extremo-e-ventos-fortes-testam-a-capacidade-das-renovaveis\/#primaryimage\"},\"thumbnailUrl\":\"https:\/\/portaltela.pt\/s.01k8rhncp4jt1\/2026\/04\/1536x864_cmsv2_9e0ac1c0-e3e3-50d2-89b4-23ef183bbe3c-9724408.jpg\",\"keywords\":[\"_descarboniza\u00e7\u00e3o\",\"_energia\",\"_energias renov\u00e1veis\",\"_rede el\u00e9trica\",\"_transi\u00e7\u00e3o clim\u00e1tica\",\"_Uni\u00e3o Europeia\"],\"articleSection\":[\"Energia\",\"Renov\u00e1veis\"],\"inLanguage\":\"pt-PT\"},{\"@type\":\"WebPage\",\"@id\":\"https:\/\/portaltela.pt\/noticias\/2026\/04\/18\/calor-extremo-e-ventos-fortes-testam-a-capacidade-das-renovaveis\/\",\"url\":\"https:\/\/portaltela.pt\/noticias\/2026\/04\/18\/calor-extremo-e-ventos-fortes-testam-a-capacidade-das-renovaveis\/\",\"name\":\"Calor extremo e ventos fortes testam a capacidade das renov\u00e1veis - Portal Tela Portugal\",\"isPartOf\":{\"@id\":\"https:\/\/portaltela.pt\/#website\"},\"primaryImageOfPage\":{\"@id\":\"https:\/\/portaltela.pt\/noticias\/2026\/04\/18\/calor-extremo-e-ventos-fortes-testam-a-capacidade-das-renovaveis\/#primaryimage\"},\"image\":{\"@id\":\"https:\/\/portaltela.pt\/noticias\/2026\/04\/18\/calor-extremo-e-ventos-fortes-testam-a-capacidade-das-renovaveis\/#primaryimage\"},\"thumbnailUrl\":\"https:\/\/portaltela.pt\/s.01k8rhncp4jt1\/2026\/04\/1536x864_cmsv2_9e0ac1c0-e3e3-50d2-89b4-23ef183bbe3c-9724408.jpg\",\"datePublished\":\"2026-04-18T07:00:00+00:00\",\"author\":{\"@id\":\"https:\/\/portaltela.pt\/#\/schema\/person\/c4278d4a6028830caff9ee44b42d32ed\"},\"breadcrumb\":{\"@id\":\"https:\/\/portaltela.pt\/noticias\/2026\/04\/18\/calor-extremo-e-ventos-fortes-testam-a-capacidade-das-renovaveis\/#breadcrumb\"},\"inLanguage\":\"pt-PT\",\"potentialAction\":[{\"@type\":\"ReadAction\",\"target\":[\"https:\/\/portaltela.pt\/noticias\/2026\/04\/18\/calor-extremo-e-ventos-fortes-testam-a-capacidade-das-renovaveis\/\"]}]},{\"@type\":\"ImageObject\",\"inLanguage\":\"pt-PT\",\"@id\":\"https:\/\/portaltela.pt\/noticias\/2026\/04\/18\/calor-extremo-e-ventos-fortes-testam-a-capacidade-das-renovaveis\/#primaryimage\",\"url\":\"https:\/\/portaltela.pt\/s.01k8rhncp4jt1\/2026\/04\/1536x864_cmsv2_9e0ac1c0-e3e3-50d2-89b4-23ef183bbe3c-9724408.jpg\",\"contentUrl\":\"https:\/\/portaltela.pt\/s.01k8rhncp4jt1\/2026\/04\/1536x864_cmsv2_9e0ac1c0-e3e3-50d2-89b4-23ef183bbe3c-9724408.jpg\",\"width\":796,\"height\":448,\"caption\":\"Na foto de 1 de junho de 2017, uma turbina e\u00f3lica do parque e\u00f3lico Lost Creek surge em silhueta contra o p\u00f4r do sol perto de King City, Missouri.\"},{\"@type\":\"BreadcrumbList\",\"@id\":\"https:\/\/portaltela.pt\/noticias\/2026\/04\/18\/calor-extremo-e-ventos-fortes-testam-a-capacidade-das-renovaveis\/#breadcrumb\",\"itemListElement\":[{\"@type\":\"ListItem\",\"position\":1,\"name\":\"In\u00edcio\",\"item\":\"https:\/\/portaltela.pt\/\"},{\"@type\":\"ListItem\",\"position\":2,\"name\":\"Calor extremo e ventos fortes testam a capacidade das renov\u00e1veis\"}]},{\"@type\":\"WebSite\",\"@id\":\"https:\/\/portaltela.pt\/#website\",\"url\":\"https:\/\/portaltela.pt\/\",\"name\":\"Portal Tela Portugal\",\"description\":\"\",\"potentialAction\":[{\"@type\":\"SearchAction\",\"target\":{\"@type\":\"EntryPoint\",\"urlTemplate\":\"https:\/\/portaltela.pt\/?s={search_term_string}\"},\"query-input\":{\"@type\":\"PropertyValueSpecification\",\"valueRequired\":true,\"valueName\":\"search_term_string\"}}],\"inLanguage\":\"pt-PT\"},{\"@type\":\"Person\",\"@id\":\"https:\/\/portaltela.pt\/#\/schema\/person\/c4278d4a6028830caff9ee44b42d32ed\",\"name\":\"Telinha\",\"image\":{\"@type\":\"ImageObject\",\"inLanguage\":\"pt-PT\",\"@id\":\"https:\/\/portaltela.pt\/s.01k8rhncp4jt1\/2025\/11\/talking-bot-125x125.png\",\"url\":\"https:\/\/portaltela.pt\/s.01k8rhncp4jt1\/2025\/11\/talking-bot-125x125.png\",\"contentUrl\":\"https:\/\/portaltela.pt\/s.01k8rhncp4jt1\/2025\/11\/talking-bot-125x125.png\",\"caption\":\"Telinha\"},\"sameAs\":[\"https:\/\/portaltela.pt\/\"],\"url\":\"https:\/\/portaltela.pt\/por\/367410592786\/\"}]}<\/script>\n<!-- \/ Yoast SEO plugin. -->","yoast_head_json":{"title":"Calor extremo e ventos fortes testam a capacidade das renov\u00e1veis - Portal Tela Portugal","robots":{"index":"index","follow":"follow","max-snippet":"max-snippet:-1","max-image-preview":"max-image-preview:large","max-video-preview":"max-video-preview:-1"},"og_locale":"pt_PT","og_type":"article","og_title":"Calor extremo e ventos fortes testam a capacidade das renov\u00e1veis - Portal Tela Portugal","og_description":"A guerra no Ir\u00e3o elevou os pre\u00e7os de petr\u00f3leo e g\u00e1s devido ao controlo do Estreito de Ormuz, impulsionando a procura por tecnologias verdes na Europa. Analistas dizem que, mesmo com o al\u00edvio esperado ap\u00f3s o conflito, as faturas de energia n\u00e3o devem cair de imediato, o que acelera a transi\u00e7\u00e3o para renov\u00e1veis. O calor extremo pode reduzir a efici\u00eancia de pain\u00e9is solares e colocar press\u00e3o na rede el\u00e9trica, desafiando a fiabilidade da energia verde. A energia e\u00f3lica brit\u00e2nica atingiu recordes de produ\u00e7\u00e3o, mas ventos muito fortes podem for\u00e7ar o desligamento de turbinas para evitar danos, com custos de compensa\u00e7\u00e3o altos noutros pa\u00edses. Uma avalia\u00e7\u00e3o de Ember mostra que mais de 120 gigawatts de futuros projetos renov\u00e1veis correm risco devido a limita\u00e7\u00f5es da rede, destacando a necessidade de moderniza\u00e7\u00e3o prevista pela UE.","og_url":"https:\/\/portaltela.pt\/noticias\/2026\/04\/18\/calor-extremo-e-ventos-fortes-testam-a-capacidade-das-renovaveis\/","og_site_name":"Portal Tela Portugal","article_published_time":"2026-04-18T07:00:00+00:00","author":"Telinha","twitter_card":"summary_large_image","twitter_misc":{"Escrito por":"Telinha","Tempo estimado de leitura":"3 minutos"},"schema":{"@context":"https:\/\/schema.org","@graph":[{"@type":"Article","@id":"https:\/\/portaltela.pt\/noticias\/2026\/04\/18\/calor-extremo-e-ventos-fortes-testam-a-capacidade-das-renovaveis\/#article","isPartOf":{"@id":"https:\/\/portaltela.pt\/noticias\/2026\/04\/18\/calor-extremo-e-ventos-fortes-testam-a-capacidade-das-renovaveis\/"},"author":{"name":"Telinha","@id":"https:\/\/portaltela.pt\/#\/schema\/person\/c4278d4a6028830caff9ee44b42d32ed"},"headline":"Calor extremo e ventos fortes testam a capacidade das renov\u00e1veis","datePublished":"2026-04-18T07:00:00+00:00","mainEntityOfPage":{"@id":"https:\/\/portaltela.pt\/noticias\/2026\/04\/18\/calor-extremo-e-ventos-fortes-testam-a-capacidade-das-renovaveis\/"},"wordCount":703,"image":{"@id":"https:\/\/portaltela.pt\/noticias\/2026\/04\/18\/calor-extremo-e-ventos-fortes-testam-a-capacidade-das-renovaveis\/#primaryimage"},"thumbnailUrl":"https:\/\/portaltela.pt\/s.01k8rhncp4jt1\/2026\/04\/1536x864_cmsv2_9e0ac1c0-e3e3-50d2-89b4-23ef183bbe3c-9724408.jpg","keywords":["_descarboniza\u00e7\u00e3o","_energia","_energias renov\u00e1veis","_rede el\u00e9trica","_transi\u00e7\u00e3o clim\u00e1tica","_Uni\u00e3o Europeia"],"articleSection":["Energia","Renov\u00e1veis"],"inLanguage":"pt-PT"},{"@type":"WebPage","@id":"https:\/\/portaltela.pt\/noticias\/2026\/04\/18\/calor-extremo-e-ventos-fortes-testam-a-capacidade-das-renovaveis\/","url":"https:\/\/portaltela.pt\/noticias\/2026\/04\/18\/calor-extremo-e-ventos-fortes-testam-a-capacidade-das-renovaveis\/","name":"Calor extremo e ventos fortes testam a capacidade das renov\u00e1veis - Portal Tela Portugal","isPartOf":{"@id":"https:\/\/portaltela.pt\/#website"},"primaryImageOfPage":{"@id":"https:\/\/portaltela.pt\/noticias\/2026\/04\/18\/calor-extremo-e-ventos-fortes-testam-a-capacidade-das-renovaveis\/#primaryimage"},"image":{"@id":"https:\/\/portaltela.pt\/noticias\/2026\/04\/18\/calor-extremo-e-ventos-fortes-testam-a-capacidade-das-renovaveis\/#primaryimage"},"thumbnailUrl":"https:\/\/portaltela.pt\/s.01k8rhncp4jt1\/2026\/04\/1536x864_cmsv2_9e0ac1c0-e3e3-50d2-89b4-23ef183bbe3c-9724408.jpg","datePublished":"2026-04-18T07:00:00+00:00","author":{"@id":"https:\/\/portaltela.pt\/#\/schema\/person\/c4278d4a6028830caff9ee44b42d32ed"},"breadcrumb":{"@id":"https:\/\/portaltela.pt\/noticias\/2026\/04\/18\/calor-extremo-e-ventos-fortes-testam-a-capacidade-das-renovaveis\/#breadcrumb"},"inLanguage":"pt-PT","potentialAction":[{"@type":"ReadAction","target":["https:\/\/portaltela.pt\/noticias\/2026\/04\/18\/calor-extremo-e-ventos-fortes-testam-a-capacidade-das-renovaveis\/"]}]},{"@type":"ImageObject","inLanguage":"pt-PT","@id":"https:\/\/portaltela.pt\/noticias\/2026\/04\/18\/calor-extremo-e-ventos-fortes-testam-a-capacidade-das-renovaveis\/#primaryimage","url":"https:\/\/portaltela.pt\/s.01k8rhncp4jt1\/2026\/04\/1536x864_cmsv2_9e0ac1c0-e3e3-50d2-89b4-23ef183bbe3c-9724408.jpg","contentUrl":"https:\/\/portaltela.pt\/s.01k8rhncp4jt1\/2026\/04\/1536x864_cmsv2_9e0ac1c0-e3e3-50d2-89b4-23ef183bbe3c-9724408.jpg","width":796,"height":448,"caption":"Na foto de 1 de junho de 2017, uma turbina e\u00f3lica do parque e\u00f3lico Lost Creek surge em silhueta contra o p\u00f4r do sol perto de King City, Missouri."},{"@type":"BreadcrumbList","@id":"https:\/\/portaltela.pt\/noticias\/2026\/04\/18\/calor-extremo-e-ventos-fortes-testam-a-capacidade-das-renovaveis\/#breadcrumb","itemListElement":[{"@type":"ListItem","position":1,"name":"In\u00edcio","item":"https:\/\/portaltela.pt\/"},{"@type":"ListItem","position":2,"name":"Calor extremo e ventos fortes testam a capacidade das renov\u00e1veis"}]},{"@type":"WebSite","@id":"https:\/\/portaltela.pt\/#website","url":"https:\/\/portaltela.pt\/","name":"Portal Tela Portugal","description":"","potentialAction":[{"@type":"SearchAction","target":{"@type":"EntryPoint","urlTemplate":"https:\/\/portaltela.pt\/?s={search_term_string}"},"query-input":{"@type":"PropertyValueSpecification","valueRequired":true,"valueName":"search_term_string"}}],"inLanguage":"pt-PT"},{"@type":"Person","@id":"https:\/\/portaltela.pt\/#\/schema\/person\/c4278d4a6028830caff9ee44b42d32ed","name":"Telinha","image":{"@type":"ImageObject","inLanguage":"pt-PT","@id":"https:\/\/portaltela.pt\/s.01k8rhncp4jt1\/2025\/11\/talking-bot-125x125.png","url":"https:\/\/portaltela.pt\/s.01k8rhncp4jt1\/2025\/11\/talking-bot-125x125.png","contentUrl":"https:\/\/portaltela.pt\/s.01k8rhncp4jt1\/2025\/11\/talking-bot-125x125.png","caption":"Telinha"},"sameAs":["https:\/\/portaltela.pt\/"],"url":"https:\/\/portaltela.pt\/por\/367410592786\/"}]}},"_links":{"self":[{"href":"https:\/\/portaltela.pt\/api\/wp\/v2\/posts\/449558","targetHints":{"allow":["GET"]}}],"collection":[{"href":"https:\/\/portaltela.pt\/api\/wp\/v2\/posts"}],"about":[{"href":"https:\/\/portaltela.pt\/api\/wp\/v2\/types\/post"}],"author":[{"embeddable":true,"href":"https:\/\/portaltela.pt\/api\/wp\/v2\/users\/2"}],"replies":[{"embeddable":true,"href":"https:\/\/portaltela.pt\/api\/wp\/v2\/comments?post=449558"}],"version-history":[{"count":0,"href":"https:\/\/portaltela.pt\/api\/wp\/v2\/posts\/449558\/revisions"}],"wp:featuredmedia":[{"embeddable":true,"href":"https:\/\/portaltela.pt\/api\/wp\/v2\/media\/449559"}],"wp:attachment":[{"href":"https:\/\/portaltela.pt\/api\/wp\/v2\/media?parent=449558"}],"wp:term":[{"taxonomy":"category","embeddable":true,"href":"https:\/\/portaltela.pt\/api\/wp\/v2\/categories?post=449558"},{"taxonomy":"post_tag","embeddable":true,"href":"https:\/\/portaltela.pt\/api\/wp\/v2\/tags?post=449558"}],"curies":[{"name":"wp","href":"https:\/\/api.w.org\/{rel}","templated":true}]}}