{"id":449537,"date":"2026-04-19T01:32:22","date_gmt":"2026-04-19T04:32:22","guid":{"rendered":"https:\/\/portaltela.pt\/noticias\/2026\/04\/19\/ex-militar-australiano-nega-acusacoes-de-crimes-de-guerra-no-afeganistao\/"},"modified":"2026-04-19T01:32:22","modified_gmt":"2026-04-19T04:32:22","slug":"ex-militar-australiano-nega-acusacoes-de-crimes-de-guerra-no-afeganistao","status":"publish","type":"post","link":"https:\/\/portaltela.pt\/guerra\/2026\/04\/19\/ex-militar-australiano-nega-acusacoes-de-crimes-de-guerra-no-afeganistao\/","title":{"rendered":"Ex-militar australiano nega acusa\u00e7\u00f5es de crimes de guerra no Afeganist\u00e3o"},"content":{"rendered":"<p>O ex-militar australiano nega as acusa\u00e7\u00f5es de crimes de guerra no Afeganist\u00e3o. A defesa contesta as alega\u00e7\u00f5es apresentadas contra ele, mantendo a posi\u00e7\u00e3o de n\u00e3o ter cometido viola\u00e7\u00f5es.<\/p>\n<p>As informa\u00e7\u00f5es dispon\u00edveis n\u00e3o detalham a natureza exacta das acusa\u00e7\u00f5es nem as circunst\u00e2ncias em que teriam ocorrido. O material divulgado n\u00e3o especifica datas, locais ou o enquadramento legal.<\/p>\n<p>A reportagem cita genericamente que o caso envolve crimes de guerra em territ\u00f3rio afgano, sem apresentar pormenores adicionais. A atualiza\u00e7\u00e3o varia conforme o acesso ao conte\u00fado completo.<\/p>\n<p>Fonte: Lusa.<\/p>\n","protected":false},"excerpt":{"rendered":"<ul>\n<li>Ex-militar australiano nega acusa\u00e7\u00f5es de crimes de guerra no Afeganist\u00e3o.<\/li>\n<li>O caso envolve alega\u00e7\u00f5es relacionadas com a\u00e7\u00f5es durante o envolvimento militar australiano no Afeganist\u00e3o.<\/li>\n<li>O conte\u00fado completo da not\u00edcia est\u00e1 dispon\u00edvel apenas para subscritores.<\/li>\n<li>O texto acess\u00edvel n\u00e3o traz detalhes adicionais ou datas espec\u00edficas no resumo.<\/li>\n<\/ul>\n","protected":false},"author":2,"featured_media":449538,"comment_status":"closed","ping_status":"closed","sticky":false,"template":"","format":"standard","meta":{"footnotes":""},"categories":[6804],"tags":[4104,2773,5550,217,803],"class_list":["post-449537","post","type-post","status-publish","format-standard","has-post-thumbnail","hentry","category-guerra","tag-afeganistao","tag-crime-de-guerra","tag-crime-internacional","tag-investigacao-criminal","tag-justica"],"yoast_head":"<!-- This site is optimized with the Yoast SEO plugin v27.2 - https:\/\/yoast.com\/product\/yoast-seo-wordpress\/ -->\n<title>Ex-militar australiano nega acusa\u00e7\u00f5es de crimes de guerra no Afeganist\u00e3o - Portal Tela Portugal<\/title>\n<meta name=\"robots\" content=\"index, follow, max-snippet:-1, max-image-preview:large, max-video-preview:-1\" \/>\n<meta property=\"og:locale\" content=\"pt_PT\" \/>\n<meta property=\"og:type\" content=\"article\" \/>\n<meta property=\"og:title\" content=\"Ex-militar australiano nega acusa\u00e7\u00f5es de crimes de guerra no Afeganist\u00e3o - Portal Tela Portugal\" \/>\n<meta property=\"og:description\" content=\"Ex-militar australiano nega acusa\u00e7\u00f5es de crimes de guerra no Afeganist\u00e3o. O caso envolve alega\u00e7\u00f5es relacionadas com a\u00e7\u00f5es durante o envolvimento militar australiano no Afeganist\u00e3o. O conte\u00fado completo da not\u00edcia est\u00e1 dispon\u00edvel apenas para subscritores. O texto acess\u00edvel n\u00e3o traz detalhes adicionais ou datas espec\u00edficas no resumo.\" \/>\n<meta property=\"og:url\" content=\"https:\/\/portaltela.pt\/noticias\/2026\/04\/19\/ex-militar-australiano-nega-acusacoes-de-crimes-de-guerra-no-afeganistao\/\" \/>\n<meta property=\"og:site_name\" content=\"Portal Tela Portugal\" \/>\n<meta property=\"article:published_time\" content=\"2026-04-19T04:32:22+00:00\" \/>\n<meta name=\"author\" content=\"Telinha\" \/>\n<meta name=\"twitter:card\" content=\"summary_large_image\" \/>\n<meta name=\"twitter:label1\" content=\"Escrito por\" \/>\n\t<meta name=\"twitter:data1\" content=\"Telinha\" \/>\n\t<meta name=\"twitter:label2\" content=\"Tempo estimado de leitura\" \/>\n\t<meta name=\"twitter:data2\" content=\"1 minuto\" \/>\n<script type=\"application\/ld+json\" class=\"yoast-schema-graph\">{\"@context\":\"https:\/\/schema.org\",\"@graph\":[{\"@type\":\"Article\",\"@id\":\"https:\/\/portaltela.pt\/noticias\/2026\/04\/19\/ex-militar-australiano-nega-acusacoes-de-crimes-de-guerra-no-afeganistao\/#article\",\"isPartOf\":{\"@id\":\"https:\/\/portaltela.pt\/noticias\/2026\/04\/19\/ex-militar-australiano-nega-acusacoes-de-crimes-de-guerra-no-afeganistao\/\"},\"author\":{\"name\":\"Telinha\",\"@id\":\"https:\/\/portaltela.pt\/#\/schema\/person\/c4278d4a6028830caff9ee44b42d32ed\"},\"headline\":\"Ex-militar australiano nega acusa\u00e7\u00f5es de crimes de guerra no Afeganist\u00e3o\",\"datePublished\":\"2026-04-19T04:32:22+00:00\",\"mainEntityOfPage\":{\"@id\":\"https:\/\/portaltela.pt\/noticias\/2026\/04\/19\/ex-militar-australiano-nega-acusacoes-de-crimes-de-guerra-no-afeganistao\/\"},\"wordCount\":112,\"image\":{\"@id\":\"https:\/\/portaltela.pt\/noticias\/2026\/04\/19\/ex-militar-australiano-nega-acusacoes-de-crimes-de-guerra-no-afeganistao\/#primaryimage\"},\"thumbnailUrl\":\"https:\/\/portaltela.pt\/s.01k8rhncp4jt1\/2026\/04\/CACHE_780X1200_ANALOG_WATERMARKED_46885991_7674023452769.jpg\",\"keywords\":[\"Afeganist\u00e3o\",\"crime de guerra\",\"crime internacional\",\"investiga\u00e7\u00e3o criminal\",\"justi\u00e7a\"],\"articleSection\":[\"Guerra\"],\"inLanguage\":\"pt-PT\"},{\"@type\":\"WebPage\",\"@id\":\"https:\/\/portaltela.pt\/noticias\/2026\/04\/19\/ex-militar-australiano-nega-acusacoes-de-crimes-de-guerra-no-afeganistao\/\",\"url\":\"https:\/\/portaltela.pt\/noticias\/2026\/04\/19\/ex-militar-australiano-nega-acusacoes-de-crimes-de-guerra-no-afeganistao\/\",\"name\":\"Ex-militar australiano nega acusa\u00e7\u00f5es de crimes de guerra no Afeganist\u00e3o - Portal Tela Portugal\",\"isPartOf\":{\"@id\":\"https:\/\/portaltela.pt\/#website\"},\"primaryImageOfPage\":{\"@id\":\"https:\/\/portaltela.pt\/noticias\/2026\/04\/19\/ex-militar-australiano-nega-acusacoes-de-crimes-de-guerra-no-afeganistao\/#primaryimage\"},\"image\":{\"@id\":\"https:\/\/portaltela.pt\/noticias\/2026\/04\/19\/ex-militar-australiano-nega-acusacoes-de-crimes-de-guerra-no-afeganistao\/#primaryimage\"},\"thumbnailUrl\":\"https:\/\/portaltela.pt\/s.01k8rhncp4jt1\/2026\/04\/CACHE_780X1200_ANALOG_WATERMARKED_46885991_7674023452769.jpg\",\"datePublished\":\"2026-04-19T04:32:22+00:00\",\"author\":{\"@id\":\"https:\/\/portaltela.pt\/#\/schema\/person\/c4278d4a6028830caff9ee44b42d32ed\"},\"breadcrumb\":{\"@id\":\"https:\/\/portaltela.pt\/noticias\/2026\/04\/19\/ex-militar-australiano-nega-acusacoes-de-crimes-de-guerra-no-afeganistao\/#breadcrumb\"},\"inLanguage\":\"pt-PT\",\"potentialAction\":[{\"@type\":\"ReadAction\",\"target\":[\"https:\/\/portaltela.pt\/noticias\/2026\/04\/19\/ex-militar-australiano-nega-acusacoes-de-crimes-de-guerra-no-afeganistao\/\"]}]},{\"@type\":\"ImageObject\",\"inLanguage\":\"pt-PT\",\"@id\":\"https:\/\/portaltela.pt\/noticias\/2026\/04\/19\/ex-militar-australiano-nega-acusacoes-de-crimes-de-guerra-no-afeganistao\/#primaryimage\",\"url\":\"https:\/\/portaltela.pt\/s.01k8rhncp4jt1\/2026\/04\/CACHE_780X1200_ANALOG_WATERMARKED_46885991_7674023452769.jpg\",\"contentUrl\":\"https:\/\/portaltela.pt\/s.01k8rhncp4jt1\/2026\/04\/CACHE_780X1200_ANALOG_WATERMARKED_46885991_7674023452769.jpg\",\"width\":768,\"height\":512,\"caption\":\"Photo\"},{\"@type\":\"BreadcrumbList\",\"@id\":\"https:\/\/portaltela.pt\/noticias\/2026\/04\/19\/ex-militar-australiano-nega-acusacoes-de-crimes-de-guerra-no-afeganistao\/#breadcrumb\",\"itemListElement\":[{\"@type\":\"ListItem\",\"position\":1,\"name\":\"In\u00edcio\",\"item\":\"https:\/\/portaltela.pt\/\"},{\"@type\":\"ListItem\",\"position\":2,\"name\":\"Ex-militar australiano nega acusa\u00e7\u00f5es de crimes de guerra no Afeganist\u00e3o\"}]},{\"@type\":\"WebSite\",\"@id\":\"https:\/\/portaltela.pt\/#website\",\"url\":\"https:\/\/portaltela.pt\/\",\"name\":\"Portal Tela Portugal\",\"description\":\"\",\"potentialAction\":[{\"@type\":\"SearchAction\",\"target\":{\"@type\":\"EntryPoint\",\"urlTemplate\":\"https:\/\/portaltela.pt\/?s={search_term_string}\"},\"query-input\":{\"@type\":\"PropertyValueSpecification\",\"valueRequired\":true,\"valueName\":\"search_term_string\"}}],\"inLanguage\":\"pt-PT\"},{\"@type\":\"Person\",\"@id\":\"https:\/\/portaltela.pt\/#\/schema\/person\/c4278d4a6028830caff9ee44b42d32ed\",\"name\":\"Telinha\",\"image\":{\"@type\":\"ImageObject\",\"inLanguage\":\"pt-PT\",\"@id\":\"https:\/\/portaltela.pt\/s.01k8rhncp4jt1\/2025\/11\/talking-bot-125x125.png\",\"url\":\"https:\/\/portaltela.pt\/s.01k8rhncp4jt1\/2025\/11\/talking-bot-125x125.png\",\"contentUrl\":\"https:\/\/portaltela.pt\/s.01k8rhncp4jt1\/2025\/11\/talking-bot-125x125.png\",\"caption\":\"Telinha\"},\"sameAs\":[\"https:\/\/portaltela.pt\/\"],\"url\":\"https:\/\/portaltela.pt\/por\/367410592786\/\"}]}<\/script>\n<!-- \/ Yoast SEO plugin. -->","yoast_head_json":{"title":"Ex-militar australiano nega acusa\u00e7\u00f5es de crimes de guerra no Afeganist\u00e3o - Portal Tela Portugal","robots":{"index":"index","follow":"follow","max-snippet":"max-snippet:-1","max-image-preview":"max-image-preview:large","max-video-preview":"max-video-preview:-1"},"og_locale":"pt_PT","og_type":"article","og_title":"Ex-militar australiano nega acusa\u00e7\u00f5es de crimes de guerra no Afeganist\u00e3o - Portal Tela Portugal","og_description":"Ex-militar australiano nega acusa\u00e7\u00f5es de crimes de guerra no Afeganist\u00e3o. O caso envolve alega\u00e7\u00f5es relacionadas com a\u00e7\u00f5es durante o envolvimento militar australiano no Afeganist\u00e3o. O conte\u00fado completo da not\u00edcia est\u00e1 dispon\u00edvel apenas para subscritores. O texto acess\u00edvel n\u00e3o traz detalhes adicionais ou datas espec\u00edficas no resumo.","og_url":"https:\/\/portaltela.pt\/noticias\/2026\/04\/19\/ex-militar-australiano-nega-acusacoes-de-crimes-de-guerra-no-afeganistao\/","og_site_name":"Portal Tela Portugal","article_published_time":"2026-04-19T04:32:22+00:00","author":"Telinha","twitter_card":"summary_large_image","twitter_misc":{"Escrito por":"Telinha","Tempo estimado de leitura":"1 minuto"},"schema":{"@context":"https:\/\/schema.org","@graph":[{"@type":"Article","@id":"https:\/\/portaltela.pt\/noticias\/2026\/04\/19\/ex-militar-australiano-nega-acusacoes-de-crimes-de-guerra-no-afeganistao\/#article","isPartOf":{"@id":"https:\/\/portaltela.pt\/noticias\/2026\/04\/19\/ex-militar-australiano-nega-acusacoes-de-crimes-de-guerra-no-afeganistao\/"},"author":{"name":"Telinha","@id":"https:\/\/portaltela.pt\/#\/schema\/person\/c4278d4a6028830caff9ee44b42d32ed"},"headline":"Ex-militar australiano nega acusa\u00e7\u00f5es de crimes de guerra no Afeganist\u00e3o","datePublished":"2026-04-19T04:32:22+00:00","mainEntityOfPage":{"@id":"https:\/\/portaltela.pt\/noticias\/2026\/04\/19\/ex-militar-australiano-nega-acusacoes-de-crimes-de-guerra-no-afeganistao\/"},"wordCount":112,"image":{"@id":"https:\/\/portaltela.pt\/noticias\/2026\/04\/19\/ex-militar-australiano-nega-acusacoes-de-crimes-de-guerra-no-afeganistao\/#primaryimage"},"thumbnailUrl":"https:\/\/portaltela.pt\/s.01k8rhncp4jt1\/2026\/04\/CACHE_780X1200_ANALOG_WATERMARKED_46885991_7674023452769.jpg","keywords":["Afeganist\u00e3o","crime de guerra","crime internacional","investiga\u00e7\u00e3o criminal","justi\u00e7a"],"articleSection":["Guerra"],"inLanguage":"pt-PT"},{"@type":"WebPage","@id":"https:\/\/portaltela.pt\/noticias\/2026\/04\/19\/ex-militar-australiano-nega-acusacoes-de-crimes-de-guerra-no-afeganistao\/","url":"https:\/\/portaltela.pt\/noticias\/2026\/04\/19\/ex-militar-australiano-nega-acusacoes-de-crimes-de-guerra-no-afeganistao\/","name":"Ex-militar australiano nega acusa\u00e7\u00f5es de crimes de guerra no Afeganist\u00e3o - Portal Tela Portugal","isPartOf":{"@id":"https:\/\/portaltela.pt\/#website"},"primaryImageOfPage":{"@id":"https:\/\/portaltela.pt\/noticias\/2026\/04\/19\/ex-militar-australiano-nega-acusacoes-de-crimes-de-guerra-no-afeganistao\/#primaryimage"},"image":{"@id":"https:\/\/portaltela.pt\/noticias\/2026\/04\/19\/ex-militar-australiano-nega-acusacoes-de-crimes-de-guerra-no-afeganistao\/#primaryimage"},"thumbnailUrl":"https:\/\/portaltela.pt\/s.01k8rhncp4jt1\/2026\/04\/CACHE_780X1200_ANALOG_WATERMARKED_46885991_7674023452769.jpg","datePublished":"2026-04-19T04:32:22+00:00","author":{"@id":"https:\/\/portaltela.pt\/#\/schema\/person\/c4278d4a6028830caff9ee44b42d32ed"},"breadcrumb":{"@id":"https:\/\/portaltela.pt\/noticias\/2026\/04\/19\/ex-militar-australiano-nega-acusacoes-de-crimes-de-guerra-no-afeganistao\/#breadcrumb"},"inLanguage":"pt-PT","potentialAction":[{"@type":"ReadAction","target":["https:\/\/portaltela.pt\/noticias\/2026\/04\/19\/ex-militar-australiano-nega-acusacoes-de-crimes-de-guerra-no-afeganistao\/"]}]},{"@type":"ImageObject","inLanguage":"pt-PT","@id":"https:\/\/portaltela.pt\/noticias\/2026\/04\/19\/ex-militar-australiano-nega-acusacoes-de-crimes-de-guerra-no-afeganistao\/#primaryimage","url":"https:\/\/portaltela.pt\/s.01k8rhncp4jt1\/2026\/04\/CACHE_780X1200_ANALOG_WATERMARKED_46885991_7674023452769.jpg","contentUrl":"https:\/\/portaltela.pt\/s.01k8rhncp4jt1\/2026\/04\/CACHE_780X1200_ANALOG_WATERMARKED_46885991_7674023452769.jpg","width":768,"height":512,"caption":"Photo"},{"@type":"BreadcrumbList","@id":"https:\/\/portaltela.pt\/noticias\/2026\/04\/19\/ex-militar-australiano-nega-acusacoes-de-crimes-de-guerra-no-afeganistao\/#breadcrumb","itemListElement":[{"@type":"ListItem","position":1,"name":"In\u00edcio","item":"https:\/\/portaltela.pt\/"},{"@type":"ListItem","position":2,"name":"Ex-militar australiano nega acusa\u00e7\u00f5es de crimes de guerra no Afeganist\u00e3o"}]},{"@type":"WebSite","@id":"https:\/\/portaltela.pt\/#website","url":"https:\/\/portaltela.pt\/","name":"Portal Tela Portugal","description":"","potentialAction":[{"@type":"SearchAction","target":{"@type":"EntryPoint","urlTemplate":"https:\/\/portaltela.pt\/?s={search_term_string}"},"query-input":{"@type":"PropertyValueSpecification","valueRequired":true,"valueName":"search_term_string"}}],"inLanguage":"pt-PT"},{"@type":"Person","@id":"https:\/\/portaltela.pt\/#\/schema\/person\/c4278d4a6028830caff9ee44b42d32ed","name":"Telinha","image":{"@type":"ImageObject","inLanguage":"pt-PT","@id":"https:\/\/portaltela.pt\/s.01k8rhncp4jt1\/2025\/11\/talking-bot-125x125.png","url":"https:\/\/portaltela.pt\/s.01k8rhncp4jt1\/2025\/11\/talking-bot-125x125.png","contentUrl":"https:\/\/portaltela.pt\/s.01k8rhncp4jt1\/2025\/11\/talking-bot-125x125.png","caption":"Telinha"},"sameAs":["https:\/\/portaltela.pt\/"],"url":"https:\/\/portaltela.pt\/por\/367410592786\/"}]}},"_links":{"self":[{"href":"https:\/\/portaltela.pt\/api\/wp\/v2\/posts\/449537","targetHints":{"allow":["GET"]}}],"collection":[{"href":"https:\/\/portaltela.pt\/api\/wp\/v2\/posts"}],"about":[{"href":"https:\/\/portaltela.pt\/api\/wp\/v2\/types\/post"}],"author":[{"embeddable":true,"href":"https:\/\/portaltela.pt\/api\/wp\/v2\/users\/2"}],"replies":[{"embeddable":true,"href":"https:\/\/portaltela.pt\/api\/wp\/v2\/comments?post=449537"}],"version-history":[{"count":0,"href":"https:\/\/portaltela.pt\/api\/wp\/v2\/posts\/449537\/revisions"}],"wp:featuredmedia":[{"embeddable":true,"href":"https:\/\/portaltela.pt\/api\/wp\/v2\/media\/449538"}],"wp:attachment":[{"href":"https:\/\/portaltela.pt\/api\/wp\/v2\/media?parent=449537"}],"wp:term":[{"taxonomy":"category","embeddable":true,"href":"https:\/\/portaltela.pt\/api\/wp\/v2\/categories?post=449537"},{"taxonomy":"post_tag","embeddable":true,"href":"https:\/\/portaltela.pt\/api\/wp\/v2\/tags?post=449537"}],"curies":[{"name":"wp","href":"https:\/\/api.w.org\/{rel}","templated":true}]}}