{"id":449452,"date":"2026-04-18T11:55:00","date_gmt":"2026-04-18T14:55:00","guid":{"rendered":"https:\/\/portaltela.pt\/noticias\/2026\/04\/18\/lula-chama-onu-a-agir-no-oriente-medio-e-nao-pode-ficar-em-silencio\/"},"modified":"2026-04-18T11:55:00","modified_gmt":"2026-04-18T14:55:00","slug":"lula-chama-onu-a-agir-no-oriente-medio-e-nao-pode-ficar-em-silencio","status":"publish","type":"post","link":"https:\/\/portaltela.pt\/noticias\/internacional\/2026\/04\/18\/lula-chama-onu-a-agir-no-oriente-medio-e-nao-pode-ficar-em-silencio\/","title":{"rendered":"Lula chama ONU a agir no Oriente M\u00e9dio e n\u00e3o pode ficar em sil\u00eancio"},"content":{"rendered":"<p>O presidente brasileiro, Lula, pediu ao secret\u00e1rio-geral da ONU, Ant\u00f3nio Guterres, que seja proativo no M\u00e9dio Oriente e que a ONU n\u00e3o fique em sil\u00eancio.<\/p>\n<p>A mensagem foi transmitida numa declara\u00e7\u00e3o recente, com foco em acelerar negocia\u00e7\u00f5es, prote\u00e7\u00e3o de civis e apoio humanit\u00e1rio, segundo fontes oficiais do Pal\u00e1cio do Planalto.<\/p>\n<p>N\u00e3o foram dadas novas datas ou compromissos formais, mas a posi\u00e7\u00e3o de Bras\u00edlia refor\u00e7a o papel da ONU na media\u00e7\u00e3o da crise.<\/p>\n","protected":false},"excerpt":{"rendered":"<ul>\n<li>O presidente brasileiro, Lula, pediu ao secret\u00e1rio-geral da ONU, Ant\u00f3nio Guterres, que seja proativo em rela\u00e7\u00e3o ao M\u00e9dio Oriente.<\/li>\n<li>Lula afirmou que a ONU n\u00e3o pode ficar em sil\u00eancio perante a crise na regi\u00e3o.<\/li>\n<li>A posi\u00e7\u00e3o foi comunicada pela Presid\u00eancia como resposta a temas internacionais envolvendo o M\u00e9dio Oriente.<\/li>\n<li>O conte\u00fado completo da not\u00edcia est\u00e1 dispon\u00edvel apenas para subscritores.<\/li>\n<\/ul>\n","protected":false},"author":2,"featured_media":449456,"comment_status":"closed","ping_status":"closed","sticky":false,"template":"","format":"standard","meta":{"footnotes":""},"categories":[6814,4],"tags":[8270,8189,8119,7946,5747,6703],"class_list":["post-449452","post","type-post","status-publish","format-standard","has-post-thumbnail","hentry","category-geopolitica","category-internacional","tag-_crises-internacionais","tag-_mediacao-internacional","tag-_onu","tag-_relacoes-internacionais","tag-ajuda-humanitaria","tag-diplomacia-internacional"],"yoast_head":"<!-- This site is optimized with the Yoast SEO plugin v27.2 - https:\/\/yoast.com\/product\/yoast-seo-wordpress\/ -->\n<title>Lula chama ONU a agir no Oriente M\u00e9dio e n\u00e3o pode ficar em sil\u00eancio - Portal Tela Portugal<\/title>\n<meta name=\"robots\" content=\"index, follow, max-snippet:-1, max-image-preview:large, max-video-preview:-1\" \/>\n<meta property=\"og:locale\" content=\"pt_PT\" \/>\n<meta property=\"og:type\" content=\"article\" \/>\n<meta property=\"og:title\" content=\"Lula chama ONU a agir no Oriente M\u00e9dio e n\u00e3o pode ficar em sil\u00eancio - Portal Tela Portugal\" \/>\n<meta property=\"og:description\" content=\"O presidente brasileiro, Lula, pediu ao secret\u00e1rio-geral da ONU, Ant\u00f3nio Guterres, que seja proativo em rela\u00e7\u00e3o ao M\u00e9dio Oriente. Lula afirmou que a ONU n\u00e3o pode ficar em sil\u00eancio perante a crise na regi\u00e3o. A posi\u00e7\u00e3o foi comunicada pela Presid\u00eancia como resposta a temas internacionais envolvendo o M\u00e9dio Oriente. O conte\u00fado completo da not\u00edcia est\u00e1 dispon\u00edvel apenas para subscritores.\" \/>\n<meta property=\"og:url\" content=\"https:\/\/portaltela.pt\/noticias\/2026\/04\/18\/lula-chama-onu-a-agir-no-oriente-medio-e-nao-pode-ficar-em-silencio\/\" \/>\n<meta property=\"og:site_name\" content=\"Portal Tela Portugal\" \/>\n<meta property=\"article:published_time\" content=\"2026-04-18T14:55:00+00:00\" \/>\n<meta name=\"author\" content=\"Telinha\" \/>\n<meta name=\"twitter:card\" content=\"summary_large_image\" \/>\n<meta name=\"twitter:label1\" content=\"Escrito por\" \/>\n\t<meta name=\"twitter:data1\" content=\"Telinha\" \/>\n<script type=\"application\/ld+json\" class=\"yoast-schema-graph\">{\"@context\":\"https:\/\/schema.org\",\"@graph\":[{\"@type\":\"Article\",\"@id\":\"https:\/\/portaltela.pt\/noticias\/2026\/04\/18\/lula-chama-onu-a-agir-no-oriente-medio-e-nao-pode-ficar-em-silencio\/#article\",\"isPartOf\":{\"@id\":\"https:\/\/portaltela.pt\/noticias\/2026\/04\/18\/lula-chama-onu-a-agir-no-oriente-medio-e-nao-pode-ficar-em-silencio\/\"},\"author\":{\"name\":\"Telinha\",\"@id\":\"https:\/\/portaltela.pt\/#\/schema\/person\/c4278d4a6028830caff9ee44b42d32ed\"},\"headline\":\"Lula chama ONU a agir no Oriente M\u00e9dio e n\u00e3o pode ficar em sil\u00eancio\",\"datePublished\":\"2026-04-18T14:55:00+00:00\",\"mainEntityOfPage\":{\"@id\":\"https:\/\/portaltela.pt\/noticias\/2026\/04\/18\/lula-chama-onu-a-agir-no-oriente-medio-e-nao-pode-ficar-em-silencio\/\"},\"wordCount\":104,\"image\":{\"@id\":\"https:\/\/portaltela.pt\/noticias\/2026\/04\/18\/lula-chama-onu-a-agir-no-oriente-medio-e-nao-pode-ficar-em-silencio\/#primaryimage\"},\"thumbnailUrl\":\"https:\/\/portaltela.pt\/s.01k8rhncp4jt1\/2026\/04\/CACHE_780X1200_ANALOG_WATERMARKED_46949643_16358129790837.jpg\",\"keywords\":[\"_crises internacionais\",\"_media\u00e7\u00e3o internacional\",\"_ONU\",\"_rela\u00e7\u00f5es internacionais\",\"ajuda humanit\u00e1ria\",\"diplomacia internacional\"],\"articleSection\":[\"Geopol\u00edtica\",\"Internacional\"],\"inLanguage\":\"pt-PT\"},{\"@type\":\"WebPage\",\"@id\":\"https:\/\/portaltela.pt\/noticias\/2026\/04\/18\/lula-chama-onu-a-agir-no-oriente-medio-e-nao-pode-ficar-em-silencio\/\",\"url\":\"https:\/\/portaltela.pt\/noticias\/2026\/04\/18\/lula-chama-onu-a-agir-no-oriente-medio-e-nao-pode-ficar-em-silencio\/\",\"name\":\"Lula chama ONU a agir no Oriente M\u00e9dio e n\u00e3o pode ficar em sil\u00eancio - Portal Tela Portugal\",\"isPartOf\":{\"@id\":\"https:\/\/portaltela.pt\/#website\"},\"primaryImageOfPage\":{\"@id\":\"https:\/\/portaltela.pt\/noticias\/2026\/04\/18\/lula-chama-onu-a-agir-no-oriente-medio-e-nao-pode-ficar-em-silencio\/#primaryimage\"},\"image\":{\"@id\":\"https:\/\/portaltela.pt\/noticias\/2026\/04\/18\/lula-chama-onu-a-agir-no-oriente-medio-e-nao-pode-ficar-em-silencio\/#primaryimage\"},\"thumbnailUrl\":\"https:\/\/portaltela.pt\/s.01k8rhncp4jt1\/2026\/04\/CACHE_780X1200_ANALOG_WATERMARKED_46949643_16358129790837.jpg\",\"datePublished\":\"2026-04-18T14:55:00+00:00\",\"author\":{\"@id\":\"https:\/\/portaltela.pt\/#\/schema\/person\/c4278d4a6028830caff9ee44b42d32ed\"},\"breadcrumb\":{\"@id\":\"https:\/\/portaltela.pt\/noticias\/2026\/04\/18\/lula-chama-onu-a-agir-no-oriente-medio-e-nao-pode-ficar-em-silencio\/#breadcrumb\"},\"inLanguage\":\"pt-PT\",\"potentialAction\":[{\"@type\":\"ReadAction\",\"target\":[\"https:\/\/portaltela.pt\/noticias\/2026\/04\/18\/lula-chama-onu-a-agir-no-oriente-medio-e-nao-pode-ficar-em-silencio\/\"]}]},{\"@type\":\"ImageObject\",\"inLanguage\":\"pt-PT\",\"@id\":\"https:\/\/portaltela.pt\/noticias\/2026\/04\/18\/lula-chama-onu-a-agir-no-oriente-medio-e-nao-pode-ficar-em-silencio\/#primaryimage\",\"url\":\"https:\/\/portaltela.pt\/s.01k8rhncp4jt1\/2026\/04\/CACHE_780X1200_ANALOG_WATERMARKED_46949643_16358129790837.jpg\",\"contentUrl\":\"https:\/\/portaltela.pt\/s.01k8rhncp4jt1\/2026\/04\/CACHE_780X1200_ANALOG_WATERMARKED_46949643_16358129790837.jpg\",\"width\":796,\"height\":448,\"caption\":\"M\u00e9dio Oriente: Lula insta Guterres a ser proativo e avisa que ONU \u201cn\u00e3o pode ficar em sil\u00eancio\u201d\"},{\"@type\":\"BreadcrumbList\",\"@id\":\"https:\/\/portaltela.pt\/noticias\/2026\/04\/18\/lula-chama-onu-a-agir-no-oriente-medio-e-nao-pode-ficar-em-silencio\/#breadcrumb\",\"itemListElement\":[{\"@type\":\"ListItem\",\"position\":1,\"name\":\"In\u00edcio\",\"item\":\"https:\/\/portaltela.pt\/\"},{\"@type\":\"ListItem\",\"position\":2,\"name\":\"Lula chama ONU a agir no Oriente M\u00e9dio e n\u00e3o pode ficar em sil\u00eancio\"}]},{\"@type\":\"WebSite\",\"@id\":\"https:\/\/portaltela.pt\/#website\",\"url\":\"https:\/\/portaltela.pt\/\",\"name\":\"Portal Tela Portugal\",\"description\":\"\",\"potentialAction\":[{\"@type\":\"SearchAction\",\"target\":{\"@type\":\"EntryPoint\",\"urlTemplate\":\"https:\/\/portaltela.pt\/?s={search_term_string}\"},\"query-input\":{\"@type\":\"PropertyValueSpecification\",\"valueRequired\":true,\"valueName\":\"search_term_string\"}}],\"inLanguage\":\"pt-PT\"},{\"@type\":\"Person\",\"@id\":\"https:\/\/portaltela.pt\/#\/schema\/person\/c4278d4a6028830caff9ee44b42d32ed\",\"name\":\"Telinha\",\"image\":{\"@type\":\"ImageObject\",\"inLanguage\":\"pt-PT\",\"@id\":\"https:\/\/portaltela.pt\/s.01k8rhncp4jt1\/2025\/11\/talking-bot-125x125.png\",\"url\":\"https:\/\/portaltela.pt\/s.01k8rhncp4jt1\/2025\/11\/talking-bot-125x125.png\",\"contentUrl\":\"https:\/\/portaltela.pt\/s.01k8rhncp4jt1\/2025\/11\/talking-bot-125x125.png\",\"caption\":\"Telinha\"},\"sameAs\":[\"https:\/\/portaltela.pt\/\"],\"url\":\"https:\/\/portaltela.pt\/por\/367410592786\/\"}]}<\/script>\n<!-- \/ Yoast SEO plugin. -->","yoast_head_json":{"title":"Lula chama ONU a agir no Oriente M\u00e9dio e n\u00e3o pode ficar em sil\u00eancio - Portal Tela Portugal","robots":{"index":"index","follow":"follow","max-snippet":"max-snippet:-1","max-image-preview":"max-image-preview:large","max-video-preview":"max-video-preview:-1"},"og_locale":"pt_PT","og_type":"article","og_title":"Lula chama ONU a agir no Oriente M\u00e9dio e n\u00e3o pode ficar em sil\u00eancio - Portal Tela Portugal","og_description":"O presidente brasileiro, Lula, pediu ao secret\u00e1rio-geral da ONU, Ant\u00f3nio Guterres, que seja proativo em rela\u00e7\u00e3o ao M\u00e9dio Oriente. Lula afirmou que a ONU n\u00e3o pode ficar em sil\u00eancio perante a crise na regi\u00e3o. A posi\u00e7\u00e3o foi comunicada pela Presid\u00eancia como resposta a temas internacionais envolvendo o M\u00e9dio Oriente. O conte\u00fado completo da not\u00edcia est\u00e1 dispon\u00edvel apenas para subscritores.","og_url":"https:\/\/portaltela.pt\/noticias\/2026\/04\/18\/lula-chama-onu-a-agir-no-oriente-medio-e-nao-pode-ficar-em-silencio\/","og_site_name":"Portal Tela Portugal","article_published_time":"2026-04-18T14:55:00+00:00","author":"Telinha","twitter_card":"summary_large_image","twitter_misc":{"Escrito por":"Telinha"},"schema":{"@context":"https:\/\/schema.org","@graph":[{"@type":"Article","@id":"https:\/\/portaltela.pt\/noticias\/2026\/04\/18\/lula-chama-onu-a-agir-no-oriente-medio-e-nao-pode-ficar-em-silencio\/#article","isPartOf":{"@id":"https:\/\/portaltela.pt\/noticias\/2026\/04\/18\/lula-chama-onu-a-agir-no-oriente-medio-e-nao-pode-ficar-em-silencio\/"},"author":{"name":"Telinha","@id":"https:\/\/portaltela.pt\/#\/schema\/person\/c4278d4a6028830caff9ee44b42d32ed"},"headline":"Lula chama ONU a agir no Oriente M\u00e9dio e n\u00e3o pode ficar em sil\u00eancio","datePublished":"2026-04-18T14:55:00+00:00","mainEntityOfPage":{"@id":"https:\/\/portaltela.pt\/noticias\/2026\/04\/18\/lula-chama-onu-a-agir-no-oriente-medio-e-nao-pode-ficar-em-silencio\/"},"wordCount":104,"image":{"@id":"https:\/\/portaltela.pt\/noticias\/2026\/04\/18\/lula-chama-onu-a-agir-no-oriente-medio-e-nao-pode-ficar-em-silencio\/#primaryimage"},"thumbnailUrl":"https:\/\/portaltela.pt\/s.01k8rhncp4jt1\/2026\/04\/CACHE_780X1200_ANALOG_WATERMARKED_46949643_16358129790837.jpg","keywords":["_crises internacionais","_media\u00e7\u00e3o internacional","_ONU","_rela\u00e7\u00f5es internacionais","ajuda humanit\u00e1ria","diplomacia internacional"],"articleSection":["Geopol\u00edtica","Internacional"],"inLanguage":"pt-PT"},{"@type":"WebPage","@id":"https:\/\/portaltela.pt\/noticias\/2026\/04\/18\/lula-chama-onu-a-agir-no-oriente-medio-e-nao-pode-ficar-em-silencio\/","url":"https:\/\/portaltela.pt\/noticias\/2026\/04\/18\/lula-chama-onu-a-agir-no-oriente-medio-e-nao-pode-ficar-em-silencio\/","name":"Lula chama ONU a agir no Oriente M\u00e9dio e n\u00e3o pode ficar em sil\u00eancio - Portal Tela Portugal","isPartOf":{"@id":"https:\/\/portaltela.pt\/#website"},"primaryImageOfPage":{"@id":"https:\/\/portaltela.pt\/noticias\/2026\/04\/18\/lula-chama-onu-a-agir-no-oriente-medio-e-nao-pode-ficar-em-silencio\/#primaryimage"},"image":{"@id":"https:\/\/portaltela.pt\/noticias\/2026\/04\/18\/lula-chama-onu-a-agir-no-oriente-medio-e-nao-pode-ficar-em-silencio\/#primaryimage"},"thumbnailUrl":"https:\/\/portaltela.pt\/s.01k8rhncp4jt1\/2026\/04\/CACHE_780X1200_ANALOG_WATERMARKED_46949643_16358129790837.jpg","datePublished":"2026-04-18T14:55:00+00:00","author":{"@id":"https:\/\/portaltela.pt\/#\/schema\/person\/c4278d4a6028830caff9ee44b42d32ed"},"breadcrumb":{"@id":"https:\/\/portaltela.pt\/noticias\/2026\/04\/18\/lula-chama-onu-a-agir-no-oriente-medio-e-nao-pode-ficar-em-silencio\/#breadcrumb"},"inLanguage":"pt-PT","potentialAction":[{"@type":"ReadAction","target":["https:\/\/portaltela.pt\/noticias\/2026\/04\/18\/lula-chama-onu-a-agir-no-oriente-medio-e-nao-pode-ficar-em-silencio\/"]}]},{"@type":"ImageObject","inLanguage":"pt-PT","@id":"https:\/\/portaltela.pt\/noticias\/2026\/04\/18\/lula-chama-onu-a-agir-no-oriente-medio-e-nao-pode-ficar-em-silencio\/#primaryimage","url":"https:\/\/portaltela.pt\/s.01k8rhncp4jt1\/2026\/04\/CACHE_780X1200_ANALOG_WATERMARKED_46949643_16358129790837.jpg","contentUrl":"https:\/\/portaltela.pt\/s.01k8rhncp4jt1\/2026\/04\/CACHE_780X1200_ANALOG_WATERMARKED_46949643_16358129790837.jpg","width":796,"height":448,"caption":"M\u00e9dio Oriente: Lula insta Guterres a ser proativo e avisa que ONU \u201cn\u00e3o pode ficar em sil\u00eancio\u201d"},{"@type":"BreadcrumbList","@id":"https:\/\/portaltela.pt\/noticias\/2026\/04\/18\/lula-chama-onu-a-agir-no-oriente-medio-e-nao-pode-ficar-em-silencio\/#breadcrumb","itemListElement":[{"@type":"ListItem","position":1,"name":"In\u00edcio","item":"https:\/\/portaltela.pt\/"},{"@type":"ListItem","position":2,"name":"Lula chama ONU a agir no Oriente M\u00e9dio e n\u00e3o pode ficar em sil\u00eancio"}]},{"@type":"WebSite","@id":"https:\/\/portaltela.pt\/#website","url":"https:\/\/portaltela.pt\/","name":"Portal Tela Portugal","description":"","potentialAction":[{"@type":"SearchAction","target":{"@type":"EntryPoint","urlTemplate":"https:\/\/portaltela.pt\/?s={search_term_string}"},"query-input":{"@type":"PropertyValueSpecification","valueRequired":true,"valueName":"search_term_string"}}],"inLanguage":"pt-PT"},{"@type":"Person","@id":"https:\/\/portaltela.pt\/#\/schema\/person\/c4278d4a6028830caff9ee44b42d32ed","name":"Telinha","image":{"@type":"ImageObject","inLanguage":"pt-PT","@id":"https:\/\/portaltela.pt\/s.01k8rhncp4jt1\/2025\/11\/talking-bot-125x125.png","url":"https:\/\/portaltela.pt\/s.01k8rhncp4jt1\/2025\/11\/talking-bot-125x125.png","contentUrl":"https:\/\/portaltela.pt\/s.01k8rhncp4jt1\/2025\/11\/talking-bot-125x125.png","caption":"Telinha"},"sameAs":["https:\/\/portaltela.pt\/"],"url":"https:\/\/portaltela.pt\/por\/367410592786\/"}]}},"_links":{"self":[{"href":"https:\/\/portaltela.pt\/api\/wp\/v2\/posts\/449452","targetHints":{"allow":["GET"]}}],"collection":[{"href":"https:\/\/portaltela.pt\/api\/wp\/v2\/posts"}],"about":[{"href":"https:\/\/portaltela.pt\/api\/wp\/v2\/types\/post"}],"author":[{"embeddable":true,"href":"https:\/\/portaltela.pt\/api\/wp\/v2\/users\/2"}],"replies":[{"embeddable":true,"href":"https:\/\/portaltela.pt\/api\/wp\/v2\/comments?post=449452"}],"version-history":[{"count":0,"href":"https:\/\/portaltela.pt\/api\/wp\/v2\/posts\/449452\/revisions"}],"wp:featuredmedia":[{"embeddable":true,"href":"https:\/\/portaltela.pt\/api\/wp\/v2\/media\/449456"}],"wp:attachment":[{"href":"https:\/\/portaltela.pt\/api\/wp\/v2\/media?parent=449452"}],"wp:term":[{"taxonomy":"category","embeddable":true,"href":"https:\/\/portaltela.pt\/api\/wp\/v2\/categories?post=449452"},{"taxonomy":"post_tag","embeddable":true,"href":"https:\/\/portaltela.pt\/api\/wp\/v2\/tags?post=449452"}],"curies":[{"name":"wp","href":"https:\/\/api.w.org\/{rel}","templated":true}]}}