{"id":449451,"date":"2026-04-18T16:25:00","date_gmt":"2026-04-18T19:25:00","guid":{"rendered":"https:\/\/portaltela.pt\/noticias\/2026\/04\/18\/franca-impoe-sancoes-a-airbnb-apos-espanha\/"},"modified":"2026-04-18T16:25:00","modified_gmt":"2026-04-18T19:25:00","slug":"franca-impoe-sancoes-a-airbnb-apos-espanha","status":"publish","type":"post","link":"https:\/\/portaltela.pt\/sociedade\/2026\/04\/18\/franca-impoe-sancoes-a-airbnb-apos-espanha\/","title":{"rendered":"Fran\u00e7a imp\u00f5e san\u00e7\u00f5es \u00e0 Airbnb, ap\u00f3s Espanha"},"content":{"rendered":"<p>A justi\u00e7a francesa anunciou uma multa recorde de 585 mil euros a uma empresa associada \u00e0 Airbnb, pela convers\u00e3o ilegal de um edif\u00edcio de Paris em alojamento tur\u00edstico. O im\u00f3vel alojava at\u00e9 2022 uma resid\u00eancia social destinada a pessoas vulner\u00e1veis. Em 2023, foi transformado em 11 espa\u00e7os para aluguel.<\/p>\n<p>A plataforma n\u00e3o obedeceu \u00e0 legisla\u00e7\u00e3o que exige autoriza\u00e7\u00e3o para mudan\u00e7a de uso do pr\u00e9dio. O processo correu em tribunal, com a decis\u00e3o a justificar a san\u00e7\u00e3o pela viola\u00e7\u00e3o de normas urban\u00edsticas e de atividade tur\u00edstica.<\/p>\n<h3>Contexto urbano<\/h3>\n<p>Entre 2012 e 2023, a cidade de Paris registou uma perda de quase 140 mil residentes, segundo a AFP. A C\u00e2mara estima 25 mil alojamentos ilegais e criou uma brigada de 150 agentes para combater o fen\u00f3meno.<\/p>\n<p>A Vara francesa recorda que, em novembro de 2024, o Parlamento aprovou uma lei para regulamentar melhor os espa\u00e7os da Airbnb. A decis\u00e3o surge num momento de forte press\u00e3o no mercado habitacional parisiense.<\/p>\n<p>No ano seguinte, a Justi\u00e7a francesa aplicou multas que totalizaram 2,4 milh\u00f5es de euros a im\u00f3veis alugados ilegalmente a turistas, em diversas voltas de fiscaliza\u00e7\u00e3o.<\/p>\n","protected":false},"excerpt":{"rendered":"<ul>\n<li>A justi\u00e7a francesa multou a Airbnb com 585 mil euros pela convers\u00e3o ilegal de um pr\u00e9dio de Paris, de resid\u00eancia social para alojamento tur\u00edstico sem autoriza\u00e7\u00e3o de mudan\u00e7a de uso.<\/li>\n<li>O im\u00f3vel acolhia at\u00e9 2022 uma resid\u00eancia social para pessoas em situa\u00e7\u00e3o de vulnerabilidade; no fim de 2023 foi transformado em onze espa\u00e7os tur\u00edsticos alugados pela Airbnb.<\/li>\n<li>A decis\u00e3o surge num momento de pre\u00e7os da habita\u00e7\u00e3o elevados e dificuldades de encontrar casa em Paris, numa contextura j\u00e1 sinalizada por decis\u00f5es semelhantes na Espanha.<\/li>\n<li>Entre 2012 e 2023, Paris perdeu quase 140 mil habitantes; a C\u00e2mara de Paris estima cerca de 25 mil alojamentos ilegais e anunciou uma brigada de 150 pessoas para combat\u00ea-los.<\/li>\n<li>Em novembro de 2024, o Parlamento aprovou uma lei para regulamentar melhor os espa\u00e7os da Airbnb; no ano seguinte, a Justi\u00e7a francesa aplicou 2,4 milh\u00f5es de euros a v\u00e1rias casas alugadas ilegalmente a turistas.<\/li>\n<\/ul>\n","protected":false},"author":2,"featured_media":449458,"comment_status":"closed","ping_status":"closed","sticky":false,"template":"","format":"standard","meta":{"footnotes":""},"categories":[7384,6871],"tags":[5887,1856,150,3163,6371,189],"class_list":["post-449451","post","type-post","status-publish","format-standard","has-post-thumbnail","hentry","category-curiosidades","category-sociedade","tag-alojamentos","tag-franca","tag-habitacao","tag-paris","tag-sancoes","tag-urbanismo"],"yoast_head":"<!-- This site is optimized with the Yoast SEO plugin v27.2 - https:\/\/yoast.com\/product\/yoast-seo-wordpress\/ -->\n<title>Fran\u00e7a imp\u00f5e san\u00e7\u00f5es \u00e0 Airbnb, ap\u00f3s Espanha - Portal Tela Portugal<\/title>\n<meta name=\"robots\" content=\"index, follow, max-snippet:-1, max-image-preview:large, max-video-preview:-1\" \/>\n<meta property=\"og:locale\" content=\"pt_PT\" \/>\n<meta property=\"og:type\" content=\"article\" \/>\n<meta property=\"og:title\" content=\"Fran\u00e7a imp\u00f5e san\u00e7\u00f5es \u00e0 Airbnb, ap\u00f3s Espanha - Portal Tela Portugal\" \/>\n<meta property=\"og:description\" content=\"A justi\u00e7a francesa multou a Airbnb com 585 mil euros pela convers\u00e3o ilegal de um pr\u00e9dio de Paris, de resid\u00eancia social para alojamento tur\u00edstico sem autoriza\u00e7\u00e3o de mudan\u00e7a de uso. O im\u00f3vel acolhia at\u00e9 2022 uma resid\u00eancia social para pessoas em situa\u00e7\u00e3o de vulnerabilidade; no fim de 2023 foi transformado em onze espa\u00e7os tur\u00edsticos alugados pela Airbnb. A decis\u00e3o surge num momento de pre\u00e7os da habita\u00e7\u00e3o elevados e dificuldades de encontrar casa em Paris, numa contextura j\u00e1 sinalizada por decis\u00f5es semelhantes na Espanha. Entre 2012 e 2023, Paris perdeu quase 140 mil habitantes; a C\u00e2mara de Paris estima cerca de 25 mil alojamentos ilegais e anunciou uma brigada de 150 pessoas para combat\u00ea-los. Em novembro de 2024, o Parlamento aprovou uma lei para regulamentar melhor os espa\u00e7os da Airbnb; no ano seguinte, a Justi\u00e7a francesa aplicou 2,4 milh\u00f5es de euros a v\u00e1rias casas alugadas ilegalmente a turistas.\" \/>\n<meta property=\"og:url\" content=\"https:\/\/portaltela.pt\/noticias\/2026\/04\/18\/franca-impoe-sancoes-a-airbnb-apos-espanha\/\" \/>\n<meta property=\"og:site_name\" content=\"Portal Tela Portugal\" \/>\n<meta property=\"article:published_time\" content=\"2026-04-18T19:25:00+00:00\" \/>\n<meta name=\"author\" content=\"Telinha\" \/>\n<meta name=\"twitter:card\" content=\"summary_large_image\" \/>\n<meta name=\"twitter:label1\" content=\"Escrito por\" \/>\n\t<meta name=\"twitter:data1\" content=\"Telinha\" \/>\n\t<meta name=\"twitter:label2\" content=\"Tempo estimado de leitura\" \/>\n\t<meta name=\"twitter:data2\" content=\"1 minuto\" \/>\n<script type=\"application\/ld+json\" class=\"yoast-schema-graph\">{\"@context\":\"https:\/\/schema.org\",\"@graph\":[{\"@type\":\"Article\",\"@id\":\"https:\/\/portaltela.pt\/noticias\/2026\/04\/18\/franca-impoe-sancoes-a-airbnb-apos-espanha\/#article\",\"isPartOf\":{\"@id\":\"https:\/\/portaltela.pt\/noticias\/2026\/04\/18\/franca-impoe-sancoes-a-airbnb-apos-espanha\/\"},\"author\":{\"name\":\"Telinha\",\"@id\":\"https:\/\/portaltela.pt\/#\/schema\/person\/c4278d4a6028830caff9ee44b42d32ed\"},\"headline\":\"Fran\u00e7a imp\u00f5e san\u00e7\u00f5es \u00e0 Airbnb, ap\u00f3s Espanha\",\"datePublished\":\"2026-04-18T19:25:00+00:00\",\"mainEntityOfPage\":{\"@id\":\"https:\/\/portaltela.pt\/noticias\/2026\/04\/18\/franca-impoe-sancoes-a-airbnb-apos-espanha\/\"},\"wordCount\":206,\"image\":{\"@id\":\"https:\/\/portaltela.pt\/noticias\/2026\/04\/18\/franca-impoe-sancoes-a-airbnb-apos-espanha\/#primaryimage\"},\"thumbnailUrl\":\"https:\/\/portaltela.pt\/s.01k8rhncp4jt1\/2026\/04\/image-1124.jpg\",\"keywords\":[\"alojamentos\",\"Fran\u00e7a\",\"habita\u00e7\u00e3o\",\"Paris\",\"san\u00e7\u00f5es\",\"urbanismo\"],\"articleSection\":[\"Curiosidades\",\"Sociedade\"],\"inLanguage\":\"pt-PT\"},{\"@type\":\"WebPage\",\"@id\":\"https:\/\/portaltela.pt\/noticias\/2026\/04\/18\/franca-impoe-sancoes-a-airbnb-apos-espanha\/\",\"url\":\"https:\/\/portaltela.pt\/noticias\/2026\/04\/18\/franca-impoe-sancoes-a-airbnb-apos-espanha\/\",\"name\":\"Fran\u00e7a imp\u00f5e san\u00e7\u00f5es \u00e0 Airbnb, ap\u00f3s Espanha - Portal Tela Portugal\",\"isPartOf\":{\"@id\":\"https:\/\/portaltela.pt\/#website\"},\"primaryImageOfPage\":{\"@id\":\"https:\/\/portaltela.pt\/noticias\/2026\/04\/18\/franca-impoe-sancoes-a-airbnb-apos-espanha\/#primaryimage\"},\"image\":{\"@id\":\"https:\/\/portaltela.pt\/noticias\/2026\/04\/18\/franca-impoe-sancoes-a-airbnb-apos-espanha\/#primaryimage\"},\"thumbnailUrl\":\"https:\/\/portaltela.pt\/s.01k8rhncp4jt1\/2026\/04\/image-1124.jpg\",\"datePublished\":\"2026-04-18T19:25:00+00:00\",\"author\":{\"@id\":\"https:\/\/portaltela.pt\/#\/schema\/person\/c4278d4a6028830caff9ee44b42d32ed\"},\"breadcrumb\":{\"@id\":\"https:\/\/portaltela.pt\/noticias\/2026\/04\/18\/franca-impoe-sancoes-a-airbnb-apos-espanha\/#breadcrumb\"},\"inLanguage\":\"pt-PT\",\"potentialAction\":[{\"@type\":\"ReadAction\",\"target\":[\"https:\/\/portaltela.pt\/noticias\/2026\/04\/18\/franca-impoe-sancoes-a-airbnb-apos-espanha\/\"]}]},{\"@type\":\"ImageObject\",\"inLanguage\":\"pt-PT\",\"@id\":\"https:\/\/portaltela.pt\/noticias\/2026\/04\/18\/franca-impoe-sancoes-a-airbnb-apos-espanha\/#primaryimage\",\"url\":\"https:\/\/portaltela.pt\/s.01k8rhncp4jt1\/2026\/04\/image-1124.jpg\",\"contentUrl\":\"https:\/\/portaltela.pt\/s.01k8rhncp4jt1\/2026\/04\/image-1124.jpg\",\"width\":796,\"height\":448,\"caption\":\"Press\u00e3o imobili\u00e1ria causada pelo turismo afeta Paris\"},{\"@type\":\"BreadcrumbList\",\"@id\":\"https:\/\/portaltela.pt\/noticias\/2026\/04\/18\/franca-impoe-sancoes-a-airbnb-apos-espanha\/#breadcrumb\",\"itemListElement\":[{\"@type\":\"ListItem\",\"position\":1,\"name\":\"In\u00edcio\",\"item\":\"https:\/\/portaltela.pt\/\"},{\"@type\":\"ListItem\",\"position\":2,\"name\":\"Fran\u00e7a imp\u00f5e san\u00e7\u00f5es \u00e0 Airbnb, ap\u00f3s Espanha\"}]},{\"@type\":\"WebSite\",\"@id\":\"https:\/\/portaltela.pt\/#website\",\"url\":\"https:\/\/portaltela.pt\/\",\"name\":\"Portal Tela Portugal\",\"description\":\"\",\"potentialAction\":[{\"@type\":\"SearchAction\",\"target\":{\"@type\":\"EntryPoint\",\"urlTemplate\":\"https:\/\/portaltela.pt\/?s={search_term_string}\"},\"query-input\":{\"@type\":\"PropertyValueSpecification\",\"valueRequired\":true,\"valueName\":\"search_term_string\"}}],\"inLanguage\":\"pt-PT\"},{\"@type\":\"Person\",\"@id\":\"https:\/\/portaltela.pt\/#\/schema\/person\/c4278d4a6028830caff9ee44b42d32ed\",\"name\":\"Telinha\",\"image\":{\"@type\":\"ImageObject\",\"inLanguage\":\"pt-PT\",\"@id\":\"https:\/\/portaltela.pt\/s.01k8rhncp4jt1\/2025\/11\/talking-bot-125x125.png\",\"url\":\"https:\/\/portaltela.pt\/s.01k8rhncp4jt1\/2025\/11\/talking-bot-125x125.png\",\"contentUrl\":\"https:\/\/portaltela.pt\/s.01k8rhncp4jt1\/2025\/11\/talking-bot-125x125.png\",\"caption\":\"Telinha\"},\"sameAs\":[\"https:\/\/portaltela.pt\/\"],\"url\":\"https:\/\/portaltela.pt\/por\/367410592786\/\"}]}<\/script>\n<!-- \/ Yoast SEO plugin. -->","yoast_head_json":{"title":"Fran\u00e7a imp\u00f5e san\u00e7\u00f5es \u00e0 Airbnb, ap\u00f3s Espanha - Portal Tela Portugal","robots":{"index":"index","follow":"follow","max-snippet":"max-snippet:-1","max-image-preview":"max-image-preview:large","max-video-preview":"max-video-preview:-1"},"og_locale":"pt_PT","og_type":"article","og_title":"Fran\u00e7a imp\u00f5e san\u00e7\u00f5es \u00e0 Airbnb, ap\u00f3s Espanha - Portal Tela Portugal","og_description":"A justi\u00e7a francesa multou a Airbnb com 585 mil euros pela convers\u00e3o ilegal de um pr\u00e9dio de Paris, de resid\u00eancia social para alojamento tur\u00edstico sem autoriza\u00e7\u00e3o de mudan\u00e7a de uso. O im\u00f3vel acolhia at\u00e9 2022 uma resid\u00eancia social para pessoas em situa\u00e7\u00e3o de vulnerabilidade; no fim de 2023 foi transformado em onze espa\u00e7os tur\u00edsticos alugados pela Airbnb. A decis\u00e3o surge num momento de pre\u00e7os da habita\u00e7\u00e3o elevados e dificuldades de encontrar casa em Paris, numa contextura j\u00e1 sinalizada por decis\u00f5es semelhantes na Espanha. Entre 2012 e 2023, Paris perdeu quase 140 mil habitantes; a C\u00e2mara de Paris estima cerca de 25 mil alojamentos ilegais e anunciou uma brigada de 150 pessoas para combat\u00ea-los. Em novembro de 2024, o Parlamento aprovou uma lei para regulamentar melhor os espa\u00e7os da Airbnb; no ano seguinte, a Justi\u00e7a francesa aplicou 2,4 milh\u00f5es de euros a v\u00e1rias casas alugadas ilegalmente a turistas.","og_url":"https:\/\/portaltela.pt\/noticias\/2026\/04\/18\/franca-impoe-sancoes-a-airbnb-apos-espanha\/","og_site_name":"Portal Tela Portugal","article_published_time":"2026-04-18T19:25:00+00:00","author":"Telinha","twitter_card":"summary_large_image","twitter_misc":{"Escrito por":"Telinha","Tempo estimado de leitura":"1 minuto"},"schema":{"@context":"https:\/\/schema.org","@graph":[{"@type":"Article","@id":"https:\/\/portaltela.pt\/noticias\/2026\/04\/18\/franca-impoe-sancoes-a-airbnb-apos-espanha\/#article","isPartOf":{"@id":"https:\/\/portaltela.pt\/noticias\/2026\/04\/18\/franca-impoe-sancoes-a-airbnb-apos-espanha\/"},"author":{"name":"Telinha","@id":"https:\/\/portaltela.pt\/#\/schema\/person\/c4278d4a6028830caff9ee44b42d32ed"},"headline":"Fran\u00e7a imp\u00f5e san\u00e7\u00f5es \u00e0 Airbnb, ap\u00f3s Espanha","datePublished":"2026-04-18T19:25:00+00:00","mainEntityOfPage":{"@id":"https:\/\/portaltela.pt\/noticias\/2026\/04\/18\/franca-impoe-sancoes-a-airbnb-apos-espanha\/"},"wordCount":206,"image":{"@id":"https:\/\/portaltela.pt\/noticias\/2026\/04\/18\/franca-impoe-sancoes-a-airbnb-apos-espanha\/#primaryimage"},"thumbnailUrl":"https:\/\/portaltela.pt\/s.01k8rhncp4jt1\/2026\/04\/image-1124.jpg","keywords":["alojamentos","Fran\u00e7a","habita\u00e7\u00e3o","Paris","san\u00e7\u00f5es","urbanismo"],"articleSection":["Curiosidades","Sociedade"],"inLanguage":"pt-PT"},{"@type":"WebPage","@id":"https:\/\/portaltela.pt\/noticias\/2026\/04\/18\/franca-impoe-sancoes-a-airbnb-apos-espanha\/","url":"https:\/\/portaltela.pt\/noticias\/2026\/04\/18\/franca-impoe-sancoes-a-airbnb-apos-espanha\/","name":"Fran\u00e7a imp\u00f5e san\u00e7\u00f5es \u00e0 Airbnb, ap\u00f3s Espanha - Portal Tela Portugal","isPartOf":{"@id":"https:\/\/portaltela.pt\/#website"},"primaryImageOfPage":{"@id":"https:\/\/portaltela.pt\/noticias\/2026\/04\/18\/franca-impoe-sancoes-a-airbnb-apos-espanha\/#primaryimage"},"image":{"@id":"https:\/\/portaltela.pt\/noticias\/2026\/04\/18\/franca-impoe-sancoes-a-airbnb-apos-espanha\/#primaryimage"},"thumbnailUrl":"https:\/\/portaltela.pt\/s.01k8rhncp4jt1\/2026\/04\/image-1124.jpg","datePublished":"2026-04-18T19:25:00+00:00","author":{"@id":"https:\/\/portaltela.pt\/#\/schema\/person\/c4278d4a6028830caff9ee44b42d32ed"},"breadcrumb":{"@id":"https:\/\/portaltela.pt\/noticias\/2026\/04\/18\/franca-impoe-sancoes-a-airbnb-apos-espanha\/#breadcrumb"},"inLanguage":"pt-PT","potentialAction":[{"@type":"ReadAction","target":["https:\/\/portaltela.pt\/noticias\/2026\/04\/18\/franca-impoe-sancoes-a-airbnb-apos-espanha\/"]}]},{"@type":"ImageObject","inLanguage":"pt-PT","@id":"https:\/\/portaltela.pt\/noticias\/2026\/04\/18\/franca-impoe-sancoes-a-airbnb-apos-espanha\/#primaryimage","url":"https:\/\/portaltela.pt\/s.01k8rhncp4jt1\/2026\/04\/image-1124.jpg","contentUrl":"https:\/\/portaltela.pt\/s.01k8rhncp4jt1\/2026\/04\/image-1124.jpg","width":796,"height":448,"caption":"Press\u00e3o imobili\u00e1ria causada pelo turismo afeta Paris"},{"@type":"BreadcrumbList","@id":"https:\/\/portaltela.pt\/noticias\/2026\/04\/18\/franca-impoe-sancoes-a-airbnb-apos-espanha\/#breadcrumb","itemListElement":[{"@type":"ListItem","position":1,"name":"In\u00edcio","item":"https:\/\/portaltela.pt\/"},{"@type":"ListItem","position":2,"name":"Fran\u00e7a imp\u00f5e san\u00e7\u00f5es \u00e0 Airbnb, ap\u00f3s Espanha"}]},{"@type":"WebSite","@id":"https:\/\/portaltela.pt\/#website","url":"https:\/\/portaltela.pt\/","name":"Portal Tela Portugal","description":"","potentialAction":[{"@type":"SearchAction","target":{"@type":"EntryPoint","urlTemplate":"https:\/\/portaltela.pt\/?s={search_term_string}"},"query-input":{"@type":"PropertyValueSpecification","valueRequired":true,"valueName":"search_term_string"}}],"inLanguage":"pt-PT"},{"@type":"Person","@id":"https:\/\/portaltela.pt\/#\/schema\/person\/c4278d4a6028830caff9ee44b42d32ed","name":"Telinha","image":{"@type":"ImageObject","inLanguage":"pt-PT","@id":"https:\/\/portaltela.pt\/s.01k8rhncp4jt1\/2025\/11\/talking-bot-125x125.png","url":"https:\/\/portaltela.pt\/s.01k8rhncp4jt1\/2025\/11\/talking-bot-125x125.png","contentUrl":"https:\/\/portaltela.pt\/s.01k8rhncp4jt1\/2025\/11\/talking-bot-125x125.png","caption":"Telinha"},"sameAs":["https:\/\/portaltela.pt\/"],"url":"https:\/\/portaltela.pt\/por\/367410592786\/"}]}},"_links":{"self":[{"href":"https:\/\/portaltela.pt\/api\/wp\/v2\/posts\/449451","targetHints":{"allow":["GET"]}}],"collection":[{"href":"https:\/\/portaltela.pt\/api\/wp\/v2\/posts"}],"about":[{"href":"https:\/\/portaltela.pt\/api\/wp\/v2\/types\/post"}],"author":[{"embeddable":true,"href":"https:\/\/portaltela.pt\/api\/wp\/v2\/users\/2"}],"replies":[{"embeddable":true,"href":"https:\/\/portaltela.pt\/api\/wp\/v2\/comments?post=449451"}],"version-history":[{"count":0,"href":"https:\/\/portaltela.pt\/api\/wp\/v2\/posts\/449451\/revisions"}],"wp:featuredmedia":[{"embeddable":true,"href":"https:\/\/portaltela.pt\/api\/wp\/v2\/media\/449458"}],"wp:attachment":[{"href":"https:\/\/portaltela.pt\/api\/wp\/v2\/media?parent=449451"}],"wp:term":[{"taxonomy":"category","embeddable":true,"href":"https:\/\/portaltela.pt\/api\/wp\/v2\/categories?post=449451"},{"taxonomy":"post_tag","embeddable":true,"href":"https:\/\/portaltela.pt\/api\/wp\/v2\/tags?post=449451"}],"curies":[{"name":"wp","href":"https:\/\/api.w.org\/{rel}","templated":true}]}}