{"id":449411,"date":"2026-04-18T09:06:00","date_gmt":"2026-04-18T12:06:00","guid":{"rendered":"https:\/\/portaltela.pt\/noticias\/2026\/04\/18\/mexico-propoe-destinar-10-do-gasto-global-em-armamento-ao-reflorestamento\/"},"modified":"2026-04-18T09:06:00","modified_gmt":"2026-04-18T12:06:00","slug":"mexico-propoe-destinar-10-do-gasto-global-em-armamento-ao-reflorestamento","status":"publish","type":"post","link":"https:\/\/portaltela.pt\/noticias\/internacional\/2026\/04\/18\/mexico-propoe-destinar-10-do-gasto-global-em-armamento-ao-reflorestamento\/","title":{"rendered":"M\u00e9xico prop\u00f5e destinar 10% do gasto global em armamento ao reflorestamento"},"content":{"rendered":"<p>A presidente do M\u00e9xico prop\u00f4s hoje destinar 10% do gasto mundial em armamento \u00e0 refloresta\u00e7\u00e3o, defendendo que \u201cem vez de se semear a guerra, se semeie a paz\u201d.<\/p>\n<p>A iniciativa visa redirecionar recursos globalmente para projetos de floresta\u00e7\u00e3o, mantendo o objetivo de reduzir conflitos e promover a sustentabilidade ambiental.<\/p>\n<p>A proposta foi apresentada pela chefe de Estado mexicana em contexto internacional, sem detalhar mecanismos de implementa\u00e7\u00e3o ou fontes de financiamento espec\u00edficos.<\/p>\n<p>Fonte: ag\u00eancia Lusa.<\/p>\n","protected":false},"excerpt":{"rendered":"<ul>\n<li>A presidente do M\u00e9xico prop\u00f4s destinar 10% do gasto mundial em armamento \u00e0 refloresta\u00e7\u00e3o.<\/li>\n<li>A ideia foi apresentada com o apelo de que, em vez de semear a guerra, se semeie a paz.<\/li>\n<li>A proposta quer direcionar verbas de defesa para iniciativas ambientais de refloresta\u00e7\u00e3o.<\/li>\n<li>A not\u00edcia destaca que a proposta tem como objetivo reduzir conflitos e promover a paz por meio da recupera\u00e7\u00e3o de ecossistemas.<\/li>\n<li>O conte\u00fado completo da not\u00edcia est\u00e1 dispon\u00edvel apenas para subscritores.<\/li>\n<\/ul>\n","protected":false},"author":2,"featured_media":449421,"comment_status":"closed","ping_status":"closed","sticky":false,"template":"","format":"standard","meta":{"footnotes":""},"categories":[6814,4],"tags":[8238,8310,8656,6115,8254,6694],"class_list":["post-449411","post","type-post","status-publish","format-standard","has-post-thumbnail","hentry","category-geopolitica","category-internacional","tag-_ambiente","tag-_armas","tag-_armas-de-fogo","tag-_economia","tag-_transicao-climatica","tag-reflorestacao"],"yoast_head":"<!-- This site is optimized with the Yoast SEO plugin v27.2 - https:\/\/yoast.com\/product\/yoast-seo-wordpress\/ -->\n<title>M\u00e9xico prop\u00f5e destinar 10% do gasto global em armamento ao reflorestamento - Portal Tela Portugal<\/title>\n<meta name=\"robots\" content=\"index, follow, max-snippet:-1, max-image-preview:large, max-video-preview:-1\" \/>\n<meta property=\"og:locale\" content=\"pt_PT\" \/>\n<meta property=\"og:type\" content=\"article\" \/>\n<meta property=\"og:title\" content=\"M\u00e9xico prop\u00f5e destinar 10% do gasto global em armamento ao reflorestamento - Portal Tela Portugal\" \/>\n<meta property=\"og:description\" content=\"A presidente do M\u00e9xico prop\u00f4s destinar 10% do gasto mundial em armamento \u00e0 refloresta\u00e7\u00e3o. A ideia foi apresentada com o apelo de que, em vez de semear a guerra, se semeie a paz. A proposta quer direcionar verbas de defesa para iniciativas ambientais de refloresta\u00e7\u00e3o. A not\u00edcia destaca que a proposta tem como objetivo reduzir conflitos e promover a paz por meio da recupera\u00e7\u00e3o de ecossistemas. O conte\u00fado completo da not\u00edcia est\u00e1 dispon\u00edvel apenas para subscritores.\" \/>\n<meta property=\"og:url\" content=\"https:\/\/portaltela.pt\/noticias\/2026\/04\/18\/mexico-propoe-destinar-10-do-gasto-global-em-armamento-ao-reflorestamento\/\" \/>\n<meta property=\"og:site_name\" content=\"Portal Tela Portugal\" \/>\n<meta property=\"article:published_time\" content=\"2026-04-18T12:06:00+00:00\" \/>\n<meta name=\"author\" content=\"Telinha\" \/>\n<meta name=\"twitter:card\" content=\"summary_large_image\" \/>\n<meta name=\"twitter:label1\" content=\"Escrito por\" \/>\n\t<meta name=\"twitter:data1\" content=\"Telinha\" \/>\n<script type=\"application\/ld+json\" class=\"yoast-schema-graph\">{\"@context\":\"https:\/\/schema.org\",\"@graph\":[{\"@type\":\"Article\",\"@id\":\"https:\/\/portaltela.pt\/noticias\/2026\/04\/18\/mexico-propoe-destinar-10-do-gasto-global-em-armamento-ao-reflorestamento\/#article\",\"isPartOf\":{\"@id\":\"https:\/\/portaltela.pt\/noticias\/2026\/04\/18\/mexico-propoe-destinar-10-do-gasto-global-em-armamento-ao-reflorestamento\/\"},\"author\":{\"name\":\"Telinha\",\"@id\":\"https:\/\/portaltela.pt\/#\/schema\/person\/c4278d4a6028830caff9ee44b42d32ed\"},\"headline\":\"M\u00e9xico prop\u00f5e destinar 10% do gasto global em armamento ao reflorestamento\",\"datePublished\":\"2026-04-18T12:06:00+00:00\",\"mainEntityOfPage\":{\"@id\":\"https:\/\/portaltela.pt\/noticias\/2026\/04\/18\/mexico-propoe-destinar-10-do-gasto-global-em-armamento-ao-reflorestamento\/\"},\"wordCount\":91,\"image\":{\"@id\":\"https:\/\/portaltela.pt\/noticias\/2026\/04\/18\/mexico-propoe-destinar-10-do-gasto-global-em-armamento-ao-reflorestamento\/#primaryimage\"},\"thumbnailUrl\":\"https:\/\/portaltela.pt\/s.01k8rhncp4jt1\/2026\/04\/CACHE_780X1200_ANALOG_WATERMARKED_46952615_323292121751373.jpg\",\"keywords\":[\"_ambiente\",\"_armas\",\"_armas de fogo\",\"_economia\",\"_transi\u00e7\u00e3o clim\u00e1tica\",\"refloresta\u00e7\u00e3o\"],\"articleSection\":[\"Geopol\u00edtica\",\"Internacional\"],\"inLanguage\":\"pt-PT\"},{\"@type\":\"WebPage\",\"@id\":\"https:\/\/portaltela.pt\/noticias\/2026\/04\/18\/mexico-propoe-destinar-10-do-gasto-global-em-armamento-ao-reflorestamento\/\",\"url\":\"https:\/\/portaltela.pt\/noticias\/2026\/04\/18\/mexico-propoe-destinar-10-do-gasto-global-em-armamento-ao-reflorestamento\/\",\"name\":\"M\u00e9xico prop\u00f5e destinar 10% do gasto global em armamento ao reflorestamento - Portal Tela Portugal\",\"isPartOf\":{\"@id\":\"https:\/\/portaltela.pt\/#website\"},\"primaryImageOfPage\":{\"@id\":\"https:\/\/portaltela.pt\/noticias\/2026\/04\/18\/mexico-propoe-destinar-10-do-gasto-global-em-armamento-ao-reflorestamento\/#primaryimage\"},\"image\":{\"@id\":\"https:\/\/portaltela.pt\/noticias\/2026\/04\/18\/mexico-propoe-destinar-10-do-gasto-global-em-armamento-ao-reflorestamento\/#primaryimage\"},\"thumbnailUrl\":\"https:\/\/portaltela.pt\/s.01k8rhncp4jt1\/2026\/04\/CACHE_780X1200_ANALOG_WATERMARKED_46952615_323292121751373.jpg\",\"datePublished\":\"2026-04-18T12:06:00+00:00\",\"author\":{\"@id\":\"https:\/\/portaltela.pt\/#\/schema\/person\/c4278d4a6028830caff9ee44b42d32ed\"},\"breadcrumb\":{\"@id\":\"https:\/\/portaltela.pt\/noticias\/2026\/04\/18\/mexico-propoe-destinar-10-do-gasto-global-em-armamento-ao-reflorestamento\/#breadcrumb\"},\"inLanguage\":\"pt-PT\",\"potentialAction\":[{\"@type\":\"ReadAction\",\"target\":[\"https:\/\/portaltela.pt\/noticias\/2026\/04\/18\/mexico-propoe-destinar-10-do-gasto-global-em-armamento-ao-reflorestamento\/\"]}]},{\"@type\":\"ImageObject\",\"inLanguage\":\"pt-PT\",\"@id\":\"https:\/\/portaltela.pt\/noticias\/2026\/04\/18\/mexico-propoe-destinar-10-do-gasto-global-em-armamento-ao-reflorestamento\/#primaryimage\",\"url\":\"https:\/\/portaltela.pt\/s.01k8rhncp4jt1\/2026\/04\/CACHE_780X1200_ANALOG_WATERMARKED_46952615_323292121751373.jpg\",\"contentUrl\":\"https:\/\/portaltela.pt\/s.01k8rhncp4jt1\/2026\/04\/CACHE_780X1200_ANALOG_WATERMARKED_46952615_323292121751373.jpg\",\"width\":768,\"height\":512,\"caption\":\"M\u00e9xico prop\u00f5e que se destine 10% do gasto em armamento mundial para reflorestamento\"},{\"@type\":\"BreadcrumbList\",\"@id\":\"https:\/\/portaltela.pt\/noticias\/2026\/04\/18\/mexico-propoe-destinar-10-do-gasto-global-em-armamento-ao-reflorestamento\/#breadcrumb\",\"itemListElement\":[{\"@type\":\"ListItem\",\"position\":1,\"name\":\"In\u00edcio\",\"item\":\"https:\/\/portaltela.pt\/\"},{\"@type\":\"ListItem\",\"position\":2,\"name\":\"M\u00e9xico prop\u00f5e destinar 10% do gasto global em armamento ao reflorestamento\"}]},{\"@type\":\"WebSite\",\"@id\":\"https:\/\/portaltela.pt\/#website\",\"url\":\"https:\/\/portaltela.pt\/\",\"name\":\"Portal Tela Portugal\",\"description\":\"\",\"potentialAction\":[{\"@type\":\"SearchAction\",\"target\":{\"@type\":\"EntryPoint\",\"urlTemplate\":\"https:\/\/portaltela.pt\/?s={search_term_string}\"},\"query-input\":{\"@type\":\"PropertyValueSpecification\",\"valueRequired\":true,\"valueName\":\"search_term_string\"}}],\"inLanguage\":\"pt-PT\"},{\"@type\":\"Person\",\"@id\":\"https:\/\/portaltela.pt\/#\/schema\/person\/c4278d4a6028830caff9ee44b42d32ed\",\"name\":\"Telinha\",\"image\":{\"@type\":\"ImageObject\",\"inLanguage\":\"pt-PT\",\"@id\":\"https:\/\/portaltela.pt\/s.01k8rhncp4jt1\/2025\/11\/talking-bot-125x125.png\",\"url\":\"https:\/\/portaltela.pt\/s.01k8rhncp4jt1\/2025\/11\/talking-bot-125x125.png\",\"contentUrl\":\"https:\/\/portaltela.pt\/s.01k8rhncp4jt1\/2025\/11\/talking-bot-125x125.png\",\"caption\":\"Telinha\"},\"sameAs\":[\"https:\/\/portaltela.pt\/\"],\"url\":\"https:\/\/portaltela.pt\/por\/367410592786\/\"}]}<\/script>\n<!-- \/ Yoast SEO plugin. -->","yoast_head_json":{"title":"M\u00e9xico prop\u00f5e destinar 10% do gasto global em armamento ao reflorestamento - Portal Tela Portugal","robots":{"index":"index","follow":"follow","max-snippet":"max-snippet:-1","max-image-preview":"max-image-preview:large","max-video-preview":"max-video-preview:-1"},"og_locale":"pt_PT","og_type":"article","og_title":"M\u00e9xico prop\u00f5e destinar 10% do gasto global em armamento ao reflorestamento - Portal Tela Portugal","og_description":"A presidente do M\u00e9xico prop\u00f4s destinar 10% do gasto mundial em armamento \u00e0 refloresta\u00e7\u00e3o. A ideia foi apresentada com o apelo de que, em vez de semear a guerra, se semeie a paz. A proposta quer direcionar verbas de defesa para iniciativas ambientais de refloresta\u00e7\u00e3o. A not\u00edcia destaca que a proposta tem como objetivo reduzir conflitos e promover a paz por meio da recupera\u00e7\u00e3o de ecossistemas. O conte\u00fado completo da not\u00edcia est\u00e1 dispon\u00edvel apenas para subscritores.","og_url":"https:\/\/portaltela.pt\/noticias\/2026\/04\/18\/mexico-propoe-destinar-10-do-gasto-global-em-armamento-ao-reflorestamento\/","og_site_name":"Portal Tela Portugal","article_published_time":"2026-04-18T12:06:00+00:00","author":"Telinha","twitter_card":"summary_large_image","twitter_misc":{"Escrito por":"Telinha"},"schema":{"@context":"https:\/\/schema.org","@graph":[{"@type":"Article","@id":"https:\/\/portaltela.pt\/noticias\/2026\/04\/18\/mexico-propoe-destinar-10-do-gasto-global-em-armamento-ao-reflorestamento\/#article","isPartOf":{"@id":"https:\/\/portaltela.pt\/noticias\/2026\/04\/18\/mexico-propoe-destinar-10-do-gasto-global-em-armamento-ao-reflorestamento\/"},"author":{"name":"Telinha","@id":"https:\/\/portaltela.pt\/#\/schema\/person\/c4278d4a6028830caff9ee44b42d32ed"},"headline":"M\u00e9xico prop\u00f5e destinar 10% do gasto global em armamento ao reflorestamento","datePublished":"2026-04-18T12:06:00+00:00","mainEntityOfPage":{"@id":"https:\/\/portaltela.pt\/noticias\/2026\/04\/18\/mexico-propoe-destinar-10-do-gasto-global-em-armamento-ao-reflorestamento\/"},"wordCount":91,"image":{"@id":"https:\/\/portaltela.pt\/noticias\/2026\/04\/18\/mexico-propoe-destinar-10-do-gasto-global-em-armamento-ao-reflorestamento\/#primaryimage"},"thumbnailUrl":"https:\/\/portaltela.pt\/s.01k8rhncp4jt1\/2026\/04\/CACHE_780X1200_ANALOG_WATERMARKED_46952615_323292121751373.jpg","keywords":["_ambiente","_armas","_armas de fogo","_economia","_transi\u00e7\u00e3o clim\u00e1tica","refloresta\u00e7\u00e3o"],"articleSection":["Geopol\u00edtica","Internacional"],"inLanguage":"pt-PT"},{"@type":"WebPage","@id":"https:\/\/portaltela.pt\/noticias\/2026\/04\/18\/mexico-propoe-destinar-10-do-gasto-global-em-armamento-ao-reflorestamento\/","url":"https:\/\/portaltela.pt\/noticias\/2026\/04\/18\/mexico-propoe-destinar-10-do-gasto-global-em-armamento-ao-reflorestamento\/","name":"M\u00e9xico prop\u00f5e destinar 10% do gasto global em armamento ao reflorestamento - Portal Tela Portugal","isPartOf":{"@id":"https:\/\/portaltela.pt\/#website"},"primaryImageOfPage":{"@id":"https:\/\/portaltela.pt\/noticias\/2026\/04\/18\/mexico-propoe-destinar-10-do-gasto-global-em-armamento-ao-reflorestamento\/#primaryimage"},"image":{"@id":"https:\/\/portaltela.pt\/noticias\/2026\/04\/18\/mexico-propoe-destinar-10-do-gasto-global-em-armamento-ao-reflorestamento\/#primaryimage"},"thumbnailUrl":"https:\/\/portaltela.pt\/s.01k8rhncp4jt1\/2026\/04\/CACHE_780X1200_ANALOG_WATERMARKED_46952615_323292121751373.jpg","datePublished":"2026-04-18T12:06:00+00:00","author":{"@id":"https:\/\/portaltela.pt\/#\/schema\/person\/c4278d4a6028830caff9ee44b42d32ed"},"breadcrumb":{"@id":"https:\/\/portaltela.pt\/noticias\/2026\/04\/18\/mexico-propoe-destinar-10-do-gasto-global-em-armamento-ao-reflorestamento\/#breadcrumb"},"inLanguage":"pt-PT","potentialAction":[{"@type":"ReadAction","target":["https:\/\/portaltela.pt\/noticias\/2026\/04\/18\/mexico-propoe-destinar-10-do-gasto-global-em-armamento-ao-reflorestamento\/"]}]},{"@type":"ImageObject","inLanguage":"pt-PT","@id":"https:\/\/portaltela.pt\/noticias\/2026\/04\/18\/mexico-propoe-destinar-10-do-gasto-global-em-armamento-ao-reflorestamento\/#primaryimage","url":"https:\/\/portaltela.pt\/s.01k8rhncp4jt1\/2026\/04\/CACHE_780X1200_ANALOG_WATERMARKED_46952615_323292121751373.jpg","contentUrl":"https:\/\/portaltela.pt\/s.01k8rhncp4jt1\/2026\/04\/CACHE_780X1200_ANALOG_WATERMARKED_46952615_323292121751373.jpg","width":768,"height":512,"caption":"M\u00e9xico prop\u00f5e que se destine 10% do gasto em armamento mundial para reflorestamento"},{"@type":"BreadcrumbList","@id":"https:\/\/portaltela.pt\/noticias\/2026\/04\/18\/mexico-propoe-destinar-10-do-gasto-global-em-armamento-ao-reflorestamento\/#breadcrumb","itemListElement":[{"@type":"ListItem","position":1,"name":"In\u00edcio","item":"https:\/\/portaltela.pt\/"},{"@type":"ListItem","position":2,"name":"M\u00e9xico prop\u00f5e destinar 10% do gasto global em armamento ao reflorestamento"}]},{"@type":"WebSite","@id":"https:\/\/portaltela.pt\/#website","url":"https:\/\/portaltela.pt\/","name":"Portal Tela Portugal","description":"","potentialAction":[{"@type":"SearchAction","target":{"@type":"EntryPoint","urlTemplate":"https:\/\/portaltela.pt\/?s={search_term_string}"},"query-input":{"@type":"PropertyValueSpecification","valueRequired":true,"valueName":"search_term_string"}}],"inLanguage":"pt-PT"},{"@type":"Person","@id":"https:\/\/portaltela.pt\/#\/schema\/person\/c4278d4a6028830caff9ee44b42d32ed","name":"Telinha","image":{"@type":"ImageObject","inLanguage":"pt-PT","@id":"https:\/\/portaltela.pt\/s.01k8rhncp4jt1\/2025\/11\/talking-bot-125x125.png","url":"https:\/\/portaltela.pt\/s.01k8rhncp4jt1\/2025\/11\/talking-bot-125x125.png","contentUrl":"https:\/\/portaltela.pt\/s.01k8rhncp4jt1\/2025\/11\/talking-bot-125x125.png","caption":"Telinha"},"sameAs":["https:\/\/portaltela.pt\/"],"url":"https:\/\/portaltela.pt\/por\/367410592786\/"}]}},"_links":{"self":[{"href":"https:\/\/portaltela.pt\/api\/wp\/v2\/posts\/449411","targetHints":{"allow":["GET"]}}],"collection":[{"href":"https:\/\/portaltela.pt\/api\/wp\/v2\/posts"}],"about":[{"href":"https:\/\/portaltela.pt\/api\/wp\/v2\/types\/post"}],"author":[{"embeddable":true,"href":"https:\/\/portaltela.pt\/api\/wp\/v2\/users\/2"}],"replies":[{"embeddable":true,"href":"https:\/\/portaltela.pt\/api\/wp\/v2\/comments?post=449411"}],"version-history":[{"count":0,"href":"https:\/\/portaltela.pt\/api\/wp\/v2\/posts\/449411\/revisions"}],"wp:featuredmedia":[{"embeddable":true,"href":"https:\/\/portaltela.pt\/api\/wp\/v2\/media\/449421"}],"wp:attachment":[{"href":"https:\/\/portaltela.pt\/api\/wp\/v2\/media?parent=449411"}],"wp:term":[{"taxonomy":"category","embeddable":true,"href":"https:\/\/portaltela.pt\/api\/wp\/v2\/categories?post=449411"},{"taxonomy":"post_tag","embeddable":true,"href":"https:\/\/portaltela.pt\/api\/wp\/v2\/tags?post=449411"}],"curies":[{"name":"wp","href":"https:\/\/api.w.org\/{rel}","templated":true}]}}