{"id":449410,"date":"2026-04-18T17:59:00","date_gmt":"2026-04-18T20:59:00","guid":{"rendered":"https:\/\/portaltela.pt\/noticias\/2026\/04\/18\/populacao-de-tomar-decide-realizar-a-festa-dos-tabuleiros-em-2027\/"},"modified":"2026-04-18T17:59:00","modified_gmt":"2026-04-18T20:59:00","slug":"populacao-de-tomar-decide-realizar-a-festa-dos-tabuleiros-em-2027","status":"publish","type":"post","link":"https:\/\/portaltela.pt\/noticias\/2026\/04\/18\/populacao-de-tomar-decide-realizar-a-festa-dos-tabuleiros-em-2027\/","title":{"rendered":"Popula\u00e7\u00e3o de Tomar decide realizar a Festa dos Tabuleiros em 2027"},"content":{"rendered":"<p>A popula\u00e7\u00e3o de Tomar votou hoje pela realiza\u00e7\u00e3o da Festa dos Tabuleiros em 2027, segundo a autarquia. M\u00e1rio Formiga foi eleito mordomo da festa, cargo que dirige a organiza\u00e7\u00e3o das atividades centrais.<\/p>\n<p>A vota\u00e7\u00e3o ocorreu na sequ\u00eancia de uma consulta p\u00fablica promovida pela C\u00e2mara Municipal de Tomar. O escrut\u00ednio confirmou a decis\u00e3o da comunidade em manter a celebra\u00e7\u00e3o no calend\u00e1rio festivo da cidade.<\/p>\n<p>A nomea\u00e7\u00e3o de Formiga enquadra-se no protocolo da edi\u00e7\u00e3o de 2027, com a coordena\u00e7\u00e3o das provas, desfiles e demais eventos estruturantes da festa garantida pela autarquia. O mordomo atua como figura central na coordena\u00e7\u00e3o das iniciativas.<\/p>\n<p>A autarquia real\u00e7a que o processo decorreu de forma transparente, assegurando a participa\u00e7\u00e3o cidad\u00e3. A pr\u00f3xima edi\u00e7\u00e3o da Festa dos Tabuleiros dever\u00e1 manter os tra\u00e7os hist\u00f3ricos da festa, com foco na participa\u00e7\u00e3o popular.<\/p>\n","protected":false},"excerpt":{"rendered":"<ul>\n<li>A popula\u00e7\u00e3o de Tomar votou hoje pela realiza\u00e7\u00e3o da Festa dos Tabuleiros em 2027.<\/li>\n<li>O resultado da vota\u00e7\u00e3o foi anunciado pela autarquia local.<\/li>\n<li>Foi escolhido M\u00e1rio Formiga para mordomo da festa.<\/li>\n<li>A decis\u00e3o confirma a edi\u00e7\u00e3o de 2027 da Festa dos Tabuleiros, com mordomo j\u00e1 designado.<\/li>\n<\/ul>\n","protected":false},"author":2,"featured_media":449433,"comment_status":"closed","ping_status":"closed","sticky":false,"template":"","format":"standard","meta":{"footnotes":""},"categories":[7375,1],"tags":[5449,5468,4919,1249,6558,1088],"class_list":["post-449410","post","type-post","status-publish","format-standard","has-post-thumbnail","hentry","category-cultura","category-noticias","tag-camara-municipal","tag-festa","tag-festas","tag-participacao","tag-populacao-civil","tag-tomar"],"yoast_head":"<!-- This site is optimized with the Yoast SEO plugin v27.2 - https:\/\/yoast.com\/product\/yoast-seo-wordpress\/ -->\n<title>Popula\u00e7\u00e3o de Tomar decide realizar a Festa dos Tabuleiros em 2027 - Portal Tela Portugal<\/title>\n<meta name=\"robots\" content=\"index, follow, max-snippet:-1, max-image-preview:large, max-video-preview:-1\" \/>\n<meta property=\"og:locale\" content=\"pt_PT\" \/>\n<meta property=\"og:type\" content=\"article\" \/>\n<meta property=\"og:title\" content=\"Popula\u00e7\u00e3o de Tomar decide realizar a Festa dos Tabuleiros em 2027 - Portal Tela Portugal\" \/>\n<meta property=\"og:description\" content=\"A popula\u00e7\u00e3o de Tomar votou hoje pela realiza\u00e7\u00e3o da Festa dos Tabuleiros em 2027. O resultado da vota\u00e7\u00e3o foi anunciado pela autarquia local. Foi escolhido M\u00e1rio Formiga para mordomo da festa. A decis\u00e3o confirma a edi\u00e7\u00e3o de 2027 da Festa dos Tabuleiros, com mordomo j\u00e1 designado.\" \/>\n<meta property=\"og:url\" content=\"https:\/\/portaltela.pt\/noticias\/2026\/04\/18\/populacao-de-tomar-decide-realizar-a-festa-dos-tabuleiros-em-2027\/\" \/>\n<meta property=\"og:site_name\" content=\"Portal Tela Portugal\" \/>\n<meta property=\"article:published_time\" content=\"2026-04-18T20:59:00+00:00\" \/>\n<meta name=\"author\" content=\"Telinha\" \/>\n<meta name=\"twitter:card\" content=\"summary_large_image\" \/>\n<meta name=\"twitter:label1\" content=\"Escrito por\" \/>\n\t<meta name=\"twitter:data1\" content=\"Telinha\" \/>\n\t<meta name=\"twitter:label2\" content=\"Tempo estimado de leitura\" \/>\n\t<meta name=\"twitter:data2\" content=\"1 minuto\" \/>\n<script type=\"application\/ld+json\" class=\"yoast-schema-graph\">{\"@context\":\"https:\/\/schema.org\",\"@graph\":[{\"@type\":\"Article\",\"@id\":\"https:\/\/portaltela.pt\/noticias\/2026\/04\/18\/populacao-de-tomar-decide-realizar-a-festa-dos-tabuleiros-em-2027\/#article\",\"isPartOf\":{\"@id\":\"https:\/\/portaltela.pt\/noticias\/2026\/04\/18\/populacao-de-tomar-decide-realizar-a-festa-dos-tabuleiros-em-2027\/\"},\"author\":{\"name\":\"Telinha\",\"@id\":\"https:\/\/portaltela.pt\/#\/schema\/person\/c4278d4a6028830caff9ee44b42d32ed\"},\"headline\":\"Popula\u00e7\u00e3o de Tomar decide realizar a Festa dos Tabuleiros em 2027\",\"datePublished\":\"2026-04-18T20:59:00+00:00\",\"mainEntityOfPage\":{\"@id\":\"https:\/\/portaltela.pt\/noticias\/2026\/04\/18\/populacao-de-tomar-decide-realizar-a-festa-dos-tabuleiros-em-2027\/\"},\"wordCount\":164,\"image\":{\"@id\":\"https:\/\/portaltela.pt\/noticias\/2026\/04\/18\/populacao-de-tomar-decide-realizar-a-festa-dos-tabuleiros-em-2027\/#primaryimage\"},\"thumbnailUrl\":\"https:\/\/portaltela.pt\/s.01k8rhncp4jt1\/2026\/04\/CACHE_780X1200_ANALOG_WATERMARKED_26612541_13812729_07072019111128.jpg\",\"keywords\":[\"C\u00e2mara Municipal\",\"festa\",\"festas\",\"participa\u00e7\u00e3o\",\"popula\u00e7\u00e3o civil\",\"Tomar\"],\"articleSection\":[\"Cultura\",\"Not\u00edcias\"],\"inLanguage\":\"pt-PT\"},{\"@type\":\"WebPage\",\"@id\":\"https:\/\/portaltela.pt\/noticias\/2026\/04\/18\/populacao-de-tomar-decide-realizar-a-festa-dos-tabuleiros-em-2027\/\",\"url\":\"https:\/\/portaltela.pt\/noticias\/2026\/04\/18\/populacao-de-tomar-decide-realizar-a-festa-dos-tabuleiros-em-2027\/\",\"name\":\"Popula\u00e7\u00e3o de Tomar decide realizar a Festa dos Tabuleiros em 2027 - Portal Tela Portugal\",\"isPartOf\":{\"@id\":\"https:\/\/portaltela.pt\/#website\"},\"primaryImageOfPage\":{\"@id\":\"https:\/\/portaltela.pt\/noticias\/2026\/04\/18\/populacao-de-tomar-decide-realizar-a-festa-dos-tabuleiros-em-2027\/#primaryimage\"},\"image\":{\"@id\":\"https:\/\/portaltela.pt\/noticias\/2026\/04\/18\/populacao-de-tomar-decide-realizar-a-festa-dos-tabuleiros-em-2027\/#primaryimage\"},\"thumbnailUrl\":\"https:\/\/portaltela.pt\/s.01k8rhncp4jt1\/2026\/04\/CACHE_780X1200_ANALOG_WATERMARKED_26612541_13812729_07072019111128.jpg\",\"datePublished\":\"2026-04-18T20:59:00+00:00\",\"author\":{\"@id\":\"https:\/\/portaltela.pt\/#\/schema\/person\/c4278d4a6028830caff9ee44b42d32ed\"},\"breadcrumb\":{\"@id\":\"https:\/\/portaltela.pt\/noticias\/2026\/04\/18\/populacao-de-tomar-decide-realizar-a-festa-dos-tabuleiros-em-2027\/#breadcrumb\"},\"inLanguage\":\"pt-PT\",\"potentialAction\":[{\"@type\":\"ReadAction\",\"target\":[\"https:\/\/portaltela.pt\/noticias\/2026\/04\/18\/populacao-de-tomar-decide-realizar-a-festa-dos-tabuleiros-em-2027\/\"]}]},{\"@type\":\"ImageObject\",\"inLanguage\":\"pt-PT\",\"@id\":\"https:\/\/portaltela.pt\/noticias\/2026\/04\/18\/populacao-de-tomar-decide-realizar-a-festa-dos-tabuleiros-em-2027\/#primaryimage\",\"url\":\"https:\/\/portaltela.pt\/s.01k8rhncp4jt1\/2026\/04\/CACHE_780X1200_ANALOG_WATERMARKED_26612541_13812729_07072019111128.jpg\",\"contentUrl\":\"https:\/\/portaltela.pt\/s.01k8rhncp4jt1\/2026\/04\/CACHE_780X1200_ANALOG_WATERMARKED_26612541_13812729_07072019111128.jpg\",\"width\":796,\"height\":448,\"caption\":\"Popula\u00e7\u00e3o de Tomar vota pela realiza\u00e7\u00e3o da Festa dos Tabuleiros em 2027\"},{\"@type\":\"BreadcrumbList\",\"@id\":\"https:\/\/portaltela.pt\/noticias\/2026\/04\/18\/populacao-de-tomar-decide-realizar-a-festa-dos-tabuleiros-em-2027\/#breadcrumb\",\"itemListElement\":[{\"@type\":\"ListItem\",\"position\":1,\"name\":\"In\u00edcio\",\"item\":\"https:\/\/portaltela.pt\/\"},{\"@type\":\"ListItem\",\"position\":2,\"name\":\"Popula\u00e7\u00e3o de Tomar decide realizar a Festa dos Tabuleiros em 2027\"}]},{\"@type\":\"WebSite\",\"@id\":\"https:\/\/portaltela.pt\/#website\",\"url\":\"https:\/\/portaltela.pt\/\",\"name\":\"Portal Tela Portugal\",\"description\":\"\",\"potentialAction\":[{\"@type\":\"SearchAction\",\"target\":{\"@type\":\"EntryPoint\",\"urlTemplate\":\"https:\/\/portaltela.pt\/?s={search_term_string}\"},\"query-input\":{\"@type\":\"PropertyValueSpecification\",\"valueRequired\":true,\"valueName\":\"search_term_string\"}}],\"inLanguage\":\"pt-PT\"},{\"@type\":\"Person\",\"@id\":\"https:\/\/portaltela.pt\/#\/schema\/person\/c4278d4a6028830caff9ee44b42d32ed\",\"name\":\"Telinha\",\"image\":{\"@type\":\"ImageObject\",\"inLanguage\":\"pt-PT\",\"@id\":\"https:\/\/portaltela.pt\/s.01k8rhncp4jt1\/2025\/11\/talking-bot-125x125.png\",\"url\":\"https:\/\/portaltela.pt\/s.01k8rhncp4jt1\/2025\/11\/talking-bot-125x125.png\",\"contentUrl\":\"https:\/\/portaltela.pt\/s.01k8rhncp4jt1\/2025\/11\/talking-bot-125x125.png\",\"caption\":\"Telinha\"},\"sameAs\":[\"https:\/\/portaltela.pt\/\"],\"url\":\"https:\/\/portaltela.pt\/por\/367410592786\/\"}]}<\/script>\n<!-- \/ Yoast SEO plugin. -->","yoast_head_json":{"title":"Popula\u00e7\u00e3o de Tomar decide realizar a Festa dos Tabuleiros em 2027 - Portal Tela Portugal","robots":{"index":"index","follow":"follow","max-snippet":"max-snippet:-1","max-image-preview":"max-image-preview:large","max-video-preview":"max-video-preview:-1"},"og_locale":"pt_PT","og_type":"article","og_title":"Popula\u00e7\u00e3o de Tomar decide realizar a Festa dos Tabuleiros em 2027 - Portal Tela Portugal","og_description":"A popula\u00e7\u00e3o de Tomar votou hoje pela realiza\u00e7\u00e3o da Festa dos Tabuleiros em 2027. O resultado da vota\u00e7\u00e3o foi anunciado pela autarquia local. Foi escolhido M\u00e1rio Formiga para mordomo da festa. A decis\u00e3o confirma a edi\u00e7\u00e3o de 2027 da Festa dos Tabuleiros, com mordomo j\u00e1 designado.","og_url":"https:\/\/portaltela.pt\/noticias\/2026\/04\/18\/populacao-de-tomar-decide-realizar-a-festa-dos-tabuleiros-em-2027\/","og_site_name":"Portal Tela Portugal","article_published_time":"2026-04-18T20:59:00+00:00","author":"Telinha","twitter_card":"summary_large_image","twitter_misc":{"Escrito por":"Telinha","Tempo estimado de leitura":"1 minuto"},"schema":{"@context":"https:\/\/schema.org","@graph":[{"@type":"Article","@id":"https:\/\/portaltela.pt\/noticias\/2026\/04\/18\/populacao-de-tomar-decide-realizar-a-festa-dos-tabuleiros-em-2027\/#article","isPartOf":{"@id":"https:\/\/portaltela.pt\/noticias\/2026\/04\/18\/populacao-de-tomar-decide-realizar-a-festa-dos-tabuleiros-em-2027\/"},"author":{"name":"Telinha","@id":"https:\/\/portaltela.pt\/#\/schema\/person\/c4278d4a6028830caff9ee44b42d32ed"},"headline":"Popula\u00e7\u00e3o de Tomar decide realizar a Festa dos Tabuleiros em 2027","datePublished":"2026-04-18T20:59:00+00:00","mainEntityOfPage":{"@id":"https:\/\/portaltela.pt\/noticias\/2026\/04\/18\/populacao-de-tomar-decide-realizar-a-festa-dos-tabuleiros-em-2027\/"},"wordCount":164,"image":{"@id":"https:\/\/portaltela.pt\/noticias\/2026\/04\/18\/populacao-de-tomar-decide-realizar-a-festa-dos-tabuleiros-em-2027\/#primaryimage"},"thumbnailUrl":"https:\/\/portaltela.pt\/s.01k8rhncp4jt1\/2026\/04\/CACHE_780X1200_ANALOG_WATERMARKED_26612541_13812729_07072019111128.jpg","keywords":["C\u00e2mara Municipal","festa","festas","participa\u00e7\u00e3o","popula\u00e7\u00e3o civil","Tomar"],"articleSection":["Cultura","Not\u00edcias"],"inLanguage":"pt-PT"},{"@type":"WebPage","@id":"https:\/\/portaltela.pt\/noticias\/2026\/04\/18\/populacao-de-tomar-decide-realizar-a-festa-dos-tabuleiros-em-2027\/","url":"https:\/\/portaltela.pt\/noticias\/2026\/04\/18\/populacao-de-tomar-decide-realizar-a-festa-dos-tabuleiros-em-2027\/","name":"Popula\u00e7\u00e3o de Tomar decide realizar a Festa dos Tabuleiros em 2027 - Portal Tela Portugal","isPartOf":{"@id":"https:\/\/portaltela.pt\/#website"},"primaryImageOfPage":{"@id":"https:\/\/portaltela.pt\/noticias\/2026\/04\/18\/populacao-de-tomar-decide-realizar-a-festa-dos-tabuleiros-em-2027\/#primaryimage"},"image":{"@id":"https:\/\/portaltela.pt\/noticias\/2026\/04\/18\/populacao-de-tomar-decide-realizar-a-festa-dos-tabuleiros-em-2027\/#primaryimage"},"thumbnailUrl":"https:\/\/portaltela.pt\/s.01k8rhncp4jt1\/2026\/04\/CACHE_780X1200_ANALOG_WATERMARKED_26612541_13812729_07072019111128.jpg","datePublished":"2026-04-18T20:59:00+00:00","author":{"@id":"https:\/\/portaltela.pt\/#\/schema\/person\/c4278d4a6028830caff9ee44b42d32ed"},"breadcrumb":{"@id":"https:\/\/portaltela.pt\/noticias\/2026\/04\/18\/populacao-de-tomar-decide-realizar-a-festa-dos-tabuleiros-em-2027\/#breadcrumb"},"inLanguage":"pt-PT","potentialAction":[{"@type":"ReadAction","target":["https:\/\/portaltela.pt\/noticias\/2026\/04\/18\/populacao-de-tomar-decide-realizar-a-festa-dos-tabuleiros-em-2027\/"]}]},{"@type":"ImageObject","inLanguage":"pt-PT","@id":"https:\/\/portaltela.pt\/noticias\/2026\/04\/18\/populacao-de-tomar-decide-realizar-a-festa-dos-tabuleiros-em-2027\/#primaryimage","url":"https:\/\/portaltela.pt\/s.01k8rhncp4jt1\/2026\/04\/CACHE_780X1200_ANALOG_WATERMARKED_26612541_13812729_07072019111128.jpg","contentUrl":"https:\/\/portaltela.pt\/s.01k8rhncp4jt1\/2026\/04\/CACHE_780X1200_ANALOG_WATERMARKED_26612541_13812729_07072019111128.jpg","width":796,"height":448,"caption":"Popula\u00e7\u00e3o de Tomar vota pela realiza\u00e7\u00e3o da Festa dos Tabuleiros em 2027"},{"@type":"BreadcrumbList","@id":"https:\/\/portaltela.pt\/noticias\/2026\/04\/18\/populacao-de-tomar-decide-realizar-a-festa-dos-tabuleiros-em-2027\/#breadcrumb","itemListElement":[{"@type":"ListItem","position":1,"name":"In\u00edcio","item":"https:\/\/portaltela.pt\/"},{"@type":"ListItem","position":2,"name":"Popula\u00e7\u00e3o de Tomar decide realizar a Festa dos Tabuleiros em 2027"}]},{"@type":"WebSite","@id":"https:\/\/portaltela.pt\/#website","url":"https:\/\/portaltela.pt\/","name":"Portal Tela Portugal","description":"","potentialAction":[{"@type":"SearchAction","target":{"@type":"EntryPoint","urlTemplate":"https:\/\/portaltela.pt\/?s={search_term_string}"},"query-input":{"@type":"PropertyValueSpecification","valueRequired":true,"valueName":"search_term_string"}}],"inLanguage":"pt-PT"},{"@type":"Person","@id":"https:\/\/portaltela.pt\/#\/schema\/person\/c4278d4a6028830caff9ee44b42d32ed","name":"Telinha","image":{"@type":"ImageObject","inLanguage":"pt-PT","@id":"https:\/\/portaltela.pt\/s.01k8rhncp4jt1\/2025\/11\/talking-bot-125x125.png","url":"https:\/\/portaltela.pt\/s.01k8rhncp4jt1\/2025\/11\/talking-bot-125x125.png","contentUrl":"https:\/\/portaltela.pt\/s.01k8rhncp4jt1\/2025\/11\/talking-bot-125x125.png","caption":"Telinha"},"sameAs":["https:\/\/portaltela.pt\/"],"url":"https:\/\/portaltela.pt\/por\/367410592786\/"}]}},"_links":{"self":[{"href":"https:\/\/portaltela.pt\/api\/wp\/v2\/posts\/449410","targetHints":{"allow":["GET"]}}],"collection":[{"href":"https:\/\/portaltela.pt\/api\/wp\/v2\/posts"}],"about":[{"href":"https:\/\/portaltela.pt\/api\/wp\/v2\/types\/post"}],"author":[{"embeddable":true,"href":"https:\/\/portaltela.pt\/api\/wp\/v2\/users\/2"}],"replies":[{"embeddable":true,"href":"https:\/\/portaltela.pt\/api\/wp\/v2\/comments?post=449410"}],"version-history":[{"count":0,"href":"https:\/\/portaltela.pt\/api\/wp\/v2\/posts\/449410\/revisions"}],"wp:featuredmedia":[{"embeddable":true,"href":"https:\/\/portaltela.pt\/api\/wp\/v2\/media\/449433"}],"wp:attachment":[{"href":"https:\/\/portaltela.pt\/api\/wp\/v2\/media?parent=449410"}],"wp:term":[{"taxonomy":"category","embeddable":true,"href":"https:\/\/portaltela.pt\/api\/wp\/v2\/categories?post=449410"},{"taxonomy":"post_tag","embeddable":true,"href":"https:\/\/portaltela.pt\/api\/wp\/v2\/tags?post=449410"}],"curies":[{"name":"wp","href":"https:\/\/api.w.org\/{rel}","templated":true}]}}