{"id":449406,"date":"2026-04-18T17:52:00","date_gmt":"2026-04-18T20:52:00","guid":{"rendered":"https:\/\/portaltela.pt\/noticias\/2026\/04\/18\/diogo-valente-encerra-carreira-aos-41-anos\/"},"modified":"2026-04-18T17:52:00","modified_gmt":"2026-04-18T20:52:00","slug":"diogo-valente-encerra-carreira-aos-41-anos","status":"publish","type":"post","link":"https:\/\/portaltela.pt\/desporto\/futebol\/2026\/04\/18\/diogo-valente-encerra-carreira-aos-41-anos\/","title":{"rendered":"Diogo Valente encerra carreira aos 41 anos"},"content":{"rendered":"<p>Diogo Valente anunciou o fim da carreira aos 41 anos, ap\u00f3s o empate do Salgueiros com o Uni\u00e3o de Lamas (0-0), este s\u00e1bado, no reduto lamense. O resultado garantiu a manuten\u00e7\u00e3o dos portuenses no Campeonato de Portugal.<\/p>\n<p>O extremo, formado no Beira-Mar e com passagem por F C Porto, Boavista, Braga e Cluj, destacou-se pela defini\u00e7\u00e3o em passes longos. A n\u00edvel de clubes, ergueu a Ta\u00e7a de Portugal com a Acad\u00e9mica, em 2011\/12, diante do Sporting no Jamor.<\/p>\n<p>Natural de Aveiro, Valente iniciou a forma\u00e7\u00e3o no Beira-Mar e passou pelo Boavista, onde venceu o t\u00edtulo nacional de sub-19 em 2002\/03. Seguiram-se empr\u00e9stimos e desafios na Liga em clubes como Chaves, Mar\u00edtimo e Leix\u00f5es.<\/p>\n<h3>Carreira e marcar personal&#8221;:<\/h3>\n<p>Valente integrou o Braga e, na sequ\u00eancia, revelou-se com os Estudantes de Coimbra. Vestiu ainda camisolas de Gil Vicente, Freamunde, Oliveirense e Espinho, com passagens pelo Cluj ( Rom\u00e9nia) e Sanliurfaspor (Turquia).<\/p>\n<p>Nas \u00faltimas cinco \u00e9pocas, foi um dos pilares do Salgueiros, contabilizando 128 jogos, 24 golos e 26 assist\u00eancias. A sua lideran\u00e7a no campo consolidou a liga\u00e7\u00e3o entre capit\u00e3o e a exigente massa adepta salgueirista.<\/p>\n<p>A \u00faltima atua\u00e7\u00e3o ocorreu este s\u00e1bado, num jogo sem golos frente ao Uni\u00e3o de Lamas, que assegurou a perman\u00eancia do Salgueiros no Campeonato de Portugal.<\/p>\n","protected":false},"excerpt":{"rendered":"<ul>\n<li>Diogo Valente, 41 anos, terminou a carreira ap\u00f3s o empate do Salgueiros frente ao Uni\u00e3o de Lamas (0-0), que assegurou a manuten\u00e7\u00e3o no Campeonato de Portugal.<\/li>\n<li>O extremo passou por F. C. Porto, Boavista, Braga e Cluj, sendo a Acad\u00e9mica onde ergueu a Ta\u00e7a de Portugal.<\/li>\n<li>Destacou-se pela posi\u00e7\u00e3o de extremo esquerdo e por passes precisos, incluindo a assist\u00eancia a Marinho na final da Ta\u00e7a de Portugal de 2011\/12 no Est\u00e1dio do Jamor.<\/li>\n<li>Natural de Aveiro, iniciou no Beira-Mar, formou-se no Boavista, vencendo o t\u00edtulo nacional de sub-19 em 2002\/03.<\/li>\n<li>Nos \u00faltimos cinco anos foi um dos l\u00edderes do Salgueiros, com 128 jogos, 24 golos e 26 assist\u00eancias.<\/li>\n<\/ul>\n","protected":false},"author":2,"featured_media":449434,"comment_status":"closed","ping_status":"closed","sticky":false,"template":"","format":"standard","meta":{"footnotes":""},"categories":[21,24],"tags":[3193,1059,32,242,982,1266],"class_list":["post-449406","post","type-post","status-publish","format-standard","has-post-thumbnail","hentry","category-desporto","category-futebol","tag-academica","tag-aveiro","tag-futebol","tag-jogadores","tag-porto","tag-taca-de-portugal"],"yoast_head":"<!-- This site is optimized with the Yoast SEO plugin v27.2 - https:\/\/yoast.com\/product\/yoast-seo-wordpress\/ -->\n<title>Diogo Valente encerra carreira aos 41 anos - Portal Tela Portugal<\/title>\n<meta name=\"robots\" content=\"index, follow, max-snippet:-1, max-image-preview:large, max-video-preview:-1\" \/>\n<meta property=\"og:locale\" content=\"pt_PT\" \/>\n<meta property=\"og:type\" content=\"article\" \/>\n<meta property=\"og:title\" content=\"Diogo Valente encerra carreira aos 41 anos - Portal Tela Portugal\" \/>\n<meta property=\"og:description\" content=\"Diogo Valente, 41 anos, terminou a carreira ap\u00f3s o empate do Salgueiros frente ao Uni\u00e3o de Lamas (0-0), que assegurou a manuten\u00e7\u00e3o no Campeonato de Portugal. O extremo passou por F. C. Porto, Boavista, Braga e Cluj, sendo a Acad\u00e9mica onde ergueu a Ta\u00e7a de Portugal. Destacou-se pela posi\u00e7\u00e3o de extremo esquerdo e por passes precisos, incluindo a assist\u00eancia a Marinho na final da Ta\u00e7a de Portugal de 2011\/12 no Est\u00e1dio do Jamor. Natural de Aveiro, iniciou no Beira-Mar, formou-se no Boavista, vencendo o t\u00edtulo nacional de sub-19 em 2002\/03. Nos \u00faltimos cinco anos foi um dos l\u00edderes do Salgueiros, com 128 jogos, 24 golos e 26 assist\u00eancias.\" \/>\n<meta property=\"og:url\" content=\"https:\/\/portaltela.pt\/noticias\/2026\/04\/18\/diogo-valente-encerra-carreira-aos-41-anos\/\" \/>\n<meta property=\"og:site_name\" content=\"Portal Tela Portugal\" \/>\n<meta property=\"article:published_time\" content=\"2026-04-18T20:52:00+00:00\" \/>\n<meta name=\"author\" content=\"Telinha\" \/>\n<meta name=\"twitter:card\" content=\"summary_large_image\" \/>\n<meta name=\"twitter:label1\" content=\"Escrito por\" \/>\n\t<meta name=\"twitter:data1\" content=\"Telinha\" \/>\n\t<meta name=\"twitter:label2\" content=\"Tempo estimado de leitura\" \/>\n\t<meta name=\"twitter:data2\" content=\"1 minuto\" \/>\n<script type=\"application\/ld+json\" class=\"yoast-schema-graph\">{\"@context\":\"https:\/\/schema.org\",\"@graph\":[{\"@type\":\"Article\",\"@id\":\"https:\/\/portaltela.pt\/noticias\/2026\/04\/18\/diogo-valente-encerra-carreira-aos-41-anos\/#article\",\"isPartOf\":{\"@id\":\"https:\/\/portaltela.pt\/noticias\/2026\/04\/18\/diogo-valente-encerra-carreira-aos-41-anos\/\"},\"author\":{\"name\":\"Telinha\",\"@id\":\"https:\/\/portaltela.pt\/#\/schema\/person\/c4278d4a6028830caff9ee44b42d32ed\"},\"headline\":\"Diogo Valente encerra carreira aos 41 anos\",\"datePublished\":\"2026-04-18T20:52:00+00:00\",\"mainEntityOfPage\":{\"@id\":\"https:\/\/portaltela.pt\/noticias\/2026\/04\/18\/diogo-valente-encerra-carreira-aos-41-anos\/\"},\"wordCount\":230,\"image\":{\"@id\":\"https:\/\/portaltela.pt\/noticias\/2026\/04\/18\/diogo-valente-encerra-carreira-aos-41-anos\/#primaryimage\"},\"thumbnailUrl\":\"https:\/\/portaltela.pt\/s.01k8rhncp4jt1\/2026\/04\/image-1121.jpg\",\"keywords\":[\"Acad\u00e9mica\",\"Aveiro\",\"futebol\",\"jogadores\",\"Porto\",\"Ta\u00e7a de Portugal\"],\"articleSection\":[\"Desporto\",\"Futebol\"],\"inLanguage\":\"pt-PT\"},{\"@type\":\"WebPage\",\"@id\":\"https:\/\/portaltela.pt\/noticias\/2026\/04\/18\/diogo-valente-encerra-carreira-aos-41-anos\/\",\"url\":\"https:\/\/portaltela.pt\/noticias\/2026\/04\/18\/diogo-valente-encerra-carreira-aos-41-anos\/\",\"name\":\"Diogo Valente encerra carreira aos 41 anos - Portal Tela Portugal\",\"isPartOf\":{\"@id\":\"https:\/\/portaltela.pt\/#website\"},\"primaryImageOfPage\":{\"@id\":\"https:\/\/portaltela.pt\/noticias\/2026\/04\/18\/diogo-valente-encerra-carreira-aos-41-anos\/#primaryimage\"},\"image\":{\"@id\":\"https:\/\/portaltela.pt\/noticias\/2026\/04\/18\/diogo-valente-encerra-carreira-aos-41-anos\/#primaryimage\"},\"thumbnailUrl\":\"https:\/\/portaltela.pt\/s.01k8rhncp4jt1\/2026\/04\/image-1121.jpg\",\"datePublished\":\"2026-04-18T20:52:00+00:00\",\"author\":{\"@id\":\"https:\/\/portaltela.pt\/#\/schema\/person\/c4278d4a6028830caff9ee44b42d32ed\"},\"breadcrumb\":{\"@id\":\"https:\/\/portaltela.pt\/noticias\/2026\/04\/18\/diogo-valente-encerra-carreira-aos-41-anos\/#breadcrumb\"},\"inLanguage\":\"pt-PT\",\"potentialAction\":[{\"@type\":\"ReadAction\",\"target\":[\"https:\/\/portaltela.pt\/noticias\/2026\/04\/18\/diogo-valente-encerra-carreira-aos-41-anos\/\"]}]},{\"@type\":\"ImageObject\",\"inLanguage\":\"pt-PT\",\"@id\":\"https:\/\/portaltela.pt\/noticias\/2026\/04\/18\/diogo-valente-encerra-carreira-aos-41-anos\/#primaryimage\",\"url\":\"https:\/\/portaltela.pt\/s.01k8rhncp4jt1\/2026\/04\/image-1121.jpg\",\"contentUrl\":\"https:\/\/portaltela.pt\/s.01k8rhncp4jt1\/2026\/04\/image-1121.jpg\",\"width\":796,\"height\":448,\"caption\":\"Diogo Valente fechou a jornada nos salgueiristas como capit\u00e3o\"},{\"@type\":\"BreadcrumbList\",\"@id\":\"https:\/\/portaltela.pt\/noticias\/2026\/04\/18\/diogo-valente-encerra-carreira-aos-41-anos\/#breadcrumb\",\"itemListElement\":[{\"@type\":\"ListItem\",\"position\":1,\"name\":\"In\u00edcio\",\"item\":\"https:\/\/portaltela.pt\/\"},{\"@type\":\"ListItem\",\"position\":2,\"name\":\"Diogo Valente encerra carreira aos 41 anos\"}]},{\"@type\":\"WebSite\",\"@id\":\"https:\/\/portaltela.pt\/#website\",\"url\":\"https:\/\/portaltela.pt\/\",\"name\":\"Portal Tela Portugal\",\"description\":\"\",\"potentialAction\":[{\"@type\":\"SearchAction\",\"target\":{\"@type\":\"EntryPoint\",\"urlTemplate\":\"https:\/\/portaltela.pt\/?s={search_term_string}\"},\"query-input\":{\"@type\":\"PropertyValueSpecification\",\"valueRequired\":true,\"valueName\":\"search_term_string\"}}],\"inLanguage\":\"pt-PT\"},{\"@type\":\"Person\",\"@id\":\"https:\/\/portaltela.pt\/#\/schema\/person\/c4278d4a6028830caff9ee44b42d32ed\",\"name\":\"Telinha\",\"image\":{\"@type\":\"ImageObject\",\"inLanguage\":\"pt-PT\",\"@id\":\"https:\/\/portaltela.pt\/s.01k8rhncp4jt1\/2025\/11\/talking-bot-125x125.png\",\"url\":\"https:\/\/portaltela.pt\/s.01k8rhncp4jt1\/2025\/11\/talking-bot-125x125.png\",\"contentUrl\":\"https:\/\/portaltela.pt\/s.01k8rhncp4jt1\/2025\/11\/talking-bot-125x125.png\",\"caption\":\"Telinha\"},\"sameAs\":[\"https:\/\/portaltela.pt\/\"],\"url\":\"https:\/\/portaltela.pt\/por\/367410592786\/\"}]}<\/script>\n<!-- \/ Yoast SEO plugin. -->","yoast_head_json":{"title":"Diogo Valente encerra carreira aos 41 anos - Portal Tela Portugal","robots":{"index":"index","follow":"follow","max-snippet":"max-snippet:-1","max-image-preview":"max-image-preview:large","max-video-preview":"max-video-preview:-1"},"og_locale":"pt_PT","og_type":"article","og_title":"Diogo Valente encerra carreira aos 41 anos - Portal Tela Portugal","og_description":"Diogo Valente, 41 anos, terminou a carreira ap\u00f3s o empate do Salgueiros frente ao Uni\u00e3o de Lamas (0-0), que assegurou a manuten\u00e7\u00e3o no Campeonato de Portugal. O extremo passou por F. C. Porto, Boavista, Braga e Cluj, sendo a Acad\u00e9mica onde ergueu a Ta\u00e7a de Portugal. Destacou-se pela posi\u00e7\u00e3o de extremo esquerdo e por passes precisos, incluindo a assist\u00eancia a Marinho na final da Ta\u00e7a de Portugal de 2011\/12 no Est\u00e1dio do Jamor. Natural de Aveiro, iniciou no Beira-Mar, formou-se no Boavista, vencendo o t\u00edtulo nacional de sub-19 em 2002\/03. Nos \u00faltimos cinco anos foi um dos l\u00edderes do Salgueiros, com 128 jogos, 24 golos e 26 assist\u00eancias.","og_url":"https:\/\/portaltela.pt\/noticias\/2026\/04\/18\/diogo-valente-encerra-carreira-aos-41-anos\/","og_site_name":"Portal Tela Portugal","article_published_time":"2026-04-18T20:52:00+00:00","author":"Telinha","twitter_card":"summary_large_image","twitter_misc":{"Escrito por":"Telinha","Tempo estimado de leitura":"1 minuto"},"schema":{"@context":"https:\/\/schema.org","@graph":[{"@type":"Article","@id":"https:\/\/portaltela.pt\/noticias\/2026\/04\/18\/diogo-valente-encerra-carreira-aos-41-anos\/#article","isPartOf":{"@id":"https:\/\/portaltela.pt\/noticias\/2026\/04\/18\/diogo-valente-encerra-carreira-aos-41-anos\/"},"author":{"name":"Telinha","@id":"https:\/\/portaltela.pt\/#\/schema\/person\/c4278d4a6028830caff9ee44b42d32ed"},"headline":"Diogo Valente encerra carreira aos 41 anos","datePublished":"2026-04-18T20:52:00+00:00","mainEntityOfPage":{"@id":"https:\/\/portaltela.pt\/noticias\/2026\/04\/18\/diogo-valente-encerra-carreira-aos-41-anos\/"},"wordCount":230,"image":{"@id":"https:\/\/portaltela.pt\/noticias\/2026\/04\/18\/diogo-valente-encerra-carreira-aos-41-anos\/#primaryimage"},"thumbnailUrl":"https:\/\/portaltela.pt\/s.01k8rhncp4jt1\/2026\/04\/image-1121.jpg","keywords":["Acad\u00e9mica","Aveiro","futebol","jogadores","Porto","Ta\u00e7a de Portugal"],"articleSection":["Desporto","Futebol"],"inLanguage":"pt-PT"},{"@type":"WebPage","@id":"https:\/\/portaltela.pt\/noticias\/2026\/04\/18\/diogo-valente-encerra-carreira-aos-41-anos\/","url":"https:\/\/portaltela.pt\/noticias\/2026\/04\/18\/diogo-valente-encerra-carreira-aos-41-anos\/","name":"Diogo Valente encerra carreira aos 41 anos - Portal Tela Portugal","isPartOf":{"@id":"https:\/\/portaltela.pt\/#website"},"primaryImageOfPage":{"@id":"https:\/\/portaltela.pt\/noticias\/2026\/04\/18\/diogo-valente-encerra-carreira-aos-41-anos\/#primaryimage"},"image":{"@id":"https:\/\/portaltela.pt\/noticias\/2026\/04\/18\/diogo-valente-encerra-carreira-aos-41-anos\/#primaryimage"},"thumbnailUrl":"https:\/\/portaltela.pt\/s.01k8rhncp4jt1\/2026\/04\/image-1121.jpg","datePublished":"2026-04-18T20:52:00+00:00","author":{"@id":"https:\/\/portaltela.pt\/#\/schema\/person\/c4278d4a6028830caff9ee44b42d32ed"},"breadcrumb":{"@id":"https:\/\/portaltela.pt\/noticias\/2026\/04\/18\/diogo-valente-encerra-carreira-aos-41-anos\/#breadcrumb"},"inLanguage":"pt-PT","potentialAction":[{"@type":"ReadAction","target":["https:\/\/portaltela.pt\/noticias\/2026\/04\/18\/diogo-valente-encerra-carreira-aos-41-anos\/"]}]},{"@type":"ImageObject","inLanguage":"pt-PT","@id":"https:\/\/portaltela.pt\/noticias\/2026\/04\/18\/diogo-valente-encerra-carreira-aos-41-anos\/#primaryimage","url":"https:\/\/portaltela.pt\/s.01k8rhncp4jt1\/2026\/04\/image-1121.jpg","contentUrl":"https:\/\/portaltela.pt\/s.01k8rhncp4jt1\/2026\/04\/image-1121.jpg","width":796,"height":448,"caption":"Diogo Valente fechou a jornada nos salgueiristas como capit\u00e3o"},{"@type":"BreadcrumbList","@id":"https:\/\/portaltela.pt\/noticias\/2026\/04\/18\/diogo-valente-encerra-carreira-aos-41-anos\/#breadcrumb","itemListElement":[{"@type":"ListItem","position":1,"name":"In\u00edcio","item":"https:\/\/portaltela.pt\/"},{"@type":"ListItem","position":2,"name":"Diogo Valente encerra carreira aos 41 anos"}]},{"@type":"WebSite","@id":"https:\/\/portaltela.pt\/#website","url":"https:\/\/portaltela.pt\/","name":"Portal Tela Portugal","description":"","potentialAction":[{"@type":"SearchAction","target":{"@type":"EntryPoint","urlTemplate":"https:\/\/portaltela.pt\/?s={search_term_string}"},"query-input":{"@type":"PropertyValueSpecification","valueRequired":true,"valueName":"search_term_string"}}],"inLanguage":"pt-PT"},{"@type":"Person","@id":"https:\/\/portaltela.pt\/#\/schema\/person\/c4278d4a6028830caff9ee44b42d32ed","name":"Telinha","image":{"@type":"ImageObject","inLanguage":"pt-PT","@id":"https:\/\/portaltela.pt\/s.01k8rhncp4jt1\/2025\/11\/talking-bot-125x125.png","url":"https:\/\/portaltela.pt\/s.01k8rhncp4jt1\/2025\/11\/talking-bot-125x125.png","contentUrl":"https:\/\/portaltela.pt\/s.01k8rhncp4jt1\/2025\/11\/talking-bot-125x125.png","caption":"Telinha"},"sameAs":["https:\/\/portaltela.pt\/"],"url":"https:\/\/portaltela.pt\/por\/367410592786\/"}]}},"_links":{"self":[{"href":"https:\/\/portaltela.pt\/api\/wp\/v2\/posts\/449406","targetHints":{"allow":["GET"]}}],"collection":[{"href":"https:\/\/portaltela.pt\/api\/wp\/v2\/posts"}],"about":[{"href":"https:\/\/portaltela.pt\/api\/wp\/v2\/types\/post"}],"author":[{"embeddable":true,"href":"https:\/\/portaltela.pt\/api\/wp\/v2\/users\/2"}],"replies":[{"embeddable":true,"href":"https:\/\/portaltela.pt\/api\/wp\/v2\/comments?post=449406"}],"version-history":[{"count":0,"href":"https:\/\/portaltela.pt\/api\/wp\/v2\/posts\/449406\/revisions"}],"wp:featuredmedia":[{"embeddable":true,"href":"https:\/\/portaltela.pt\/api\/wp\/v2\/media\/449434"}],"wp:attachment":[{"href":"https:\/\/portaltela.pt\/api\/wp\/v2\/media?parent=449406"}],"wp:term":[{"taxonomy":"category","embeddable":true,"href":"https:\/\/portaltela.pt\/api\/wp\/v2\/categories?post=449406"},{"taxonomy":"post_tag","embeddable":true,"href":"https:\/\/portaltela.pt\/api\/wp\/v2\/tags?post=449406"}],"curies":[{"name":"wp","href":"https:\/\/api.w.org\/{rel}","templated":true}]}}