{"id":449405,"date":"2026-04-18T11:56:00","date_gmt":"2026-04-18T14:56:00","guid":{"rendered":"https:\/\/portaltela.pt\/noticias\/2026\/04\/18\/liga-dos-bombeiros-rescinde-acordo-com-inem-sobre-assistencia-pre-hospitalar\/"},"modified":"2026-04-18T11:56:00","modified_gmt":"2026-04-18T14:56:00","slug":"liga-dos-bombeiros-rescinde-acordo-com-inem-sobre-assistencia-pre-hospitalar","status":"publish","type":"post","link":"https:\/\/portaltela.pt\/seguranca\/2026\/04\/18\/liga-dos-bombeiros-rescinde-acordo-com-inem-sobre-assistencia-pre-hospitalar\/","title":{"rendered":"Liga dos Bombeiros rescinde acordo com INEM sobre assist\u00eancia pr\u00e9-hospitalar"},"content":{"rendered":"<p>A Liga dos Bombeiros vai rescindir o acordo com o INEM relativo \u00e0 assist\u00eancia pr\u00e9-hospitalar, de acordo com o t\u00edtulo da not\u00edcia publicada hoje.<\/p>\n<p>O conte\u00fado completo est\u00e1 atr\u00e1s de um sistema de subscri\u00e7\u00e3o, dificultando a verifica\u00e7\u00e3o de datas, locais e motiva\u00e7\u00f5es oficiais.<\/p>\n<p>At\u00e9 ao momento, n\u00e3o foram divulgadas informa\u00e7\u00f5es adicionais pelas entidades envolvidas nem pelas fontes da pe\u00e7a.<\/p>\n","protected":false},"excerpt":{"rendered":"<ul>\n<li>A Liga dos Bombeiros vai rescindir o acordo com o INEM para assist\u00eancia pr\u00e9-hospitalar.<\/li>\n<li>O conte\u00fado completo est\u00e1 dispon\u00edvel apenas para subscritores.<\/li>\n<\/ul>\n","protected":false},"author":2,"featured_media":449425,"comment_status":"closed","ping_status":"closed","sticky":false,"template":"","format":"standard","meta":{"footnotes":""},"categories":[6781,6779],"tags":[8874,960,1935,1922,1786,320],"class_list":["post-449405","post","type-post","status-publish","format-standard","has-post-thumbnail","hentry","category-policia","category-seguranca","tag-acordo","tag-emergencia-pre-hospitalar","tag-emergencias","tag-inem","tag-liga","tag-protecao-civil"],"yoast_head":"<!-- This site is optimized with the Yoast SEO plugin v27.2 - https:\/\/yoast.com\/product\/yoast-seo-wordpress\/ -->\n<title>Liga dos Bombeiros rescinde acordo com INEM sobre assist\u00eancia pr\u00e9-hospitalar - Portal Tela Portugal<\/title>\n<meta name=\"robots\" content=\"index, follow, max-snippet:-1, max-image-preview:large, max-video-preview:-1\" \/>\n<meta property=\"og:locale\" content=\"pt_PT\" \/>\n<meta property=\"og:type\" content=\"article\" \/>\n<meta property=\"og:title\" content=\"Liga dos Bombeiros rescinde acordo com INEM sobre assist\u00eancia pr\u00e9-hospitalar - Portal Tela Portugal\" \/>\n<meta property=\"og:description\" content=\"A Liga dos Bombeiros vai rescindir o acordo com o INEM para assist\u00eancia pr\u00e9-hospitalar. O conte\u00fado completo est\u00e1 dispon\u00edvel apenas para subscritores.\" \/>\n<meta property=\"og:url\" content=\"https:\/\/portaltela.pt\/noticias\/2026\/04\/18\/liga-dos-bombeiros-rescinde-acordo-com-inem-sobre-assistencia-pre-hospitalar\/\" \/>\n<meta property=\"og:site_name\" content=\"Portal Tela Portugal\" \/>\n<meta property=\"article:published_time\" content=\"2026-04-18T14:56:00+00:00\" \/>\n<meta name=\"author\" content=\"Telinha\" \/>\n<meta name=\"twitter:card\" content=\"summary_large_image\" \/>\n<meta name=\"twitter:label1\" content=\"Escrito por\" \/>\n\t<meta name=\"twitter:data1\" content=\"Telinha\" \/>\n<script type=\"application\/ld+json\" class=\"yoast-schema-graph\">{\"@context\":\"https:\/\/schema.org\",\"@graph\":[{\"@type\":\"Article\",\"@id\":\"https:\/\/portaltela.pt\/noticias\/2026\/04\/18\/liga-dos-bombeiros-rescinde-acordo-com-inem-sobre-assistencia-pre-hospitalar\/#article\",\"isPartOf\":{\"@id\":\"https:\/\/portaltela.pt\/noticias\/2026\/04\/18\/liga-dos-bombeiros-rescinde-acordo-com-inem-sobre-assistencia-pre-hospitalar\/\"},\"author\":{\"name\":\"Telinha\",\"@id\":\"https:\/\/portaltela.pt\/#\/schema\/person\/c4278d4a6028830caff9ee44b42d32ed\"},\"headline\":\"Liga dos Bombeiros rescinde acordo com INEM sobre assist\u00eancia pr\u00e9-hospitalar\",\"datePublished\":\"2026-04-18T14:56:00+00:00\",\"mainEntityOfPage\":{\"@id\":\"https:\/\/portaltela.pt\/noticias\/2026\/04\/18\/liga-dos-bombeiros-rescinde-acordo-com-inem-sobre-assistencia-pre-hospitalar\/\"},\"wordCount\":82,\"image\":{\"@id\":\"https:\/\/portaltela.pt\/noticias\/2026\/04\/18\/liga-dos-bombeiros-rescinde-acordo-com-inem-sobre-assistencia-pre-hospitalar\/#primaryimage\"},\"thumbnailUrl\":\"https:\/\/portaltela.pt\/s.01k8rhncp4jt1\/2026\/04\/CACHE_780X1200_ANALOG_WATERMARKED_15753632_2134395_09042019123418.jpg\",\"keywords\":[\"acordo\",\"emerg\u00eancia pr\u00e9-hospitalar\",\"emerg\u00eancias\",\"INEM\",\"Liga\",\"prote\u00e7\u00e3o civil\"],\"articleSection\":[\"Pol\u00edcia\",\"Seguran\u00e7a\"],\"inLanguage\":\"pt-PT\"},{\"@type\":\"WebPage\",\"@id\":\"https:\/\/portaltela.pt\/noticias\/2026\/04\/18\/liga-dos-bombeiros-rescinde-acordo-com-inem-sobre-assistencia-pre-hospitalar\/\",\"url\":\"https:\/\/portaltela.pt\/noticias\/2026\/04\/18\/liga-dos-bombeiros-rescinde-acordo-com-inem-sobre-assistencia-pre-hospitalar\/\",\"name\":\"Liga dos Bombeiros rescinde acordo com INEM sobre assist\u00eancia pr\u00e9-hospitalar - Portal Tela Portugal\",\"isPartOf\":{\"@id\":\"https:\/\/portaltela.pt\/#website\"},\"primaryImageOfPage\":{\"@id\":\"https:\/\/portaltela.pt\/noticias\/2026\/04\/18\/liga-dos-bombeiros-rescinde-acordo-com-inem-sobre-assistencia-pre-hospitalar\/#primaryimage\"},\"image\":{\"@id\":\"https:\/\/portaltela.pt\/noticias\/2026\/04\/18\/liga-dos-bombeiros-rescinde-acordo-com-inem-sobre-assistencia-pre-hospitalar\/#primaryimage\"},\"thumbnailUrl\":\"https:\/\/portaltela.pt\/s.01k8rhncp4jt1\/2026\/04\/CACHE_780X1200_ANALOG_WATERMARKED_15753632_2134395_09042019123418.jpg\",\"datePublished\":\"2026-04-18T14:56:00+00:00\",\"author\":{\"@id\":\"https:\/\/portaltela.pt\/#\/schema\/person\/c4278d4a6028830caff9ee44b42d32ed\"},\"breadcrumb\":{\"@id\":\"https:\/\/portaltela.pt\/noticias\/2026\/04\/18\/liga-dos-bombeiros-rescinde-acordo-com-inem-sobre-assistencia-pre-hospitalar\/#breadcrumb\"},\"inLanguage\":\"pt-PT\",\"potentialAction\":[{\"@type\":\"ReadAction\",\"target\":[\"https:\/\/portaltela.pt\/noticias\/2026\/04\/18\/liga-dos-bombeiros-rescinde-acordo-com-inem-sobre-assistencia-pre-hospitalar\/\"]}]},{\"@type\":\"ImageObject\",\"inLanguage\":\"pt-PT\",\"@id\":\"https:\/\/portaltela.pt\/noticias\/2026\/04\/18\/liga-dos-bombeiros-rescinde-acordo-com-inem-sobre-assistencia-pre-hospitalar\/#primaryimage\",\"url\":\"https:\/\/portaltela.pt\/s.01k8rhncp4jt1\/2026\/04\/CACHE_780X1200_ANALOG_WATERMARKED_15753632_2134395_09042019123418.jpg\",\"contentUrl\":\"https:\/\/portaltela.pt\/s.01k8rhncp4jt1\/2026\/04\/CACHE_780X1200_ANALOG_WATERMARKED_15753632_2134395_09042019123418.jpg\",\"width\":796,\"height\":448,\"caption\":\"Liga dos Bombeiros vai rescindir acordo com o INEM para assist\u00eancia pr\u00e9-hospitalar\"},{\"@type\":\"BreadcrumbList\",\"@id\":\"https:\/\/portaltela.pt\/noticias\/2026\/04\/18\/liga-dos-bombeiros-rescinde-acordo-com-inem-sobre-assistencia-pre-hospitalar\/#breadcrumb\",\"itemListElement\":[{\"@type\":\"ListItem\",\"position\":1,\"name\":\"In\u00edcio\",\"item\":\"https:\/\/portaltela.pt\/\"},{\"@type\":\"ListItem\",\"position\":2,\"name\":\"Liga dos Bombeiros rescinde acordo com INEM sobre assist\u00eancia pr\u00e9-hospitalar\"}]},{\"@type\":\"WebSite\",\"@id\":\"https:\/\/portaltela.pt\/#website\",\"url\":\"https:\/\/portaltela.pt\/\",\"name\":\"Portal Tela Portugal\",\"description\":\"\",\"potentialAction\":[{\"@type\":\"SearchAction\",\"target\":{\"@type\":\"EntryPoint\",\"urlTemplate\":\"https:\/\/portaltela.pt\/?s={search_term_string}\"},\"query-input\":{\"@type\":\"PropertyValueSpecification\",\"valueRequired\":true,\"valueName\":\"search_term_string\"}}],\"inLanguage\":\"pt-PT\"},{\"@type\":\"Person\",\"@id\":\"https:\/\/portaltela.pt\/#\/schema\/person\/c4278d4a6028830caff9ee44b42d32ed\",\"name\":\"Telinha\",\"image\":{\"@type\":\"ImageObject\",\"inLanguage\":\"pt-PT\",\"@id\":\"https:\/\/portaltela.pt\/s.01k8rhncp4jt1\/2025\/11\/talking-bot-125x125.png\",\"url\":\"https:\/\/portaltela.pt\/s.01k8rhncp4jt1\/2025\/11\/talking-bot-125x125.png\",\"contentUrl\":\"https:\/\/portaltela.pt\/s.01k8rhncp4jt1\/2025\/11\/talking-bot-125x125.png\",\"caption\":\"Telinha\"},\"sameAs\":[\"https:\/\/portaltela.pt\/\"],\"url\":\"https:\/\/portaltela.pt\/por\/367410592786\/\"}]}<\/script>\n<!-- \/ Yoast SEO plugin. -->","yoast_head_json":{"title":"Liga dos Bombeiros rescinde acordo com INEM sobre assist\u00eancia pr\u00e9-hospitalar - Portal Tela Portugal","robots":{"index":"index","follow":"follow","max-snippet":"max-snippet:-1","max-image-preview":"max-image-preview:large","max-video-preview":"max-video-preview:-1"},"og_locale":"pt_PT","og_type":"article","og_title":"Liga dos Bombeiros rescinde acordo com INEM sobre assist\u00eancia pr\u00e9-hospitalar - Portal Tela Portugal","og_description":"A Liga dos Bombeiros vai rescindir o acordo com o INEM para assist\u00eancia pr\u00e9-hospitalar. O conte\u00fado completo est\u00e1 dispon\u00edvel apenas para subscritores.","og_url":"https:\/\/portaltela.pt\/noticias\/2026\/04\/18\/liga-dos-bombeiros-rescinde-acordo-com-inem-sobre-assistencia-pre-hospitalar\/","og_site_name":"Portal Tela Portugal","article_published_time":"2026-04-18T14:56:00+00:00","author":"Telinha","twitter_card":"summary_large_image","twitter_misc":{"Escrito por":"Telinha"},"schema":{"@context":"https:\/\/schema.org","@graph":[{"@type":"Article","@id":"https:\/\/portaltela.pt\/noticias\/2026\/04\/18\/liga-dos-bombeiros-rescinde-acordo-com-inem-sobre-assistencia-pre-hospitalar\/#article","isPartOf":{"@id":"https:\/\/portaltela.pt\/noticias\/2026\/04\/18\/liga-dos-bombeiros-rescinde-acordo-com-inem-sobre-assistencia-pre-hospitalar\/"},"author":{"name":"Telinha","@id":"https:\/\/portaltela.pt\/#\/schema\/person\/c4278d4a6028830caff9ee44b42d32ed"},"headline":"Liga dos Bombeiros rescinde acordo com INEM sobre assist\u00eancia pr\u00e9-hospitalar","datePublished":"2026-04-18T14:56:00+00:00","mainEntityOfPage":{"@id":"https:\/\/portaltela.pt\/noticias\/2026\/04\/18\/liga-dos-bombeiros-rescinde-acordo-com-inem-sobre-assistencia-pre-hospitalar\/"},"wordCount":82,"image":{"@id":"https:\/\/portaltela.pt\/noticias\/2026\/04\/18\/liga-dos-bombeiros-rescinde-acordo-com-inem-sobre-assistencia-pre-hospitalar\/#primaryimage"},"thumbnailUrl":"https:\/\/portaltela.pt\/s.01k8rhncp4jt1\/2026\/04\/CACHE_780X1200_ANALOG_WATERMARKED_15753632_2134395_09042019123418.jpg","keywords":["acordo","emerg\u00eancia pr\u00e9-hospitalar","emerg\u00eancias","INEM","Liga","prote\u00e7\u00e3o civil"],"articleSection":["Pol\u00edcia","Seguran\u00e7a"],"inLanguage":"pt-PT"},{"@type":"WebPage","@id":"https:\/\/portaltela.pt\/noticias\/2026\/04\/18\/liga-dos-bombeiros-rescinde-acordo-com-inem-sobre-assistencia-pre-hospitalar\/","url":"https:\/\/portaltela.pt\/noticias\/2026\/04\/18\/liga-dos-bombeiros-rescinde-acordo-com-inem-sobre-assistencia-pre-hospitalar\/","name":"Liga dos Bombeiros rescinde acordo com INEM sobre assist\u00eancia pr\u00e9-hospitalar - Portal Tela Portugal","isPartOf":{"@id":"https:\/\/portaltela.pt\/#website"},"primaryImageOfPage":{"@id":"https:\/\/portaltela.pt\/noticias\/2026\/04\/18\/liga-dos-bombeiros-rescinde-acordo-com-inem-sobre-assistencia-pre-hospitalar\/#primaryimage"},"image":{"@id":"https:\/\/portaltela.pt\/noticias\/2026\/04\/18\/liga-dos-bombeiros-rescinde-acordo-com-inem-sobre-assistencia-pre-hospitalar\/#primaryimage"},"thumbnailUrl":"https:\/\/portaltela.pt\/s.01k8rhncp4jt1\/2026\/04\/CACHE_780X1200_ANALOG_WATERMARKED_15753632_2134395_09042019123418.jpg","datePublished":"2026-04-18T14:56:00+00:00","author":{"@id":"https:\/\/portaltela.pt\/#\/schema\/person\/c4278d4a6028830caff9ee44b42d32ed"},"breadcrumb":{"@id":"https:\/\/portaltela.pt\/noticias\/2026\/04\/18\/liga-dos-bombeiros-rescinde-acordo-com-inem-sobre-assistencia-pre-hospitalar\/#breadcrumb"},"inLanguage":"pt-PT","potentialAction":[{"@type":"ReadAction","target":["https:\/\/portaltela.pt\/noticias\/2026\/04\/18\/liga-dos-bombeiros-rescinde-acordo-com-inem-sobre-assistencia-pre-hospitalar\/"]}]},{"@type":"ImageObject","inLanguage":"pt-PT","@id":"https:\/\/portaltela.pt\/noticias\/2026\/04\/18\/liga-dos-bombeiros-rescinde-acordo-com-inem-sobre-assistencia-pre-hospitalar\/#primaryimage","url":"https:\/\/portaltela.pt\/s.01k8rhncp4jt1\/2026\/04\/CACHE_780X1200_ANALOG_WATERMARKED_15753632_2134395_09042019123418.jpg","contentUrl":"https:\/\/portaltela.pt\/s.01k8rhncp4jt1\/2026\/04\/CACHE_780X1200_ANALOG_WATERMARKED_15753632_2134395_09042019123418.jpg","width":796,"height":448,"caption":"Liga dos Bombeiros vai rescindir acordo com o INEM para assist\u00eancia pr\u00e9-hospitalar"},{"@type":"BreadcrumbList","@id":"https:\/\/portaltela.pt\/noticias\/2026\/04\/18\/liga-dos-bombeiros-rescinde-acordo-com-inem-sobre-assistencia-pre-hospitalar\/#breadcrumb","itemListElement":[{"@type":"ListItem","position":1,"name":"In\u00edcio","item":"https:\/\/portaltela.pt\/"},{"@type":"ListItem","position":2,"name":"Liga dos Bombeiros rescinde acordo com INEM sobre assist\u00eancia pr\u00e9-hospitalar"}]},{"@type":"WebSite","@id":"https:\/\/portaltela.pt\/#website","url":"https:\/\/portaltela.pt\/","name":"Portal Tela Portugal","description":"","potentialAction":[{"@type":"SearchAction","target":{"@type":"EntryPoint","urlTemplate":"https:\/\/portaltela.pt\/?s={search_term_string}"},"query-input":{"@type":"PropertyValueSpecification","valueRequired":true,"valueName":"search_term_string"}}],"inLanguage":"pt-PT"},{"@type":"Person","@id":"https:\/\/portaltela.pt\/#\/schema\/person\/c4278d4a6028830caff9ee44b42d32ed","name":"Telinha","image":{"@type":"ImageObject","inLanguage":"pt-PT","@id":"https:\/\/portaltela.pt\/s.01k8rhncp4jt1\/2025\/11\/talking-bot-125x125.png","url":"https:\/\/portaltela.pt\/s.01k8rhncp4jt1\/2025\/11\/talking-bot-125x125.png","contentUrl":"https:\/\/portaltela.pt\/s.01k8rhncp4jt1\/2025\/11\/talking-bot-125x125.png","caption":"Telinha"},"sameAs":["https:\/\/portaltela.pt\/"],"url":"https:\/\/portaltela.pt\/por\/367410592786\/"}]}},"_links":{"self":[{"href":"https:\/\/portaltela.pt\/api\/wp\/v2\/posts\/449405","targetHints":{"allow":["GET"]}}],"collection":[{"href":"https:\/\/portaltela.pt\/api\/wp\/v2\/posts"}],"about":[{"href":"https:\/\/portaltela.pt\/api\/wp\/v2\/types\/post"}],"author":[{"embeddable":true,"href":"https:\/\/portaltela.pt\/api\/wp\/v2\/users\/2"}],"replies":[{"embeddable":true,"href":"https:\/\/portaltela.pt\/api\/wp\/v2\/comments?post=449405"}],"version-history":[{"count":0,"href":"https:\/\/portaltela.pt\/api\/wp\/v2\/posts\/449405\/revisions"}],"wp:featuredmedia":[{"embeddable":true,"href":"https:\/\/portaltela.pt\/api\/wp\/v2\/media\/449425"}],"wp:attachment":[{"href":"https:\/\/portaltela.pt\/api\/wp\/v2\/media?parent=449405"}],"wp:term":[{"taxonomy":"category","embeddable":true,"href":"https:\/\/portaltela.pt\/api\/wp\/v2\/categories?post=449405"},{"taxonomy":"post_tag","embeddable":true,"href":"https:\/\/portaltela.pt\/api\/wp\/v2\/tags?post=449405"}],"curies":[{"name":"wp","href":"https:\/\/api.w.org\/{rel}","templated":true}]}}