{"id":449404,"date":"2026-04-18T17:49:00","date_gmt":"2026-04-18T20:49:00","guid":{"rendered":"https:\/\/portaltela.pt\/noticias\/2026\/04\/18\/um-dos-traficantes-mais-procurados-da-europa-detido-no-mexico\/"},"modified":"2026-04-18T17:49:00","modified_gmt":"2026-04-18T20:49:00","slug":"um-dos-traficantes-mais-procurados-da-europa-detido-no-mexico","status":"publish","type":"post","link":"https:\/\/portaltela.pt\/criminalidade\/2026\/04\/18\/um-dos-traficantes-mais-procurados-da-europa-detido-no-mexico\/","title":{"rendered":"Um dos traficantes mais procurados da Europa detido no M\u00e9xico"},"content":{"rendered":"<p>J\u00e1nos Balla, conhecido como D\u00e1niel Tak\u00e1cs, foi detido no M\u00e9xico. O ministro da Seguran\u00e7a, Omar Garc\u00eda Harfuch, confirmou a pris\u00e3o na rede social X. A deten\u00e7\u00e3o envolve um dos 10 homens mais procurados da Europa.<\/p>\n<p>O Minist\u00e9rio dos Neg\u00f3cios Estrangeiros indicou que Balla est\u00e1 procurado no seu pa\u00eds por tr\u00e1fico de droga. Al\u00e9m disso, possui alerta vermelho da Interpol e um mandado de deten\u00e7\u00e3o emitido pela Europol.<\/p>\n<p>Entre 2014 e 2015, a Europol associou Balla \u00e0 lideran\u00e7a de um grupo criminoso sediado na Hungria, com atua\u00e7\u00e3o no tr\u00e1fico de coca\u00edna e ecstasy. A deten\u00e7\u00e3o ocorreu em Canc\u00fan, na regi\u00e3o sudeste do M\u00e9xico, durante uma opera\u00e7\u00e3o das for\u00e7as de seguran\u00e7a.<\/p>\n<h3>Deten\u00e7\u00e3o e pr\u00f3ximos passos<\/h3>\n<p>As autoridades forneceram imagens de Balla a ser escoltado por pol\u00edcias e militares, com barba rala e veste com estampado de palmeiras. A coopera\u00e7\u00e3o entre autoridades mexicanas e h\u00fanguas foi citada como elemento-chave para a opera\u00e7\u00e3o.<\/p>\n<p>Balla ser\u00e1 entregue \u00e0s autoridades de imigra\u00e7\u00e3o para dar continuidade ao processo de deporta\u00e7\u00e3o para a Europa.<\/p>\n","protected":false},"excerpt":{"rendered":"<ul>\n<li>J\u00e1nos Balla, conhecido como &#8216;D\u00e1niel Tak\u00e1cs&#8217;, \u00e9 apontado como um dos 10 homens mais procurados da Europa e foi detido no M\u00e9xico.<\/li>\n<li>O ministro da Seguran\u00e7a, Omar Garc\u00eda Harfuch, anunciou a captura numa publica\u00e7\u00e3o na X.<\/li>\n<li>Balla era procurado por tr\u00e1fico de droga e possui alerta vermelho da Interpol e mandado emitido pela Europol, segundo o Minist\u00e9rio dos Neg\u00f3cios Estrangeiros.<\/li>\n<li>A Europol identifica-o como l\u00edder de um grupo criminoso na Hungria que atuava no tr\u00e1fico de coca\u00edna e ecstasy entre o ver\u00e3o de 2014 e abril de 2015.<\/li>\n<li>A deten\u00e7\u00e3o ocorreu em Canc\u00fan, ap\u00f3s troca de informa\u00e7\u00f5es com a Hungria; ele ser\u00e1 entregue \u00e0s autoridades de imigra\u00e7\u00e3o para prosseguir a deporta\u00e7\u00e3o para a Europa.<\/li>\n<\/ul>\n","protected":false},"author":2,"featured_media":449437,"comment_status":"closed","ping_status":"closed","sticky":false,"template":"","format":"standard","meta":{"footnotes":""},"categories":[6907,7374],"tags":[8004,7938,7932,8221,2579,2711],"class_list":["post-449404","post","type-post","status-publish","format-standard","has-post-thumbnail","hentry","category-crime","category-criminalidade","tag-_europa","tag-_extradicoes","tag-_imigracao-internacional","tag-_trafico-de-drogas","tag-hungria","tag-interpol"],"yoast_head":"<!-- This site is optimized with the Yoast SEO plugin v27.2 - https:\/\/yoast.com\/product\/yoast-seo-wordpress\/ -->\n<title>Um dos traficantes mais procurados da Europa detido no M\u00e9xico - Portal Tela Portugal<\/title>\n<meta name=\"robots\" content=\"index, follow, max-snippet:-1, max-image-preview:large, max-video-preview:-1\" \/>\n<meta property=\"og:locale\" content=\"pt_PT\" \/>\n<meta property=\"og:type\" content=\"article\" \/>\n<meta property=\"og:title\" content=\"Um dos traficantes mais procurados da Europa detido no M\u00e9xico - Portal Tela Portugal\" \/>\n<meta property=\"og:description\" content=\"J\u00e1nos Balla, conhecido como &#039;D\u00e1niel Tak\u00e1cs&#039;, \u00e9 apontado como um dos 10 homens mais procurados da Europa e foi detido no M\u00e9xico. O ministro da Seguran\u00e7a, Omar Garc\u00eda Harfuch, anunciou a captura numa publica\u00e7\u00e3o na X. Balla era procurado por tr\u00e1fico de droga e possui alerta vermelho da Interpol e mandado emitido pela Europol, segundo o Minist\u00e9rio dos Neg\u00f3cios Estrangeiros. A Europol identifica-o como l\u00edder de um grupo criminoso na Hungria que atuava no tr\u00e1fico de coca\u00edna e ecstasy entre o ver\u00e3o de 2014 e abril de 2015. A deten\u00e7\u00e3o ocorreu em Canc\u00fan, ap\u00f3s troca de informa\u00e7\u00f5es com a Hungria; ele ser\u00e1 entregue \u00e0s autoridades de imigra\u00e7\u00e3o para prosseguir a deporta\u00e7\u00e3o para a Europa.\" \/>\n<meta property=\"og:url\" content=\"https:\/\/portaltela.pt\/noticias\/2026\/04\/18\/um-dos-traficantes-mais-procurados-da-europa-detido-no-mexico\/\" \/>\n<meta property=\"og:site_name\" content=\"Portal Tela Portugal\" \/>\n<meta property=\"article:published_time\" content=\"2026-04-18T20:49:00+00:00\" \/>\n<meta name=\"author\" content=\"Telinha\" \/>\n<meta name=\"twitter:card\" content=\"summary_large_image\" \/>\n<meta name=\"twitter:label1\" content=\"Escrito por\" \/>\n\t<meta name=\"twitter:data1\" content=\"Telinha\" \/>\n\t<meta name=\"twitter:label2\" content=\"Tempo estimado de leitura\" \/>\n\t<meta name=\"twitter:data2\" content=\"1 minuto\" \/>\n<script type=\"application\/ld+json\" class=\"yoast-schema-graph\">{\"@context\":\"https:\/\/schema.org\",\"@graph\":[{\"@type\":\"Article\",\"@id\":\"https:\/\/portaltela.pt\/noticias\/2026\/04\/18\/um-dos-traficantes-mais-procurados-da-europa-detido-no-mexico\/#article\",\"isPartOf\":{\"@id\":\"https:\/\/portaltela.pt\/noticias\/2026\/04\/18\/um-dos-traficantes-mais-procurados-da-europa-detido-no-mexico\/\"},\"author\":{\"name\":\"Telinha\",\"@id\":\"https:\/\/portaltela.pt\/#\/schema\/person\/c4278d4a6028830caff9ee44b42d32ed\"},\"headline\":\"Um dos traficantes mais procurados da Europa detido no M\u00e9xico\",\"datePublished\":\"2026-04-18T20:49:00+00:00\",\"mainEntityOfPage\":{\"@id\":\"https:\/\/portaltela.pt\/noticias\/2026\/04\/18\/um-dos-traficantes-mais-procurados-da-europa-detido-no-mexico\/\"},\"wordCount\":206,\"image\":{\"@id\":\"https:\/\/portaltela.pt\/noticias\/2026\/04\/18\/um-dos-traficantes-mais-procurados-da-europa-detido-no-mexico\/#primaryimage\"},\"thumbnailUrl\":\"https:\/\/portaltela.pt\/s.01k8rhncp4jt1\/2026\/04\/image-1121.jpg\",\"keywords\":[\"_Europa\",\"_extradi\u00e7\u00f5es\",\"_imigra\u00e7\u00e3o internacional\",\"_tr\u00e1fico de drogas\",\"Hungria\",\"Interpol\"],\"articleSection\":[\"Crime\",\"Criminalidade\"],\"inLanguage\":\"pt-PT\"},{\"@type\":\"WebPage\",\"@id\":\"https:\/\/portaltela.pt\/noticias\/2026\/04\/18\/um-dos-traficantes-mais-procurados-da-europa-detido-no-mexico\/\",\"url\":\"https:\/\/portaltela.pt\/noticias\/2026\/04\/18\/um-dos-traficantes-mais-procurados-da-europa-detido-no-mexico\/\",\"name\":\"Um dos traficantes mais procurados da Europa detido no M\u00e9xico - Portal Tela Portugal\",\"isPartOf\":{\"@id\":\"https:\/\/portaltela.pt\/#website\"},\"primaryImageOfPage\":{\"@id\":\"https:\/\/portaltela.pt\/noticias\/2026\/04\/18\/um-dos-traficantes-mais-procurados-da-europa-detido-no-mexico\/#primaryimage\"},\"image\":{\"@id\":\"https:\/\/portaltela.pt\/noticias\/2026\/04\/18\/um-dos-traficantes-mais-procurados-da-europa-detido-no-mexico\/#primaryimage\"},\"thumbnailUrl\":\"https:\/\/portaltela.pt\/s.01k8rhncp4jt1\/2026\/04\/image-1121.jpg\",\"datePublished\":\"2026-04-18T20:49:00+00:00\",\"author\":{\"@id\":\"https:\/\/portaltela.pt\/#\/schema\/person\/c4278d4a6028830caff9ee44b42d32ed\"},\"breadcrumb\":{\"@id\":\"https:\/\/portaltela.pt\/noticias\/2026\/04\/18\/um-dos-traficantes-mais-procurados-da-europa-detido-no-mexico\/#breadcrumb\"},\"inLanguage\":\"pt-PT\",\"potentialAction\":[{\"@type\":\"ReadAction\",\"target\":[\"https:\/\/portaltela.pt\/noticias\/2026\/04\/18\/um-dos-traficantes-mais-procurados-da-europa-detido-no-mexico\/\"]}]},{\"@type\":\"ImageObject\",\"inLanguage\":\"pt-PT\",\"@id\":\"https:\/\/portaltela.pt\/noticias\/2026\/04\/18\/um-dos-traficantes-mais-procurados-da-europa-detido-no-mexico\/#primaryimage\",\"url\":\"https:\/\/portaltela.pt\/s.01k8rhncp4jt1\/2026\/04\/image-1121.jpg\",\"contentUrl\":\"https:\/\/portaltela.pt\/s.01k8rhncp4jt1\/2026\/04\/image-1121.jpg\",\"width\":796,\"height\":448,\"caption\":\"Balla, de 48 anos, liderava um grupo criminoso organizado especializado no tr\u00e1fico de coca\u00edna e ecstasy\"},{\"@type\":\"BreadcrumbList\",\"@id\":\"https:\/\/portaltela.pt\/noticias\/2026\/04\/18\/um-dos-traficantes-mais-procurados-da-europa-detido-no-mexico\/#breadcrumb\",\"itemListElement\":[{\"@type\":\"ListItem\",\"position\":1,\"name\":\"In\u00edcio\",\"item\":\"https:\/\/portaltela.pt\/\"},{\"@type\":\"ListItem\",\"position\":2,\"name\":\"Um dos traficantes mais procurados da Europa detido no M\u00e9xico\"}]},{\"@type\":\"WebSite\",\"@id\":\"https:\/\/portaltela.pt\/#website\",\"url\":\"https:\/\/portaltela.pt\/\",\"name\":\"Portal Tela Portugal\",\"description\":\"\",\"potentialAction\":[{\"@type\":\"SearchAction\",\"target\":{\"@type\":\"EntryPoint\",\"urlTemplate\":\"https:\/\/portaltela.pt\/?s={search_term_string}\"},\"query-input\":{\"@type\":\"PropertyValueSpecification\",\"valueRequired\":true,\"valueName\":\"search_term_string\"}}],\"inLanguage\":\"pt-PT\"},{\"@type\":\"Person\",\"@id\":\"https:\/\/portaltela.pt\/#\/schema\/person\/c4278d4a6028830caff9ee44b42d32ed\",\"name\":\"Telinha\",\"image\":{\"@type\":\"ImageObject\",\"inLanguage\":\"pt-PT\",\"@id\":\"https:\/\/portaltela.pt\/s.01k8rhncp4jt1\/2025\/11\/talking-bot-125x125.png\",\"url\":\"https:\/\/portaltela.pt\/s.01k8rhncp4jt1\/2025\/11\/talking-bot-125x125.png\",\"contentUrl\":\"https:\/\/portaltela.pt\/s.01k8rhncp4jt1\/2025\/11\/talking-bot-125x125.png\",\"caption\":\"Telinha\"},\"sameAs\":[\"https:\/\/portaltela.pt\/\"],\"url\":\"https:\/\/portaltela.pt\/por\/367410592786\/\"}]}<\/script>\n<!-- \/ Yoast SEO plugin. -->","yoast_head_json":{"title":"Um dos traficantes mais procurados da Europa detido no M\u00e9xico - Portal Tela Portugal","robots":{"index":"index","follow":"follow","max-snippet":"max-snippet:-1","max-image-preview":"max-image-preview:large","max-video-preview":"max-video-preview:-1"},"og_locale":"pt_PT","og_type":"article","og_title":"Um dos traficantes mais procurados da Europa detido no M\u00e9xico - Portal Tela Portugal","og_description":"J\u00e1nos Balla, conhecido como 'D\u00e1niel Tak\u00e1cs', \u00e9 apontado como um dos 10 homens mais procurados da Europa e foi detido no M\u00e9xico. O ministro da Seguran\u00e7a, Omar Garc\u00eda Harfuch, anunciou a captura numa publica\u00e7\u00e3o na X. Balla era procurado por tr\u00e1fico de droga e possui alerta vermelho da Interpol e mandado emitido pela Europol, segundo o Minist\u00e9rio dos Neg\u00f3cios Estrangeiros. A Europol identifica-o como l\u00edder de um grupo criminoso na Hungria que atuava no tr\u00e1fico de coca\u00edna e ecstasy entre o ver\u00e3o de 2014 e abril de 2015. A deten\u00e7\u00e3o ocorreu em Canc\u00fan, ap\u00f3s troca de informa\u00e7\u00f5es com a Hungria; ele ser\u00e1 entregue \u00e0s autoridades de imigra\u00e7\u00e3o para prosseguir a deporta\u00e7\u00e3o para a Europa.","og_url":"https:\/\/portaltela.pt\/noticias\/2026\/04\/18\/um-dos-traficantes-mais-procurados-da-europa-detido-no-mexico\/","og_site_name":"Portal Tela Portugal","article_published_time":"2026-04-18T20:49:00+00:00","author":"Telinha","twitter_card":"summary_large_image","twitter_misc":{"Escrito por":"Telinha","Tempo estimado de leitura":"1 minuto"},"schema":{"@context":"https:\/\/schema.org","@graph":[{"@type":"Article","@id":"https:\/\/portaltela.pt\/noticias\/2026\/04\/18\/um-dos-traficantes-mais-procurados-da-europa-detido-no-mexico\/#article","isPartOf":{"@id":"https:\/\/portaltela.pt\/noticias\/2026\/04\/18\/um-dos-traficantes-mais-procurados-da-europa-detido-no-mexico\/"},"author":{"name":"Telinha","@id":"https:\/\/portaltela.pt\/#\/schema\/person\/c4278d4a6028830caff9ee44b42d32ed"},"headline":"Um dos traficantes mais procurados da Europa detido no M\u00e9xico","datePublished":"2026-04-18T20:49:00+00:00","mainEntityOfPage":{"@id":"https:\/\/portaltela.pt\/noticias\/2026\/04\/18\/um-dos-traficantes-mais-procurados-da-europa-detido-no-mexico\/"},"wordCount":206,"image":{"@id":"https:\/\/portaltela.pt\/noticias\/2026\/04\/18\/um-dos-traficantes-mais-procurados-da-europa-detido-no-mexico\/#primaryimage"},"thumbnailUrl":"https:\/\/portaltela.pt\/s.01k8rhncp4jt1\/2026\/04\/image-1121.jpg","keywords":["_Europa","_extradi\u00e7\u00f5es","_imigra\u00e7\u00e3o internacional","_tr\u00e1fico de drogas","Hungria","Interpol"],"articleSection":["Crime","Criminalidade"],"inLanguage":"pt-PT"},{"@type":"WebPage","@id":"https:\/\/portaltela.pt\/noticias\/2026\/04\/18\/um-dos-traficantes-mais-procurados-da-europa-detido-no-mexico\/","url":"https:\/\/portaltela.pt\/noticias\/2026\/04\/18\/um-dos-traficantes-mais-procurados-da-europa-detido-no-mexico\/","name":"Um dos traficantes mais procurados da Europa detido no M\u00e9xico - Portal Tela Portugal","isPartOf":{"@id":"https:\/\/portaltela.pt\/#website"},"primaryImageOfPage":{"@id":"https:\/\/portaltela.pt\/noticias\/2026\/04\/18\/um-dos-traficantes-mais-procurados-da-europa-detido-no-mexico\/#primaryimage"},"image":{"@id":"https:\/\/portaltela.pt\/noticias\/2026\/04\/18\/um-dos-traficantes-mais-procurados-da-europa-detido-no-mexico\/#primaryimage"},"thumbnailUrl":"https:\/\/portaltela.pt\/s.01k8rhncp4jt1\/2026\/04\/image-1121.jpg","datePublished":"2026-04-18T20:49:00+00:00","author":{"@id":"https:\/\/portaltela.pt\/#\/schema\/person\/c4278d4a6028830caff9ee44b42d32ed"},"breadcrumb":{"@id":"https:\/\/portaltela.pt\/noticias\/2026\/04\/18\/um-dos-traficantes-mais-procurados-da-europa-detido-no-mexico\/#breadcrumb"},"inLanguage":"pt-PT","potentialAction":[{"@type":"ReadAction","target":["https:\/\/portaltela.pt\/noticias\/2026\/04\/18\/um-dos-traficantes-mais-procurados-da-europa-detido-no-mexico\/"]}]},{"@type":"ImageObject","inLanguage":"pt-PT","@id":"https:\/\/portaltela.pt\/noticias\/2026\/04\/18\/um-dos-traficantes-mais-procurados-da-europa-detido-no-mexico\/#primaryimage","url":"https:\/\/portaltela.pt\/s.01k8rhncp4jt1\/2026\/04\/image-1121.jpg","contentUrl":"https:\/\/portaltela.pt\/s.01k8rhncp4jt1\/2026\/04\/image-1121.jpg","width":796,"height":448,"caption":"Balla, de 48 anos, liderava um grupo criminoso organizado especializado no tr\u00e1fico de coca\u00edna e ecstasy"},{"@type":"BreadcrumbList","@id":"https:\/\/portaltela.pt\/noticias\/2026\/04\/18\/um-dos-traficantes-mais-procurados-da-europa-detido-no-mexico\/#breadcrumb","itemListElement":[{"@type":"ListItem","position":1,"name":"In\u00edcio","item":"https:\/\/portaltela.pt\/"},{"@type":"ListItem","position":2,"name":"Um dos traficantes mais procurados da Europa detido no M\u00e9xico"}]},{"@type":"WebSite","@id":"https:\/\/portaltela.pt\/#website","url":"https:\/\/portaltela.pt\/","name":"Portal Tela Portugal","description":"","potentialAction":[{"@type":"SearchAction","target":{"@type":"EntryPoint","urlTemplate":"https:\/\/portaltela.pt\/?s={search_term_string}"},"query-input":{"@type":"PropertyValueSpecification","valueRequired":true,"valueName":"search_term_string"}}],"inLanguage":"pt-PT"},{"@type":"Person","@id":"https:\/\/portaltela.pt\/#\/schema\/person\/c4278d4a6028830caff9ee44b42d32ed","name":"Telinha","image":{"@type":"ImageObject","inLanguage":"pt-PT","@id":"https:\/\/portaltela.pt\/s.01k8rhncp4jt1\/2025\/11\/talking-bot-125x125.png","url":"https:\/\/portaltela.pt\/s.01k8rhncp4jt1\/2025\/11\/talking-bot-125x125.png","contentUrl":"https:\/\/portaltela.pt\/s.01k8rhncp4jt1\/2025\/11\/talking-bot-125x125.png","caption":"Telinha"},"sameAs":["https:\/\/portaltela.pt\/"],"url":"https:\/\/portaltela.pt\/por\/367410592786\/"}]}},"_links":{"self":[{"href":"https:\/\/portaltela.pt\/api\/wp\/v2\/posts\/449404","targetHints":{"allow":["GET"]}}],"collection":[{"href":"https:\/\/portaltela.pt\/api\/wp\/v2\/posts"}],"about":[{"href":"https:\/\/portaltela.pt\/api\/wp\/v2\/types\/post"}],"author":[{"embeddable":true,"href":"https:\/\/portaltela.pt\/api\/wp\/v2\/users\/2"}],"replies":[{"embeddable":true,"href":"https:\/\/portaltela.pt\/api\/wp\/v2\/comments?post=449404"}],"version-history":[{"count":0,"href":"https:\/\/portaltela.pt\/api\/wp\/v2\/posts\/449404\/revisions"}],"wp:featuredmedia":[{"embeddable":true,"href":"https:\/\/portaltela.pt\/api\/wp\/v2\/media\/449437"}],"wp:attachment":[{"href":"https:\/\/portaltela.pt\/api\/wp\/v2\/media?parent=449404"}],"wp:term":[{"taxonomy":"category","embeddable":true,"href":"https:\/\/portaltela.pt\/api\/wp\/v2\/categories?post=449404"},{"taxonomy":"post_tag","embeddable":true,"href":"https:\/\/portaltela.pt\/api\/wp\/v2\/tags?post=449404"}],"curies":[{"name":"wp","href":"https:\/\/api.w.org\/{rel}","templated":true}]}}