{"id":449395,"date":"2026-04-18T16:39:00","date_gmt":"2026-04-18T19:39:00","guid":{"rendered":"https:\/\/portaltela.pt\/noticias\/2026\/04\/18\/irmas-condenadas-a-prisao-efetiva-por-entregarem-droga-na-cadeia\/"},"modified":"2026-04-18T16:39:00","modified_gmt":"2026-04-18T19:39:00","slug":"irmas-condenadas-a-prisao-efetiva-por-entregarem-droga-na-cadeia","status":"publish","type":"post","link":"https:\/\/portaltela.pt\/justica\/2026\/04\/18\/irmas-condenadas-a-prisao-efetiva-por-entregarem-droga-na-cadeia\/","title":{"rendered":"Irm\u00e3s condenadas a pris\u00e3o efetiva por entregarem droga na cadeia"},"content":{"rendered":"<p>O Tribunal de Braga condenou quatro pessoas a pris\u00e3o efetiva por tr\u00e1fico de droga no Estabelecimento Prisional de Braga. As alegadas fornecedoras foram duas irm\u00e3s e dois cunhados, que introduziam coca\u00edna e haxixe no interior da pris\u00e3o para venda.<\/p>\n<p>As irm\u00e3s Marta e N\u00e1dia Cabreira vivem no Complexo Habitacional do Picoto, em Braga. Na passada quinta-feira foram sentenciadas a seis anos e meio, e cinco anos e oito meses de pris\u00e3o, respetivamente.<\/p>\n<p>Os seus companheiros, j\u00e1 reclusos, Jo\u00e3o Oliveira e Samuel Soares, receberam penas de seis anos e meio e sete anos de cadeia, respetivamente, pelo mesmo crime de tr\u00e1fico no interior da pris\u00e3o.<\/p>\n<h3>Detalhes das condena\u00e7\u00f5es<\/h3>\n<p>O processo teve origem no Tribunal de Braga, com investiga\u00e7\u00e3o centrada no transporte e distribui\u00e7\u00e3o de droga dentro do estabelecimento prisional. A decis\u00e3o confirma a natureza grave do crime e a resposta penal prevista.<\/p>\n","protected":false},"excerpt":{"rendered":"<ul>\n<li>O Tribunal de Braga condenou quatro pessoas \u2014 duas irm\u00e3s, Marta e N\u00e1dia Cabreira, e dois cunhados, Jo\u00e3o Oliveira e Samuel Soares \u2014 a pris\u00e3o efetiva por tr\u00e1fico de droga.<\/li>\n<li>As condenadas introduziam coca\u00edna e haxixe no Estabelecimento Prisional de Braga para que fosse feito o com\u00e9rcio no interior.<\/li>\n<li>Marta Cabreira recebeu seis anos e meio de pris\u00e3o; N\u00e1dia Cabreira ficou com cinco anos e oito meses.<\/li>\n<li>Jo\u00e3o Oliveira foi condenado a seis anos e meio, enquanto Samuel Soares recebeu sete anos de cadeia.<\/li>\n<\/ul>\n","protected":false},"author":2,"featured_media":449402,"comment_status":"closed","ping_status":"closed","sticky":false,"template":"","format":"standard","meta":{"footnotes":""},"categories":[6907,6815],"tags":[1207,6543,147,4347,4343,2349],"class_list":["post-449395","post","type-post","status-publish","format-standard","has-post-thumbnail","hentry","category-crime","category-justica","tag-braga","tag-condenacao","tag-crime","tag-drogas","tag-prisoes","tag-trafico-de-drogas"],"yoast_head":"<!-- This site is optimized with the Yoast SEO plugin v27.2 - https:\/\/yoast.com\/product\/yoast-seo-wordpress\/ -->\n<title>Irm\u00e3s condenadas a pris\u00e3o efetiva por entregarem droga na cadeia - Portal Tela Portugal<\/title>\n<meta name=\"robots\" content=\"index, follow, max-snippet:-1, max-image-preview:large, max-video-preview:-1\" \/>\n<meta property=\"og:locale\" content=\"pt_PT\" \/>\n<meta property=\"og:type\" content=\"article\" \/>\n<meta property=\"og:title\" content=\"Irm\u00e3s condenadas a pris\u00e3o efetiva por entregarem droga na cadeia - Portal Tela Portugal\" \/>\n<meta property=\"og:description\" content=\"O Tribunal de Braga condenou quatro pessoas \u2014 duas irm\u00e3s, Marta e N\u00e1dia Cabreira, e dois cunhados, Jo\u00e3o Oliveira e Samuel Soares \u2014 a pris\u00e3o efetiva por tr\u00e1fico de droga. As condenadas introduziam coca\u00edna e haxixe no Estabelecimento Prisional de Braga para que fosse feito o com\u00e9rcio no interior. Marta Cabreira recebeu seis anos e meio de pris\u00e3o; N\u00e1dia Cabreira ficou com cinco anos e oito meses. Jo\u00e3o Oliveira foi condenado a seis anos e meio, enquanto Samuel Soares recebeu sete anos de cadeia.\" \/>\n<meta property=\"og:url\" content=\"https:\/\/portaltela.pt\/noticias\/2026\/04\/18\/irmas-condenadas-a-prisao-efetiva-por-entregarem-droga-na-cadeia\/\" \/>\n<meta property=\"og:site_name\" content=\"Portal Tela Portugal\" \/>\n<meta property=\"article:published_time\" content=\"2026-04-18T19:39:00+00:00\" \/>\n<meta name=\"author\" content=\"Telinha\" \/>\n<meta name=\"twitter:card\" content=\"summary_large_image\" \/>\n<meta name=\"twitter:label1\" content=\"Escrito por\" \/>\n\t<meta name=\"twitter:data1\" content=\"Telinha\" \/>\n\t<meta name=\"twitter:label2\" content=\"Tempo estimado de leitura\" \/>\n\t<meta name=\"twitter:data2\" content=\"1 minuto\" \/>\n<script type=\"application\/ld+json\" class=\"yoast-schema-graph\">{\"@context\":\"https:\/\/schema.org\",\"@graph\":[{\"@type\":\"Article\",\"@id\":\"https:\/\/portaltela.pt\/noticias\/2026\/04\/18\/irmas-condenadas-a-prisao-efetiva-por-entregarem-droga-na-cadeia\/#article\",\"isPartOf\":{\"@id\":\"https:\/\/portaltela.pt\/noticias\/2026\/04\/18\/irmas-condenadas-a-prisao-efetiva-por-entregarem-droga-na-cadeia\/\"},\"author\":{\"name\":\"Telinha\",\"@id\":\"https:\/\/portaltela.pt\/#\/schema\/person\/c4278d4a6028830caff9ee44b42d32ed\"},\"headline\":\"Irm\u00e3s condenadas a pris\u00e3o efetiva por entregarem droga na cadeia\",\"datePublished\":\"2026-04-18T19:39:00+00:00\",\"mainEntityOfPage\":{\"@id\":\"https:\/\/portaltela.pt\/noticias\/2026\/04\/18\/irmas-condenadas-a-prisao-efetiva-por-entregarem-droga-na-cadeia\/\"},\"wordCount\":168,\"image\":{\"@id\":\"https:\/\/portaltela.pt\/noticias\/2026\/04\/18\/irmas-condenadas-a-prisao-efetiva-por-entregarem-droga-na-cadeia\/#primaryimage\"},\"thumbnailUrl\":\"https:\/\/portaltela.pt\/s.01k8rhncp4jt1\/2026\/04\/image-1120.jpg\",\"keywords\":[\"Braga\",\"condena\u00e7\u00e3o\",\"crime\",\"drogas\",\"pris\u00f5es\",\"tr\u00e1fico de drogas\"],\"articleSection\":[\"Crime\",\"Justi\u00e7a\"],\"inLanguage\":\"pt-PT\"},{\"@type\":\"WebPage\",\"@id\":\"https:\/\/portaltela.pt\/noticias\/2026\/04\/18\/irmas-condenadas-a-prisao-efetiva-por-entregarem-droga-na-cadeia\/\",\"url\":\"https:\/\/portaltela.pt\/noticias\/2026\/04\/18\/irmas-condenadas-a-prisao-efetiva-por-entregarem-droga-na-cadeia\/\",\"name\":\"Irm\u00e3s condenadas a pris\u00e3o efetiva por entregarem droga na cadeia - Portal Tela Portugal\",\"isPartOf\":{\"@id\":\"https:\/\/portaltela.pt\/#website\"},\"primaryImageOfPage\":{\"@id\":\"https:\/\/portaltela.pt\/noticias\/2026\/04\/18\/irmas-condenadas-a-prisao-efetiva-por-entregarem-droga-na-cadeia\/#primaryimage\"},\"image\":{\"@id\":\"https:\/\/portaltela.pt\/noticias\/2026\/04\/18\/irmas-condenadas-a-prisao-efetiva-por-entregarem-droga-na-cadeia\/#primaryimage\"},\"thumbnailUrl\":\"https:\/\/portaltela.pt\/s.01k8rhncp4jt1\/2026\/04\/image-1120.jpg\",\"datePublished\":\"2026-04-18T19:39:00+00:00\",\"author\":{\"@id\":\"https:\/\/portaltela.pt\/#\/schema\/person\/c4278d4a6028830caff9ee44b42d32ed\"},\"breadcrumb\":{\"@id\":\"https:\/\/portaltela.pt\/noticias\/2026\/04\/18\/irmas-condenadas-a-prisao-efetiva-por-entregarem-droga-na-cadeia\/#breadcrumb\"},\"inLanguage\":\"pt-PT\",\"potentialAction\":[{\"@type\":\"ReadAction\",\"target\":[\"https:\/\/portaltela.pt\/noticias\/2026\/04\/18\/irmas-condenadas-a-prisao-efetiva-por-entregarem-droga-na-cadeia\/\"]}]},{\"@type\":\"ImageObject\",\"inLanguage\":\"pt-PT\",\"@id\":\"https:\/\/portaltela.pt\/noticias\/2026\/04\/18\/irmas-condenadas-a-prisao-efetiva-por-entregarem-droga-na-cadeia\/#primaryimage\",\"url\":\"https:\/\/portaltela.pt\/s.01k8rhncp4jt1\/2026\/04\/image-1120.jpg\",\"contentUrl\":\"https:\/\/portaltela.pt\/s.01k8rhncp4jt1\/2026\/04\/image-1120.jpg\",\"width\":796,\"height\":448,\"caption\":\"Droga era vendida na cadeia de Braga\"},{\"@type\":\"BreadcrumbList\",\"@id\":\"https:\/\/portaltela.pt\/noticias\/2026\/04\/18\/irmas-condenadas-a-prisao-efetiva-por-entregarem-droga-na-cadeia\/#breadcrumb\",\"itemListElement\":[{\"@type\":\"ListItem\",\"position\":1,\"name\":\"In\u00edcio\",\"item\":\"https:\/\/portaltela.pt\/\"},{\"@type\":\"ListItem\",\"position\":2,\"name\":\"Irm\u00e3s condenadas a pris\u00e3o efetiva por entregarem droga na cadeia\"}]},{\"@type\":\"WebSite\",\"@id\":\"https:\/\/portaltela.pt\/#website\",\"url\":\"https:\/\/portaltela.pt\/\",\"name\":\"Portal Tela Portugal\",\"description\":\"\",\"potentialAction\":[{\"@type\":\"SearchAction\",\"target\":{\"@type\":\"EntryPoint\",\"urlTemplate\":\"https:\/\/portaltela.pt\/?s={search_term_string}\"},\"query-input\":{\"@type\":\"PropertyValueSpecification\",\"valueRequired\":true,\"valueName\":\"search_term_string\"}}],\"inLanguage\":\"pt-PT\"},{\"@type\":\"Person\",\"@id\":\"https:\/\/portaltela.pt\/#\/schema\/person\/c4278d4a6028830caff9ee44b42d32ed\",\"name\":\"Telinha\",\"image\":{\"@type\":\"ImageObject\",\"inLanguage\":\"pt-PT\",\"@id\":\"https:\/\/portaltela.pt\/s.01k8rhncp4jt1\/2025\/11\/talking-bot-125x125.png\",\"url\":\"https:\/\/portaltela.pt\/s.01k8rhncp4jt1\/2025\/11\/talking-bot-125x125.png\",\"contentUrl\":\"https:\/\/portaltela.pt\/s.01k8rhncp4jt1\/2025\/11\/talking-bot-125x125.png\",\"caption\":\"Telinha\"},\"sameAs\":[\"https:\/\/portaltela.pt\/\"],\"url\":\"https:\/\/portaltela.pt\/por\/367410592786\/\"}]}<\/script>\n<!-- \/ Yoast SEO plugin. -->","yoast_head_json":{"title":"Irm\u00e3s condenadas a pris\u00e3o efetiva por entregarem droga na cadeia - Portal Tela Portugal","robots":{"index":"index","follow":"follow","max-snippet":"max-snippet:-1","max-image-preview":"max-image-preview:large","max-video-preview":"max-video-preview:-1"},"og_locale":"pt_PT","og_type":"article","og_title":"Irm\u00e3s condenadas a pris\u00e3o efetiva por entregarem droga na cadeia - Portal Tela Portugal","og_description":"O Tribunal de Braga condenou quatro pessoas \u2014 duas irm\u00e3s, Marta e N\u00e1dia Cabreira, e dois cunhados, Jo\u00e3o Oliveira e Samuel Soares \u2014 a pris\u00e3o efetiva por tr\u00e1fico de droga. As condenadas introduziam coca\u00edna e haxixe no Estabelecimento Prisional de Braga para que fosse feito o com\u00e9rcio no interior. Marta Cabreira recebeu seis anos e meio de pris\u00e3o; N\u00e1dia Cabreira ficou com cinco anos e oito meses. Jo\u00e3o Oliveira foi condenado a seis anos e meio, enquanto Samuel Soares recebeu sete anos de cadeia.","og_url":"https:\/\/portaltela.pt\/noticias\/2026\/04\/18\/irmas-condenadas-a-prisao-efetiva-por-entregarem-droga-na-cadeia\/","og_site_name":"Portal Tela Portugal","article_published_time":"2026-04-18T19:39:00+00:00","author":"Telinha","twitter_card":"summary_large_image","twitter_misc":{"Escrito por":"Telinha","Tempo estimado de leitura":"1 minuto"},"schema":{"@context":"https:\/\/schema.org","@graph":[{"@type":"Article","@id":"https:\/\/portaltela.pt\/noticias\/2026\/04\/18\/irmas-condenadas-a-prisao-efetiva-por-entregarem-droga-na-cadeia\/#article","isPartOf":{"@id":"https:\/\/portaltela.pt\/noticias\/2026\/04\/18\/irmas-condenadas-a-prisao-efetiva-por-entregarem-droga-na-cadeia\/"},"author":{"name":"Telinha","@id":"https:\/\/portaltela.pt\/#\/schema\/person\/c4278d4a6028830caff9ee44b42d32ed"},"headline":"Irm\u00e3s condenadas a pris\u00e3o efetiva por entregarem droga na cadeia","datePublished":"2026-04-18T19:39:00+00:00","mainEntityOfPage":{"@id":"https:\/\/portaltela.pt\/noticias\/2026\/04\/18\/irmas-condenadas-a-prisao-efetiva-por-entregarem-droga-na-cadeia\/"},"wordCount":168,"image":{"@id":"https:\/\/portaltela.pt\/noticias\/2026\/04\/18\/irmas-condenadas-a-prisao-efetiva-por-entregarem-droga-na-cadeia\/#primaryimage"},"thumbnailUrl":"https:\/\/portaltela.pt\/s.01k8rhncp4jt1\/2026\/04\/image-1120.jpg","keywords":["Braga","condena\u00e7\u00e3o","crime","drogas","pris\u00f5es","tr\u00e1fico de drogas"],"articleSection":["Crime","Justi\u00e7a"],"inLanguage":"pt-PT"},{"@type":"WebPage","@id":"https:\/\/portaltela.pt\/noticias\/2026\/04\/18\/irmas-condenadas-a-prisao-efetiva-por-entregarem-droga-na-cadeia\/","url":"https:\/\/portaltela.pt\/noticias\/2026\/04\/18\/irmas-condenadas-a-prisao-efetiva-por-entregarem-droga-na-cadeia\/","name":"Irm\u00e3s condenadas a pris\u00e3o efetiva por entregarem droga na cadeia - Portal Tela Portugal","isPartOf":{"@id":"https:\/\/portaltela.pt\/#website"},"primaryImageOfPage":{"@id":"https:\/\/portaltela.pt\/noticias\/2026\/04\/18\/irmas-condenadas-a-prisao-efetiva-por-entregarem-droga-na-cadeia\/#primaryimage"},"image":{"@id":"https:\/\/portaltela.pt\/noticias\/2026\/04\/18\/irmas-condenadas-a-prisao-efetiva-por-entregarem-droga-na-cadeia\/#primaryimage"},"thumbnailUrl":"https:\/\/portaltela.pt\/s.01k8rhncp4jt1\/2026\/04\/image-1120.jpg","datePublished":"2026-04-18T19:39:00+00:00","author":{"@id":"https:\/\/portaltela.pt\/#\/schema\/person\/c4278d4a6028830caff9ee44b42d32ed"},"breadcrumb":{"@id":"https:\/\/portaltela.pt\/noticias\/2026\/04\/18\/irmas-condenadas-a-prisao-efetiva-por-entregarem-droga-na-cadeia\/#breadcrumb"},"inLanguage":"pt-PT","potentialAction":[{"@type":"ReadAction","target":["https:\/\/portaltela.pt\/noticias\/2026\/04\/18\/irmas-condenadas-a-prisao-efetiva-por-entregarem-droga-na-cadeia\/"]}]},{"@type":"ImageObject","inLanguage":"pt-PT","@id":"https:\/\/portaltela.pt\/noticias\/2026\/04\/18\/irmas-condenadas-a-prisao-efetiva-por-entregarem-droga-na-cadeia\/#primaryimage","url":"https:\/\/portaltela.pt\/s.01k8rhncp4jt1\/2026\/04\/image-1120.jpg","contentUrl":"https:\/\/portaltela.pt\/s.01k8rhncp4jt1\/2026\/04\/image-1120.jpg","width":796,"height":448,"caption":"Droga era vendida na cadeia de Braga"},{"@type":"BreadcrumbList","@id":"https:\/\/portaltela.pt\/noticias\/2026\/04\/18\/irmas-condenadas-a-prisao-efetiva-por-entregarem-droga-na-cadeia\/#breadcrumb","itemListElement":[{"@type":"ListItem","position":1,"name":"In\u00edcio","item":"https:\/\/portaltela.pt\/"},{"@type":"ListItem","position":2,"name":"Irm\u00e3s condenadas a pris\u00e3o efetiva por entregarem droga na cadeia"}]},{"@type":"WebSite","@id":"https:\/\/portaltela.pt\/#website","url":"https:\/\/portaltela.pt\/","name":"Portal Tela Portugal","description":"","potentialAction":[{"@type":"SearchAction","target":{"@type":"EntryPoint","urlTemplate":"https:\/\/portaltela.pt\/?s={search_term_string}"},"query-input":{"@type":"PropertyValueSpecification","valueRequired":true,"valueName":"search_term_string"}}],"inLanguage":"pt-PT"},{"@type":"Person","@id":"https:\/\/portaltela.pt\/#\/schema\/person\/c4278d4a6028830caff9ee44b42d32ed","name":"Telinha","image":{"@type":"ImageObject","inLanguage":"pt-PT","@id":"https:\/\/portaltela.pt\/s.01k8rhncp4jt1\/2025\/11\/talking-bot-125x125.png","url":"https:\/\/portaltela.pt\/s.01k8rhncp4jt1\/2025\/11\/talking-bot-125x125.png","contentUrl":"https:\/\/portaltela.pt\/s.01k8rhncp4jt1\/2025\/11\/talking-bot-125x125.png","caption":"Telinha"},"sameAs":["https:\/\/portaltela.pt\/"],"url":"https:\/\/portaltela.pt\/por\/367410592786\/"}]}},"_links":{"self":[{"href":"https:\/\/portaltela.pt\/api\/wp\/v2\/posts\/449395","targetHints":{"allow":["GET"]}}],"collection":[{"href":"https:\/\/portaltela.pt\/api\/wp\/v2\/posts"}],"about":[{"href":"https:\/\/portaltela.pt\/api\/wp\/v2\/types\/post"}],"author":[{"embeddable":true,"href":"https:\/\/portaltela.pt\/api\/wp\/v2\/users\/2"}],"replies":[{"embeddable":true,"href":"https:\/\/portaltela.pt\/api\/wp\/v2\/comments?post=449395"}],"version-history":[{"count":0,"href":"https:\/\/portaltela.pt\/api\/wp\/v2\/posts\/449395\/revisions"}],"wp:featuredmedia":[{"embeddable":true,"href":"https:\/\/portaltela.pt\/api\/wp\/v2\/media\/449402"}],"wp:attachment":[{"href":"https:\/\/portaltela.pt\/api\/wp\/v2\/media?parent=449395"}],"wp:term":[{"taxonomy":"category","embeddable":true,"href":"https:\/\/portaltela.pt\/api\/wp\/v2\/categories?post=449395"},{"taxonomy":"post_tag","embeddable":true,"href":"https:\/\/portaltela.pt\/api\/wp\/v2\/tags?post=449395"}],"curies":[{"name":"wp","href":"https:\/\/api.w.org\/{rel}","templated":true}]}}