{"id":449370,"date":"2026-04-18T12:08:00","date_gmt":"2026-04-18T15:08:00","guid":{"rendered":"https:\/\/portaltela.pt\/noticias\/2026\/04\/18\/pr-chapo-quer-empresarios-chineses-investir-na-industrializacao-de-mocambique\/"},"modified":"2026-04-18T12:08:00","modified_gmt":"2026-04-18T15:08:00","slug":"pr-chapo-quer-empresarios-chineses-investir-na-industrializacao-de-mocambique","status":"publish","type":"post","link":"https:\/\/portaltela.pt\/noticias\/politica\/2026\/04\/18\/pr-chapo-quer-empresarios-chineses-investir-na-industrializacao-de-mocambique\/","title":{"rendered":"PR Chapo quer empres\u00e1rios chineses investir na industrializa\u00e7\u00e3o de Mo\u00e7ambique"},"content":{"rendered":"<p>O Presidente da Rep\u00fablica, Chapo, pediu aos empres\u00e1rios chineses que invistam na industrializa\u00e7\u00e3o de Mo\u00e7ambique, numa iniciativa para impulsionar o desenvolvimento econ\u00f3mico do pa\u00eds.<\/p>\n<p>N\u00e3o h\u00e1 confirma\u00e7\u00e3o de datas precisas no conte\u00fado dispon\u00edvel ao p\u00fablico, pois o texto completo est\u00e1 reservado a subscritores. A mensagem visa incrementar o investimento externo no setor produtivo mo\u00e7ambicano.<\/p>\n<p>O objetivo declarado \u00e9 diversificar a economia e criar empregos atrav\u00e9s de parcerias com capitais chineses, conforme o comunicado da Presid\u00eancia. A iniciativa enquadra-se numa estrat\u00e9gia de maior atratividade para investidores internacionais.<\/p>\n","protected":false},"excerpt":{"rendered":"<ul>\n<li>PR Chapo quer empres\u00e1rios chineses a investirem na industrializa\u00e7\u00e3o de Mo\u00e7ambique.<\/li>\n<li>O conte\u00fado completo est\u00e1 dispon\u00edvel apenas para subscritores.<\/li>\n<li>O trecho dispon\u00edvel n\u00e3o detalha montantes nem \u00e1reas espec\u00edficas de investimento.<\/li>\n<li>A informa\u00e7\u00e3o sugere uma estrat\u00e9gia de atrac\u00e7\u00e3o de capitais chineses para o setor industrial mo\u00e7ambicano.<\/li>\n<li>N\u00e3o foram acrescentados elementos adicionais no conte\u00fado acess\u00edvel.<\/li>\n<\/ul>\n","protected":false},"author":2,"featured_media":449378,"comment_status":"closed","ping_status":"closed","sticky":false,"template":"","format":"standard","meta":{"footnotes":""},"categories":[6814,5],"tags":[7470,3368,256,28,316,1911],"class_list":["post-449370","post","type-post","status-publish","format-standard","has-post-thumbnail","hentry","category-geopolitica","category-politica","tag-china","tag-comercio-internacional","tag-cooperacao-internacional","tag-economia","tag-investimento","tag-mocambique"],"yoast_head":"<!-- This site is optimized with the Yoast SEO plugin v27.2 - https:\/\/yoast.com\/product\/yoast-seo-wordpress\/ -->\n<title>PR Chapo quer empres\u00e1rios chineses investir na industrializa\u00e7\u00e3o de Mo\u00e7ambique - Portal Tela Portugal<\/title>\n<meta name=\"robots\" content=\"index, follow, max-snippet:-1, max-image-preview:large, max-video-preview:-1\" \/>\n<meta property=\"og:locale\" content=\"pt_PT\" \/>\n<meta property=\"og:type\" content=\"article\" \/>\n<meta property=\"og:title\" content=\"PR Chapo quer empres\u00e1rios chineses investir na industrializa\u00e7\u00e3o de Mo\u00e7ambique - Portal Tela Portugal\" \/>\n<meta property=\"og:description\" content=\"PR Chapo quer empres\u00e1rios chineses a investirem na industrializa\u00e7\u00e3o de Mo\u00e7ambique. O conte\u00fado completo est\u00e1 dispon\u00edvel apenas para subscritores. O trecho dispon\u00edvel n\u00e3o detalha montantes nem \u00e1reas espec\u00edficas de investimento. A informa\u00e7\u00e3o sugere uma estrat\u00e9gia de atrac\u00e7\u00e3o de capitais chineses para o setor industrial mo\u00e7ambicano. N\u00e3o foram acrescentados elementos adicionais no conte\u00fado acess\u00edvel.\" \/>\n<meta property=\"og:url\" content=\"https:\/\/portaltela.pt\/noticias\/2026\/04\/18\/pr-chapo-quer-empresarios-chineses-investir-na-industrializacao-de-mocambique\/\" \/>\n<meta property=\"og:site_name\" content=\"Portal Tela Portugal\" \/>\n<meta property=\"article:published_time\" content=\"2026-04-18T15:08:00+00:00\" \/>\n<meta name=\"author\" content=\"Telinha\" \/>\n<meta name=\"twitter:card\" content=\"summary_large_image\" \/>\n<meta name=\"twitter:label1\" content=\"Escrito por\" \/>\n\t<meta name=\"twitter:data1\" content=\"Telinha\" \/>\n\t<meta name=\"twitter:label2\" content=\"Tempo estimado de leitura\" \/>\n\t<meta name=\"twitter:data2\" content=\"1 minuto\" \/>\n<script type=\"application\/ld+json\" class=\"yoast-schema-graph\">{\"@context\":\"https:\/\/schema.org\",\"@graph\":[{\"@type\":\"Article\",\"@id\":\"https:\/\/portaltela.pt\/noticias\/2026\/04\/18\/pr-chapo-quer-empresarios-chineses-investir-na-industrializacao-de-mocambique\/#article\",\"isPartOf\":{\"@id\":\"https:\/\/portaltela.pt\/noticias\/2026\/04\/18\/pr-chapo-quer-empresarios-chineses-investir-na-industrializacao-de-mocambique\/\"},\"author\":{\"name\":\"Telinha\",\"@id\":\"https:\/\/portaltela.pt\/#\/schema\/person\/c4278d4a6028830caff9ee44b42d32ed\"},\"headline\":\"PR Chapo quer empres\u00e1rios chineses investir na industrializa\u00e7\u00e3o de Mo\u00e7ambique\",\"datePublished\":\"2026-04-18T15:08:00+00:00\",\"mainEntityOfPage\":{\"@id\":\"https:\/\/portaltela.pt\/noticias\/2026\/04\/18\/pr-chapo-quer-empresarios-chineses-investir-na-industrializacao-de-mocambique\/\"},\"wordCount\":113,\"image\":{\"@id\":\"https:\/\/portaltela.pt\/noticias\/2026\/04\/18\/pr-chapo-quer-empresarios-chineses-investir-na-industrializacao-de-mocambique\/#primaryimage\"},\"thumbnailUrl\":\"https:\/\/portaltela.pt\/s.01k8rhncp4jt1\/2026\/04\/CACHE_780X1200_ANALOG_WATERMARKED_46169050_2717773_08122025055553-1.jpg\",\"keywords\":[\"China\",\"com\u00e9rcio internacional\",\"coopera\u00e7\u00e3o internacional\",\"economia\",\"investimento\",\"Mo\u00e7ambique\"],\"articleSection\":[\"Geopol\u00edtica\",\"Pol\u00edtica\"],\"inLanguage\":\"pt-PT\"},{\"@type\":\"WebPage\",\"@id\":\"https:\/\/portaltela.pt\/noticias\/2026\/04\/18\/pr-chapo-quer-empresarios-chineses-investir-na-industrializacao-de-mocambique\/\",\"url\":\"https:\/\/portaltela.pt\/noticias\/2026\/04\/18\/pr-chapo-quer-empresarios-chineses-investir-na-industrializacao-de-mocambique\/\",\"name\":\"PR Chapo quer empres\u00e1rios chineses investir na industrializa\u00e7\u00e3o de Mo\u00e7ambique - Portal Tela Portugal\",\"isPartOf\":{\"@id\":\"https:\/\/portaltela.pt\/#website\"},\"primaryImageOfPage\":{\"@id\":\"https:\/\/portaltela.pt\/noticias\/2026\/04\/18\/pr-chapo-quer-empresarios-chineses-investir-na-industrializacao-de-mocambique\/#primaryimage\"},\"image\":{\"@id\":\"https:\/\/portaltela.pt\/noticias\/2026\/04\/18\/pr-chapo-quer-empresarios-chineses-investir-na-industrializacao-de-mocambique\/#primaryimage\"},\"thumbnailUrl\":\"https:\/\/portaltela.pt\/s.01k8rhncp4jt1\/2026\/04\/CACHE_780X1200_ANALOG_WATERMARKED_46169050_2717773_08122025055553-1.jpg\",\"datePublished\":\"2026-04-18T15:08:00+00:00\",\"author\":{\"@id\":\"https:\/\/portaltela.pt\/#\/schema\/person\/c4278d4a6028830caff9ee44b42d32ed\"},\"breadcrumb\":{\"@id\":\"https:\/\/portaltela.pt\/noticias\/2026\/04\/18\/pr-chapo-quer-empresarios-chineses-investir-na-industrializacao-de-mocambique\/#breadcrumb\"},\"inLanguage\":\"pt-PT\",\"potentialAction\":[{\"@type\":\"ReadAction\",\"target\":[\"https:\/\/portaltela.pt\/noticias\/2026\/04\/18\/pr-chapo-quer-empresarios-chineses-investir-na-industrializacao-de-mocambique\/\"]}]},{\"@type\":\"ImageObject\",\"inLanguage\":\"pt-PT\",\"@id\":\"https:\/\/portaltela.pt\/noticias\/2026\/04\/18\/pr-chapo-quer-empresarios-chineses-investir-na-industrializacao-de-mocambique\/#primaryimage\",\"url\":\"https:\/\/portaltela.pt\/s.01k8rhncp4jt1\/2026\/04\/CACHE_780X1200_ANALOG_WATERMARKED_46169050_2717773_08122025055553-1.jpg\",\"contentUrl\":\"https:\/\/portaltela.pt\/s.01k8rhncp4jt1\/2026\/04\/CACHE_780X1200_ANALOG_WATERMARKED_46169050_2717773_08122025055553-1.jpg\",\"width\":796,\"height\":448,\"caption\":\"PR Chapo quer empres\u00e1rios chineses a investirem na industrializa\u00e7\u00e3o de Mo\u00e7ambique\"},{\"@type\":\"BreadcrumbList\",\"@id\":\"https:\/\/portaltela.pt\/noticias\/2026\/04\/18\/pr-chapo-quer-empresarios-chineses-investir-na-industrializacao-de-mocambique\/#breadcrumb\",\"itemListElement\":[{\"@type\":\"ListItem\",\"position\":1,\"name\":\"In\u00edcio\",\"item\":\"https:\/\/portaltela.pt\/\"},{\"@type\":\"ListItem\",\"position\":2,\"name\":\"PR Chapo quer empres\u00e1rios chineses investir na industrializa\u00e7\u00e3o de Mo\u00e7ambique\"}]},{\"@type\":\"WebSite\",\"@id\":\"https:\/\/portaltela.pt\/#website\",\"url\":\"https:\/\/portaltela.pt\/\",\"name\":\"Portal Tela Portugal\",\"description\":\"\",\"potentialAction\":[{\"@type\":\"SearchAction\",\"target\":{\"@type\":\"EntryPoint\",\"urlTemplate\":\"https:\/\/portaltela.pt\/?s={search_term_string}\"},\"query-input\":{\"@type\":\"PropertyValueSpecification\",\"valueRequired\":true,\"valueName\":\"search_term_string\"}}],\"inLanguage\":\"pt-PT\"},{\"@type\":\"Person\",\"@id\":\"https:\/\/portaltela.pt\/#\/schema\/person\/c4278d4a6028830caff9ee44b42d32ed\",\"name\":\"Telinha\",\"image\":{\"@type\":\"ImageObject\",\"inLanguage\":\"pt-PT\",\"@id\":\"https:\/\/portaltela.pt\/s.01k8rhncp4jt1\/2025\/11\/talking-bot-125x125.png\",\"url\":\"https:\/\/portaltela.pt\/s.01k8rhncp4jt1\/2025\/11\/talking-bot-125x125.png\",\"contentUrl\":\"https:\/\/portaltela.pt\/s.01k8rhncp4jt1\/2025\/11\/talking-bot-125x125.png\",\"caption\":\"Telinha\"},\"sameAs\":[\"https:\/\/portaltela.pt\/\"],\"url\":\"https:\/\/portaltela.pt\/por\/367410592786\/\"}]}<\/script>\n<!-- \/ Yoast SEO plugin. -->","yoast_head_json":{"title":"PR Chapo quer empres\u00e1rios chineses investir na industrializa\u00e7\u00e3o de Mo\u00e7ambique - Portal Tela Portugal","robots":{"index":"index","follow":"follow","max-snippet":"max-snippet:-1","max-image-preview":"max-image-preview:large","max-video-preview":"max-video-preview:-1"},"og_locale":"pt_PT","og_type":"article","og_title":"PR Chapo quer empres\u00e1rios chineses investir na industrializa\u00e7\u00e3o de Mo\u00e7ambique - Portal Tela Portugal","og_description":"PR Chapo quer empres\u00e1rios chineses a investirem na industrializa\u00e7\u00e3o de Mo\u00e7ambique. O conte\u00fado completo est\u00e1 dispon\u00edvel apenas para subscritores. O trecho dispon\u00edvel n\u00e3o detalha montantes nem \u00e1reas espec\u00edficas de investimento. A informa\u00e7\u00e3o sugere uma estrat\u00e9gia de atrac\u00e7\u00e3o de capitais chineses para o setor industrial mo\u00e7ambicano. N\u00e3o foram acrescentados elementos adicionais no conte\u00fado acess\u00edvel.","og_url":"https:\/\/portaltela.pt\/noticias\/2026\/04\/18\/pr-chapo-quer-empresarios-chineses-investir-na-industrializacao-de-mocambique\/","og_site_name":"Portal Tela Portugal","article_published_time":"2026-04-18T15:08:00+00:00","author":"Telinha","twitter_card":"summary_large_image","twitter_misc":{"Escrito por":"Telinha","Tempo estimado de leitura":"1 minuto"},"schema":{"@context":"https:\/\/schema.org","@graph":[{"@type":"Article","@id":"https:\/\/portaltela.pt\/noticias\/2026\/04\/18\/pr-chapo-quer-empresarios-chineses-investir-na-industrializacao-de-mocambique\/#article","isPartOf":{"@id":"https:\/\/portaltela.pt\/noticias\/2026\/04\/18\/pr-chapo-quer-empresarios-chineses-investir-na-industrializacao-de-mocambique\/"},"author":{"name":"Telinha","@id":"https:\/\/portaltela.pt\/#\/schema\/person\/c4278d4a6028830caff9ee44b42d32ed"},"headline":"PR Chapo quer empres\u00e1rios chineses investir na industrializa\u00e7\u00e3o de Mo\u00e7ambique","datePublished":"2026-04-18T15:08:00+00:00","mainEntityOfPage":{"@id":"https:\/\/portaltela.pt\/noticias\/2026\/04\/18\/pr-chapo-quer-empresarios-chineses-investir-na-industrializacao-de-mocambique\/"},"wordCount":113,"image":{"@id":"https:\/\/portaltela.pt\/noticias\/2026\/04\/18\/pr-chapo-quer-empresarios-chineses-investir-na-industrializacao-de-mocambique\/#primaryimage"},"thumbnailUrl":"https:\/\/portaltela.pt\/s.01k8rhncp4jt1\/2026\/04\/CACHE_780X1200_ANALOG_WATERMARKED_46169050_2717773_08122025055553-1.jpg","keywords":["China","com\u00e9rcio internacional","coopera\u00e7\u00e3o internacional","economia","investimento","Mo\u00e7ambique"],"articleSection":["Geopol\u00edtica","Pol\u00edtica"],"inLanguage":"pt-PT"},{"@type":"WebPage","@id":"https:\/\/portaltela.pt\/noticias\/2026\/04\/18\/pr-chapo-quer-empresarios-chineses-investir-na-industrializacao-de-mocambique\/","url":"https:\/\/portaltela.pt\/noticias\/2026\/04\/18\/pr-chapo-quer-empresarios-chineses-investir-na-industrializacao-de-mocambique\/","name":"PR Chapo quer empres\u00e1rios chineses investir na industrializa\u00e7\u00e3o de Mo\u00e7ambique - Portal Tela Portugal","isPartOf":{"@id":"https:\/\/portaltela.pt\/#website"},"primaryImageOfPage":{"@id":"https:\/\/portaltela.pt\/noticias\/2026\/04\/18\/pr-chapo-quer-empresarios-chineses-investir-na-industrializacao-de-mocambique\/#primaryimage"},"image":{"@id":"https:\/\/portaltela.pt\/noticias\/2026\/04\/18\/pr-chapo-quer-empresarios-chineses-investir-na-industrializacao-de-mocambique\/#primaryimage"},"thumbnailUrl":"https:\/\/portaltela.pt\/s.01k8rhncp4jt1\/2026\/04\/CACHE_780X1200_ANALOG_WATERMARKED_46169050_2717773_08122025055553-1.jpg","datePublished":"2026-04-18T15:08:00+00:00","author":{"@id":"https:\/\/portaltela.pt\/#\/schema\/person\/c4278d4a6028830caff9ee44b42d32ed"},"breadcrumb":{"@id":"https:\/\/portaltela.pt\/noticias\/2026\/04\/18\/pr-chapo-quer-empresarios-chineses-investir-na-industrializacao-de-mocambique\/#breadcrumb"},"inLanguage":"pt-PT","potentialAction":[{"@type":"ReadAction","target":["https:\/\/portaltela.pt\/noticias\/2026\/04\/18\/pr-chapo-quer-empresarios-chineses-investir-na-industrializacao-de-mocambique\/"]}]},{"@type":"ImageObject","inLanguage":"pt-PT","@id":"https:\/\/portaltela.pt\/noticias\/2026\/04\/18\/pr-chapo-quer-empresarios-chineses-investir-na-industrializacao-de-mocambique\/#primaryimage","url":"https:\/\/portaltela.pt\/s.01k8rhncp4jt1\/2026\/04\/CACHE_780X1200_ANALOG_WATERMARKED_46169050_2717773_08122025055553-1.jpg","contentUrl":"https:\/\/portaltela.pt\/s.01k8rhncp4jt1\/2026\/04\/CACHE_780X1200_ANALOG_WATERMARKED_46169050_2717773_08122025055553-1.jpg","width":796,"height":448,"caption":"PR Chapo quer empres\u00e1rios chineses a investirem na industrializa\u00e7\u00e3o de Mo\u00e7ambique"},{"@type":"BreadcrumbList","@id":"https:\/\/portaltela.pt\/noticias\/2026\/04\/18\/pr-chapo-quer-empresarios-chineses-investir-na-industrializacao-de-mocambique\/#breadcrumb","itemListElement":[{"@type":"ListItem","position":1,"name":"In\u00edcio","item":"https:\/\/portaltela.pt\/"},{"@type":"ListItem","position":2,"name":"PR Chapo quer empres\u00e1rios chineses investir na industrializa\u00e7\u00e3o de Mo\u00e7ambique"}]},{"@type":"WebSite","@id":"https:\/\/portaltela.pt\/#website","url":"https:\/\/portaltela.pt\/","name":"Portal Tela Portugal","description":"","potentialAction":[{"@type":"SearchAction","target":{"@type":"EntryPoint","urlTemplate":"https:\/\/portaltela.pt\/?s={search_term_string}"},"query-input":{"@type":"PropertyValueSpecification","valueRequired":true,"valueName":"search_term_string"}}],"inLanguage":"pt-PT"},{"@type":"Person","@id":"https:\/\/portaltela.pt\/#\/schema\/person\/c4278d4a6028830caff9ee44b42d32ed","name":"Telinha","image":{"@type":"ImageObject","inLanguage":"pt-PT","@id":"https:\/\/portaltela.pt\/s.01k8rhncp4jt1\/2025\/11\/talking-bot-125x125.png","url":"https:\/\/portaltela.pt\/s.01k8rhncp4jt1\/2025\/11\/talking-bot-125x125.png","contentUrl":"https:\/\/portaltela.pt\/s.01k8rhncp4jt1\/2025\/11\/talking-bot-125x125.png","caption":"Telinha"},"sameAs":["https:\/\/portaltela.pt\/"],"url":"https:\/\/portaltela.pt\/por\/367410592786\/"}]}},"_links":{"self":[{"href":"https:\/\/portaltela.pt\/api\/wp\/v2\/posts\/449370","targetHints":{"allow":["GET"]}}],"collection":[{"href":"https:\/\/portaltela.pt\/api\/wp\/v2\/posts"}],"about":[{"href":"https:\/\/portaltela.pt\/api\/wp\/v2\/types\/post"}],"author":[{"embeddable":true,"href":"https:\/\/portaltela.pt\/api\/wp\/v2\/users\/2"}],"replies":[{"embeddable":true,"href":"https:\/\/portaltela.pt\/api\/wp\/v2\/comments?post=449370"}],"version-history":[{"count":0,"href":"https:\/\/portaltela.pt\/api\/wp\/v2\/posts\/449370\/revisions"}],"wp:featuredmedia":[{"embeddable":true,"href":"https:\/\/portaltela.pt\/api\/wp\/v2\/media\/449378"}],"wp:attachment":[{"href":"https:\/\/portaltela.pt\/api\/wp\/v2\/media?parent=449370"}],"wp:term":[{"taxonomy":"category","embeddable":true,"href":"https:\/\/portaltela.pt\/api\/wp\/v2\/categories?post=449370"},{"taxonomy":"post_tag","embeddable":true,"href":"https:\/\/portaltela.pt\/api\/wp\/v2\/tags?post=449370"}],"curies":[{"name":"wp","href":"https:\/\/api.w.org\/{rel}","templated":true}]}}