{"id":449345,"date":"2026-04-18T21:32:22","date_gmt":"2026-04-19T00:32:22","guid":{"rendered":"https:\/\/portaltela.pt\/noticias\/2026\/04\/18\/ps-insiste-em-tiago-antunes-como-provedor-de-justica\/"},"modified":"2026-04-18T21:32:22","modified_gmt":"2026-04-19T00:32:22","slug":"ps-insiste-em-tiago-antunes-como-provedor-de-justica","status":"publish","type":"post","link":"https:\/\/portaltela.pt\/noticias\/politica\/2026\/04\/18\/ps-insiste-em-tiago-antunes-como-provedor-de-justica\/","title":{"rendered":"PS insiste em Tiago Antunes como Provedor de Justi\u00e7a"},"content":{"rendered":"<p>O PS vai manter Tiago Antunes na linha da dianteira para o cargo de Provedor de Justi\u00e7a, mesmo depois de a candidatura ter ficado aqu\u00e9m dos dois ter\u00e7os necess\u00e1rios na Assembleia da Rep\u00fablica. O presidente do grupo parlamentar, Eurico Brilhante Dias, est\u00e1 em contacto com o professor para reiterar a avalia\u00e7\u00e3o da sua eventual nomea\u00e7\u00e3o, segundo o secret\u00e1rio-geral socialista, Jos\u00e9 Lu\u00eds Carneiro.<\/p>\n<p>Carneiro afirmou que Antunes \u00e9 uma personalidade de integridade, virtudes c\u00edvicas e qualifica\u00e7\u00e3o profissional comprovadas. O dirigente afirmou ainda que o di\u00e1logo com o professor decorre \u00e0 margem de um encontro em Barcelona, dedicado \u00e0 mobiliza\u00e7\u00e3o de for\u00e7as progressistas.<\/p>\n<p>O hist\u00f3rico de Antunes inclui fun\u00e7\u00f5es no Governo de Ant\u00f3nio Costa, como secret\u00e1rio de Estado da Presid\u00eancia, e participa\u00e7\u00e3o na antiga m\u00e1quina de propaganda associada a Jos\u00e9 S\u00f3crates, atrav\u00e9s do blog C\u00e2mara Corporativa. Este percurso \u00e9 citado como fator que levou parte da oposi\u00e7\u00e3o a votar contra a nomea\u00e7\u00e3o, resultando em apenas 104 votos a favor.<\/p>\n<p>Carneiro assegurou que, na rela\u00e7\u00e3o com Antunes, nunca houve indica\u00e7\u00e3o de afinidade partid\u00e1ria, e sublinhou que o chumbo n\u00e3o quebra de imediato as negocia\u00e7\u00f5es com o PSD para a elei\u00e7\u00e3o de ju\u00edzes do Tribunal Constitucional. O secret\u00e1rio-geral socialista acrescentou que aguarda-se a altura pr\u00f3pria para a pr\u00f3xima elei\u00e7\u00e3o, mantendo o princ\u00edpio de negocia\u00e7\u00e3o em curso.<\/p>\n","protected":false},"excerpt":{"rendered":"<ul>\n<li>O PS vai insistir em Tiago Antunes para provedor de Justi\u00e7a, depois de ter obtido 104 votos a favor dos 230 na Assembleia da Rep\u00fablica.<\/li>\n<li>O secret\u00e1rio-geral do PS, Jos\u00e9 Lu\u00eds Carneiro, disse que o presidente do grupo parlamentar, Eurico Brilhante Dias, est\u00e1 em di\u00e1logo com Tiago Antunes, considerado uma personalidade de integridade.<\/li>\n<li>Tiago Antunes foi secret\u00e1rio de Estado da Presid\u00eancia nos governos de Ant\u00f3nio Costa e integrou a m\u00e1quina de propaganda de Jos\u00e9 S\u00f3crates, ligado ao blog C\u00e2mara Corporativa.<\/li>\n<li>Mesmo com o apelo do l\u00edder parlamentar do PSD, Hugo Soares, o nome n\u00e3o recebeu o apoio necess\u00e1rio no Parlamento.<\/li>\n<li>Carneiro afirmou que o chumbo n\u00e3o compromete negocia\u00e7\u00f5es com o PSD para a elei\u00e7\u00e3o dos ju\u00edzes do Tribunal Constitucional e que \u00e9 preciso aguardar pela altura oportuna.<\/li>\n<\/ul>\n","protected":false},"author":2,"featured_media":449346,"comment_status":"closed","ping_status":"closed","sticky":false,"template":"","format":"standard","meta":{"footnotes":""},"categories":[1,5],"tags":[4057,34,803,2832,2144,7405],"class_list":["post-449345","post","type-post","status-publish","format-standard","has-post-thumbnail","hentry","category-noticias","category-politica","tag-constituicao","tag-governo","tag-justica","tag-politica","tag-ps","tag-tribunal-constitucional"],"yoast_head":"<!-- This site is optimized with the Yoast SEO plugin v27.2 - https:\/\/yoast.com\/product\/yoast-seo-wordpress\/ -->\n<title>PS insiste em Tiago Antunes como Provedor de Justi\u00e7a - Portal Tela Portugal<\/title>\n<meta name=\"robots\" content=\"index, follow, max-snippet:-1, max-image-preview:large, max-video-preview:-1\" \/>\n<meta property=\"og:locale\" content=\"pt_PT\" \/>\n<meta property=\"og:type\" content=\"article\" \/>\n<meta property=\"og:title\" content=\"PS insiste em Tiago Antunes como Provedor de Justi\u00e7a - Portal Tela Portugal\" \/>\n<meta property=\"og:description\" content=\"O PS vai insistir em Tiago Antunes para provedor de Justi\u00e7a, depois de ter obtido 104 votos a favor dos 230 na Assembleia da Rep\u00fablica. O secret\u00e1rio-geral do PS, Jos\u00e9 Lu\u00eds Carneiro, disse que o presidente do grupo parlamentar, Eurico Brilhante Dias, est\u00e1 em di\u00e1logo com Tiago Antunes, considerado uma personalidade de integridade. Tiago Antunes foi secret\u00e1rio de Estado da Presid\u00eancia nos governos de Ant\u00f3nio Costa e integrou a m\u00e1quina de propaganda de Jos\u00e9 S\u00f3crates, ligado ao blog C\u00e2mara Corporativa. Mesmo com o apelo do l\u00edder parlamentar do PSD, Hugo Soares, o nome n\u00e3o recebeu o apoio necess\u00e1rio no Parlamento. Carneiro afirmou que o chumbo n\u00e3o compromete negocia\u00e7\u00f5es com o PSD para a elei\u00e7\u00e3o dos ju\u00edzes do Tribunal Constitucional e que \u00e9 preciso aguardar pela altura oportuna.\" \/>\n<meta property=\"og:url\" content=\"https:\/\/portaltela.pt\/noticias\/2026\/04\/18\/ps-insiste-em-tiago-antunes-como-provedor-de-justica\/\" \/>\n<meta property=\"og:site_name\" content=\"Portal Tela Portugal\" \/>\n<meta property=\"article:published_time\" content=\"2026-04-19T00:32:22+00:00\" \/>\n<meta name=\"author\" content=\"Telinha\" \/>\n<meta name=\"twitter:card\" content=\"summary_large_image\" \/>\n<meta name=\"twitter:label1\" content=\"Escrito por\" \/>\n\t<meta name=\"twitter:data1\" content=\"Telinha\" \/>\n\t<meta name=\"twitter:label2\" content=\"Tempo estimado de leitura\" \/>\n\t<meta name=\"twitter:data2\" content=\"1 minuto\" \/>\n<script type=\"application\/ld+json\" class=\"yoast-schema-graph\">{\"@context\":\"https:\/\/schema.org\",\"@graph\":[{\"@type\":\"Article\",\"@id\":\"https:\/\/portaltela.pt\/noticias\/2026\/04\/18\/ps-insiste-em-tiago-antunes-como-provedor-de-justica\/#article\",\"isPartOf\":{\"@id\":\"https:\/\/portaltela.pt\/noticias\/2026\/04\/18\/ps-insiste-em-tiago-antunes-como-provedor-de-justica\/\"},\"author\":{\"name\":\"Telinha\",\"@id\":\"https:\/\/portaltela.pt\/#\/schema\/person\/c4278d4a6028830caff9ee44b42d32ed\"},\"headline\":\"PS insiste em Tiago Antunes como Provedor de Justi\u00e7a\",\"datePublished\":\"2026-04-19T00:32:22+00:00\",\"mainEntityOfPage\":{\"@id\":\"https:\/\/portaltela.pt\/noticias\/2026\/04\/18\/ps-insiste-em-tiago-antunes-como-provedor-de-justica\/\"},\"wordCount\":256,\"image\":{\"@id\":\"https:\/\/portaltela.pt\/noticias\/2026\/04\/18\/ps-insiste-em-tiago-antunes-como-provedor-de-justica\/#primaryimage\"},\"thumbnailUrl\":\"https:\/\/portaltela.pt\/s.01k8rhncp4jt1\/2026\/04\/img_1500x1000uu2026-04-18-20-57-09-2279480-im-639121426457107163.jpg\",\"keywords\":[\"constitui\u00e7\u00e3o\",\"governo\",\"justi\u00e7a\",\"pol\u00edtica\",\"PS\",\"Tribunal Constitucional\"],\"articleSection\":[\"Not\u00edcias\",\"Pol\u00edtica\"],\"inLanguage\":\"pt-PT\"},{\"@type\":\"WebPage\",\"@id\":\"https:\/\/portaltela.pt\/noticias\/2026\/04\/18\/ps-insiste-em-tiago-antunes-como-provedor-de-justica\/\",\"url\":\"https:\/\/portaltela.pt\/noticias\/2026\/04\/18\/ps-insiste-em-tiago-antunes-como-provedor-de-justica\/\",\"name\":\"PS insiste em Tiago Antunes como Provedor de Justi\u00e7a - Portal Tela Portugal\",\"isPartOf\":{\"@id\":\"https:\/\/portaltela.pt\/#website\"},\"primaryImageOfPage\":{\"@id\":\"https:\/\/portaltela.pt\/noticias\/2026\/04\/18\/ps-insiste-em-tiago-antunes-como-provedor-de-justica\/#primaryimage\"},\"image\":{\"@id\":\"https:\/\/portaltela.pt\/noticias\/2026\/04\/18\/ps-insiste-em-tiago-antunes-como-provedor-de-justica\/#primaryimage\"},\"thumbnailUrl\":\"https:\/\/portaltela.pt\/s.01k8rhncp4jt1\/2026\/04\/img_1500x1000uu2026-04-18-20-57-09-2279480-im-639121426457107163.jpg\",\"datePublished\":\"2026-04-19T00:32:22+00:00\",\"author\":{\"@id\":\"https:\/\/portaltela.pt\/#\/schema\/person\/c4278d4a6028830caff9ee44b42d32ed\"},\"breadcrumb\":{\"@id\":\"https:\/\/portaltela.pt\/noticias\/2026\/04\/18\/ps-insiste-em-tiago-antunes-como-provedor-de-justica\/#breadcrumb\"},\"inLanguage\":\"pt-PT\",\"potentialAction\":[{\"@type\":\"ReadAction\",\"target\":[\"https:\/\/portaltela.pt\/noticias\/2026\/04\/18\/ps-insiste-em-tiago-antunes-como-provedor-de-justica\/\"]}]},{\"@type\":\"ImageObject\",\"inLanguage\":\"pt-PT\",\"@id\":\"https:\/\/portaltela.pt\/noticias\/2026\/04\/18\/ps-insiste-em-tiago-antunes-como-provedor-de-justica\/#primaryimage\",\"url\":\"https:\/\/portaltela.pt\/s.01k8rhncp4jt1\/2026\/04\/img_1500x1000uu2026-04-18-20-57-09-2279480-im-639121426457107163.jpg\",\"contentUrl\":\"https:\/\/portaltela.pt\/s.01k8rhncp4jt1\/2026\/04\/img_1500x1000uu2026-04-18-20-57-09-2279480-im-639121426457107163.jpg\",\"width\":796,\"height\":448,\"caption\":\"Tiago Antunes\"},{\"@type\":\"BreadcrumbList\",\"@id\":\"https:\/\/portaltela.pt\/noticias\/2026\/04\/18\/ps-insiste-em-tiago-antunes-como-provedor-de-justica\/#breadcrumb\",\"itemListElement\":[{\"@type\":\"ListItem\",\"position\":1,\"name\":\"In\u00edcio\",\"item\":\"https:\/\/portaltela.pt\/\"},{\"@type\":\"ListItem\",\"position\":2,\"name\":\"PS insiste em Tiago Antunes como Provedor de Justi\u00e7a\"}]},{\"@type\":\"WebSite\",\"@id\":\"https:\/\/portaltela.pt\/#website\",\"url\":\"https:\/\/portaltela.pt\/\",\"name\":\"Portal Tela Portugal\",\"description\":\"\",\"potentialAction\":[{\"@type\":\"SearchAction\",\"target\":{\"@type\":\"EntryPoint\",\"urlTemplate\":\"https:\/\/portaltela.pt\/?s={search_term_string}\"},\"query-input\":{\"@type\":\"PropertyValueSpecification\",\"valueRequired\":true,\"valueName\":\"search_term_string\"}}],\"inLanguage\":\"pt-PT\"},{\"@type\":\"Person\",\"@id\":\"https:\/\/portaltela.pt\/#\/schema\/person\/c4278d4a6028830caff9ee44b42d32ed\",\"name\":\"Telinha\",\"image\":{\"@type\":\"ImageObject\",\"inLanguage\":\"pt-PT\",\"@id\":\"https:\/\/portaltela.pt\/s.01k8rhncp4jt1\/2025\/11\/talking-bot-125x125.png\",\"url\":\"https:\/\/portaltela.pt\/s.01k8rhncp4jt1\/2025\/11\/talking-bot-125x125.png\",\"contentUrl\":\"https:\/\/portaltela.pt\/s.01k8rhncp4jt1\/2025\/11\/talking-bot-125x125.png\",\"caption\":\"Telinha\"},\"sameAs\":[\"https:\/\/portaltela.pt\/\"],\"url\":\"https:\/\/portaltela.pt\/por\/367410592786\/\"}]}<\/script>\n<!-- \/ Yoast SEO plugin. -->","yoast_head_json":{"title":"PS insiste em Tiago Antunes como Provedor de Justi\u00e7a - Portal Tela Portugal","robots":{"index":"index","follow":"follow","max-snippet":"max-snippet:-1","max-image-preview":"max-image-preview:large","max-video-preview":"max-video-preview:-1"},"og_locale":"pt_PT","og_type":"article","og_title":"PS insiste em Tiago Antunes como Provedor de Justi\u00e7a - Portal Tela Portugal","og_description":"O PS vai insistir em Tiago Antunes para provedor de Justi\u00e7a, depois de ter obtido 104 votos a favor dos 230 na Assembleia da Rep\u00fablica. O secret\u00e1rio-geral do PS, Jos\u00e9 Lu\u00eds Carneiro, disse que o presidente do grupo parlamentar, Eurico Brilhante Dias, est\u00e1 em di\u00e1logo com Tiago Antunes, considerado uma personalidade de integridade. Tiago Antunes foi secret\u00e1rio de Estado da Presid\u00eancia nos governos de Ant\u00f3nio Costa e integrou a m\u00e1quina de propaganda de Jos\u00e9 S\u00f3crates, ligado ao blog C\u00e2mara Corporativa. Mesmo com o apelo do l\u00edder parlamentar do PSD, Hugo Soares, o nome n\u00e3o recebeu o apoio necess\u00e1rio no Parlamento. Carneiro afirmou que o chumbo n\u00e3o compromete negocia\u00e7\u00f5es com o PSD para a elei\u00e7\u00e3o dos ju\u00edzes do Tribunal Constitucional e que \u00e9 preciso aguardar pela altura oportuna.","og_url":"https:\/\/portaltela.pt\/noticias\/2026\/04\/18\/ps-insiste-em-tiago-antunes-como-provedor-de-justica\/","og_site_name":"Portal Tela Portugal","article_published_time":"2026-04-19T00:32:22+00:00","author":"Telinha","twitter_card":"summary_large_image","twitter_misc":{"Escrito por":"Telinha","Tempo estimado de leitura":"1 minuto"},"schema":{"@context":"https:\/\/schema.org","@graph":[{"@type":"Article","@id":"https:\/\/portaltela.pt\/noticias\/2026\/04\/18\/ps-insiste-em-tiago-antunes-como-provedor-de-justica\/#article","isPartOf":{"@id":"https:\/\/portaltela.pt\/noticias\/2026\/04\/18\/ps-insiste-em-tiago-antunes-como-provedor-de-justica\/"},"author":{"name":"Telinha","@id":"https:\/\/portaltela.pt\/#\/schema\/person\/c4278d4a6028830caff9ee44b42d32ed"},"headline":"PS insiste em Tiago Antunes como Provedor de Justi\u00e7a","datePublished":"2026-04-19T00:32:22+00:00","mainEntityOfPage":{"@id":"https:\/\/portaltela.pt\/noticias\/2026\/04\/18\/ps-insiste-em-tiago-antunes-como-provedor-de-justica\/"},"wordCount":256,"image":{"@id":"https:\/\/portaltela.pt\/noticias\/2026\/04\/18\/ps-insiste-em-tiago-antunes-como-provedor-de-justica\/#primaryimage"},"thumbnailUrl":"https:\/\/portaltela.pt\/s.01k8rhncp4jt1\/2026\/04\/img_1500x1000uu2026-04-18-20-57-09-2279480-im-639121426457107163.jpg","keywords":["constitui\u00e7\u00e3o","governo","justi\u00e7a","pol\u00edtica","PS","Tribunal Constitucional"],"articleSection":["Not\u00edcias","Pol\u00edtica"],"inLanguage":"pt-PT"},{"@type":"WebPage","@id":"https:\/\/portaltela.pt\/noticias\/2026\/04\/18\/ps-insiste-em-tiago-antunes-como-provedor-de-justica\/","url":"https:\/\/portaltela.pt\/noticias\/2026\/04\/18\/ps-insiste-em-tiago-antunes-como-provedor-de-justica\/","name":"PS insiste em Tiago Antunes como Provedor de Justi\u00e7a - Portal Tela Portugal","isPartOf":{"@id":"https:\/\/portaltela.pt\/#website"},"primaryImageOfPage":{"@id":"https:\/\/portaltela.pt\/noticias\/2026\/04\/18\/ps-insiste-em-tiago-antunes-como-provedor-de-justica\/#primaryimage"},"image":{"@id":"https:\/\/portaltela.pt\/noticias\/2026\/04\/18\/ps-insiste-em-tiago-antunes-como-provedor-de-justica\/#primaryimage"},"thumbnailUrl":"https:\/\/portaltela.pt\/s.01k8rhncp4jt1\/2026\/04\/img_1500x1000uu2026-04-18-20-57-09-2279480-im-639121426457107163.jpg","datePublished":"2026-04-19T00:32:22+00:00","author":{"@id":"https:\/\/portaltela.pt\/#\/schema\/person\/c4278d4a6028830caff9ee44b42d32ed"},"breadcrumb":{"@id":"https:\/\/portaltela.pt\/noticias\/2026\/04\/18\/ps-insiste-em-tiago-antunes-como-provedor-de-justica\/#breadcrumb"},"inLanguage":"pt-PT","potentialAction":[{"@type":"ReadAction","target":["https:\/\/portaltela.pt\/noticias\/2026\/04\/18\/ps-insiste-em-tiago-antunes-como-provedor-de-justica\/"]}]},{"@type":"ImageObject","inLanguage":"pt-PT","@id":"https:\/\/portaltela.pt\/noticias\/2026\/04\/18\/ps-insiste-em-tiago-antunes-como-provedor-de-justica\/#primaryimage","url":"https:\/\/portaltela.pt\/s.01k8rhncp4jt1\/2026\/04\/img_1500x1000uu2026-04-18-20-57-09-2279480-im-639121426457107163.jpg","contentUrl":"https:\/\/portaltela.pt\/s.01k8rhncp4jt1\/2026\/04\/img_1500x1000uu2026-04-18-20-57-09-2279480-im-639121426457107163.jpg","width":796,"height":448,"caption":"Tiago Antunes"},{"@type":"BreadcrumbList","@id":"https:\/\/portaltela.pt\/noticias\/2026\/04\/18\/ps-insiste-em-tiago-antunes-como-provedor-de-justica\/#breadcrumb","itemListElement":[{"@type":"ListItem","position":1,"name":"In\u00edcio","item":"https:\/\/portaltela.pt\/"},{"@type":"ListItem","position":2,"name":"PS insiste em Tiago Antunes como Provedor de Justi\u00e7a"}]},{"@type":"WebSite","@id":"https:\/\/portaltela.pt\/#website","url":"https:\/\/portaltela.pt\/","name":"Portal Tela Portugal","description":"","potentialAction":[{"@type":"SearchAction","target":{"@type":"EntryPoint","urlTemplate":"https:\/\/portaltela.pt\/?s={search_term_string}"},"query-input":{"@type":"PropertyValueSpecification","valueRequired":true,"valueName":"search_term_string"}}],"inLanguage":"pt-PT"},{"@type":"Person","@id":"https:\/\/portaltela.pt\/#\/schema\/person\/c4278d4a6028830caff9ee44b42d32ed","name":"Telinha","image":{"@type":"ImageObject","inLanguage":"pt-PT","@id":"https:\/\/portaltela.pt\/s.01k8rhncp4jt1\/2025\/11\/talking-bot-125x125.png","url":"https:\/\/portaltela.pt\/s.01k8rhncp4jt1\/2025\/11\/talking-bot-125x125.png","contentUrl":"https:\/\/portaltela.pt\/s.01k8rhncp4jt1\/2025\/11\/talking-bot-125x125.png","caption":"Telinha"},"sameAs":["https:\/\/portaltela.pt\/"],"url":"https:\/\/portaltela.pt\/por\/367410592786\/"}]}},"_links":{"self":[{"href":"https:\/\/portaltela.pt\/api\/wp\/v2\/posts\/449345","targetHints":{"allow":["GET"]}}],"collection":[{"href":"https:\/\/portaltela.pt\/api\/wp\/v2\/posts"}],"about":[{"href":"https:\/\/portaltela.pt\/api\/wp\/v2\/types\/post"}],"author":[{"embeddable":true,"href":"https:\/\/portaltela.pt\/api\/wp\/v2\/users\/2"}],"replies":[{"embeddable":true,"href":"https:\/\/portaltela.pt\/api\/wp\/v2\/comments?post=449345"}],"version-history":[{"count":0,"href":"https:\/\/portaltela.pt\/api\/wp\/v2\/posts\/449345\/revisions"}],"wp:featuredmedia":[{"embeddable":true,"href":"https:\/\/portaltela.pt\/api\/wp\/v2\/media\/449346"}],"wp:attachment":[{"href":"https:\/\/portaltela.pt\/api\/wp\/v2\/media?parent=449345"}],"wp:term":[{"taxonomy":"category","embeddable":true,"href":"https:\/\/portaltela.pt\/api\/wp\/v2\/categories?post=449345"},{"taxonomy":"post_tag","embeddable":true,"href":"https:\/\/portaltela.pt\/api\/wp\/v2\/tags?post=449345"}],"curies":[{"name":"wp","href":"https:\/\/api.w.org\/{rel}","templated":true}]}}