{"id":449337,"date":"2026-04-18T14:04:00","date_gmt":"2026-04-18T17:04:00","guid":{"rendered":"https:\/\/portaltela.pt\/noticias\/2026\/04\/18\/leonel-parte-de-braga-numa-harley-davidson-em-direcao-a-asia\/"},"modified":"2026-04-18T14:04:00","modified_gmt":"2026-04-18T17:04:00","slug":"leonel-parte-de-braga-numa-harley-davidson-em-direcao-a-asia","status":"publish","type":"post","link":"https:\/\/portaltela.pt\/lazer\/2026\/04\/18\/leonel-parte-de-braga-numa-harley-davidson-em-direcao-a-asia\/","title":{"rendered":"Leonel parte de Braga numa Harley-Davidson em dire\u00e7\u00e3o \u00e0 \u00c1sia"},"content":{"rendered":"<p>Leonel Ferraz partiu nesta tarde de Braga a bordo de uma Harley-Davidson de 1999, apelidada de papa-l\u00e9guas, com destino \u00e0 \u00c1sia. A viagem arrancou com a primeira etapa at\u00e9 Chaves, onde o motard foi acompanhado por amigos de moto.<\/p>\n<p>Segundo statements do pr\u00f3prio, o objetivo \u00e9 iniciar uma grande viagem sem uma meta definida de quil\u00f3metros, insistindo que ser\u00e3o muitos. A prepara\u00e7\u00e3o para este desafio come\u00e7ou ainda em novembro, com planeamento intenso e v\u00e1rias escolhas a fazer ao longo do caminho.<\/p>\n<p>A moto, que j\u00e1 passou por uma revis\u00e3o completa, est\u00e1 preparada para enfrentar as condi\u00e7\u00f5es previstas na aventura. O motorista destacou que a prepara\u00e7\u00e3o f\u00edsica incluiu o apoio do filho Pedro, personal trainer, para manter o condicionamento adequado.<\/p>\n<p>Durante a primeira fase, o grupo pretende manter contacto pr\u00f3ximo com o percurso, usando c\u00e2maras para registar o trajeto e partilhar, de forma realista, o que for surgindo pelo caminho, seja o bom ou o menos favor\u00e1vel.<\/p>\n<p>A trajet\u00f3ria completa at\u00e9 \u00e0 \u00c1sia envolve v\u00e1rias etapas e mudan\u00e7as de percurso ao longo do tempo, conforme a log\u00edstica da viagem se desenrolar. A iniciativa reflete um projeto de longo prazo e exige planeamento cont\u00ednuo e adapta\u00e7\u00e3o constante.<\/p>\n","protected":false},"excerpt":{"rendered":"<ul>\n<li>Leonel Ferraz partiu esta tarde de Braga numa Harley Davidson de 1999, apelidada &#8220;papa-l\u00e9guas&#8221;, rumo \u00e0 \u00c1sia, com a primeira etapa at\u00e9 Chaves acompanhada por amigos de moto.<\/li>\n<li>O motard afirmou estar ansioso e que, ap\u00f3s muito tempo a preparar a moto e a viagem, apenas quer come\u00e7ar, sabendo que os quil\u00f3metros ser\u00e3o muitos.<\/li>\n<li>A prepara\u00e7\u00e3o da viagem arrancou em novembro, com escolhas e muitos pensamentos pelo meio; a moto foi revista de fio a pavio, pronta para enfrentar a aventura.<\/li>\n<li>A prepara\u00e7\u00e3o f\u00edsica contou com a ajuda do filho, Pedro, personal trainer, e incluiu o investimento em c\u00e2maras para mostrar, de forma fiel, tudo o que surgir pelo caminho, bom e menos bom.<\/li>\n<li>O objetivo \u00e9 percorrer a rota at\u00e9 \u00e0 \u00c1sia, partilhando o registo da viagem, com foco na experi\u00eancia real da expedi\u00e7\u00e3o.<\/li>\n<\/ul>\n","protected":false},"author":2,"featured_media":449338,"comment_status":"closed","ping_status":"closed","sticky":false,"template":"","format":"standard","meta":{"footnotes":""},"categories":[7381],"tags":[5342,1207,40,192,71,6037],"class_list":["post-449337","post","type-post","status-publish","format-standard","has-post-thumbnail","hentry","category-lazer","tag-asia","tag-braga","tag-pessoas","tag-transporte","tag-viagens","tag-viagens-internacionais"],"yoast_head":"<!-- This site is optimized with the Yoast SEO plugin v27.2 - https:\/\/yoast.com\/product\/yoast-seo-wordpress\/ -->\n<title>Leonel parte de Braga numa Harley-Davidson em dire\u00e7\u00e3o \u00e0 \u00c1sia - Portal Tela Portugal<\/title>\n<meta name=\"robots\" content=\"index, follow, max-snippet:-1, max-image-preview:large, max-video-preview:-1\" \/>\n<meta property=\"og:locale\" content=\"pt_PT\" \/>\n<meta property=\"og:type\" content=\"article\" \/>\n<meta property=\"og:title\" content=\"Leonel parte de Braga numa Harley-Davidson em dire\u00e7\u00e3o \u00e0 \u00c1sia - Portal Tela Portugal\" \/>\n<meta property=\"og:description\" content=\"Leonel Ferraz partiu esta tarde de Braga numa Harley Davidson de 1999, apelidada &quot;papa-l\u00e9guas&quot;, rumo \u00e0 \u00c1sia, com a primeira etapa at\u00e9 Chaves acompanhada por amigos de moto. O motard afirmou estar ansioso e que, ap\u00f3s muito tempo a preparar a moto e a viagem, apenas quer come\u00e7ar, sabendo que os quil\u00f3metros ser\u00e3o muitos. A prepara\u00e7\u00e3o da viagem arrancou em novembro, com escolhas e muitos pensamentos pelo meio; a moto foi revista de fio a pavio, pronta para enfrentar a aventura. A prepara\u00e7\u00e3o f\u00edsica contou com a ajuda do filho, Pedro, personal trainer, e incluiu o investimento em c\u00e2maras para mostrar, de forma fiel, tudo o que surgir pelo caminho, bom e menos bom. O objetivo \u00e9 percorrer a rota at\u00e9 \u00e0 \u00c1sia, partilhando o registo da viagem, com foco na experi\u00eancia real da expedi\u00e7\u00e3o.\" \/>\n<meta property=\"og:url\" content=\"https:\/\/portaltela.pt\/noticias\/2026\/04\/18\/leonel-parte-de-braga-numa-harley-davidson-em-direcao-a-asia\/\" \/>\n<meta property=\"og:site_name\" content=\"Portal Tela Portugal\" \/>\n<meta property=\"article:published_time\" content=\"2026-04-18T17:04:00+00:00\" \/>\n<meta name=\"author\" content=\"Telinha\" \/>\n<meta name=\"twitter:card\" content=\"summary_large_image\" \/>\n<meta name=\"twitter:label1\" content=\"Escrito por\" \/>\n\t<meta name=\"twitter:data1\" content=\"Telinha\" \/>\n\t<meta name=\"twitter:label2\" content=\"Tempo estimado de leitura\" \/>\n\t<meta name=\"twitter:data2\" content=\"1 minuto\" \/>\n<script type=\"application\/ld+json\" class=\"yoast-schema-graph\">{\"@context\":\"https:\/\/schema.org\",\"@graph\":[{\"@type\":\"Article\",\"@id\":\"https:\/\/portaltela.pt\/noticias\/2026\/04\/18\/leonel-parte-de-braga-numa-harley-davidson-em-direcao-a-asia\/#article\",\"isPartOf\":{\"@id\":\"https:\/\/portaltela.pt\/noticias\/2026\/04\/18\/leonel-parte-de-braga-numa-harley-davidson-em-direcao-a-asia\/\"},\"author\":{\"name\":\"Telinha\",\"@id\":\"https:\/\/portaltela.pt\/#\/schema\/person\/c4278d4a6028830caff9ee44b42d32ed\"},\"headline\":\"Leonel parte de Braga numa Harley-Davidson em dire\u00e7\u00e3o \u00e0 \u00c1sia\",\"datePublished\":\"2026-04-18T17:04:00+00:00\",\"mainEntityOfPage\":{\"@id\":\"https:\/\/portaltela.pt\/noticias\/2026\/04\/18\/leonel-parte-de-braga-numa-harley-davidson-em-direcao-a-asia\/\"},\"wordCount\":221,\"image\":{\"@id\":\"https:\/\/portaltela.pt\/noticias\/2026\/04\/18\/leonel-parte-de-braga-numa-harley-davidson-em-direcao-a-asia\/#primaryimage\"},\"thumbnailUrl\":\"https:\/\/portaltela.pt\/s.01k8rhncp4jt1\/2026\/04\/e18cf6c2-404d-497a-b656-16c81747b5ff_1200x675.jpg\",\"keywords\":[\"\u00c1sia\",\"Braga\",\"pessoas\",\"transporte\",\"viagens\",\"viagens internacionais\"],\"articleSection\":[\"Lazer\"],\"inLanguage\":\"pt-PT\"},{\"@type\":\"WebPage\",\"@id\":\"https:\/\/portaltela.pt\/noticias\/2026\/04\/18\/leonel-parte-de-braga-numa-harley-davidson-em-direcao-a-asia\/\",\"url\":\"https:\/\/portaltela.pt\/noticias\/2026\/04\/18\/leonel-parte-de-braga-numa-harley-davidson-em-direcao-a-asia\/\",\"name\":\"Leonel parte de Braga numa Harley-Davidson em dire\u00e7\u00e3o \u00e0 \u00c1sia - Portal Tela Portugal\",\"isPartOf\":{\"@id\":\"https:\/\/portaltela.pt\/#website\"},\"primaryImageOfPage\":{\"@id\":\"https:\/\/portaltela.pt\/noticias\/2026\/04\/18\/leonel-parte-de-braga-numa-harley-davidson-em-direcao-a-asia\/#primaryimage\"},\"image\":{\"@id\":\"https:\/\/portaltela.pt\/noticias\/2026\/04\/18\/leonel-parte-de-braga-numa-harley-davidson-em-direcao-a-asia\/#primaryimage\"},\"thumbnailUrl\":\"https:\/\/portaltela.pt\/s.01k8rhncp4jt1\/2026\/04\/e18cf6c2-404d-497a-b656-16c81747b5ff_1200x675.jpg\",\"datePublished\":\"2026-04-18T17:04:00+00:00\",\"author\":{\"@id\":\"https:\/\/portaltela.pt\/#\/schema\/person\/c4278d4a6028830caff9ee44b42d32ed\"},\"breadcrumb\":{\"@id\":\"https:\/\/portaltela.pt\/noticias\/2026\/04\/18\/leonel-parte-de-braga-numa-harley-davidson-em-direcao-a-asia\/#breadcrumb\"},\"inLanguage\":\"pt-PT\",\"potentialAction\":[{\"@type\":\"ReadAction\",\"target\":[\"https:\/\/portaltela.pt\/noticias\/2026\/04\/18\/leonel-parte-de-braga-numa-harley-davidson-em-direcao-a-asia\/\"]}]},{\"@type\":\"ImageObject\",\"inLanguage\":\"pt-PT\",\"@id\":\"https:\/\/portaltela.pt\/noticias\/2026\/04\/18\/leonel-parte-de-braga-numa-harley-davidson-em-direcao-a-asia\/#primaryimage\",\"url\":\"https:\/\/portaltela.pt\/s.01k8rhncp4jt1\/2026\/04\/e18cf6c2-404d-497a-b656-16c81747b5ff_1200x675.jpg\",\"contentUrl\":\"https:\/\/portaltela.pt\/s.01k8rhncp4jt1\/2026\/04\/e18cf6c2-404d-497a-b656-16c81747b5ff_1200x675.jpg\",\"width\":796,\"height\":448,\"caption\":\"Foto: Lu\u00eds Moreira\"},{\"@type\":\"BreadcrumbList\",\"@id\":\"https:\/\/portaltela.pt\/noticias\/2026\/04\/18\/leonel-parte-de-braga-numa-harley-davidson-em-direcao-a-asia\/#breadcrumb\",\"itemListElement\":[{\"@type\":\"ListItem\",\"position\":1,\"name\":\"In\u00edcio\",\"item\":\"https:\/\/portaltela.pt\/\"},{\"@type\":\"ListItem\",\"position\":2,\"name\":\"Leonel parte de Braga numa Harley-Davidson em dire\u00e7\u00e3o \u00e0 \u00c1sia\"}]},{\"@type\":\"WebSite\",\"@id\":\"https:\/\/portaltela.pt\/#website\",\"url\":\"https:\/\/portaltela.pt\/\",\"name\":\"Portal Tela Portugal\",\"description\":\"\",\"potentialAction\":[{\"@type\":\"SearchAction\",\"target\":{\"@type\":\"EntryPoint\",\"urlTemplate\":\"https:\/\/portaltela.pt\/?s={search_term_string}\"},\"query-input\":{\"@type\":\"PropertyValueSpecification\",\"valueRequired\":true,\"valueName\":\"search_term_string\"}}],\"inLanguage\":\"pt-PT\"},{\"@type\":\"Person\",\"@id\":\"https:\/\/portaltela.pt\/#\/schema\/person\/c4278d4a6028830caff9ee44b42d32ed\",\"name\":\"Telinha\",\"image\":{\"@type\":\"ImageObject\",\"inLanguage\":\"pt-PT\",\"@id\":\"https:\/\/portaltela.pt\/s.01k8rhncp4jt1\/2025\/11\/talking-bot-125x125.png\",\"url\":\"https:\/\/portaltela.pt\/s.01k8rhncp4jt1\/2025\/11\/talking-bot-125x125.png\",\"contentUrl\":\"https:\/\/portaltela.pt\/s.01k8rhncp4jt1\/2025\/11\/talking-bot-125x125.png\",\"caption\":\"Telinha\"},\"sameAs\":[\"https:\/\/portaltela.pt\/\"],\"url\":\"https:\/\/portaltela.pt\/por\/367410592786\/\"}]}<\/script>\n<!-- \/ Yoast SEO plugin. -->","yoast_head_json":{"title":"Leonel parte de Braga numa Harley-Davidson em dire\u00e7\u00e3o \u00e0 \u00c1sia - Portal Tela Portugal","robots":{"index":"index","follow":"follow","max-snippet":"max-snippet:-1","max-image-preview":"max-image-preview:large","max-video-preview":"max-video-preview:-1"},"og_locale":"pt_PT","og_type":"article","og_title":"Leonel parte de Braga numa Harley-Davidson em dire\u00e7\u00e3o \u00e0 \u00c1sia - Portal Tela Portugal","og_description":"Leonel Ferraz partiu esta tarde de Braga numa Harley Davidson de 1999, apelidada \"papa-l\u00e9guas\", rumo \u00e0 \u00c1sia, com a primeira etapa at\u00e9 Chaves acompanhada por amigos de moto. O motard afirmou estar ansioso e que, ap\u00f3s muito tempo a preparar a moto e a viagem, apenas quer come\u00e7ar, sabendo que os quil\u00f3metros ser\u00e3o muitos. A prepara\u00e7\u00e3o da viagem arrancou em novembro, com escolhas e muitos pensamentos pelo meio; a moto foi revista de fio a pavio, pronta para enfrentar a aventura. A prepara\u00e7\u00e3o f\u00edsica contou com a ajuda do filho, Pedro, personal trainer, e incluiu o investimento em c\u00e2maras para mostrar, de forma fiel, tudo o que surgir pelo caminho, bom e menos bom. O objetivo \u00e9 percorrer a rota at\u00e9 \u00e0 \u00c1sia, partilhando o registo da viagem, com foco na experi\u00eancia real da expedi\u00e7\u00e3o.","og_url":"https:\/\/portaltela.pt\/noticias\/2026\/04\/18\/leonel-parte-de-braga-numa-harley-davidson-em-direcao-a-asia\/","og_site_name":"Portal Tela Portugal","article_published_time":"2026-04-18T17:04:00+00:00","author":"Telinha","twitter_card":"summary_large_image","twitter_misc":{"Escrito por":"Telinha","Tempo estimado de leitura":"1 minuto"},"schema":{"@context":"https:\/\/schema.org","@graph":[{"@type":"Article","@id":"https:\/\/portaltela.pt\/noticias\/2026\/04\/18\/leonel-parte-de-braga-numa-harley-davidson-em-direcao-a-asia\/#article","isPartOf":{"@id":"https:\/\/portaltela.pt\/noticias\/2026\/04\/18\/leonel-parte-de-braga-numa-harley-davidson-em-direcao-a-asia\/"},"author":{"name":"Telinha","@id":"https:\/\/portaltela.pt\/#\/schema\/person\/c4278d4a6028830caff9ee44b42d32ed"},"headline":"Leonel parte de Braga numa Harley-Davidson em dire\u00e7\u00e3o \u00e0 \u00c1sia","datePublished":"2026-04-18T17:04:00+00:00","mainEntityOfPage":{"@id":"https:\/\/portaltela.pt\/noticias\/2026\/04\/18\/leonel-parte-de-braga-numa-harley-davidson-em-direcao-a-asia\/"},"wordCount":221,"image":{"@id":"https:\/\/portaltela.pt\/noticias\/2026\/04\/18\/leonel-parte-de-braga-numa-harley-davidson-em-direcao-a-asia\/#primaryimage"},"thumbnailUrl":"https:\/\/portaltela.pt\/s.01k8rhncp4jt1\/2026\/04\/e18cf6c2-404d-497a-b656-16c81747b5ff_1200x675.jpg","keywords":["\u00c1sia","Braga","pessoas","transporte","viagens","viagens internacionais"],"articleSection":["Lazer"],"inLanguage":"pt-PT"},{"@type":"WebPage","@id":"https:\/\/portaltela.pt\/noticias\/2026\/04\/18\/leonel-parte-de-braga-numa-harley-davidson-em-direcao-a-asia\/","url":"https:\/\/portaltela.pt\/noticias\/2026\/04\/18\/leonel-parte-de-braga-numa-harley-davidson-em-direcao-a-asia\/","name":"Leonel parte de Braga numa Harley-Davidson em dire\u00e7\u00e3o \u00e0 \u00c1sia - Portal Tela Portugal","isPartOf":{"@id":"https:\/\/portaltela.pt\/#website"},"primaryImageOfPage":{"@id":"https:\/\/portaltela.pt\/noticias\/2026\/04\/18\/leonel-parte-de-braga-numa-harley-davidson-em-direcao-a-asia\/#primaryimage"},"image":{"@id":"https:\/\/portaltela.pt\/noticias\/2026\/04\/18\/leonel-parte-de-braga-numa-harley-davidson-em-direcao-a-asia\/#primaryimage"},"thumbnailUrl":"https:\/\/portaltela.pt\/s.01k8rhncp4jt1\/2026\/04\/e18cf6c2-404d-497a-b656-16c81747b5ff_1200x675.jpg","datePublished":"2026-04-18T17:04:00+00:00","author":{"@id":"https:\/\/portaltela.pt\/#\/schema\/person\/c4278d4a6028830caff9ee44b42d32ed"},"breadcrumb":{"@id":"https:\/\/portaltela.pt\/noticias\/2026\/04\/18\/leonel-parte-de-braga-numa-harley-davidson-em-direcao-a-asia\/#breadcrumb"},"inLanguage":"pt-PT","potentialAction":[{"@type":"ReadAction","target":["https:\/\/portaltela.pt\/noticias\/2026\/04\/18\/leonel-parte-de-braga-numa-harley-davidson-em-direcao-a-asia\/"]}]},{"@type":"ImageObject","inLanguage":"pt-PT","@id":"https:\/\/portaltela.pt\/noticias\/2026\/04\/18\/leonel-parte-de-braga-numa-harley-davidson-em-direcao-a-asia\/#primaryimage","url":"https:\/\/portaltela.pt\/s.01k8rhncp4jt1\/2026\/04\/e18cf6c2-404d-497a-b656-16c81747b5ff_1200x675.jpg","contentUrl":"https:\/\/portaltela.pt\/s.01k8rhncp4jt1\/2026\/04\/e18cf6c2-404d-497a-b656-16c81747b5ff_1200x675.jpg","width":796,"height":448,"caption":"Foto: Lu\u00eds Moreira"},{"@type":"BreadcrumbList","@id":"https:\/\/portaltela.pt\/noticias\/2026\/04\/18\/leonel-parte-de-braga-numa-harley-davidson-em-direcao-a-asia\/#breadcrumb","itemListElement":[{"@type":"ListItem","position":1,"name":"In\u00edcio","item":"https:\/\/portaltela.pt\/"},{"@type":"ListItem","position":2,"name":"Leonel parte de Braga numa Harley-Davidson em dire\u00e7\u00e3o \u00e0 \u00c1sia"}]},{"@type":"WebSite","@id":"https:\/\/portaltela.pt\/#website","url":"https:\/\/portaltela.pt\/","name":"Portal Tela Portugal","description":"","potentialAction":[{"@type":"SearchAction","target":{"@type":"EntryPoint","urlTemplate":"https:\/\/portaltela.pt\/?s={search_term_string}"},"query-input":{"@type":"PropertyValueSpecification","valueRequired":true,"valueName":"search_term_string"}}],"inLanguage":"pt-PT"},{"@type":"Person","@id":"https:\/\/portaltela.pt\/#\/schema\/person\/c4278d4a6028830caff9ee44b42d32ed","name":"Telinha","image":{"@type":"ImageObject","inLanguage":"pt-PT","@id":"https:\/\/portaltela.pt\/s.01k8rhncp4jt1\/2025\/11\/talking-bot-125x125.png","url":"https:\/\/portaltela.pt\/s.01k8rhncp4jt1\/2025\/11\/talking-bot-125x125.png","contentUrl":"https:\/\/portaltela.pt\/s.01k8rhncp4jt1\/2025\/11\/talking-bot-125x125.png","caption":"Telinha"},"sameAs":["https:\/\/portaltela.pt\/"],"url":"https:\/\/portaltela.pt\/por\/367410592786\/"}]}},"_links":{"self":[{"href":"https:\/\/portaltela.pt\/api\/wp\/v2\/posts\/449337","targetHints":{"allow":["GET"]}}],"collection":[{"href":"https:\/\/portaltela.pt\/api\/wp\/v2\/posts"}],"about":[{"href":"https:\/\/portaltela.pt\/api\/wp\/v2\/types\/post"}],"author":[{"embeddable":true,"href":"https:\/\/portaltela.pt\/api\/wp\/v2\/users\/2"}],"replies":[{"embeddable":true,"href":"https:\/\/portaltela.pt\/api\/wp\/v2\/comments?post=449337"}],"version-history":[{"count":0,"href":"https:\/\/portaltela.pt\/api\/wp\/v2\/posts\/449337\/revisions"}],"wp:featuredmedia":[{"embeddable":true,"href":"https:\/\/portaltela.pt\/api\/wp\/v2\/media\/449338"}],"wp:attachment":[{"href":"https:\/\/portaltela.pt\/api\/wp\/v2\/media?parent=449337"}],"wp:term":[{"taxonomy":"category","embeddable":true,"href":"https:\/\/portaltela.pt\/api\/wp\/v2\/categories?post=449337"},{"taxonomy":"post_tag","embeddable":true,"href":"https:\/\/portaltela.pt\/api\/wp\/v2\/tags?post=449337"}],"curies":[{"name":"wp","href":"https:\/\/api.w.org\/{rel}","templated":true}]}}