{"id":449288,"date":"2026-04-18T21:17:02","date_gmt":"2026-04-19T00:17:02","guid":{"rendered":"https:\/\/portaltela.pt\/noticias\/2026\/04\/18\/gil-lameiras-diz-que-quem-representa-o-vitoria-deve-estar-no-topo\/"},"modified":"2026-04-18T21:17:02","modified_gmt":"2026-04-19T00:17:02","slug":"gil-lameiras-diz-que-quem-representa-o-vitoria-deve-estar-no-topo","status":"publish","type":"post","link":"https:\/\/portaltela.pt\/desporto\/futebol\/2026\/04\/18\/gil-lameiras-diz-que-quem-representa-o-vitoria-deve-estar-no-topo\/","title":{"rendered":"Gil Lameiras diz que quem representa o Vit\u00f3ria deve estar no topo"},"content":{"rendered":"<p>O Vit\u00f3ria de Guimar\u00e3es venceu fora de casa pela primeira vez em quatro meses, ao conquistar um triunfo por 1-0 frente ao Gil Vicente, no reduto barcelense. A vit\u00f3ria surge na reta final do campeonato e representa um impulso para a equipa.<\/p>\n<p>O treinador Gil Lameiras destacou o esfor\u00e7o da equipa na reta final, reconhecendo uma \u00e9poca marcada pela instabilidade e pela necessidade de pontos. O t\u00e9cnico afirmou que a equipa foi a \u00fanica a procurar a vit\u00f3ria desde o in\u00edcio e s\u00f3 recuou quando houve fadiga.<\/p>\n<p>Lameiras elogiou o desempenho colectivo, sublinhando que a equipa respondeu bem ap\u00f3s per\u00edodos de menor consist\u00eancia exibicional. O treinador enfatizou ainda o desejo de manter o Vit\u00f3ria no topo, refor\u00e7ando a ideia de que o clube merece uma imagem de grande dimens\u00e3o.<\/p>\n<p>O t\u00e9cnico de 32 anos dedicou a vit\u00f3ria \u00e0 fam\u00edlia vitoriana, aos adeptos e ao apoio que, mesmo ausente, se refletiu no valor do bilhete. A equipa, segundo o treinador, ainda est\u00e1 longe da imagem que pretende transmitir at\u00e9 ao final da temporada.<\/p>\n<p>Sobre a identidade do grupo, Lameiras mencionou que o Vit\u00f3ria pode melhorar fora de campo e em determinados pormenores t\u00e1ticos. O foco passa pela consolida\u00e7\u00e3o de uma imagem condizente com o estatuto do clube.<\/p>\n","protected":false},"excerpt":{"rendered":"<ul>\n<li>O V. Guimar\u00e3es venceu fora de casa pela \u00faltima vez h\u00e1 quatro meses, ao bater o Gil Vicente por 1-0, no reduto barcelense.<\/li>\n<li>O triunfo foi elogiado pelo treinador Gil Lameiras, que disse ter sido a \u00fanica equipa que realmente procurou a vit\u00f3ria.<\/li>\n<li>Lameiras destacou que a \u00e9poca foi de instabilidade e que a vit\u00f3ria reflete a necessidade de pontos neste momento.<\/li>\n<li>O t\u00e9cnico dedicou a vit\u00f3ria \u00e0 fam\u00edlia vitoriana e aos adeptos, lembrando que o apoio fora da vila mostra o valor do bilhete.<\/li>\n<li>O treinador admitiu que a equipa ainda n\u00e3o est\u00e1 na imagem que pretende, com melhorias principalmente fora de campo e em pormenores t\u00e1ticos, mantendo o Vit\u00f3ria como clube que merece estar no topo.<\/li>\n<\/ul>\n","protected":false},"author":2,"featured_media":449290,"comment_status":"closed","ping_status":"closed","sticky":false,"template":"","format":"standard","meta":{"footnotes":""},"categories":[21,24],"tags":[4143,152,32,1829,1145,2428],"class_list":["post-449288","post","type-post","status-publish","format-standard","has-post-thumbnail","hentry","category-desporto","category-futebol","tag-1-liga","tag-desporto","tag-futebol","tag-gil-vicente","tag-guimaraes","tag-vitoria"],"yoast_head":"<!-- This site is optimized with the Yoast SEO plugin v27.2 - https:\/\/yoast.com\/product\/yoast-seo-wordpress\/ -->\n<title>Gil Lameiras diz que quem representa o Vit\u00f3ria deve estar no topo - Portal Tela Portugal<\/title>\n<meta name=\"robots\" content=\"index, follow, max-snippet:-1, max-image-preview:large, max-video-preview:-1\" \/>\n<meta property=\"og:locale\" content=\"pt_PT\" \/>\n<meta property=\"og:type\" content=\"article\" \/>\n<meta property=\"og:title\" content=\"Gil Lameiras diz que quem representa o Vit\u00f3ria deve estar no topo - Portal Tela Portugal\" \/>\n<meta property=\"og:description\" content=\"O V. Guimar\u00e3es venceu fora de casa pela \u00faltima vez h\u00e1 quatro meses, ao bater o Gil Vicente por 1-0, no reduto barcelense. O triunfo foi elogiado pelo treinador Gil Lameiras, que disse ter sido a \u00fanica equipa que realmente procurou a vit\u00f3ria. Lameiras destacou que a \u00e9poca foi de instabilidade e que a vit\u00f3ria reflete a necessidade de pontos neste momento. O t\u00e9cnico dedicou a vit\u00f3ria \u00e0 fam\u00edlia vitoriana e aos adeptos, lembrando que o apoio fora da vila mostra o valor do bilhete. O treinador admitiu que a equipa ainda n\u00e3o est\u00e1 na imagem que pretende, com melhorias principalmente fora de campo e em pormenores t\u00e1ticos, mantendo o Vit\u00f3ria como clube que merece estar no topo.\" \/>\n<meta property=\"og:url\" content=\"https:\/\/portaltela.pt\/noticias\/2026\/04\/18\/gil-lameiras-diz-que-quem-representa-o-vitoria-deve-estar-no-topo\/\" \/>\n<meta property=\"og:site_name\" content=\"Portal Tela Portugal\" \/>\n<meta property=\"article:published_time\" content=\"2026-04-19T00:17:02+00:00\" \/>\n<meta name=\"author\" content=\"Telinha\" \/>\n<meta name=\"twitter:card\" content=\"summary_large_image\" \/>\n<meta name=\"twitter:label1\" content=\"Escrito por\" \/>\n\t<meta name=\"twitter:data1\" content=\"Telinha\" \/>\n\t<meta name=\"twitter:label2\" content=\"Tempo estimado de leitura\" \/>\n\t<meta name=\"twitter:data2\" content=\"1 minuto\" \/>\n<script type=\"application\/ld+json\" class=\"yoast-schema-graph\">{\"@context\":\"https:\/\/schema.org\",\"@graph\":[{\"@type\":\"Article\",\"@id\":\"https:\/\/portaltela.pt\/noticias\/2026\/04\/18\/gil-lameiras-diz-que-quem-representa-o-vitoria-deve-estar-no-topo\/#article\",\"isPartOf\":{\"@id\":\"https:\/\/portaltela.pt\/noticias\/2026\/04\/18\/gil-lameiras-diz-que-quem-representa-o-vitoria-deve-estar-no-topo\/\"},\"author\":{\"name\":\"Telinha\",\"@id\":\"https:\/\/portaltela.pt\/#\/schema\/person\/c4278d4a6028830caff9ee44b42d32ed\"},\"headline\":\"Gil Lameiras diz que quem representa o Vit\u00f3ria deve estar no topo\",\"datePublished\":\"2026-04-19T00:17:02+00:00\",\"mainEntityOfPage\":{\"@id\":\"https:\/\/portaltela.pt\/noticias\/2026\/04\/18\/gil-lameiras-diz-que-quem-representa-o-vitoria-deve-estar-no-topo\/\"},\"wordCount\":236,\"image\":{\"@id\":\"https:\/\/portaltela.pt\/noticias\/2026\/04\/18\/gil-lameiras-diz-que-quem-representa-o-vitoria-deve-estar-no-topo\/#primaryimage\"},\"thumbnailUrl\":\"https:\/\/portaltela.pt\/s.01k8rhncp4jt1\/2026\/04\/img_920x518uu2026-04-19-00-15-56-2433931-im-639121545694127521.jpg\",\"keywords\":[\"1. Liga\",\"desporto\",\"futebol\",\"Gil Vicente\",\"Guimar\u00e3es\",\"Vit\u00f3ria\"],\"articleSection\":[\"Desporto\",\"Futebol\"],\"inLanguage\":\"pt-PT\"},{\"@type\":\"WebPage\",\"@id\":\"https:\/\/portaltela.pt\/noticias\/2026\/04\/18\/gil-lameiras-diz-que-quem-representa-o-vitoria-deve-estar-no-topo\/\",\"url\":\"https:\/\/portaltela.pt\/noticias\/2026\/04\/18\/gil-lameiras-diz-que-quem-representa-o-vitoria-deve-estar-no-topo\/\",\"name\":\"Gil Lameiras diz que quem representa o Vit\u00f3ria deve estar no topo - Portal Tela Portugal\",\"isPartOf\":{\"@id\":\"https:\/\/portaltela.pt\/#website\"},\"primaryImageOfPage\":{\"@id\":\"https:\/\/portaltela.pt\/noticias\/2026\/04\/18\/gil-lameiras-diz-que-quem-representa-o-vitoria-deve-estar-no-topo\/#primaryimage\"},\"image\":{\"@id\":\"https:\/\/portaltela.pt\/noticias\/2026\/04\/18\/gil-lameiras-diz-que-quem-representa-o-vitoria-deve-estar-no-topo\/#primaryimage\"},\"thumbnailUrl\":\"https:\/\/portaltela.pt\/s.01k8rhncp4jt1\/2026\/04\/img_920x518uu2026-04-19-00-15-56-2433931-im-639121545694127521.jpg\",\"datePublished\":\"2026-04-19T00:17:02+00:00\",\"author\":{\"@id\":\"https:\/\/portaltela.pt\/#\/schema\/person\/c4278d4a6028830caff9ee44b42d32ed\"},\"breadcrumb\":{\"@id\":\"https:\/\/portaltela.pt\/noticias\/2026\/04\/18\/gil-lameiras-diz-que-quem-representa-o-vitoria-deve-estar-no-topo\/#breadcrumb\"},\"inLanguage\":\"pt-PT\",\"potentialAction\":[{\"@type\":\"ReadAction\",\"target\":[\"https:\/\/portaltela.pt\/noticias\/2026\/04\/18\/gil-lameiras-diz-que-quem-representa-o-vitoria-deve-estar-no-topo\/\"]}]},{\"@type\":\"ImageObject\",\"inLanguage\":\"pt-PT\",\"@id\":\"https:\/\/portaltela.pt\/noticias\/2026\/04\/18\/gil-lameiras-diz-que-quem-representa-o-vitoria-deve-estar-no-topo\/#primaryimage\",\"url\":\"https:\/\/portaltela.pt\/s.01k8rhncp4jt1\/2026\/04\/img_920x518uu2026-04-19-00-15-56-2433931-im-639121545694127521.jpg\",\"contentUrl\":\"https:\/\/portaltela.pt\/s.01k8rhncp4jt1\/2026\/04\/img_920x518uu2026-04-19-00-15-56-2433931-im-639121545694127521.jpg\",\"width\":796,\"height\":448,\"caption\":\"Gil Lameiras, treinador do V. Guimar\u00e3es\"},{\"@type\":\"BreadcrumbList\",\"@id\":\"https:\/\/portaltela.pt\/noticias\/2026\/04\/18\/gil-lameiras-diz-que-quem-representa-o-vitoria-deve-estar-no-topo\/#breadcrumb\",\"itemListElement\":[{\"@type\":\"ListItem\",\"position\":1,\"name\":\"In\u00edcio\",\"item\":\"https:\/\/portaltela.pt\/\"},{\"@type\":\"ListItem\",\"position\":2,\"name\":\"Gil Lameiras diz que quem representa o Vit\u00f3ria deve estar no topo\"}]},{\"@type\":\"WebSite\",\"@id\":\"https:\/\/portaltela.pt\/#website\",\"url\":\"https:\/\/portaltela.pt\/\",\"name\":\"Portal Tela Portugal\",\"description\":\"\",\"potentialAction\":[{\"@type\":\"SearchAction\",\"target\":{\"@type\":\"EntryPoint\",\"urlTemplate\":\"https:\/\/portaltela.pt\/?s={search_term_string}\"},\"query-input\":{\"@type\":\"PropertyValueSpecification\",\"valueRequired\":true,\"valueName\":\"search_term_string\"}}],\"inLanguage\":\"pt-PT\"},{\"@type\":\"Person\",\"@id\":\"https:\/\/portaltela.pt\/#\/schema\/person\/c4278d4a6028830caff9ee44b42d32ed\",\"name\":\"Telinha\",\"image\":{\"@type\":\"ImageObject\",\"inLanguage\":\"pt-PT\",\"@id\":\"https:\/\/portaltela.pt\/s.01k8rhncp4jt1\/2025\/11\/talking-bot-125x125.png\",\"url\":\"https:\/\/portaltela.pt\/s.01k8rhncp4jt1\/2025\/11\/talking-bot-125x125.png\",\"contentUrl\":\"https:\/\/portaltela.pt\/s.01k8rhncp4jt1\/2025\/11\/talking-bot-125x125.png\",\"caption\":\"Telinha\"},\"sameAs\":[\"https:\/\/portaltela.pt\/\"],\"url\":\"https:\/\/portaltela.pt\/por\/367410592786\/\"}]}<\/script>\n<!-- \/ Yoast SEO plugin. -->","yoast_head_json":{"title":"Gil Lameiras diz que quem representa o Vit\u00f3ria deve estar no topo - Portal Tela Portugal","robots":{"index":"index","follow":"follow","max-snippet":"max-snippet:-1","max-image-preview":"max-image-preview:large","max-video-preview":"max-video-preview:-1"},"og_locale":"pt_PT","og_type":"article","og_title":"Gil Lameiras diz que quem representa o Vit\u00f3ria deve estar no topo - Portal Tela Portugal","og_description":"O V. Guimar\u00e3es venceu fora de casa pela \u00faltima vez h\u00e1 quatro meses, ao bater o Gil Vicente por 1-0, no reduto barcelense. O triunfo foi elogiado pelo treinador Gil Lameiras, que disse ter sido a \u00fanica equipa que realmente procurou a vit\u00f3ria. Lameiras destacou que a \u00e9poca foi de instabilidade e que a vit\u00f3ria reflete a necessidade de pontos neste momento. O t\u00e9cnico dedicou a vit\u00f3ria \u00e0 fam\u00edlia vitoriana e aos adeptos, lembrando que o apoio fora da vila mostra o valor do bilhete. O treinador admitiu que a equipa ainda n\u00e3o est\u00e1 na imagem que pretende, com melhorias principalmente fora de campo e em pormenores t\u00e1ticos, mantendo o Vit\u00f3ria como clube que merece estar no topo.","og_url":"https:\/\/portaltela.pt\/noticias\/2026\/04\/18\/gil-lameiras-diz-que-quem-representa-o-vitoria-deve-estar-no-topo\/","og_site_name":"Portal Tela Portugal","article_published_time":"2026-04-19T00:17:02+00:00","author":"Telinha","twitter_card":"summary_large_image","twitter_misc":{"Escrito por":"Telinha","Tempo estimado de leitura":"1 minuto"},"schema":{"@context":"https:\/\/schema.org","@graph":[{"@type":"Article","@id":"https:\/\/portaltela.pt\/noticias\/2026\/04\/18\/gil-lameiras-diz-que-quem-representa-o-vitoria-deve-estar-no-topo\/#article","isPartOf":{"@id":"https:\/\/portaltela.pt\/noticias\/2026\/04\/18\/gil-lameiras-diz-que-quem-representa-o-vitoria-deve-estar-no-topo\/"},"author":{"name":"Telinha","@id":"https:\/\/portaltela.pt\/#\/schema\/person\/c4278d4a6028830caff9ee44b42d32ed"},"headline":"Gil Lameiras diz que quem representa o Vit\u00f3ria deve estar no topo","datePublished":"2026-04-19T00:17:02+00:00","mainEntityOfPage":{"@id":"https:\/\/portaltela.pt\/noticias\/2026\/04\/18\/gil-lameiras-diz-que-quem-representa-o-vitoria-deve-estar-no-topo\/"},"wordCount":236,"image":{"@id":"https:\/\/portaltela.pt\/noticias\/2026\/04\/18\/gil-lameiras-diz-que-quem-representa-o-vitoria-deve-estar-no-topo\/#primaryimage"},"thumbnailUrl":"https:\/\/portaltela.pt\/s.01k8rhncp4jt1\/2026\/04\/img_920x518uu2026-04-19-00-15-56-2433931-im-639121545694127521.jpg","keywords":["1. Liga","desporto","futebol","Gil Vicente","Guimar\u00e3es","Vit\u00f3ria"],"articleSection":["Desporto","Futebol"],"inLanguage":"pt-PT"},{"@type":"WebPage","@id":"https:\/\/portaltela.pt\/noticias\/2026\/04\/18\/gil-lameiras-diz-que-quem-representa-o-vitoria-deve-estar-no-topo\/","url":"https:\/\/portaltela.pt\/noticias\/2026\/04\/18\/gil-lameiras-diz-que-quem-representa-o-vitoria-deve-estar-no-topo\/","name":"Gil Lameiras diz que quem representa o Vit\u00f3ria deve estar no topo - Portal Tela Portugal","isPartOf":{"@id":"https:\/\/portaltela.pt\/#website"},"primaryImageOfPage":{"@id":"https:\/\/portaltela.pt\/noticias\/2026\/04\/18\/gil-lameiras-diz-que-quem-representa-o-vitoria-deve-estar-no-topo\/#primaryimage"},"image":{"@id":"https:\/\/portaltela.pt\/noticias\/2026\/04\/18\/gil-lameiras-diz-que-quem-representa-o-vitoria-deve-estar-no-topo\/#primaryimage"},"thumbnailUrl":"https:\/\/portaltela.pt\/s.01k8rhncp4jt1\/2026\/04\/img_920x518uu2026-04-19-00-15-56-2433931-im-639121545694127521.jpg","datePublished":"2026-04-19T00:17:02+00:00","author":{"@id":"https:\/\/portaltela.pt\/#\/schema\/person\/c4278d4a6028830caff9ee44b42d32ed"},"breadcrumb":{"@id":"https:\/\/portaltela.pt\/noticias\/2026\/04\/18\/gil-lameiras-diz-que-quem-representa-o-vitoria-deve-estar-no-topo\/#breadcrumb"},"inLanguage":"pt-PT","potentialAction":[{"@type":"ReadAction","target":["https:\/\/portaltela.pt\/noticias\/2026\/04\/18\/gil-lameiras-diz-que-quem-representa-o-vitoria-deve-estar-no-topo\/"]}]},{"@type":"ImageObject","inLanguage":"pt-PT","@id":"https:\/\/portaltela.pt\/noticias\/2026\/04\/18\/gil-lameiras-diz-que-quem-representa-o-vitoria-deve-estar-no-topo\/#primaryimage","url":"https:\/\/portaltela.pt\/s.01k8rhncp4jt1\/2026\/04\/img_920x518uu2026-04-19-00-15-56-2433931-im-639121545694127521.jpg","contentUrl":"https:\/\/portaltela.pt\/s.01k8rhncp4jt1\/2026\/04\/img_920x518uu2026-04-19-00-15-56-2433931-im-639121545694127521.jpg","width":796,"height":448,"caption":"Gil Lameiras, treinador do V. Guimar\u00e3es"},{"@type":"BreadcrumbList","@id":"https:\/\/portaltela.pt\/noticias\/2026\/04\/18\/gil-lameiras-diz-que-quem-representa-o-vitoria-deve-estar-no-topo\/#breadcrumb","itemListElement":[{"@type":"ListItem","position":1,"name":"In\u00edcio","item":"https:\/\/portaltela.pt\/"},{"@type":"ListItem","position":2,"name":"Gil Lameiras diz que quem representa o Vit\u00f3ria deve estar no topo"}]},{"@type":"WebSite","@id":"https:\/\/portaltela.pt\/#website","url":"https:\/\/portaltela.pt\/","name":"Portal Tela Portugal","description":"","potentialAction":[{"@type":"SearchAction","target":{"@type":"EntryPoint","urlTemplate":"https:\/\/portaltela.pt\/?s={search_term_string}"},"query-input":{"@type":"PropertyValueSpecification","valueRequired":true,"valueName":"search_term_string"}}],"inLanguage":"pt-PT"},{"@type":"Person","@id":"https:\/\/portaltela.pt\/#\/schema\/person\/c4278d4a6028830caff9ee44b42d32ed","name":"Telinha","image":{"@type":"ImageObject","inLanguage":"pt-PT","@id":"https:\/\/portaltela.pt\/s.01k8rhncp4jt1\/2025\/11\/talking-bot-125x125.png","url":"https:\/\/portaltela.pt\/s.01k8rhncp4jt1\/2025\/11\/talking-bot-125x125.png","contentUrl":"https:\/\/portaltela.pt\/s.01k8rhncp4jt1\/2025\/11\/talking-bot-125x125.png","caption":"Telinha"},"sameAs":["https:\/\/portaltela.pt\/"],"url":"https:\/\/portaltela.pt\/por\/367410592786\/"}]}},"_links":{"self":[{"href":"https:\/\/portaltela.pt\/api\/wp\/v2\/posts\/449288","targetHints":{"allow":["GET"]}}],"collection":[{"href":"https:\/\/portaltela.pt\/api\/wp\/v2\/posts"}],"about":[{"href":"https:\/\/portaltela.pt\/api\/wp\/v2\/types\/post"}],"author":[{"embeddable":true,"href":"https:\/\/portaltela.pt\/api\/wp\/v2\/users\/2"}],"replies":[{"embeddable":true,"href":"https:\/\/portaltela.pt\/api\/wp\/v2\/comments?post=449288"}],"version-history":[{"count":0,"href":"https:\/\/portaltela.pt\/api\/wp\/v2\/posts\/449288\/revisions"}],"wp:featuredmedia":[{"embeddable":true,"href":"https:\/\/portaltela.pt\/api\/wp\/v2\/media\/449290"}],"wp:attachment":[{"href":"https:\/\/portaltela.pt\/api\/wp\/v2\/media?parent=449288"}],"wp:term":[{"taxonomy":"category","embeddable":true,"href":"https:\/\/portaltela.pt\/api\/wp\/v2\/categories?post=449288"},{"taxonomy":"post_tag","embeddable":true,"href":"https:\/\/portaltela.pt\/api\/wp\/v2\/tags?post=449288"}],"curies":[{"name":"wp","href":"https:\/\/api.w.org\/{rel}","templated":true}]}}