{"id":449280,"date":"2026-04-18T21:20:00","date_gmt":"2026-04-19T00:20:00","guid":{"rendered":"https:\/\/portaltela.pt\/noticias\/2026\/04\/18\/memorial-desta-pascoa-recorda-vitimas-e-celebra-esperanca\/"},"modified":"2026-04-18T21:20:00","modified_gmt":"2026-04-19T00:20:00","slug":"memorial-desta-pascoa-recorda-vitimas-e-celebra-esperanca","status":"publish","type":"post","link":"https:\/\/portaltela.pt\/sociedade\/2026\/04\/18\/memorial-desta-pascoa-recorda-vitimas-e-celebra-esperanca\/","title":{"rendered":"Memorial desta P\u00e1scoa recorda v\u00edtimas e celebra esperan\u00e7a"},"content":{"rendered":"<p>O Memorial desta P\u00e1scoa aponta para uma realidade global: as guerras atuais afetam o mundo inteiro. O texto vinca que o tempo pascal, celebrado por crist\u00e3os, n\u00e3o pode ser isolado dos acontecimentos contempor\u00e2neos.<\/p>\n<p>O autor sustenta que a celebra\u00e7\u00e3o da f\u00e9 n\u00e3o deve ser apenas ritual, mas atravessar a vida di\u00e1ria. Ele defende que cada Domingo, no esquema da liturgia, deveria ter o tom de uma P\u00e1scoa viva durante toda a semana.<\/p>\n<p>Citado no contexto da reflex\u00e3o, Frederico Louren\u00e7o explicou numa entrevista que a paix\u00e3o e a ressurrei\u00e7\u00e3o de Jesus devem ser vividas em tempo real por cada pessoa, conectando f\u00e9 e realidade social. A data da entrevista mencionada \u00e9 05\/04\/2026.<\/p>\n<p>O artigo refor\u00e7a ainda que as celebra\u00e7\u00f5es religiosas n\u00e3o podem permanecer indiferentes aos acontecimentos atuais das sociedades, especialmente quando envolvem conflitos e sofrimento humano. A reflex\u00e3o prop\u00f5e uma leitura mais imediata da f\u00e9.<\/p>\n","protected":false},"excerpt":{"rendered":"<ul>\n<li>O tempo pascal \u00e9 celebrado e o autor defende que todos os Domingos deveriam ser pascais, influenciando a vida ao longo da semana.<\/li>\n<li>A ideia central \u00e9 que a paix\u00e3o e a ressurrei\u00e7\u00e3o de Jesus acontecem dentro de cada pessoa, em tempo real.<\/li>\n<li>Frederico Louren\u00e7o foi citado, numa entrevista \u00e0 Ecclesia, datada de 5 de abril de 2026.<\/li>\n<li>O texto afirma que as celebra\u00e7\u00f5es da f\u00e9 crist\u00e3 n\u00e3o podem ser indiferentes aos acontecimentos contempor\u00e2neos das sociedades.<\/li>\n<li>Os acontecimentos pascais s\u00e3o apresentados como relevantes para refletir sobre guerras que tocam o mundo inteiro.<\/li>\n<\/ul>\n","protected":false},"author":2,"featured_media":449284,"comment_status":"closed","ping_status":"closed","sticky":false,"template":"","format":"standard","meta":{"footnotes":""},"categories":[7384,6871],"tags":[254,105,126,7490,104,2318],"class_list":["post-449280","post","type-post","status-publish","format-standard","has-post-thumbnail","hentry","category-curiosidades","category-sociedade","tag-conflito","tag-cristianismo","tag-fe","tag-memoria-publica","tag-religiao","tag-sociedade"],"yoast_head":"<!-- This site is optimized with the Yoast SEO plugin v27.2 - https:\/\/yoast.com\/product\/yoast-seo-wordpress\/ -->\n<title>Memorial desta P\u00e1scoa recorda v\u00edtimas e celebra esperan\u00e7a - Portal Tela Portugal<\/title>\n<meta name=\"robots\" content=\"index, follow, max-snippet:-1, max-image-preview:large, max-video-preview:-1\" \/>\n<meta property=\"og:locale\" content=\"pt_PT\" \/>\n<meta property=\"og:type\" content=\"article\" \/>\n<meta property=\"og:title\" content=\"Memorial desta P\u00e1scoa recorda v\u00edtimas e celebra esperan\u00e7a - Portal Tela Portugal\" \/>\n<meta property=\"og:description\" content=\"O tempo pascal \u00e9 celebrado e o autor defende que todos os Domingos deveriam ser pascais, influenciando a vida ao longo da semana. A ideia central \u00e9 que a paix\u00e3o e a ressurrei\u00e7\u00e3o de Jesus acontecem dentro de cada pessoa, em tempo real. Frederico Louren\u00e7o foi citado, numa entrevista \u00e0 Ecclesia, datada de 5 de abril de 2026. O texto afirma que as celebra\u00e7\u00f5es da f\u00e9 crist\u00e3 n\u00e3o podem ser indiferentes aos acontecimentos contempor\u00e2neos das sociedades. Os acontecimentos pascais s\u00e3o apresentados como relevantes para refletir sobre guerras que tocam o mundo inteiro.\" \/>\n<meta property=\"og:url\" content=\"https:\/\/portaltela.pt\/noticias\/2026\/04\/18\/memorial-desta-pascoa-recorda-vitimas-e-celebra-esperanca\/\" \/>\n<meta property=\"og:site_name\" content=\"Portal Tela Portugal\" \/>\n<meta property=\"article:published_time\" content=\"2026-04-19T00:20:00+00:00\" \/>\n<meta name=\"author\" content=\"Telinha\" \/>\n<meta name=\"twitter:card\" content=\"summary_large_image\" \/>\n<meta name=\"twitter:label1\" content=\"Escrito por\" \/>\n\t<meta name=\"twitter:data1\" content=\"Telinha\" \/>\n\t<meta name=\"twitter:label2\" content=\"Tempo estimado de leitura\" \/>\n\t<meta name=\"twitter:data2\" content=\"1 minuto\" \/>\n<script type=\"application\/ld+json\" class=\"yoast-schema-graph\">{\"@context\":\"https:\/\/schema.org\",\"@graph\":[{\"@type\":\"Article\",\"@id\":\"https:\/\/portaltela.pt\/noticias\/2026\/04\/18\/memorial-desta-pascoa-recorda-vitimas-e-celebra-esperanca\/#article\",\"isPartOf\":{\"@id\":\"https:\/\/portaltela.pt\/noticias\/2026\/04\/18\/memorial-desta-pascoa-recorda-vitimas-e-celebra-esperanca\/\"},\"author\":{\"name\":\"Telinha\",\"@id\":\"https:\/\/portaltela.pt\/#\/schema\/person\/c4278d4a6028830caff9ee44b42d32ed\"},\"headline\":\"Memorial desta P\u00e1scoa recorda v\u00edtimas e celebra esperan\u00e7a\",\"datePublished\":\"2026-04-19T00:20:00+00:00\",\"mainEntityOfPage\":{\"@id\":\"https:\/\/portaltela.pt\/noticias\/2026\/04\/18\/memorial-desta-pascoa-recorda-vitimas-e-celebra-esperanca\/\"},\"wordCount\":170,\"image\":{\"@id\":\"https:\/\/portaltela.pt\/noticias\/2026\/04\/18\/memorial-desta-pascoa-recorda-vitimas-e-celebra-esperanca\/#primaryimage\"},\"thumbnailUrl\":\"https:\/\/portaltela.pt\/s.01k8rhncp4jt1\/2026\/04\/1739364.jpg\",\"keywords\":[\"conflito\",\"cristianismo\",\"f\u00e9\",\"mem\u00f3ria p\u00fablica\",\"religi\u00e3o\",\"sociedade\"],\"articleSection\":[\"Curiosidades\",\"Sociedade\"],\"inLanguage\":\"pt-PT\"},{\"@type\":\"WebPage\",\"@id\":\"https:\/\/portaltela.pt\/noticias\/2026\/04\/18\/memorial-desta-pascoa-recorda-vitimas-e-celebra-esperanca\/\",\"url\":\"https:\/\/portaltela.pt\/noticias\/2026\/04\/18\/memorial-desta-pascoa-recorda-vitimas-e-celebra-esperanca\/\",\"name\":\"Memorial desta P\u00e1scoa recorda v\u00edtimas e celebra esperan\u00e7a - Portal Tela Portugal\",\"isPartOf\":{\"@id\":\"https:\/\/portaltela.pt\/#website\"},\"primaryImageOfPage\":{\"@id\":\"https:\/\/portaltela.pt\/noticias\/2026\/04\/18\/memorial-desta-pascoa-recorda-vitimas-e-celebra-esperanca\/#primaryimage\"},\"image\":{\"@id\":\"https:\/\/portaltela.pt\/noticias\/2026\/04\/18\/memorial-desta-pascoa-recorda-vitimas-e-celebra-esperanca\/#primaryimage\"},\"thumbnailUrl\":\"https:\/\/portaltela.pt\/s.01k8rhncp4jt1\/2026\/04\/1739364.jpg\",\"datePublished\":\"2026-04-19T00:20:00+00:00\",\"author\":{\"@id\":\"https:\/\/portaltela.pt\/#\/schema\/person\/c4278d4a6028830caff9ee44b42d32ed\"},\"breadcrumb\":{\"@id\":\"https:\/\/portaltela.pt\/noticias\/2026\/04\/18\/memorial-desta-pascoa-recorda-vitimas-e-celebra-esperanca\/#breadcrumb\"},\"inLanguage\":\"pt-PT\",\"potentialAction\":[{\"@type\":\"ReadAction\",\"target\":[\"https:\/\/portaltela.pt\/noticias\/2026\/04\/18\/memorial-desta-pascoa-recorda-vitimas-e-celebra-esperanca\/\"]}]},{\"@type\":\"ImageObject\",\"inLanguage\":\"pt-PT\",\"@id\":\"https:\/\/portaltela.pt\/noticias\/2026\/04\/18\/memorial-desta-pascoa-recorda-vitimas-e-celebra-esperanca\/#primaryimage\",\"url\":\"https:\/\/portaltela.pt\/s.01k8rhncp4jt1\/2026\/04\/1739364.jpg\",\"contentUrl\":\"https:\/\/portaltela.pt\/s.01k8rhncp4jt1\/2026\/04\/1739364.jpg\",\"width\":796,\"height\":448,\"caption\":\"Photo\"},{\"@type\":\"BreadcrumbList\",\"@id\":\"https:\/\/portaltela.pt\/noticias\/2026\/04\/18\/memorial-desta-pascoa-recorda-vitimas-e-celebra-esperanca\/#breadcrumb\",\"itemListElement\":[{\"@type\":\"ListItem\",\"position\":1,\"name\":\"In\u00edcio\",\"item\":\"https:\/\/portaltela.pt\/\"},{\"@type\":\"ListItem\",\"position\":2,\"name\":\"Memorial desta P\u00e1scoa recorda v\u00edtimas e celebra esperan\u00e7a\"}]},{\"@type\":\"WebSite\",\"@id\":\"https:\/\/portaltela.pt\/#website\",\"url\":\"https:\/\/portaltela.pt\/\",\"name\":\"Portal Tela Portugal\",\"description\":\"\",\"potentialAction\":[{\"@type\":\"SearchAction\",\"target\":{\"@type\":\"EntryPoint\",\"urlTemplate\":\"https:\/\/portaltela.pt\/?s={search_term_string}\"},\"query-input\":{\"@type\":\"PropertyValueSpecification\",\"valueRequired\":true,\"valueName\":\"search_term_string\"}}],\"inLanguage\":\"pt-PT\"},{\"@type\":\"Person\",\"@id\":\"https:\/\/portaltela.pt\/#\/schema\/person\/c4278d4a6028830caff9ee44b42d32ed\",\"name\":\"Telinha\",\"image\":{\"@type\":\"ImageObject\",\"inLanguage\":\"pt-PT\",\"@id\":\"https:\/\/portaltela.pt\/s.01k8rhncp4jt1\/2025\/11\/talking-bot-125x125.png\",\"url\":\"https:\/\/portaltela.pt\/s.01k8rhncp4jt1\/2025\/11\/talking-bot-125x125.png\",\"contentUrl\":\"https:\/\/portaltela.pt\/s.01k8rhncp4jt1\/2025\/11\/talking-bot-125x125.png\",\"caption\":\"Telinha\"},\"sameAs\":[\"https:\/\/portaltela.pt\/\"],\"url\":\"https:\/\/portaltela.pt\/por\/367410592786\/\"}]}<\/script>\n<!-- \/ Yoast SEO plugin. -->","yoast_head_json":{"title":"Memorial desta P\u00e1scoa recorda v\u00edtimas e celebra esperan\u00e7a - Portal Tela Portugal","robots":{"index":"index","follow":"follow","max-snippet":"max-snippet:-1","max-image-preview":"max-image-preview:large","max-video-preview":"max-video-preview:-1"},"og_locale":"pt_PT","og_type":"article","og_title":"Memorial desta P\u00e1scoa recorda v\u00edtimas e celebra esperan\u00e7a - Portal Tela Portugal","og_description":"O tempo pascal \u00e9 celebrado e o autor defende que todos os Domingos deveriam ser pascais, influenciando a vida ao longo da semana. A ideia central \u00e9 que a paix\u00e3o e a ressurrei\u00e7\u00e3o de Jesus acontecem dentro de cada pessoa, em tempo real. Frederico Louren\u00e7o foi citado, numa entrevista \u00e0 Ecclesia, datada de 5 de abril de 2026. O texto afirma que as celebra\u00e7\u00f5es da f\u00e9 crist\u00e3 n\u00e3o podem ser indiferentes aos acontecimentos contempor\u00e2neos das sociedades. Os acontecimentos pascais s\u00e3o apresentados como relevantes para refletir sobre guerras que tocam o mundo inteiro.","og_url":"https:\/\/portaltela.pt\/noticias\/2026\/04\/18\/memorial-desta-pascoa-recorda-vitimas-e-celebra-esperanca\/","og_site_name":"Portal Tela Portugal","article_published_time":"2026-04-19T00:20:00+00:00","author":"Telinha","twitter_card":"summary_large_image","twitter_misc":{"Escrito por":"Telinha","Tempo estimado de leitura":"1 minuto"},"schema":{"@context":"https:\/\/schema.org","@graph":[{"@type":"Article","@id":"https:\/\/portaltela.pt\/noticias\/2026\/04\/18\/memorial-desta-pascoa-recorda-vitimas-e-celebra-esperanca\/#article","isPartOf":{"@id":"https:\/\/portaltela.pt\/noticias\/2026\/04\/18\/memorial-desta-pascoa-recorda-vitimas-e-celebra-esperanca\/"},"author":{"name":"Telinha","@id":"https:\/\/portaltela.pt\/#\/schema\/person\/c4278d4a6028830caff9ee44b42d32ed"},"headline":"Memorial desta P\u00e1scoa recorda v\u00edtimas e celebra esperan\u00e7a","datePublished":"2026-04-19T00:20:00+00:00","mainEntityOfPage":{"@id":"https:\/\/portaltela.pt\/noticias\/2026\/04\/18\/memorial-desta-pascoa-recorda-vitimas-e-celebra-esperanca\/"},"wordCount":170,"image":{"@id":"https:\/\/portaltela.pt\/noticias\/2026\/04\/18\/memorial-desta-pascoa-recorda-vitimas-e-celebra-esperanca\/#primaryimage"},"thumbnailUrl":"https:\/\/portaltela.pt\/s.01k8rhncp4jt1\/2026\/04\/1739364.jpg","keywords":["conflito","cristianismo","f\u00e9","mem\u00f3ria p\u00fablica","religi\u00e3o","sociedade"],"articleSection":["Curiosidades","Sociedade"],"inLanguage":"pt-PT"},{"@type":"WebPage","@id":"https:\/\/portaltela.pt\/noticias\/2026\/04\/18\/memorial-desta-pascoa-recorda-vitimas-e-celebra-esperanca\/","url":"https:\/\/portaltela.pt\/noticias\/2026\/04\/18\/memorial-desta-pascoa-recorda-vitimas-e-celebra-esperanca\/","name":"Memorial desta P\u00e1scoa recorda v\u00edtimas e celebra esperan\u00e7a - Portal Tela Portugal","isPartOf":{"@id":"https:\/\/portaltela.pt\/#website"},"primaryImageOfPage":{"@id":"https:\/\/portaltela.pt\/noticias\/2026\/04\/18\/memorial-desta-pascoa-recorda-vitimas-e-celebra-esperanca\/#primaryimage"},"image":{"@id":"https:\/\/portaltela.pt\/noticias\/2026\/04\/18\/memorial-desta-pascoa-recorda-vitimas-e-celebra-esperanca\/#primaryimage"},"thumbnailUrl":"https:\/\/portaltela.pt\/s.01k8rhncp4jt1\/2026\/04\/1739364.jpg","datePublished":"2026-04-19T00:20:00+00:00","author":{"@id":"https:\/\/portaltela.pt\/#\/schema\/person\/c4278d4a6028830caff9ee44b42d32ed"},"breadcrumb":{"@id":"https:\/\/portaltela.pt\/noticias\/2026\/04\/18\/memorial-desta-pascoa-recorda-vitimas-e-celebra-esperanca\/#breadcrumb"},"inLanguage":"pt-PT","potentialAction":[{"@type":"ReadAction","target":["https:\/\/portaltela.pt\/noticias\/2026\/04\/18\/memorial-desta-pascoa-recorda-vitimas-e-celebra-esperanca\/"]}]},{"@type":"ImageObject","inLanguage":"pt-PT","@id":"https:\/\/portaltela.pt\/noticias\/2026\/04\/18\/memorial-desta-pascoa-recorda-vitimas-e-celebra-esperanca\/#primaryimage","url":"https:\/\/portaltela.pt\/s.01k8rhncp4jt1\/2026\/04\/1739364.jpg","contentUrl":"https:\/\/portaltela.pt\/s.01k8rhncp4jt1\/2026\/04\/1739364.jpg","width":796,"height":448,"caption":"Photo"},{"@type":"BreadcrumbList","@id":"https:\/\/portaltela.pt\/noticias\/2026\/04\/18\/memorial-desta-pascoa-recorda-vitimas-e-celebra-esperanca\/#breadcrumb","itemListElement":[{"@type":"ListItem","position":1,"name":"In\u00edcio","item":"https:\/\/portaltela.pt\/"},{"@type":"ListItem","position":2,"name":"Memorial desta P\u00e1scoa recorda v\u00edtimas e celebra esperan\u00e7a"}]},{"@type":"WebSite","@id":"https:\/\/portaltela.pt\/#website","url":"https:\/\/portaltela.pt\/","name":"Portal Tela Portugal","description":"","potentialAction":[{"@type":"SearchAction","target":{"@type":"EntryPoint","urlTemplate":"https:\/\/portaltela.pt\/?s={search_term_string}"},"query-input":{"@type":"PropertyValueSpecification","valueRequired":true,"valueName":"search_term_string"}}],"inLanguage":"pt-PT"},{"@type":"Person","@id":"https:\/\/portaltela.pt\/#\/schema\/person\/c4278d4a6028830caff9ee44b42d32ed","name":"Telinha","image":{"@type":"ImageObject","inLanguage":"pt-PT","@id":"https:\/\/portaltela.pt\/s.01k8rhncp4jt1\/2025\/11\/talking-bot-125x125.png","url":"https:\/\/portaltela.pt\/s.01k8rhncp4jt1\/2025\/11\/talking-bot-125x125.png","contentUrl":"https:\/\/portaltela.pt\/s.01k8rhncp4jt1\/2025\/11\/talking-bot-125x125.png","caption":"Telinha"},"sameAs":["https:\/\/portaltela.pt\/"],"url":"https:\/\/portaltela.pt\/por\/367410592786\/"}]}},"_links":{"self":[{"href":"https:\/\/portaltela.pt\/api\/wp\/v2\/posts\/449280","targetHints":{"allow":["GET"]}}],"collection":[{"href":"https:\/\/portaltela.pt\/api\/wp\/v2\/posts"}],"about":[{"href":"https:\/\/portaltela.pt\/api\/wp\/v2\/types\/post"}],"author":[{"embeddable":true,"href":"https:\/\/portaltela.pt\/api\/wp\/v2\/users\/2"}],"replies":[{"embeddable":true,"href":"https:\/\/portaltela.pt\/api\/wp\/v2\/comments?post=449280"}],"version-history":[{"count":0,"href":"https:\/\/portaltela.pt\/api\/wp\/v2\/posts\/449280\/revisions"}],"wp:featuredmedia":[{"embeddable":true,"href":"https:\/\/portaltela.pt\/api\/wp\/v2\/media\/449284"}],"wp:attachment":[{"href":"https:\/\/portaltela.pt\/api\/wp\/v2\/media?parent=449280"}],"wp:term":[{"taxonomy":"category","embeddable":true,"href":"https:\/\/portaltela.pt\/api\/wp\/v2\/categories?post=449280"},{"taxonomy":"post_tag","embeddable":true,"href":"https:\/\/portaltela.pt\/api\/wp\/v2\/tags?post=449280"}],"curies":[{"name":"wp","href":"https:\/\/api.w.org\/{rel}","templated":true}]}}