{"id":449248,"date":"2026-04-18T09:12:00","date_gmt":"2026-04-18T12:12:00","guid":{"rendered":"https:\/\/portaltela.pt\/noticias\/2026\/04\/18\/linha-rubi-do-porto-e-nova-ponte-no-douro-adiadas-para-2028\/"},"modified":"2026-04-18T09:12:00","modified_gmt":"2026-04-18T12:12:00","slug":"linha-rubi-do-porto-e-nova-ponte-no-douro-adiadas-para-2028","status":"publish","type":"post","link":"https:\/\/portaltela.pt\/noticias\/economia\/2026\/04\/18\/linha-rubi-do-porto-e-nova-ponte-no-douro-adiadas-para-2028\/","title":{"rendered":"Linha Rubi do Porto e nova ponte no Douro adiadas para 2028"},"content":{"rendered":"<p>A Linha Rubi do Metro do Porto e a nova ponte sobre o Douro ficam atrasadas, com o funcionamento total marcado para 2028, segundo cronograma oficial. O tra\u00e7ado liga a Casa da M\u00fasica, no Porto, a Santo Ov\u00eddio, em Gaia, com conclus\u00e3o das obras prevista para julho de 2028 e fase de pr\u00e9-opera\u00e7\u00e3o em junho do mesmo ano.<\/p>\n<p>O cronograma divulgado aponta ainda que a ponte entre Porto e Gaia ser\u00e1 conclu\u00edda em mar\u00e7o de 2028, quatro meses antes, e que o tunelamento ter\u00e1 t\u00e9rmino ao longo do pr\u00f3ximo ano. O documento tamb\u00e9m coloca em causa a elegibilidade do projeto ao PRR, que exige finaliza\u00e7\u00e3o at\u00e9 2026.<\/p>\n<p>A primeira viatura dever\u00e1 ser entregue em janeiro de 2027, com 21 unidades adicionais at\u00e9 abril e testes at\u00e9 julho de 2027. O conjunto da Linha Rubi ter\u00e1 6,4 quil\u00f3metros e oito esta\u00e7\u00f5es, com investimento de 487,9 milh\u00f5es de euros, j\u00e1 ajustado face a custos adicionais.<\/p>\n<h3>Atrasos e financiamento<\/h3>\n<p>Foi lan\u00e7ado um novo concurso para o sistema de sinaliza\u00e7\u00e3o, com pre\u00e7o-base de 24 milh\u00f5es de euros, ap\u00f3s o anterior n\u00e3o ter recebido propostas v\u00e1lidas. O contrato de sinaliza\u00e7\u00e3o contempla opera\u00e7\u00e3o sem condutor em dez ve\u00edculos, num total de 88 meses, incluindo manuten\u00e7\u00e3o.<\/p>\n<p>O presidente da Metro do Porto, Em\u00eddio Gomes, confirmou que houve necessidade de reavaliar o planeamento antes de fixar datas concretas. Anteriormente, o ex-presidente Tiago Braga indicava conclus\u00e3o da linha at\u00e9 2026 sem a ponte.<\/p>\n<p>O projeto inclui ainda obras de access\u00f3rio, como a conclus\u00e3o de t\u00faneis no Porto (Campo Alegre) e em Gaia (Santo Ov\u00eddio a Devesas), estimadas para daqui a cerca de um ano, elevando a complexidade e o tempo de implementa\u00e7\u00e3o.<\/p>\n","protected":false},"excerpt":{"rendered":"<ul>\n<li>A Linha Rubi do Metro do Porto, que ligar\u00e1 Casa da M\u00fasica, no Porto, a Santo Ov\u00eddio, em Gaia, e a nova ponte sobre o Douro atrasam-se para o Ver\u00e3o de 2028.<\/li>\n<li>A ponte entre Porto e Gaia tamb\u00e9m ficou atrasada, com conclus\u00e3o prevista para mar\u00e7o de 2028.<\/li>\n<li>O cronograma oficial aponta fim das obras a 22 de julho de 2028, com a fase de pr\u00e9-opera\u00e7\u00e3o prevista para junho desse ano.<\/li>\n<li>As obras incluem t\u00faneis no Porto (Campo Alegre) e em Gaia (Santo Ov\u00eddio a Devesas) e levantam d\u00favidas sobre o financiamento pelo Plano de Recupera\u00e7\u00e3o e Resili\u00eancia, que exige conclus\u00e3o at\u00e9 2026.<\/li>\n<li>Em termos de material circulante, o primeiro ve\u00edculo chega em janeiro de 2027, com mais 21 at\u00e9 abril; a linha ter\u00e1 6,4 quil\u00f3metros e oito esta\u00e7\u00f5es, num investimento de 487,9 milh\u00f5es de euros; h\u00e1 um novo concurso para o sistema de sinaliza\u00e7\u00e3o, de 24 milh\u00f5es de euros, com contrato de 88 meses.<\/li>\n<\/ul>\n","protected":false},"author":2,"featured_media":449250,"comment_status":"closed","ping_status":"closed","sticky":false,"template":"","format":"standard","meta":{"footnotes":""},"categories":[2,1],"tags":[5228,5596,3683,2417,5795,982],"class_list":["post-449248","post","type-post","status-publish","format-standard","has-post-thumbnail","hentry","category-economia","category-noticias","tag-area-metropolitana-de-porto","tag-atrasos","tag-comboios","tag-financiamento","tag-linha","tag-porto"],"yoast_head":"<!-- This site is optimized with the Yoast SEO plugin v27.2 - https:\/\/yoast.com\/product\/yoast-seo-wordpress\/ -->\n<title>Linha Rubi do Porto e nova ponte no Douro adiadas para 2028 - Portal Tela Portugal<\/title>\n<meta name=\"robots\" content=\"index, follow, max-snippet:-1, max-image-preview:large, max-video-preview:-1\" \/>\n<meta property=\"og:locale\" content=\"pt_PT\" \/>\n<meta property=\"og:type\" content=\"article\" \/>\n<meta property=\"og:title\" content=\"Linha Rubi do Porto e nova ponte no Douro adiadas para 2028 - Portal Tela Portugal\" \/>\n<meta property=\"og:description\" content=\"A Linha Rubi do Metro do Porto, que ligar\u00e1 Casa da M\u00fasica, no Porto, a Santo Ov\u00eddio, em Gaia, e a nova ponte sobre o Douro atrasam-se para o Ver\u00e3o de 2028. A ponte entre Porto e Gaia tamb\u00e9m ficou atrasada, com conclus\u00e3o prevista para mar\u00e7o de 2028. O cronograma oficial aponta fim das obras a 22 de julho de 2028, com a fase de pr\u00e9-opera\u00e7\u00e3o prevista para junho desse ano. As obras incluem t\u00faneis no Porto (Campo Alegre) e em Gaia (Santo Ov\u00eddio a Devesas) e levantam d\u00favidas sobre o financiamento pelo Plano de Recupera\u00e7\u00e3o e Resili\u00eancia, que exige conclus\u00e3o at\u00e9 2026. Em termos de material circulante, o primeiro ve\u00edculo chega em janeiro de 2027, com mais 21 at\u00e9 abril; a linha ter\u00e1 6,4 quil\u00f3metros e oito esta\u00e7\u00f5es, num investimento de 487,9 milh\u00f5es de euros; h\u00e1 um novo concurso para o sistema de sinaliza\u00e7\u00e3o, de 24 milh\u00f5es de euros, com contrato de 88 meses.\" \/>\n<meta property=\"og:url\" content=\"https:\/\/portaltela.pt\/noticias\/2026\/04\/18\/linha-rubi-do-porto-e-nova-ponte-no-douro-adiadas-para-2028\/\" \/>\n<meta property=\"og:site_name\" content=\"Portal Tela Portugal\" \/>\n<meta property=\"article:published_time\" content=\"2026-04-18T12:12:00+00:00\" \/>\n<meta name=\"author\" content=\"Telinha\" \/>\n<meta name=\"twitter:card\" content=\"summary_large_image\" \/>\n<meta name=\"twitter:label1\" content=\"Escrito por\" \/>\n\t<meta name=\"twitter:data1\" content=\"Telinha\" \/>\n\t<meta name=\"twitter:label2\" content=\"Tempo estimado de leitura\" \/>\n\t<meta name=\"twitter:data2\" content=\"1 minuto\" \/>\n<script type=\"application\/ld+json\" class=\"yoast-schema-graph\">{\"@context\":\"https:\/\/schema.org\",\"@graph\":[{\"@type\":\"Article\",\"@id\":\"https:\/\/portaltela.pt\/noticias\/2026\/04\/18\/linha-rubi-do-porto-e-nova-ponte-no-douro-adiadas-para-2028\/#article\",\"isPartOf\":{\"@id\":\"https:\/\/portaltela.pt\/noticias\/2026\/04\/18\/linha-rubi-do-porto-e-nova-ponte-no-douro-adiadas-para-2028\/\"},\"author\":{\"name\":\"Telinha\",\"@id\":\"https:\/\/portaltela.pt\/#\/schema\/person\/c4278d4a6028830caff9ee44b42d32ed\"},\"headline\":\"Linha Rubi do Porto e nova ponte no Douro adiadas para 2028\",\"datePublished\":\"2026-04-18T12:12:00+00:00\",\"mainEntityOfPage\":{\"@id\":\"https:\/\/portaltela.pt\/noticias\/2026\/04\/18\/linha-rubi-do-porto-e-nova-ponte-no-douro-adiadas-para-2028\/\"},\"wordCount\":305,\"image\":{\"@id\":\"https:\/\/portaltela.pt\/noticias\/2026\/04\/18\/linha-rubi-do-porto-e-nova-ponte-no-douro-adiadas-para-2028\/#primaryimage\"},\"thumbnailUrl\":\"https:\/\/portaltela.pt\/s.01k8rhncp4jt1\/2026\/04\/2082323.jpg\",\"keywords\":[\"\u00c1rea Metropolitana de Porto\",\"atrasos\",\"comboios\",\"financiamento\",\"Linha\",\"Porto\"],\"articleSection\":[\"Economia\",\"Not\u00edcias\"],\"inLanguage\":\"pt-PT\"},{\"@type\":\"WebPage\",\"@id\":\"https:\/\/portaltela.pt\/noticias\/2026\/04\/18\/linha-rubi-do-porto-e-nova-ponte-no-douro-adiadas-para-2028\/\",\"url\":\"https:\/\/portaltela.pt\/noticias\/2026\/04\/18\/linha-rubi-do-porto-e-nova-ponte-no-douro-adiadas-para-2028\/\",\"name\":\"Linha Rubi do Porto e nova ponte no Douro adiadas para 2028 - Portal Tela Portugal\",\"isPartOf\":{\"@id\":\"https:\/\/portaltela.pt\/#website\"},\"primaryImageOfPage\":{\"@id\":\"https:\/\/portaltela.pt\/noticias\/2026\/04\/18\/linha-rubi-do-porto-e-nova-ponte-no-douro-adiadas-para-2028\/#primaryimage\"},\"image\":{\"@id\":\"https:\/\/portaltela.pt\/noticias\/2026\/04\/18\/linha-rubi-do-porto-e-nova-ponte-no-douro-adiadas-para-2028\/#primaryimage\"},\"thumbnailUrl\":\"https:\/\/portaltela.pt\/s.01k8rhncp4jt1\/2026\/04\/2082323.jpg\",\"datePublished\":\"2026-04-18T12:12:00+00:00\",\"author\":{\"@id\":\"https:\/\/portaltela.pt\/#\/schema\/person\/c4278d4a6028830caff9ee44b42d32ed\"},\"breadcrumb\":{\"@id\":\"https:\/\/portaltela.pt\/noticias\/2026\/04\/18\/linha-rubi-do-porto-e-nova-ponte-no-douro-adiadas-para-2028\/#breadcrumb\"},\"inLanguage\":\"pt-PT\",\"potentialAction\":[{\"@type\":\"ReadAction\",\"target\":[\"https:\/\/portaltela.pt\/noticias\/2026\/04\/18\/linha-rubi-do-porto-e-nova-ponte-no-douro-adiadas-para-2028\/\"]}]},{\"@type\":\"ImageObject\",\"inLanguage\":\"pt-PT\",\"@id\":\"https:\/\/portaltela.pt\/noticias\/2026\/04\/18\/linha-rubi-do-porto-e-nova-ponte-no-douro-adiadas-para-2028\/#primaryimage\",\"url\":\"https:\/\/portaltela.pt\/s.01k8rhncp4jt1\/2026\/04\/2082323.jpg\",\"contentUrl\":\"https:\/\/portaltela.pt\/s.01k8rhncp4jt1\/2026\/04\/2082323.jpg\",\"width\":796,\"height\":448,\"caption\":\"A Linha Rubi, com 6,4 km e oito esta\u00e7\u00f5es, inclui uma nova travessia sobre o Douro\"},{\"@type\":\"BreadcrumbList\",\"@id\":\"https:\/\/portaltela.pt\/noticias\/2026\/04\/18\/linha-rubi-do-porto-e-nova-ponte-no-douro-adiadas-para-2028\/#breadcrumb\",\"itemListElement\":[{\"@type\":\"ListItem\",\"position\":1,\"name\":\"In\u00edcio\",\"item\":\"https:\/\/portaltela.pt\/\"},{\"@type\":\"ListItem\",\"position\":2,\"name\":\"Linha Rubi do Porto e nova ponte no Douro adiadas para 2028\"}]},{\"@type\":\"WebSite\",\"@id\":\"https:\/\/portaltela.pt\/#website\",\"url\":\"https:\/\/portaltela.pt\/\",\"name\":\"Portal Tela Portugal\",\"description\":\"\",\"potentialAction\":[{\"@type\":\"SearchAction\",\"target\":{\"@type\":\"EntryPoint\",\"urlTemplate\":\"https:\/\/portaltela.pt\/?s={search_term_string}\"},\"query-input\":{\"@type\":\"PropertyValueSpecification\",\"valueRequired\":true,\"valueName\":\"search_term_string\"}}],\"inLanguage\":\"pt-PT\"},{\"@type\":\"Person\",\"@id\":\"https:\/\/portaltela.pt\/#\/schema\/person\/c4278d4a6028830caff9ee44b42d32ed\",\"name\":\"Telinha\",\"image\":{\"@type\":\"ImageObject\",\"inLanguage\":\"pt-PT\",\"@id\":\"https:\/\/portaltela.pt\/s.01k8rhncp4jt1\/2025\/11\/talking-bot-125x125.png\",\"url\":\"https:\/\/portaltela.pt\/s.01k8rhncp4jt1\/2025\/11\/talking-bot-125x125.png\",\"contentUrl\":\"https:\/\/portaltela.pt\/s.01k8rhncp4jt1\/2025\/11\/talking-bot-125x125.png\",\"caption\":\"Telinha\"},\"sameAs\":[\"https:\/\/portaltela.pt\/\"],\"url\":\"https:\/\/portaltela.pt\/por\/367410592786\/\"}]}<\/script>\n<!-- \/ Yoast SEO plugin. -->","yoast_head_json":{"title":"Linha Rubi do Porto e nova ponte no Douro adiadas para 2028 - Portal Tela Portugal","robots":{"index":"index","follow":"follow","max-snippet":"max-snippet:-1","max-image-preview":"max-image-preview:large","max-video-preview":"max-video-preview:-1"},"og_locale":"pt_PT","og_type":"article","og_title":"Linha Rubi do Porto e nova ponte no Douro adiadas para 2028 - Portal Tela Portugal","og_description":"A Linha Rubi do Metro do Porto, que ligar\u00e1 Casa da M\u00fasica, no Porto, a Santo Ov\u00eddio, em Gaia, e a nova ponte sobre o Douro atrasam-se para o Ver\u00e3o de 2028. A ponte entre Porto e Gaia tamb\u00e9m ficou atrasada, com conclus\u00e3o prevista para mar\u00e7o de 2028. O cronograma oficial aponta fim das obras a 22 de julho de 2028, com a fase de pr\u00e9-opera\u00e7\u00e3o prevista para junho desse ano. As obras incluem t\u00faneis no Porto (Campo Alegre) e em Gaia (Santo Ov\u00eddio a Devesas) e levantam d\u00favidas sobre o financiamento pelo Plano de Recupera\u00e7\u00e3o e Resili\u00eancia, que exige conclus\u00e3o at\u00e9 2026. Em termos de material circulante, o primeiro ve\u00edculo chega em janeiro de 2027, com mais 21 at\u00e9 abril; a linha ter\u00e1 6,4 quil\u00f3metros e oito esta\u00e7\u00f5es, num investimento de 487,9 milh\u00f5es de euros; h\u00e1 um novo concurso para o sistema de sinaliza\u00e7\u00e3o, de 24 milh\u00f5es de euros, com contrato de 88 meses.","og_url":"https:\/\/portaltela.pt\/noticias\/2026\/04\/18\/linha-rubi-do-porto-e-nova-ponte-no-douro-adiadas-para-2028\/","og_site_name":"Portal Tela Portugal","article_published_time":"2026-04-18T12:12:00+00:00","author":"Telinha","twitter_card":"summary_large_image","twitter_misc":{"Escrito por":"Telinha","Tempo estimado de leitura":"1 minuto"},"schema":{"@context":"https:\/\/schema.org","@graph":[{"@type":"Article","@id":"https:\/\/portaltela.pt\/noticias\/2026\/04\/18\/linha-rubi-do-porto-e-nova-ponte-no-douro-adiadas-para-2028\/#article","isPartOf":{"@id":"https:\/\/portaltela.pt\/noticias\/2026\/04\/18\/linha-rubi-do-porto-e-nova-ponte-no-douro-adiadas-para-2028\/"},"author":{"name":"Telinha","@id":"https:\/\/portaltela.pt\/#\/schema\/person\/c4278d4a6028830caff9ee44b42d32ed"},"headline":"Linha Rubi do Porto e nova ponte no Douro adiadas para 2028","datePublished":"2026-04-18T12:12:00+00:00","mainEntityOfPage":{"@id":"https:\/\/portaltela.pt\/noticias\/2026\/04\/18\/linha-rubi-do-porto-e-nova-ponte-no-douro-adiadas-para-2028\/"},"wordCount":305,"image":{"@id":"https:\/\/portaltela.pt\/noticias\/2026\/04\/18\/linha-rubi-do-porto-e-nova-ponte-no-douro-adiadas-para-2028\/#primaryimage"},"thumbnailUrl":"https:\/\/portaltela.pt\/s.01k8rhncp4jt1\/2026\/04\/2082323.jpg","keywords":["\u00c1rea Metropolitana de Porto","atrasos","comboios","financiamento","Linha","Porto"],"articleSection":["Economia","Not\u00edcias"],"inLanguage":"pt-PT"},{"@type":"WebPage","@id":"https:\/\/portaltela.pt\/noticias\/2026\/04\/18\/linha-rubi-do-porto-e-nova-ponte-no-douro-adiadas-para-2028\/","url":"https:\/\/portaltela.pt\/noticias\/2026\/04\/18\/linha-rubi-do-porto-e-nova-ponte-no-douro-adiadas-para-2028\/","name":"Linha Rubi do Porto e nova ponte no Douro adiadas para 2028 - Portal Tela Portugal","isPartOf":{"@id":"https:\/\/portaltela.pt\/#website"},"primaryImageOfPage":{"@id":"https:\/\/portaltela.pt\/noticias\/2026\/04\/18\/linha-rubi-do-porto-e-nova-ponte-no-douro-adiadas-para-2028\/#primaryimage"},"image":{"@id":"https:\/\/portaltela.pt\/noticias\/2026\/04\/18\/linha-rubi-do-porto-e-nova-ponte-no-douro-adiadas-para-2028\/#primaryimage"},"thumbnailUrl":"https:\/\/portaltela.pt\/s.01k8rhncp4jt1\/2026\/04\/2082323.jpg","datePublished":"2026-04-18T12:12:00+00:00","author":{"@id":"https:\/\/portaltela.pt\/#\/schema\/person\/c4278d4a6028830caff9ee44b42d32ed"},"breadcrumb":{"@id":"https:\/\/portaltela.pt\/noticias\/2026\/04\/18\/linha-rubi-do-porto-e-nova-ponte-no-douro-adiadas-para-2028\/#breadcrumb"},"inLanguage":"pt-PT","potentialAction":[{"@type":"ReadAction","target":["https:\/\/portaltela.pt\/noticias\/2026\/04\/18\/linha-rubi-do-porto-e-nova-ponte-no-douro-adiadas-para-2028\/"]}]},{"@type":"ImageObject","inLanguage":"pt-PT","@id":"https:\/\/portaltela.pt\/noticias\/2026\/04\/18\/linha-rubi-do-porto-e-nova-ponte-no-douro-adiadas-para-2028\/#primaryimage","url":"https:\/\/portaltela.pt\/s.01k8rhncp4jt1\/2026\/04\/2082323.jpg","contentUrl":"https:\/\/portaltela.pt\/s.01k8rhncp4jt1\/2026\/04\/2082323.jpg","width":796,"height":448,"caption":"A Linha Rubi, com 6,4 km e oito esta\u00e7\u00f5es, inclui uma nova travessia sobre o Douro"},{"@type":"BreadcrumbList","@id":"https:\/\/portaltela.pt\/noticias\/2026\/04\/18\/linha-rubi-do-porto-e-nova-ponte-no-douro-adiadas-para-2028\/#breadcrumb","itemListElement":[{"@type":"ListItem","position":1,"name":"In\u00edcio","item":"https:\/\/portaltela.pt\/"},{"@type":"ListItem","position":2,"name":"Linha Rubi do Porto e nova ponte no Douro adiadas para 2028"}]},{"@type":"WebSite","@id":"https:\/\/portaltela.pt\/#website","url":"https:\/\/portaltela.pt\/","name":"Portal Tela Portugal","description":"","potentialAction":[{"@type":"SearchAction","target":{"@type":"EntryPoint","urlTemplate":"https:\/\/portaltela.pt\/?s={search_term_string}"},"query-input":{"@type":"PropertyValueSpecification","valueRequired":true,"valueName":"search_term_string"}}],"inLanguage":"pt-PT"},{"@type":"Person","@id":"https:\/\/portaltela.pt\/#\/schema\/person\/c4278d4a6028830caff9ee44b42d32ed","name":"Telinha","image":{"@type":"ImageObject","inLanguage":"pt-PT","@id":"https:\/\/portaltela.pt\/s.01k8rhncp4jt1\/2025\/11\/talking-bot-125x125.png","url":"https:\/\/portaltela.pt\/s.01k8rhncp4jt1\/2025\/11\/talking-bot-125x125.png","contentUrl":"https:\/\/portaltela.pt\/s.01k8rhncp4jt1\/2025\/11\/talking-bot-125x125.png","caption":"Telinha"},"sameAs":["https:\/\/portaltela.pt\/"],"url":"https:\/\/portaltela.pt\/por\/367410592786\/"}]}},"_links":{"self":[{"href":"https:\/\/portaltela.pt\/api\/wp\/v2\/posts\/449248","targetHints":{"allow":["GET"]}}],"collection":[{"href":"https:\/\/portaltela.pt\/api\/wp\/v2\/posts"}],"about":[{"href":"https:\/\/portaltela.pt\/api\/wp\/v2\/types\/post"}],"author":[{"embeddable":true,"href":"https:\/\/portaltela.pt\/api\/wp\/v2\/users\/2"}],"replies":[{"embeddable":true,"href":"https:\/\/portaltela.pt\/api\/wp\/v2\/comments?post=449248"}],"version-history":[{"count":0,"href":"https:\/\/portaltela.pt\/api\/wp\/v2\/posts\/449248\/revisions"}],"wp:featuredmedia":[{"embeddable":true,"href":"https:\/\/portaltela.pt\/api\/wp\/v2\/media\/449250"}],"wp:attachment":[{"href":"https:\/\/portaltela.pt\/api\/wp\/v2\/media?parent=449248"}],"wp:term":[{"taxonomy":"category","embeddable":true,"href":"https:\/\/portaltela.pt\/api\/wp\/v2\/categories?post=449248"},{"taxonomy":"post_tag","embeddable":true,"href":"https:\/\/portaltela.pt\/api\/wp\/v2\/tags?post=449248"}],"curies":[{"name":"wp","href":"https:\/\/api.w.org\/{rel}","templated":true}]}}