{"id":449237,"date":"2026-04-18T10:01:00","date_gmt":"2026-04-18T13:01:00","guid":{"rendered":"https:\/\/portaltela.pt\/noticias\/2026\/04\/18\/ordem-dos-psicologos-reforca-compromisso-contra-abusos-apos-cristina-ferreira\/"},"modified":"2026-04-18T10:01:00","modified_gmt":"2026-04-18T13:01:00","slug":"ordem-dos-psicologos-reforca-compromisso-contra-abusos-apos-cristina-ferreira","status":"publish","type":"post","link":"https:\/\/portaltela.pt\/sociedade\/2026\/04\/18\/ordem-dos-psicologos-reforca-compromisso-contra-abusos-apos-cristina-ferreira\/","title":{"rendered":"Ordem dos Psic\u00f3logos refor\u00e7a compromisso contra abusos ap\u00f3s Cristina Ferreira"},"content":{"rendered":"<p>A Ordem dos Psic\u00f3logos Portugueses (OPP) reiterou o seu compromisso com a defesa de uma interven\u00e7\u00e3o \u00e9tica e baseada em evid\u00eancia na comunica\u00e7\u00e3o p\u00fablica. Em resposta \u00e0 Carta Aberta \u201cA viola\u00e7\u00e3o n\u00e3o \u00e9 mat\u00e9ria de opini\u00e3o\u201d, a institui\u00e7\u00e3o esclarece as suas recomenda\u00e7\u00f5es para a presen\u00e7a de psic\u00f3logos nos m\u00e9dia e oferece apoio para responder \u00e0s preocupa\u00e7\u00f5es expressas.<\/p>\n<p>Segundo o comunicado, j\u00e1 existem diretrizes sobre a participa\u00e7\u00e3o de psic\u00f3logos nos meios de comunica\u00e7\u00e3o social. A OPP afirma estar dispon\u00edvel para desenvolver o que for necess\u00e1rio para assegurar uma comunica\u00e7\u00e3o p\u00fablica rigorosa e fundamentada.<\/p>\n<p>A carta em causa reuniu mais de uma centena de personalidades que pediam regras claras para a atua\u00e7\u00e3o de psic\u00f3logos em debates p\u00fablicos, especialmente ap\u00f3s as declara\u00e7\u00f5es de Cristina Ferreira e de In\u00eas Balinha Carlos. A OPP reconhece a relev\u00e2ncia das preocupa\u00e7\u00f5es expressas.<\/p>\n<h3>Regras e princ\u00edpios operacionais<\/h3>\n<p>A Ordem recorda que, desde agosto de 2022, existem recomenda\u00e7\u00f5es para a rela\u00e7\u00e3o entre psic\u00f3logos e os m\u00e9dia, com \u00eanfase em compet\u00eancia, privacidade e dignidade humana. A independ\u00eancia e o rigor cient\u00edfico devem guiar as declara\u00e7\u00f5es p\u00fablicas.<\/p>\n<p>Os psic\u00f3logos s\u00e3o convidados a reportar factos com fundamenta\u00e7\u00e3o cient\u00edfica, utilizar o direito de rectifica\u00e7\u00e3o quando necess\u00e1rio e permitir o contradit\u00f3rio. Devem limitar as declara\u00e7\u00f5es ao que lhes \u00e9 relevante e evitar afirma\u00e7\u00f5es n\u00e3o fundamentadas.<\/p>\n<p>O c\u00f3digo deontol\u00f3gico refor\u00e7a a obriga\u00e7\u00e3o de atuar com forma\u00e7\u00e3o adequada e atualiza\u00e7\u00e3o cont\u00ednua. O n\u00e3o cumprimento pode afetar clientes e o prest\u00edgio da profiss\u00e3o, afirma a OPP.<\/p>\n<h3>Sobre o caso concreto<\/h3>\n<p>A porta-voz da OPP esclarece que, sempre que haja m\u00e1s pr\u00e1ticas, qualquer pessoa pode apresentar queixa ao Conselho Jurisdicional da Ordem. A institui\u00e7\u00e3o n\u00e3o comenta casos espec\u00edficos, mantendo o processo institucional como caminho apropriado.<\/p>\n<p>A OPP mant\u00e9m dispon\u00edveis recursos de literacia sobre viol\u00eancia e viol\u00eancia sexual para o p\u00fablico, bem como forma\u00e7\u00e3o cont\u00ednua para profissionais. A Ordem trabalha em colabora\u00e7\u00e3o com entidades competentes para a\u00e7\u00f5es intersetoriais.<\/p>\n","protected":false},"excerpt":{"rendered":"<ul>\n<li>A Ordem dos Psic\u00f3logos Portugueses (OPP) afirma que j\u00e1 existem diretrizes para a atua\u00e7\u00e3o de psic\u00f3logos nos meios de comunica\u00e7\u00e3o social, desde 2022.<\/li>\n<li>A organiza\u00e7\u00e3o reiterou o compromisso com uma interven\u00e7\u00e3o \u00e9tica, respons\u00e1vel e fundamentada cientificamente, dispon\u00edvel para responder ao tema.<\/li>\n<li>A OPP define que, sempre que um ato sexual n\u00e3o \u00e9 consentido, \u00e9 abuso sexual, e que assistir a atividades de cariz sexual sem consentimento tamb\u00e9m o \u00e9.<\/li>\n<li>O esclarecimento surge na sequ\u00eancia da Carta Aberta \u201cA viola\u00e7\u00e3o n\u00e3o \u00e9 mat\u00e9ria de opini\u00e3o\u201d, assinada por mais de uma centena de personalidades, e que contestou declara\u00e7\u00f5es de Cristina Ferreira e de In\u00eas Balinha Carlos na TVI.<\/li>\n<li>A OPP mant\u00e9m recomenda\u00e7\u00f5es sobre comunica\u00e7\u00e3o social, incluindo rigor, independ\u00eancia e utiliza\u00e7\u00e3o de informa\u00e7\u00e3o com base cient\u00edfica, bem como forma\u00e7\u00e3o cont\u00ednua e materiais de literacia para o p\u00fablico.<\/li>\n<\/ul>\n","protected":false},"author":2,"featured_media":449249,"comment_status":"closed","ping_status":"closed","sticky":false,"template":"","format":"standard","meta":{"footnotes":""},"categories":[6745,6871],"tags":[3177,5326,8682,2249,939,5892],"class_list":["post-449237","post","type-post","status-publish","format-standard","has-post-thumbnail","hentry","category-saude","category-sociedade","tag-autoridade-publica","tag-comunicacao-social","tag-informacao-institucional","tag-psicologia","tag-violencia","tag-violencia-sexual"],"yoast_head":"<!-- This site is optimized with the Yoast SEO plugin v27.2 - https:\/\/yoast.com\/product\/yoast-seo-wordpress\/ -->\n<title>Ordem dos Psic\u00f3logos refor\u00e7a compromisso contra abusos ap\u00f3s Cristina Ferreira - Portal Tela Portugal<\/title>\n<meta name=\"robots\" content=\"index, follow, max-snippet:-1, max-image-preview:large, max-video-preview:-1\" \/>\n<meta property=\"og:locale\" content=\"pt_PT\" \/>\n<meta property=\"og:type\" content=\"article\" \/>\n<meta property=\"og:title\" content=\"Ordem dos Psic\u00f3logos refor\u00e7a compromisso contra abusos ap\u00f3s Cristina Ferreira - Portal Tela Portugal\" \/>\n<meta property=\"og:description\" content=\"A Ordem dos Psic\u00f3logos Portugueses (OPP) afirma que j\u00e1 existem diretrizes para a atua\u00e7\u00e3o de psic\u00f3logos nos meios de comunica\u00e7\u00e3o social, desde 2022. A organiza\u00e7\u00e3o reiterou o compromisso com uma interven\u00e7\u00e3o \u00e9tica, respons\u00e1vel e fundamentada cientificamente, dispon\u00edvel para responder ao tema. A OPP define que, sempre que um ato sexual n\u00e3o \u00e9 consentido, \u00e9 abuso sexual, e que assistir a atividades de cariz sexual sem consentimento tamb\u00e9m o \u00e9. O esclarecimento surge na sequ\u00eancia da Carta Aberta \u201cA viola\u00e7\u00e3o n\u00e3o \u00e9 mat\u00e9ria de opini\u00e3o\u201d, assinada por mais de uma centena de personalidades, e que contestou declara\u00e7\u00f5es de Cristina Ferreira e de In\u00eas Balinha Carlos na TVI. A OPP mant\u00e9m recomenda\u00e7\u00f5es sobre comunica\u00e7\u00e3o social, incluindo rigor, independ\u00eancia e utiliza\u00e7\u00e3o de informa\u00e7\u00e3o com base cient\u00edfica, bem como forma\u00e7\u00e3o cont\u00ednua e materiais de literacia para o p\u00fablico.\" \/>\n<meta property=\"og:url\" content=\"https:\/\/portaltela.pt\/noticias\/2026\/04\/18\/ordem-dos-psicologos-reforca-compromisso-contra-abusos-apos-cristina-ferreira\/\" \/>\n<meta property=\"og:site_name\" content=\"Portal Tela Portugal\" \/>\n<meta property=\"article:published_time\" content=\"2026-04-18T13:01:00+00:00\" \/>\n<meta name=\"author\" content=\"Telinha\" \/>\n<meta name=\"twitter:card\" content=\"summary_large_image\" \/>\n<meta name=\"twitter:label1\" content=\"Escrito por\" \/>\n\t<meta name=\"twitter:data1\" content=\"Telinha\" \/>\n\t<meta name=\"twitter:label2\" content=\"Tempo estimado de leitura\" \/>\n\t<meta name=\"twitter:data2\" content=\"2 minutos\" \/>\n<script type=\"application\/ld+json\" class=\"yoast-schema-graph\">{\"@context\":\"https:\/\/schema.org\",\"@graph\":[{\"@type\":\"Article\",\"@id\":\"https:\/\/portaltela.pt\/noticias\/2026\/04\/18\/ordem-dos-psicologos-reforca-compromisso-contra-abusos-apos-cristina-ferreira\/#article\",\"isPartOf\":{\"@id\":\"https:\/\/portaltela.pt\/noticias\/2026\/04\/18\/ordem-dos-psicologos-reforca-compromisso-contra-abusos-apos-cristina-ferreira\/\"},\"author\":{\"name\":\"Telinha\",\"@id\":\"https:\/\/portaltela.pt\/#\/schema\/person\/c4278d4a6028830caff9ee44b42d32ed\"},\"headline\":\"Ordem dos Psic\u00f3logos refor\u00e7a compromisso contra abusos ap\u00f3s Cristina Ferreira\",\"datePublished\":\"2026-04-18T13:01:00+00:00\",\"mainEntityOfPage\":{\"@id\":\"https:\/\/portaltela.pt\/noticias\/2026\/04\/18\/ordem-dos-psicologos-reforca-compromisso-contra-abusos-apos-cristina-ferreira\/\"},\"wordCount\":392,\"image\":{\"@id\":\"https:\/\/portaltela.pt\/noticias\/2026\/04\/18\/ordem-dos-psicologos-reforca-compromisso-contra-abusos-apos-cristina-ferreira\/#primaryimage\"},\"thumbnailUrl\":\"https:\/\/portaltela.pt\/s.01k8rhncp4jt1\/2026\/04\/2082324.jpg\",\"keywords\":[\"autoridade p\u00fablica\",\"comunica\u00e7\u00e3o social\",\"informa\u00e7\u00e3o institucional\",\"psicologia\",\"viol\u00eancia\",\"viol\u00eancia sexual\"],\"articleSection\":[\"Sa\u00fade\",\"Sociedade\"],\"inLanguage\":\"pt-PT\"},{\"@type\":\"WebPage\",\"@id\":\"https:\/\/portaltela.pt\/noticias\/2026\/04\/18\/ordem-dos-psicologos-reforca-compromisso-contra-abusos-apos-cristina-ferreira\/\",\"url\":\"https:\/\/portaltela.pt\/noticias\/2026\/04\/18\/ordem-dos-psicologos-reforca-compromisso-contra-abusos-apos-cristina-ferreira\/\",\"name\":\"Ordem dos Psic\u00f3logos refor\u00e7a compromisso contra abusos ap\u00f3s Cristina Ferreira - Portal Tela Portugal\",\"isPartOf\":{\"@id\":\"https:\/\/portaltela.pt\/#website\"},\"primaryImageOfPage\":{\"@id\":\"https:\/\/portaltela.pt\/noticias\/2026\/04\/18\/ordem-dos-psicologos-reforca-compromisso-contra-abusos-apos-cristina-ferreira\/#primaryimage\"},\"image\":{\"@id\":\"https:\/\/portaltela.pt\/noticias\/2026\/04\/18\/ordem-dos-psicologos-reforca-compromisso-contra-abusos-apos-cristina-ferreira\/#primaryimage\"},\"thumbnailUrl\":\"https:\/\/portaltela.pt\/s.01k8rhncp4jt1\/2026\/04\/2082324.jpg\",\"datePublished\":\"2026-04-18T13:01:00+00:00\",\"author\":{\"@id\":\"https:\/\/portaltela.pt\/#\/schema\/person\/c4278d4a6028830caff9ee44b42d32ed\"},\"breadcrumb\":{\"@id\":\"https:\/\/portaltela.pt\/noticias\/2026\/04\/18\/ordem-dos-psicologos-reforca-compromisso-contra-abusos-apos-cristina-ferreira\/#breadcrumb\"},\"inLanguage\":\"pt-PT\",\"potentialAction\":[{\"@type\":\"ReadAction\",\"target\":[\"https:\/\/portaltela.pt\/noticias\/2026\/04\/18\/ordem-dos-psicologos-reforca-compromisso-contra-abusos-apos-cristina-ferreira\/\"]}]},{\"@type\":\"ImageObject\",\"inLanguage\":\"pt-PT\",\"@id\":\"https:\/\/portaltela.pt\/noticias\/2026\/04\/18\/ordem-dos-psicologos-reforca-compromisso-contra-abusos-apos-cristina-ferreira\/#primaryimage\",\"url\":\"https:\/\/portaltela.pt\/s.01k8rhncp4jt1\/2026\/04\/2082324.jpg\",\"contentUrl\":\"https:\/\/portaltela.pt\/s.01k8rhncp4jt1\/2026\/04\/2082324.jpg\",\"width\":796,\"height\":448,\"caption\":\"Protesto no Porto contra a viol\u00eancia contra as mulheres, em 2019\"},{\"@type\":\"BreadcrumbList\",\"@id\":\"https:\/\/portaltela.pt\/noticias\/2026\/04\/18\/ordem-dos-psicologos-reforca-compromisso-contra-abusos-apos-cristina-ferreira\/#breadcrumb\",\"itemListElement\":[{\"@type\":\"ListItem\",\"position\":1,\"name\":\"In\u00edcio\",\"item\":\"https:\/\/portaltela.pt\/\"},{\"@type\":\"ListItem\",\"position\":2,\"name\":\"Ordem dos Psic\u00f3logos refor\u00e7a compromisso contra abusos ap\u00f3s Cristina Ferreira\"}]},{\"@type\":\"WebSite\",\"@id\":\"https:\/\/portaltela.pt\/#website\",\"url\":\"https:\/\/portaltela.pt\/\",\"name\":\"Portal Tela Portugal\",\"description\":\"\",\"potentialAction\":[{\"@type\":\"SearchAction\",\"target\":{\"@type\":\"EntryPoint\",\"urlTemplate\":\"https:\/\/portaltela.pt\/?s={search_term_string}\"},\"query-input\":{\"@type\":\"PropertyValueSpecification\",\"valueRequired\":true,\"valueName\":\"search_term_string\"}}],\"inLanguage\":\"pt-PT\"},{\"@type\":\"Person\",\"@id\":\"https:\/\/portaltela.pt\/#\/schema\/person\/c4278d4a6028830caff9ee44b42d32ed\",\"name\":\"Telinha\",\"image\":{\"@type\":\"ImageObject\",\"inLanguage\":\"pt-PT\",\"@id\":\"https:\/\/portaltela.pt\/s.01k8rhncp4jt1\/2025\/11\/talking-bot-125x125.png\",\"url\":\"https:\/\/portaltela.pt\/s.01k8rhncp4jt1\/2025\/11\/talking-bot-125x125.png\",\"contentUrl\":\"https:\/\/portaltela.pt\/s.01k8rhncp4jt1\/2025\/11\/talking-bot-125x125.png\",\"caption\":\"Telinha\"},\"sameAs\":[\"https:\/\/portaltela.pt\/\"],\"url\":\"https:\/\/portaltela.pt\/por\/367410592786\/\"}]}<\/script>\n<!-- \/ Yoast SEO plugin. -->","yoast_head_json":{"title":"Ordem dos Psic\u00f3logos refor\u00e7a compromisso contra abusos ap\u00f3s Cristina Ferreira - Portal Tela Portugal","robots":{"index":"index","follow":"follow","max-snippet":"max-snippet:-1","max-image-preview":"max-image-preview:large","max-video-preview":"max-video-preview:-1"},"og_locale":"pt_PT","og_type":"article","og_title":"Ordem dos Psic\u00f3logos refor\u00e7a compromisso contra abusos ap\u00f3s Cristina Ferreira - Portal Tela Portugal","og_description":"A Ordem dos Psic\u00f3logos Portugueses (OPP) afirma que j\u00e1 existem diretrizes para a atua\u00e7\u00e3o de psic\u00f3logos nos meios de comunica\u00e7\u00e3o social, desde 2022. A organiza\u00e7\u00e3o reiterou o compromisso com uma interven\u00e7\u00e3o \u00e9tica, respons\u00e1vel e fundamentada cientificamente, dispon\u00edvel para responder ao tema. A OPP define que, sempre que um ato sexual n\u00e3o \u00e9 consentido, \u00e9 abuso sexual, e que assistir a atividades de cariz sexual sem consentimento tamb\u00e9m o \u00e9. O esclarecimento surge na sequ\u00eancia da Carta Aberta \u201cA viola\u00e7\u00e3o n\u00e3o \u00e9 mat\u00e9ria de opini\u00e3o\u201d, assinada por mais de uma centena de personalidades, e que contestou declara\u00e7\u00f5es de Cristina Ferreira e de In\u00eas Balinha Carlos na TVI. A OPP mant\u00e9m recomenda\u00e7\u00f5es sobre comunica\u00e7\u00e3o social, incluindo rigor, independ\u00eancia e utiliza\u00e7\u00e3o de informa\u00e7\u00e3o com base cient\u00edfica, bem como forma\u00e7\u00e3o cont\u00ednua e materiais de literacia para o p\u00fablico.","og_url":"https:\/\/portaltela.pt\/noticias\/2026\/04\/18\/ordem-dos-psicologos-reforca-compromisso-contra-abusos-apos-cristina-ferreira\/","og_site_name":"Portal Tela Portugal","article_published_time":"2026-04-18T13:01:00+00:00","author":"Telinha","twitter_card":"summary_large_image","twitter_misc":{"Escrito por":"Telinha","Tempo estimado de leitura":"2 minutos"},"schema":{"@context":"https:\/\/schema.org","@graph":[{"@type":"Article","@id":"https:\/\/portaltela.pt\/noticias\/2026\/04\/18\/ordem-dos-psicologos-reforca-compromisso-contra-abusos-apos-cristina-ferreira\/#article","isPartOf":{"@id":"https:\/\/portaltela.pt\/noticias\/2026\/04\/18\/ordem-dos-psicologos-reforca-compromisso-contra-abusos-apos-cristina-ferreira\/"},"author":{"name":"Telinha","@id":"https:\/\/portaltela.pt\/#\/schema\/person\/c4278d4a6028830caff9ee44b42d32ed"},"headline":"Ordem dos Psic\u00f3logos refor\u00e7a compromisso contra abusos ap\u00f3s Cristina Ferreira","datePublished":"2026-04-18T13:01:00+00:00","mainEntityOfPage":{"@id":"https:\/\/portaltela.pt\/noticias\/2026\/04\/18\/ordem-dos-psicologos-reforca-compromisso-contra-abusos-apos-cristina-ferreira\/"},"wordCount":392,"image":{"@id":"https:\/\/portaltela.pt\/noticias\/2026\/04\/18\/ordem-dos-psicologos-reforca-compromisso-contra-abusos-apos-cristina-ferreira\/#primaryimage"},"thumbnailUrl":"https:\/\/portaltela.pt\/s.01k8rhncp4jt1\/2026\/04\/2082324.jpg","keywords":["autoridade p\u00fablica","comunica\u00e7\u00e3o social","informa\u00e7\u00e3o institucional","psicologia","viol\u00eancia","viol\u00eancia sexual"],"articleSection":["Sa\u00fade","Sociedade"],"inLanguage":"pt-PT"},{"@type":"WebPage","@id":"https:\/\/portaltela.pt\/noticias\/2026\/04\/18\/ordem-dos-psicologos-reforca-compromisso-contra-abusos-apos-cristina-ferreira\/","url":"https:\/\/portaltela.pt\/noticias\/2026\/04\/18\/ordem-dos-psicologos-reforca-compromisso-contra-abusos-apos-cristina-ferreira\/","name":"Ordem dos Psic\u00f3logos refor\u00e7a compromisso contra abusos ap\u00f3s Cristina Ferreira - Portal Tela Portugal","isPartOf":{"@id":"https:\/\/portaltela.pt\/#website"},"primaryImageOfPage":{"@id":"https:\/\/portaltela.pt\/noticias\/2026\/04\/18\/ordem-dos-psicologos-reforca-compromisso-contra-abusos-apos-cristina-ferreira\/#primaryimage"},"image":{"@id":"https:\/\/portaltela.pt\/noticias\/2026\/04\/18\/ordem-dos-psicologos-reforca-compromisso-contra-abusos-apos-cristina-ferreira\/#primaryimage"},"thumbnailUrl":"https:\/\/portaltela.pt\/s.01k8rhncp4jt1\/2026\/04\/2082324.jpg","datePublished":"2026-04-18T13:01:00+00:00","author":{"@id":"https:\/\/portaltela.pt\/#\/schema\/person\/c4278d4a6028830caff9ee44b42d32ed"},"breadcrumb":{"@id":"https:\/\/portaltela.pt\/noticias\/2026\/04\/18\/ordem-dos-psicologos-reforca-compromisso-contra-abusos-apos-cristina-ferreira\/#breadcrumb"},"inLanguage":"pt-PT","potentialAction":[{"@type":"ReadAction","target":["https:\/\/portaltela.pt\/noticias\/2026\/04\/18\/ordem-dos-psicologos-reforca-compromisso-contra-abusos-apos-cristina-ferreira\/"]}]},{"@type":"ImageObject","inLanguage":"pt-PT","@id":"https:\/\/portaltela.pt\/noticias\/2026\/04\/18\/ordem-dos-psicologos-reforca-compromisso-contra-abusos-apos-cristina-ferreira\/#primaryimage","url":"https:\/\/portaltela.pt\/s.01k8rhncp4jt1\/2026\/04\/2082324.jpg","contentUrl":"https:\/\/portaltela.pt\/s.01k8rhncp4jt1\/2026\/04\/2082324.jpg","width":796,"height":448,"caption":"Protesto no Porto contra a viol\u00eancia contra as mulheres, em 2019"},{"@type":"BreadcrumbList","@id":"https:\/\/portaltela.pt\/noticias\/2026\/04\/18\/ordem-dos-psicologos-reforca-compromisso-contra-abusos-apos-cristina-ferreira\/#breadcrumb","itemListElement":[{"@type":"ListItem","position":1,"name":"In\u00edcio","item":"https:\/\/portaltela.pt\/"},{"@type":"ListItem","position":2,"name":"Ordem dos Psic\u00f3logos refor\u00e7a compromisso contra abusos ap\u00f3s Cristina Ferreira"}]},{"@type":"WebSite","@id":"https:\/\/portaltela.pt\/#website","url":"https:\/\/portaltela.pt\/","name":"Portal Tela Portugal","description":"","potentialAction":[{"@type":"SearchAction","target":{"@type":"EntryPoint","urlTemplate":"https:\/\/portaltela.pt\/?s={search_term_string}"},"query-input":{"@type":"PropertyValueSpecification","valueRequired":true,"valueName":"search_term_string"}}],"inLanguage":"pt-PT"},{"@type":"Person","@id":"https:\/\/portaltela.pt\/#\/schema\/person\/c4278d4a6028830caff9ee44b42d32ed","name":"Telinha","image":{"@type":"ImageObject","inLanguage":"pt-PT","@id":"https:\/\/portaltela.pt\/s.01k8rhncp4jt1\/2025\/11\/talking-bot-125x125.png","url":"https:\/\/portaltela.pt\/s.01k8rhncp4jt1\/2025\/11\/talking-bot-125x125.png","contentUrl":"https:\/\/portaltela.pt\/s.01k8rhncp4jt1\/2025\/11\/talking-bot-125x125.png","caption":"Telinha"},"sameAs":["https:\/\/portaltela.pt\/"],"url":"https:\/\/portaltela.pt\/por\/367410592786\/"}]}},"_links":{"self":[{"href":"https:\/\/portaltela.pt\/api\/wp\/v2\/posts\/449237","targetHints":{"allow":["GET"]}}],"collection":[{"href":"https:\/\/portaltela.pt\/api\/wp\/v2\/posts"}],"about":[{"href":"https:\/\/portaltela.pt\/api\/wp\/v2\/types\/post"}],"author":[{"embeddable":true,"href":"https:\/\/portaltela.pt\/api\/wp\/v2\/users\/2"}],"replies":[{"embeddable":true,"href":"https:\/\/portaltela.pt\/api\/wp\/v2\/comments?post=449237"}],"version-history":[{"count":0,"href":"https:\/\/portaltela.pt\/api\/wp\/v2\/posts\/449237\/revisions"}],"wp:featuredmedia":[{"embeddable":true,"href":"https:\/\/portaltela.pt\/api\/wp\/v2\/media\/449249"}],"wp:attachment":[{"href":"https:\/\/portaltela.pt\/api\/wp\/v2\/media?parent=449237"}],"wp:term":[{"taxonomy":"category","embeddable":true,"href":"https:\/\/portaltela.pt\/api\/wp\/v2\/categories?post=449237"},{"taxonomy":"post_tag","embeddable":true,"href":"https:\/\/portaltela.pt\/api\/wp\/v2\/tags?post=449237"}],"curies":[{"name":"wp","href":"https:\/\/api.w.org\/{rel}","templated":true}]}}