{"id":449223,"date":"2026-04-18T17:58:00","date_gmt":"2026-04-18T20:58:00","guid":{"rendered":"https:\/\/portaltela.pt\/noticias\/2026\/04\/18\/afs-despromovido-apos-falha-do-projecto-de-consolidacao-na-i-liga\/"},"modified":"2026-04-18T17:58:00","modified_gmt":"2026-04-18T20:58:00","slug":"afs-despromovido-apos-falha-do-projecto-de-consolidacao-na-i-liga","status":"publish","type":"post","link":"https:\/\/portaltela.pt\/desporto\/futebol\/2026\/04\/18\/afs-despromovido-apos-falha-do-projecto-de-consolidacao-na-i-liga\/","title":{"rendered":"AFS despromovido ap\u00f3s falha do projecto de consolida\u00e7\u00e3o na I Liga"},"content":{"rendered":"<p>O AFS despromovido ap\u00f3s o falhan\u00e7o do projecto de consolida\u00e7\u00e3o na I Liga 2025-26. A confirma\u00e7\u00e3o veio ap\u00f3s o empate do Rio Ave frente ao AFS na abertura da 30.\u00aa jornada e a vit\u00f3ria do Nacional sobre o Alverca, em casa, por 1-0. O desfecho torna-se oficial pela diferen\u00e7a de pontos, dando lugar \u00e0 descida \u00e0 II Liga.<\/p>\n<p>A fase final da equipa avense ficou marcada por v\u00e1rias mudan\u00e7as de treinador e de gest\u00e3o. O projecto SAD, associado ao Vilafranquense, mudou-se para Vila das Aves em 2023-24 com ambi\u00e7\u00f5es elevadas de subida ao principal escal\u00e3o.<\/p>\n<h3>Contexto e bastidores<\/h3>\n<p>Apesar da ades\u00e3o dos adeptos, a subida acabou por ocorrer na \u00e9poca de estreia, ap\u00f3s duas vit\u00f3rias no play-off frente ao Portimonense. Jorge Costa conduziu o projeto, enquanto Henrique Sereno deixou a presid\u00eancia da SAD, substitu\u00eddo por Miguel Socorro.<\/p>\n<p>Ao longo de 2025-26, o AFS teve quatro treinadores: V\u00edtor Campelos, Rui Ferreira, Daniel Ramos e, por fim, Jos\u00e9 Mota, que garantiu o stay no play-off frente ao Vizela. O plantel sofreu v\u00e1rias altera\u00e7\u00f5es e demiss\u00f5es de jogadores-chave.<\/p>\n<h3>Desfecho e pr\u00f3ximos passos<\/h3>\n<p>Jo\u00e3o Pedro Sousa substituiu F\u00e1bio Espinho e, depois, Jo\u00e3o Henriques assumiu com o clube j\u00e1 em zona de despromo\u00e7\u00e3o. Armando Roriz conduziu uma vit\u00f3ria inesperada na Ta\u00e7a de Portugal, mas n\u00e3o chegou para inverter o destino. O objetivo passou a passar por manter a dignidade at\u00e9 ao fim da \u00e9poca.<\/p>\n","protected":false},"excerpt":{"rendered":"<ul>\n<li>O AFS ficou despromovido da I Liga 2025-26 ap\u00f3s o empate em Vila do Conde (Rio Ave) e a vit\u00f3ria do Nacional sobre o Alverca, consolidando a descida anunciada.<\/li>\n<li>O AFS empatou 2-2 na sexta-feira frente ao Rio Ave na abertura da 30.\u00aa jornada, enquanto o Nacional venceu o Alverca por 1-0.<\/li>\n<li>O projeto de SAD do Aves, criado em 2023-24 com a ambi\u00e7\u00e3o de subir ao principal escal\u00e3o, acabou por conseguir a promo\u00e7\u00e3o na \u00e9poca de estreia atrav\u00e9s de um play-off contra o Portimonense.<\/li>\n<li>Em 2025-26 passaram pelo banco quatro treinadores: V\u00edtor Campelos, Rui Ferreira, Daniel Ramos e Jos\u00e9 Mota, este \u00faltimo garantindo a perman\u00eancia no play-off frente ao Vizela.<\/li>\n<li>A planifica\u00e7\u00e3o do plantel revelou fragilidades, com sa\u00eddas relevantes e entradas sem impacto, levando a mudan\u00e7as t\u00e9cnicas e a uma recupera\u00e7\u00e3o que n\u00e3o chegou a evitar a despromo\u00e7\u00e3o.<\/li>\n<\/ul>\n","protected":false},"author":2,"featured_media":449233,"comment_status":"closed","ping_status":"closed","sticky":false,"template":"","format":"standard","meta":{"footnotes":""},"categories":[21,24],"tags":[4059,1230,4261,32,1319,125],"class_list":["post-449223","post","type-post","status-publish","format-standard","has-post-thumbnail","hentry","category-desporto","category-futebol","tag-1-a-liga","tag-alverca","tag-despromocao","tag-futebol","tag-nacional","tag-playoffs"],"yoast_head":"<!-- This site is optimized with the Yoast SEO plugin v27.2 - https:\/\/yoast.com\/product\/yoast-seo-wordpress\/ -->\n<title>AFS despromovido ap\u00f3s falha do projecto de consolida\u00e7\u00e3o na I Liga - Portal Tela Portugal<\/title>\n<meta name=\"robots\" content=\"index, follow, max-snippet:-1, max-image-preview:large, max-video-preview:-1\" \/>\n<meta property=\"og:locale\" content=\"pt_PT\" \/>\n<meta property=\"og:type\" content=\"article\" \/>\n<meta property=\"og:title\" content=\"AFS despromovido ap\u00f3s falha do projecto de consolida\u00e7\u00e3o na I Liga - Portal Tela Portugal\" \/>\n<meta property=\"og:description\" content=\"O AFS ficou despromovido da I Liga 2025-26 ap\u00f3s o empate em Vila do Conde (Rio Ave) e a vit\u00f3ria do Nacional sobre o Alverca, consolidando a descida anunciada. O AFS empatou 2-2 na sexta-feira frente ao Rio Ave na abertura da 30.\u00aa jornada, enquanto o Nacional venceu o Alverca por 1-0. O projeto de SAD do Aves, criado em 2023-24 com a ambi\u00e7\u00e3o de subir ao principal escal\u00e3o, acabou por conseguir a promo\u00e7\u00e3o na \u00e9poca de estreia atrav\u00e9s de um play-off contra o Portimonense. Em 2025-26 passaram pelo banco quatro treinadores: V\u00edtor Campelos, Rui Ferreira, Daniel Ramos e Jos\u00e9 Mota, este \u00faltimo garantindo a perman\u00eancia no play-off frente ao Vizela. A planifica\u00e7\u00e3o do plantel revelou fragilidades, com sa\u00eddas relevantes e entradas sem impacto, levando a mudan\u00e7as t\u00e9cnicas e a uma recupera\u00e7\u00e3o que n\u00e3o chegou a evitar a despromo\u00e7\u00e3o.\" \/>\n<meta property=\"og:url\" content=\"https:\/\/portaltela.pt\/noticias\/2026\/04\/18\/afs-despromovido-apos-falha-do-projecto-de-consolidacao-na-i-liga\/\" \/>\n<meta property=\"og:site_name\" content=\"Portal Tela Portugal\" \/>\n<meta property=\"article:published_time\" content=\"2026-04-18T20:58:00+00:00\" \/>\n<meta name=\"author\" content=\"Telinha\" \/>\n<meta name=\"twitter:card\" content=\"summary_large_image\" \/>\n<meta name=\"twitter:label1\" content=\"Escrito por\" \/>\n\t<meta name=\"twitter:data1\" content=\"Telinha\" \/>\n\t<meta name=\"twitter:label2\" content=\"Tempo estimado de leitura\" \/>\n\t<meta name=\"twitter:data2\" content=\"1 minuto\" \/>\n<script type=\"application\/ld+json\" class=\"yoast-schema-graph\">{\"@context\":\"https:\/\/schema.org\",\"@graph\":[{\"@type\":\"Article\",\"@id\":\"https:\/\/portaltela.pt\/noticias\/2026\/04\/18\/afs-despromovido-apos-falha-do-projecto-de-consolidacao-na-i-liga\/#article\",\"isPartOf\":{\"@id\":\"https:\/\/portaltela.pt\/noticias\/2026\/04\/18\/afs-despromovido-apos-falha-do-projecto-de-consolidacao-na-i-liga\/\"},\"author\":{\"name\":\"Telinha\",\"@id\":\"https:\/\/portaltela.pt\/#\/schema\/person\/c4278d4a6028830caff9ee44b42d32ed\"},\"headline\":\"AFS despromovido ap\u00f3s falha do projecto de consolida\u00e7\u00e3o na I Liga\",\"datePublished\":\"2026-04-18T20:58:00+00:00\",\"mainEntityOfPage\":{\"@id\":\"https:\/\/portaltela.pt\/noticias\/2026\/04\/18\/afs-despromovido-apos-falha-do-projecto-de-consolidacao-na-i-liga\/\"},\"wordCount\":268,\"image\":{\"@id\":\"https:\/\/portaltela.pt\/noticias\/2026\/04\/18\/afs-despromovido-apos-falha-do-projecto-de-consolidacao-na-i-liga\/#primaryimage\"},\"thumbnailUrl\":\"https:\/\/portaltela.pt\/s.01k8rhncp4jt1\/2026\/04\/2082472.jpg\",\"keywords\":[\"1.\u00aa Liga\",\"Alverca\",\"Despromo\u00e7\u00e3o\",\"futebol\",\"Nacional\",\"playoffs\"],\"articleSection\":[\"Desporto\",\"Futebol\"],\"inLanguage\":\"pt-PT\"},{\"@type\":\"WebPage\",\"@id\":\"https:\/\/portaltela.pt\/noticias\/2026\/04\/18\/afs-despromovido-apos-falha-do-projecto-de-consolidacao-na-i-liga\/\",\"url\":\"https:\/\/portaltela.pt\/noticias\/2026\/04\/18\/afs-despromovido-apos-falha-do-projecto-de-consolidacao-na-i-liga\/\",\"name\":\"AFS despromovido ap\u00f3s falha do projecto de consolida\u00e7\u00e3o na I Liga - Portal Tela Portugal\",\"isPartOf\":{\"@id\":\"https:\/\/portaltela.pt\/#website\"},\"primaryImageOfPage\":{\"@id\":\"https:\/\/portaltela.pt\/noticias\/2026\/04\/18\/afs-despromovido-apos-falha-do-projecto-de-consolidacao-na-i-liga\/#primaryimage\"},\"image\":{\"@id\":\"https:\/\/portaltela.pt\/noticias\/2026\/04\/18\/afs-despromovido-apos-falha-do-projecto-de-consolidacao-na-i-liga\/#primaryimage\"},\"thumbnailUrl\":\"https:\/\/portaltela.pt\/s.01k8rhncp4jt1\/2026\/04\/2082472.jpg\",\"datePublished\":\"2026-04-18T20:58:00+00:00\",\"author\":{\"@id\":\"https:\/\/portaltela.pt\/#\/schema\/person\/c4278d4a6028830caff9ee44b42d32ed\"},\"breadcrumb\":{\"@id\":\"https:\/\/portaltela.pt\/noticias\/2026\/04\/18\/afs-despromovido-apos-falha-do-projecto-de-consolidacao-na-i-liga\/#breadcrumb\"},\"inLanguage\":\"pt-PT\",\"potentialAction\":[{\"@type\":\"ReadAction\",\"target\":[\"https:\/\/portaltela.pt\/noticias\/2026\/04\/18\/afs-despromovido-apos-falha-do-projecto-de-consolidacao-na-i-liga\/\"]}]},{\"@type\":\"ImageObject\",\"inLanguage\":\"pt-PT\",\"@id\":\"https:\/\/portaltela.pt\/noticias\/2026\/04\/18\/afs-despromovido-apos-falha-do-projecto-de-consolidacao-na-i-liga\/#primaryimage\",\"url\":\"https:\/\/portaltela.pt\/s.01k8rhncp4jt1\/2026\/04\/2082472.jpg\",\"contentUrl\":\"https:\/\/portaltela.pt\/s.01k8rhncp4jt1\/2026\/04\/2082472.jpg\",\"width\":796,\"height\":448,\"caption\":\"Jo\u00e3o Henriques n\u00e3o evitou despromo\u00e7\u00e3o do AFS\"},{\"@type\":\"BreadcrumbList\",\"@id\":\"https:\/\/portaltela.pt\/noticias\/2026\/04\/18\/afs-despromovido-apos-falha-do-projecto-de-consolidacao-na-i-liga\/#breadcrumb\",\"itemListElement\":[{\"@type\":\"ListItem\",\"position\":1,\"name\":\"In\u00edcio\",\"item\":\"https:\/\/portaltela.pt\/\"},{\"@type\":\"ListItem\",\"position\":2,\"name\":\"AFS despromovido ap\u00f3s falha do projecto de consolida\u00e7\u00e3o na I Liga\"}]},{\"@type\":\"WebSite\",\"@id\":\"https:\/\/portaltela.pt\/#website\",\"url\":\"https:\/\/portaltela.pt\/\",\"name\":\"Portal Tela Portugal\",\"description\":\"\",\"potentialAction\":[{\"@type\":\"SearchAction\",\"target\":{\"@type\":\"EntryPoint\",\"urlTemplate\":\"https:\/\/portaltela.pt\/?s={search_term_string}\"},\"query-input\":{\"@type\":\"PropertyValueSpecification\",\"valueRequired\":true,\"valueName\":\"search_term_string\"}}],\"inLanguage\":\"pt-PT\"},{\"@type\":\"Person\",\"@id\":\"https:\/\/portaltela.pt\/#\/schema\/person\/c4278d4a6028830caff9ee44b42d32ed\",\"name\":\"Telinha\",\"image\":{\"@type\":\"ImageObject\",\"inLanguage\":\"pt-PT\",\"@id\":\"https:\/\/portaltela.pt\/s.01k8rhncp4jt1\/2025\/11\/talking-bot-125x125.png\",\"url\":\"https:\/\/portaltela.pt\/s.01k8rhncp4jt1\/2025\/11\/talking-bot-125x125.png\",\"contentUrl\":\"https:\/\/portaltela.pt\/s.01k8rhncp4jt1\/2025\/11\/talking-bot-125x125.png\",\"caption\":\"Telinha\"},\"sameAs\":[\"https:\/\/portaltela.pt\/\"],\"url\":\"https:\/\/portaltela.pt\/por\/367410592786\/\"}]}<\/script>\n<!-- \/ Yoast SEO plugin. -->","yoast_head_json":{"title":"AFS despromovido ap\u00f3s falha do projecto de consolida\u00e7\u00e3o na I Liga - Portal Tela Portugal","robots":{"index":"index","follow":"follow","max-snippet":"max-snippet:-1","max-image-preview":"max-image-preview:large","max-video-preview":"max-video-preview:-1"},"og_locale":"pt_PT","og_type":"article","og_title":"AFS despromovido ap\u00f3s falha do projecto de consolida\u00e7\u00e3o na I Liga - Portal Tela Portugal","og_description":"O AFS ficou despromovido da I Liga 2025-26 ap\u00f3s o empate em Vila do Conde (Rio Ave) e a vit\u00f3ria do Nacional sobre o Alverca, consolidando a descida anunciada. O AFS empatou 2-2 na sexta-feira frente ao Rio Ave na abertura da 30.\u00aa jornada, enquanto o Nacional venceu o Alverca por 1-0. O projeto de SAD do Aves, criado em 2023-24 com a ambi\u00e7\u00e3o de subir ao principal escal\u00e3o, acabou por conseguir a promo\u00e7\u00e3o na \u00e9poca de estreia atrav\u00e9s de um play-off contra o Portimonense. Em 2025-26 passaram pelo banco quatro treinadores: V\u00edtor Campelos, Rui Ferreira, Daniel Ramos e Jos\u00e9 Mota, este \u00faltimo garantindo a perman\u00eancia no play-off frente ao Vizela. A planifica\u00e7\u00e3o do plantel revelou fragilidades, com sa\u00eddas relevantes e entradas sem impacto, levando a mudan\u00e7as t\u00e9cnicas e a uma recupera\u00e7\u00e3o que n\u00e3o chegou a evitar a despromo\u00e7\u00e3o.","og_url":"https:\/\/portaltela.pt\/noticias\/2026\/04\/18\/afs-despromovido-apos-falha-do-projecto-de-consolidacao-na-i-liga\/","og_site_name":"Portal Tela Portugal","article_published_time":"2026-04-18T20:58:00+00:00","author":"Telinha","twitter_card":"summary_large_image","twitter_misc":{"Escrito por":"Telinha","Tempo estimado de leitura":"1 minuto"},"schema":{"@context":"https:\/\/schema.org","@graph":[{"@type":"Article","@id":"https:\/\/portaltela.pt\/noticias\/2026\/04\/18\/afs-despromovido-apos-falha-do-projecto-de-consolidacao-na-i-liga\/#article","isPartOf":{"@id":"https:\/\/portaltela.pt\/noticias\/2026\/04\/18\/afs-despromovido-apos-falha-do-projecto-de-consolidacao-na-i-liga\/"},"author":{"name":"Telinha","@id":"https:\/\/portaltela.pt\/#\/schema\/person\/c4278d4a6028830caff9ee44b42d32ed"},"headline":"AFS despromovido ap\u00f3s falha do projecto de consolida\u00e7\u00e3o na I Liga","datePublished":"2026-04-18T20:58:00+00:00","mainEntityOfPage":{"@id":"https:\/\/portaltela.pt\/noticias\/2026\/04\/18\/afs-despromovido-apos-falha-do-projecto-de-consolidacao-na-i-liga\/"},"wordCount":268,"image":{"@id":"https:\/\/portaltela.pt\/noticias\/2026\/04\/18\/afs-despromovido-apos-falha-do-projecto-de-consolidacao-na-i-liga\/#primaryimage"},"thumbnailUrl":"https:\/\/portaltela.pt\/s.01k8rhncp4jt1\/2026\/04\/2082472.jpg","keywords":["1.\u00aa Liga","Alverca","Despromo\u00e7\u00e3o","futebol","Nacional","playoffs"],"articleSection":["Desporto","Futebol"],"inLanguage":"pt-PT"},{"@type":"WebPage","@id":"https:\/\/portaltela.pt\/noticias\/2026\/04\/18\/afs-despromovido-apos-falha-do-projecto-de-consolidacao-na-i-liga\/","url":"https:\/\/portaltela.pt\/noticias\/2026\/04\/18\/afs-despromovido-apos-falha-do-projecto-de-consolidacao-na-i-liga\/","name":"AFS despromovido ap\u00f3s falha do projecto de consolida\u00e7\u00e3o na I Liga - Portal Tela Portugal","isPartOf":{"@id":"https:\/\/portaltela.pt\/#website"},"primaryImageOfPage":{"@id":"https:\/\/portaltela.pt\/noticias\/2026\/04\/18\/afs-despromovido-apos-falha-do-projecto-de-consolidacao-na-i-liga\/#primaryimage"},"image":{"@id":"https:\/\/portaltela.pt\/noticias\/2026\/04\/18\/afs-despromovido-apos-falha-do-projecto-de-consolidacao-na-i-liga\/#primaryimage"},"thumbnailUrl":"https:\/\/portaltela.pt\/s.01k8rhncp4jt1\/2026\/04\/2082472.jpg","datePublished":"2026-04-18T20:58:00+00:00","author":{"@id":"https:\/\/portaltela.pt\/#\/schema\/person\/c4278d4a6028830caff9ee44b42d32ed"},"breadcrumb":{"@id":"https:\/\/portaltela.pt\/noticias\/2026\/04\/18\/afs-despromovido-apos-falha-do-projecto-de-consolidacao-na-i-liga\/#breadcrumb"},"inLanguage":"pt-PT","potentialAction":[{"@type":"ReadAction","target":["https:\/\/portaltela.pt\/noticias\/2026\/04\/18\/afs-despromovido-apos-falha-do-projecto-de-consolidacao-na-i-liga\/"]}]},{"@type":"ImageObject","inLanguage":"pt-PT","@id":"https:\/\/portaltela.pt\/noticias\/2026\/04\/18\/afs-despromovido-apos-falha-do-projecto-de-consolidacao-na-i-liga\/#primaryimage","url":"https:\/\/portaltela.pt\/s.01k8rhncp4jt1\/2026\/04\/2082472.jpg","contentUrl":"https:\/\/portaltela.pt\/s.01k8rhncp4jt1\/2026\/04\/2082472.jpg","width":796,"height":448,"caption":"Jo\u00e3o Henriques n\u00e3o evitou despromo\u00e7\u00e3o do AFS"},{"@type":"BreadcrumbList","@id":"https:\/\/portaltela.pt\/noticias\/2026\/04\/18\/afs-despromovido-apos-falha-do-projecto-de-consolidacao-na-i-liga\/#breadcrumb","itemListElement":[{"@type":"ListItem","position":1,"name":"In\u00edcio","item":"https:\/\/portaltela.pt\/"},{"@type":"ListItem","position":2,"name":"AFS despromovido ap\u00f3s falha do projecto de consolida\u00e7\u00e3o na I Liga"}]},{"@type":"WebSite","@id":"https:\/\/portaltela.pt\/#website","url":"https:\/\/portaltela.pt\/","name":"Portal Tela Portugal","description":"","potentialAction":[{"@type":"SearchAction","target":{"@type":"EntryPoint","urlTemplate":"https:\/\/portaltela.pt\/?s={search_term_string}"},"query-input":{"@type":"PropertyValueSpecification","valueRequired":true,"valueName":"search_term_string"}}],"inLanguage":"pt-PT"},{"@type":"Person","@id":"https:\/\/portaltela.pt\/#\/schema\/person\/c4278d4a6028830caff9ee44b42d32ed","name":"Telinha","image":{"@type":"ImageObject","inLanguage":"pt-PT","@id":"https:\/\/portaltela.pt\/s.01k8rhncp4jt1\/2025\/11\/talking-bot-125x125.png","url":"https:\/\/portaltela.pt\/s.01k8rhncp4jt1\/2025\/11\/talking-bot-125x125.png","contentUrl":"https:\/\/portaltela.pt\/s.01k8rhncp4jt1\/2025\/11\/talking-bot-125x125.png","caption":"Telinha"},"sameAs":["https:\/\/portaltela.pt\/"],"url":"https:\/\/portaltela.pt\/por\/367410592786\/"}]}},"_links":{"self":[{"href":"https:\/\/portaltela.pt\/api\/wp\/v2\/posts\/449223","targetHints":{"allow":["GET"]}}],"collection":[{"href":"https:\/\/portaltela.pt\/api\/wp\/v2\/posts"}],"about":[{"href":"https:\/\/portaltela.pt\/api\/wp\/v2\/types\/post"}],"author":[{"embeddable":true,"href":"https:\/\/portaltela.pt\/api\/wp\/v2\/users\/2"}],"replies":[{"embeddable":true,"href":"https:\/\/portaltela.pt\/api\/wp\/v2\/comments?post=449223"}],"version-history":[{"count":0,"href":"https:\/\/portaltela.pt\/api\/wp\/v2\/posts\/449223\/revisions"}],"wp:featuredmedia":[{"embeddable":true,"href":"https:\/\/portaltela.pt\/api\/wp\/v2\/media\/449233"}],"wp:attachment":[{"href":"https:\/\/portaltela.pt\/api\/wp\/v2\/media?parent=449223"}],"wp:term":[{"taxonomy":"category","embeddable":true,"href":"https:\/\/portaltela.pt\/api\/wp\/v2\/categories?post=449223"},{"taxonomy":"post_tag","embeddable":true,"href":"https:\/\/portaltela.pt\/api\/wp\/v2\/tags?post=449223"}],"curies":[{"name":"wp","href":"https:\/\/api.w.org\/{rel}","templated":true}]}}