{"id":449209,"date":"2026-04-18T08:00:00","date_gmt":"2026-04-18T11:00:00","guid":{"rendered":"https:\/\/portaltela.pt\/noticias\/2026\/04\/18\/comic-con-invade-ruas-de-santa-maria-da-feira-para-animacao-local\/"},"modified":"2026-04-18T08:00:00","modified_gmt":"2026-04-18T11:00:00","slug":"comic-con-invade-ruas-de-santa-maria-da-feira-para-animacao-local","status":"publish","type":"post","link":"https:\/\/portaltela.pt\/series-e-filmes\/2026\/04\/18\/comic-con-invade-ruas-de-santa-maria-da-feira-para-animacao-local\/","title":{"rendered":"Comic Con invade ruas de Santa Maria da Feira para anima\u00e7\u00e3o local"},"content":{"rendered":"<p>A Comic Con Portugal vai invadir Santa Maria da Feira entre 23 e 26 de abril, no Europarque. O evento re\u00fane f\u00e3s, criadores e marcas de cinema, televis\u00e3o, jogos, banda desenhada e cosplay, com v\u00e1rias atividades fora do recinto. A cidade associar-se-\u00e1 \u00e0 festa para manter a energia durante toda a semana.<\/p>\n<p>Antes do principal, h\u00e1 um warm-up a 18 de abril. Intitulado Santa Maria da Feira, Cidade Pop, leva o universo pop a bares e restaurantes aderentes. Quatro cosplayers percorrem espa\u00e7os comerciais, criando intera\u00e7\u00e3o com o p\u00fablico e antecipando o evento.<\/p>\n<p>Entre 24 e 25 de abril, ap\u00f3s o encerramento no Europarque, a anima\u00e7\u00e3o continua no cora\u00e7\u00e3o da cidade. A Pra\u00e7a Gaspar Moreira recebe uma after-party com DJ set de cultura pop e a atua\u00e7\u00e3o do grupo All About Dance.<\/p>\n<h3>Asian World e Marvel<\/h3>\n<p>A edi\u00e7\u00e3o de 2026 destaca a portugalidade, ligada \u00e0 cultura pop global, com uma \u00e1rea Marvel e o novo Asian World. Este \u00faltimo celebra K-pop, anime e cosplayers, criando uma experi\u00eancia imersiva pela cidade.<\/p>\n<p>Convidados internacionais de peso incluem John Romita Jr., Bastien Viv\u00e8s, Alicia Jaraba Abell\u00e1n, V\u00edctor L. Pinel e Frank Miller, criador de Sin City e 300. A lista refor\u00e7a o apelo junto de f\u00e3s de v\u00e1rias bandas desenhadas.<\/p>\n<h3>KC Survival e atua\u00e7\u00f5es<\/h3>\n<p>O KC Survival marca o primeiro concurso oficial de K-pop Cover do evento, refor\u00e7ando a aposta no universo coreano. Performances ao vivo e artistas internacionais completam o cartaz do festival.<\/p>\n<p>Misa, estrela japonesa, destaca-se pela fus\u00e3o de temas de anime com originais. Nene \u00e9 reconhecida pela cosplay performativa e dan\u00e7a J-pop, com figurinos detalhados. Ambos s\u00e3o atra\u00e7\u00f5es de refer\u00eancia.<\/p>\n<h3>Bilhetes e organiza\u00e7\u00e3o<\/h3>\n<p>Os bilhetes variam conforme os pacotes dispon\u00edveis, j\u00e1 em venda. A organiza\u00e7\u00e3o mant\u00e9m o foco na experi\u00eancia imersiva e na acessibilidade para diferentes p\u00fablicos. As informa\u00e7\u00f5es oficiais s\u00e3o divulgadas pela equipa da Comic Con Portugal.<\/p>\n","protected":false},"excerpt":{"rendered":"<ul>\n<li>A Comic Con Portugal realiza\u2011se de 23 a 26 de abril no Europarque, em Santa Maria da Feira, com anima\u00e7\u00e3o n-outros espa\u00e7os da cidade, como pra\u00e7as, restaurantes e o centro hist\u00f3rico.<\/li>\n<li>O warm\u2011up acontece a 18 de abril, com o programa \u201cSanta Maria da Feira, Cidade Pop\u201d e quatro cosplayers a percorrer espa\u00e7os comerciais.<\/li>\n<li>Nos dias 24 e 25 de abril acontece uma after\u2011party na Pra\u00e7a Gaspar Moreira, com DJ set de cultura pop e atua\u00e7\u00e3o do grupo All About Dance.<\/li>\n<li>A edi\u00e7\u00e3o de 2026 tem a portugalidade como tema, ligando a identidade nacional ao universo global da cultura pop, incluindo uma \u00e1rea Marvel e o Asian World dedicado a K\u2011pop, anime e cosplay.<\/li>\n<li>Entre os convidados est\u00e3o John Romita Jr., Bastien Viv\u00e8s, Alicia Jaraba Abell\u00e1n, V\u00edctor L. Pinel e Frank Miller, com A estrela Misa e a cosplayer Nene; surge ainda o KC Survival, o primeiro concurso oficial de K\u2011pop Cover.<\/li>\n<\/ul>\n","protected":false},"author":2,"featured_media":449227,"comment_status":"closed","ping_status":"closed","sticky":false,"template":"","format":"standard","meta":{"footnotes":""},"categories":[12,7368],"tags":[7980,7756,5812,8988,3731,1308],"class_list":["post-449209","post","type-post","status-publish","format-standard","has-post-thumbnail","hentry","category-entretenimento","category-series-e-filmes","tag-_asia","tag-_cultura","tag-animacao","tag-asian-world","tag-eventos","tag-santa-maria-da-feira"],"yoast_head":"<!-- This site is optimized with the Yoast SEO plugin v27.2 - https:\/\/yoast.com\/product\/yoast-seo-wordpress\/ -->\n<title>Comic Con invade ruas de Santa Maria da Feira para anima\u00e7\u00e3o local - Portal Tela Portugal<\/title>\n<meta name=\"robots\" content=\"index, follow, max-snippet:-1, max-image-preview:large, max-video-preview:-1\" \/>\n<meta property=\"og:locale\" content=\"pt_PT\" \/>\n<meta property=\"og:type\" content=\"article\" \/>\n<meta property=\"og:title\" content=\"Comic Con invade ruas de Santa Maria da Feira para anima\u00e7\u00e3o local - Portal Tela Portugal\" \/>\n<meta property=\"og:description\" content=\"A Comic Con Portugal realiza\u2011se de 23 a 26 de abril no Europarque, em Santa Maria da Feira, com anima\u00e7\u00e3o n-outros espa\u00e7os da cidade, como pra\u00e7as, restaurantes e o centro hist\u00f3rico. O warm\u2011up acontece a 18 de abril, com o programa \u201cSanta Maria da Feira, Cidade Pop\u201d e quatro cosplayers a percorrer espa\u00e7os comerciais. Nos dias 24 e 25 de abril acontece uma after\u2011party na Pra\u00e7a Gaspar Moreira, com DJ set de cultura pop e atua\u00e7\u00e3o do grupo All About Dance. A edi\u00e7\u00e3o de 2026 tem a portugalidade como tema, ligando a identidade nacional ao universo global da cultura pop, incluindo uma \u00e1rea Marvel e o Asian World dedicado a K\u2011pop, anime e cosplay. Entre os convidados est\u00e3o John Romita Jr., Bastien Viv\u00e8s, Alicia Jaraba Abell\u00e1n, V\u00edctor L. Pinel e Frank Miller, com A estrela Misa e a cosplayer Nene; surge ainda o KC Survival, o primeiro concurso oficial de K\u2011pop Cover.\" \/>\n<meta property=\"og:url\" content=\"https:\/\/portaltela.pt\/noticias\/2026\/04\/18\/comic-con-invade-ruas-de-santa-maria-da-feira-para-animacao-local\/\" \/>\n<meta property=\"og:site_name\" content=\"Portal Tela Portugal\" \/>\n<meta property=\"article:published_time\" content=\"2026-04-18T11:00:00+00:00\" \/>\n<meta name=\"author\" content=\"Telinha\" \/>\n<meta name=\"twitter:card\" content=\"summary_large_image\" \/>\n<meta name=\"twitter:label1\" content=\"Escrito por\" \/>\n\t<meta name=\"twitter:data1\" content=\"Telinha\" \/>\n\t<meta name=\"twitter:label2\" content=\"Tempo estimado de leitura\" \/>\n\t<meta name=\"twitter:data2\" content=\"2 minutos\" \/>\n<script type=\"application\/ld+json\" class=\"yoast-schema-graph\">{\"@context\":\"https:\/\/schema.org\",\"@graph\":[{\"@type\":\"Article\",\"@id\":\"https:\/\/portaltela.pt\/noticias\/2026\/04\/18\/comic-con-invade-ruas-de-santa-maria-da-feira-para-animacao-local\/#article\",\"isPartOf\":{\"@id\":\"https:\/\/portaltela.pt\/noticias\/2026\/04\/18\/comic-con-invade-ruas-de-santa-maria-da-feira-para-animacao-local\/\"},\"author\":{\"name\":\"Telinha\",\"@id\":\"https:\/\/portaltela.pt\/#\/schema\/person\/c4278d4a6028830caff9ee44b42d32ed\"},\"headline\":\"Comic Con invade ruas de Santa Maria da Feira para anima\u00e7\u00e3o local\",\"datePublished\":\"2026-04-18T11:00:00+00:00\",\"mainEntityOfPage\":{\"@id\":\"https:\/\/portaltela.pt\/noticias\/2026\/04\/18\/comic-con-invade-ruas-de-santa-maria-da-feira-para-animacao-local\/\"},\"wordCount\":345,\"image\":{\"@id\":\"https:\/\/portaltela.pt\/noticias\/2026\/04\/18\/comic-con-invade-ruas-de-santa-maria-da-feira-para-animacao-local\/#primaryimage\"},\"thumbnailUrl\":\"https:\/\/portaltela.pt\/s.01k8rhncp4jt1\/2026\/04\/image-1111.jpg\",\"keywords\":[\"_\u00c1sia\",\"_cultura\",\"anima\u00e7\u00e3o\",\"Asian World\",\"eventos\",\"Santa Maria da Feira\"],\"articleSection\":[\"Entretenimento\",\"S\u00e9ries e filmes\"],\"inLanguage\":\"pt-PT\"},{\"@type\":\"WebPage\",\"@id\":\"https:\/\/portaltela.pt\/noticias\/2026\/04\/18\/comic-con-invade-ruas-de-santa-maria-da-feira-para-animacao-local\/\",\"url\":\"https:\/\/portaltela.pt\/noticias\/2026\/04\/18\/comic-con-invade-ruas-de-santa-maria-da-feira-para-animacao-local\/\",\"name\":\"Comic Con invade ruas de Santa Maria da Feira para anima\u00e7\u00e3o local - Portal Tela Portugal\",\"isPartOf\":{\"@id\":\"https:\/\/portaltela.pt\/#website\"},\"primaryImageOfPage\":{\"@id\":\"https:\/\/portaltela.pt\/noticias\/2026\/04\/18\/comic-con-invade-ruas-de-santa-maria-da-feira-para-animacao-local\/#primaryimage\"},\"image\":{\"@id\":\"https:\/\/portaltela.pt\/noticias\/2026\/04\/18\/comic-con-invade-ruas-de-santa-maria-da-feira-para-animacao-local\/#primaryimage\"},\"thumbnailUrl\":\"https:\/\/portaltela.pt\/s.01k8rhncp4jt1\/2026\/04\/image-1111.jpg\",\"datePublished\":\"2026-04-18T11:00:00+00:00\",\"author\":{\"@id\":\"https:\/\/portaltela.pt\/#\/schema\/person\/c4278d4a6028830caff9ee44b42d32ed\"},\"breadcrumb\":{\"@id\":\"https:\/\/portaltela.pt\/noticias\/2026\/04\/18\/comic-con-invade-ruas-de-santa-maria-da-feira-para-animacao-local\/#breadcrumb\"},\"inLanguage\":\"pt-PT\",\"potentialAction\":[{\"@type\":\"ReadAction\",\"target\":[\"https:\/\/portaltela.pt\/noticias\/2026\/04\/18\/comic-con-invade-ruas-de-santa-maria-da-feira-para-animacao-local\/\"]}]},{\"@type\":\"ImageObject\",\"inLanguage\":\"pt-PT\",\"@id\":\"https:\/\/portaltela.pt\/noticias\/2026\/04\/18\/comic-con-invade-ruas-de-santa-maria-da-feira-para-animacao-local\/#primaryimage\",\"url\":\"https:\/\/portaltela.pt\/s.01k8rhncp4jt1\/2026\/04\/image-1111.jpg\",\"contentUrl\":\"https:\/\/portaltela.pt\/s.01k8rhncp4jt1\/2026\/04\/image-1111.jpg\",\"width\":796,\"height\":448,\"caption\":\"Comic Con Portugal realiza-se de 23 a 26 de abril no Europarque\"},{\"@type\":\"BreadcrumbList\",\"@id\":\"https:\/\/portaltela.pt\/noticias\/2026\/04\/18\/comic-con-invade-ruas-de-santa-maria-da-feira-para-animacao-local\/#breadcrumb\",\"itemListElement\":[{\"@type\":\"ListItem\",\"position\":1,\"name\":\"In\u00edcio\",\"item\":\"https:\/\/portaltela.pt\/\"},{\"@type\":\"ListItem\",\"position\":2,\"name\":\"Comic Con invade ruas de Santa Maria da Feira para anima\u00e7\u00e3o local\"}]},{\"@type\":\"WebSite\",\"@id\":\"https:\/\/portaltela.pt\/#website\",\"url\":\"https:\/\/portaltela.pt\/\",\"name\":\"Portal Tela Portugal\",\"description\":\"\",\"potentialAction\":[{\"@type\":\"SearchAction\",\"target\":{\"@type\":\"EntryPoint\",\"urlTemplate\":\"https:\/\/portaltela.pt\/?s={search_term_string}\"},\"query-input\":{\"@type\":\"PropertyValueSpecification\",\"valueRequired\":true,\"valueName\":\"search_term_string\"}}],\"inLanguage\":\"pt-PT\"},{\"@type\":\"Person\",\"@id\":\"https:\/\/portaltela.pt\/#\/schema\/person\/c4278d4a6028830caff9ee44b42d32ed\",\"name\":\"Telinha\",\"image\":{\"@type\":\"ImageObject\",\"inLanguage\":\"pt-PT\",\"@id\":\"https:\/\/portaltela.pt\/s.01k8rhncp4jt1\/2025\/11\/talking-bot-125x125.png\",\"url\":\"https:\/\/portaltela.pt\/s.01k8rhncp4jt1\/2025\/11\/talking-bot-125x125.png\",\"contentUrl\":\"https:\/\/portaltela.pt\/s.01k8rhncp4jt1\/2025\/11\/talking-bot-125x125.png\",\"caption\":\"Telinha\"},\"sameAs\":[\"https:\/\/portaltela.pt\/\"],\"url\":\"https:\/\/portaltela.pt\/por\/367410592786\/\"}]}<\/script>\n<!-- \/ Yoast SEO plugin. -->","yoast_head_json":{"title":"Comic Con invade ruas de Santa Maria da Feira para anima\u00e7\u00e3o local - Portal Tela Portugal","robots":{"index":"index","follow":"follow","max-snippet":"max-snippet:-1","max-image-preview":"max-image-preview:large","max-video-preview":"max-video-preview:-1"},"og_locale":"pt_PT","og_type":"article","og_title":"Comic Con invade ruas de Santa Maria da Feira para anima\u00e7\u00e3o local - Portal Tela Portugal","og_description":"A Comic Con Portugal realiza\u2011se de 23 a 26 de abril no Europarque, em Santa Maria da Feira, com anima\u00e7\u00e3o n-outros espa\u00e7os da cidade, como pra\u00e7as, restaurantes e o centro hist\u00f3rico. O warm\u2011up acontece a 18 de abril, com o programa \u201cSanta Maria da Feira, Cidade Pop\u201d e quatro cosplayers a percorrer espa\u00e7os comerciais. Nos dias 24 e 25 de abril acontece uma after\u2011party na Pra\u00e7a Gaspar Moreira, com DJ set de cultura pop e atua\u00e7\u00e3o do grupo All About Dance. A edi\u00e7\u00e3o de 2026 tem a portugalidade como tema, ligando a identidade nacional ao universo global da cultura pop, incluindo uma \u00e1rea Marvel e o Asian World dedicado a K\u2011pop, anime e cosplay. Entre os convidados est\u00e3o John Romita Jr., Bastien Viv\u00e8s, Alicia Jaraba Abell\u00e1n, V\u00edctor L. Pinel e Frank Miller, com A estrela Misa e a cosplayer Nene; surge ainda o KC Survival, o primeiro concurso oficial de K\u2011pop Cover.","og_url":"https:\/\/portaltela.pt\/noticias\/2026\/04\/18\/comic-con-invade-ruas-de-santa-maria-da-feira-para-animacao-local\/","og_site_name":"Portal Tela Portugal","article_published_time":"2026-04-18T11:00:00+00:00","author":"Telinha","twitter_card":"summary_large_image","twitter_misc":{"Escrito por":"Telinha","Tempo estimado de leitura":"2 minutos"},"schema":{"@context":"https:\/\/schema.org","@graph":[{"@type":"Article","@id":"https:\/\/portaltela.pt\/noticias\/2026\/04\/18\/comic-con-invade-ruas-de-santa-maria-da-feira-para-animacao-local\/#article","isPartOf":{"@id":"https:\/\/portaltela.pt\/noticias\/2026\/04\/18\/comic-con-invade-ruas-de-santa-maria-da-feira-para-animacao-local\/"},"author":{"name":"Telinha","@id":"https:\/\/portaltela.pt\/#\/schema\/person\/c4278d4a6028830caff9ee44b42d32ed"},"headline":"Comic Con invade ruas de Santa Maria da Feira para anima\u00e7\u00e3o local","datePublished":"2026-04-18T11:00:00+00:00","mainEntityOfPage":{"@id":"https:\/\/portaltela.pt\/noticias\/2026\/04\/18\/comic-con-invade-ruas-de-santa-maria-da-feira-para-animacao-local\/"},"wordCount":345,"image":{"@id":"https:\/\/portaltela.pt\/noticias\/2026\/04\/18\/comic-con-invade-ruas-de-santa-maria-da-feira-para-animacao-local\/#primaryimage"},"thumbnailUrl":"https:\/\/portaltela.pt\/s.01k8rhncp4jt1\/2026\/04\/image-1111.jpg","keywords":["_\u00c1sia","_cultura","anima\u00e7\u00e3o","Asian World","eventos","Santa Maria da Feira"],"articleSection":["Entretenimento","S\u00e9ries e filmes"],"inLanguage":"pt-PT"},{"@type":"WebPage","@id":"https:\/\/portaltela.pt\/noticias\/2026\/04\/18\/comic-con-invade-ruas-de-santa-maria-da-feira-para-animacao-local\/","url":"https:\/\/portaltela.pt\/noticias\/2026\/04\/18\/comic-con-invade-ruas-de-santa-maria-da-feira-para-animacao-local\/","name":"Comic Con invade ruas de Santa Maria da Feira para anima\u00e7\u00e3o local - Portal Tela Portugal","isPartOf":{"@id":"https:\/\/portaltela.pt\/#website"},"primaryImageOfPage":{"@id":"https:\/\/portaltela.pt\/noticias\/2026\/04\/18\/comic-con-invade-ruas-de-santa-maria-da-feira-para-animacao-local\/#primaryimage"},"image":{"@id":"https:\/\/portaltela.pt\/noticias\/2026\/04\/18\/comic-con-invade-ruas-de-santa-maria-da-feira-para-animacao-local\/#primaryimage"},"thumbnailUrl":"https:\/\/portaltela.pt\/s.01k8rhncp4jt1\/2026\/04\/image-1111.jpg","datePublished":"2026-04-18T11:00:00+00:00","author":{"@id":"https:\/\/portaltela.pt\/#\/schema\/person\/c4278d4a6028830caff9ee44b42d32ed"},"breadcrumb":{"@id":"https:\/\/portaltela.pt\/noticias\/2026\/04\/18\/comic-con-invade-ruas-de-santa-maria-da-feira-para-animacao-local\/#breadcrumb"},"inLanguage":"pt-PT","potentialAction":[{"@type":"ReadAction","target":["https:\/\/portaltela.pt\/noticias\/2026\/04\/18\/comic-con-invade-ruas-de-santa-maria-da-feira-para-animacao-local\/"]}]},{"@type":"ImageObject","inLanguage":"pt-PT","@id":"https:\/\/portaltela.pt\/noticias\/2026\/04\/18\/comic-con-invade-ruas-de-santa-maria-da-feira-para-animacao-local\/#primaryimage","url":"https:\/\/portaltela.pt\/s.01k8rhncp4jt1\/2026\/04\/image-1111.jpg","contentUrl":"https:\/\/portaltela.pt\/s.01k8rhncp4jt1\/2026\/04\/image-1111.jpg","width":796,"height":448,"caption":"Comic Con Portugal realiza-se de 23 a 26 de abril no Europarque"},{"@type":"BreadcrumbList","@id":"https:\/\/portaltela.pt\/noticias\/2026\/04\/18\/comic-con-invade-ruas-de-santa-maria-da-feira-para-animacao-local\/#breadcrumb","itemListElement":[{"@type":"ListItem","position":1,"name":"In\u00edcio","item":"https:\/\/portaltela.pt\/"},{"@type":"ListItem","position":2,"name":"Comic Con invade ruas de Santa Maria da Feira para anima\u00e7\u00e3o local"}]},{"@type":"WebSite","@id":"https:\/\/portaltela.pt\/#website","url":"https:\/\/portaltela.pt\/","name":"Portal Tela Portugal","description":"","potentialAction":[{"@type":"SearchAction","target":{"@type":"EntryPoint","urlTemplate":"https:\/\/portaltela.pt\/?s={search_term_string}"},"query-input":{"@type":"PropertyValueSpecification","valueRequired":true,"valueName":"search_term_string"}}],"inLanguage":"pt-PT"},{"@type":"Person","@id":"https:\/\/portaltela.pt\/#\/schema\/person\/c4278d4a6028830caff9ee44b42d32ed","name":"Telinha","image":{"@type":"ImageObject","inLanguage":"pt-PT","@id":"https:\/\/portaltela.pt\/s.01k8rhncp4jt1\/2025\/11\/talking-bot-125x125.png","url":"https:\/\/portaltela.pt\/s.01k8rhncp4jt1\/2025\/11\/talking-bot-125x125.png","contentUrl":"https:\/\/portaltela.pt\/s.01k8rhncp4jt1\/2025\/11\/talking-bot-125x125.png","caption":"Telinha"},"sameAs":["https:\/\/portaltela.pt\/"],"url":"https:\/\/portaltela.pt\/por\/367410592786\/"}]}},"_links":{"self":[{"href":"https:\/\/portaltela.pt\/api\/wp\/v2\/posts\/449209","targetHints":{"allow":["GET"]}}],"collection":[{"href":"https:\/\/portaltela.pt\/api\/wp\/v2\/posts"}],"about":[{"href":"https:\/\/portaltela.pt\/api\/wp\/v2\/types\/post"}],"author":[{"embeddable":true,"href":"https:\/\/portaltela.pt\/api\/wp\/v2\/users\/2"}],"replies":[{"embeddable":true,"href":"https:\/\/portaltela.pt\/api\/wp\/v2\/comments?post=449209"}],"version-history":[{"count":0,"href":"https:\/\/portaltela.pt\/api\/wp\/v2\/posts\/449209\/revisions"}],"wp:featuredmedia":[{"embeddable":true,"href":"https:\/\/portaltela.pt\/api\/wp\/v2\/media\/449227"}],"wp:attachment":[{"href":"https:\/\/portaltela.pt\/api\/wp\/v2\/media?parent=449209"}],"wp:term":[{"taxonomy":"category","embeddable":true,"href":"https:\/\/portaltela.pt\/api\/wp\/v2\/categories?post=449209"},{"taxonomy":"post_tag","embeddable":true,"href":"https:\/\/portaltela.pt\/api\/wp\/v2\/tags?post=449209"}],"curies":[{"name":"wp","href":"https:\/\/api.w.org\/{rel}","templated":true}]}}