{"id":449182,"date":"2026-04-18T18:03:00","date_gmt":"2026-04-18T21:03:00","guid":{"rendered":"https:\/\/portaltela.pt\/noticias\/2026\/04\/18\/miguel-oliveira-termina-em-setimo-na-primeira-corrida-de-sbk-em-assen\/"},"modified":"2026-04-18T18:03:00","modified_gmt":"2026-04-18T21:03:00","slug":"miguel-oliveira-termina-em-setimo-na-primeira-corrida-de-sbk-em-assen","status":"publish","type":"post","link":"https:\/\/portaltela.pt\/desporto\/futebol\/2026\/04\/18\/miguel-oliveira-termina-em-setimo-na-primeira-corrida-de-sbk-em-assen\/","title":{"rendered":"Miguel Oliveira termina em s\u00e9timo na primeira corrida de SBK em Assen"},"content":{"rendered":"<p>O piloto portugu\u00eas Miguel Oliveira (BMW) terminou na s\u00e9tima posi\u00e7\u00e3o na primeira corrida do Mundial de Superbikes em Assen, a terceira ronda da temporada. A prova decorreu neste s\u00e1bado, nos Pa\u00edses Baixos, com o italiano Nicolo Bulega (Ducati) a vencer.<\/p>\n<p>Oliveira saiu da 13.\u00aa posi\u00e7\u00e3o na grelha e ficou a 18,163 segundos do vencedor. Bulega confirmou o dom\u00ednio da \u00e9poca, enquanto Iker Lecuona (Ducati) ficou em 2.\u00ba a 1,618s e Sam Lowes (Ducati) em 3.\u00ba a 2,923s.<\/p>\n<p>Durante a manh\u00e3, Oliveira indicou evolu\u00e7\u00e3o da afina\u00e7\u00e3o da BMW, ao terminar 4.\u00ba na terceira sess\u00e3o de treinos livres. Na qualifica\u00e7\u00e3o, ficou 13.\u00ba, a 1,160s da pole de Bulega. Na corrida, foi o piloto que mais evoluiu, ultrapassando seis advers\u00e1rios.<\/p>\n<h3>Luta pela frente<\/h3>\n<p>A meio da corrida, com 21 voltas, Oliveira travou duelos com Mackenzie e Vierge, com trocas de posi\u00e7\u00e3o entre os tr\u00eas. Concluiu a corrida na 7.\u00aa posi\u00e7\u00e3o, surgindo a seguir aos favoritos.<\/p>\n<p>Bulega ampliou a lideran\u00e7a no campeonato, para 149 pontos. Oliveira subiu ao 3.\u00ba lugar, com 65 pontos. O domingo traz a corrida Superpole, para definir a grelha da segunda prova do fim de semana.<\/p>\n","protected":false},"excerpt":{"rendered":"<ul>\n<li>Miguel Oliveira (BMW) terminou na s\u00e9tima posi\u00e7\u00e3o na primeira corrida de Superbikes em Assen, vindo da 13.\u00aa posi\u00e7\u00e3o na grelha.<\/li>\n<li>O piloto portugu\u00eas terminou a 18,163 segundos do vencedor, Nicolo Bulega (Ducati), que manteve o pleno de vit\u00f3rias na temporada.<\/li>\n<li>Bulega lidera o campeonato com 149 pontos, enquanto Oliveira sobe para terceiro, com 65 pontos.<\/li>\n<li>Oliveira foi o piloto que mais posi\u00e7\u00f5es ganhou, ultrapassando seis advers\u00e1rios; a luta principal na corrida foi com Mackenzie e Vierge.<\/li>\n<li>No domingo, disputa-se a corrida Superpole para definir a grelha da segunda corrida do fim\u2011de\u2011semana.<\/li>\n<\/ul>\n","protected":false},"author":2,"featured_media":449192,"comment_status":"closed","ping_status":"closed","sticky":false,"template":"","format":"standard","meta":{"footnotes":""},"categories":[21,24],"tags":[7902,8547,47,1014],"class_list":["post-449182","post","type-post","status-publish","format-standard","has-post-thumbnail","hentry","category-desporto","category-futebol","tag-_desporto","tag-_desporto-federado","tag-mundial","tag-portugal"],"yoast_head":"<!-- This site is optimized with the Yoast SEO plugin v27.2 - https:\/\/yoast.com\/product\/yoast-seo-wordpress\/ -->\n<title>Miguel Oliveira termina em s\u00e9timo na primeira corrida de SBK em Assen - Portal Tela Portugal<\/title>\n<meta name=\"robots\" content=\"index, follow, max-snippet:-1, max-image-preview:large, max-video-preview:-1\" \/>\n<meta property=\"og:locale\" content=\"pt_PT\" \/>\n<meta property=\"og:type\" content=\"article\" \/>\n<meta property=\"og:title\" content=\"Miguel Oliveira termina em s\u00e9timo na primeira corrida de SBK em Assen - Portal Tela Portugal\" \/>\n<meta property=\"og:description\" content=\"Miguel Oliveira (BMW) terminou na s\u00e9tima posi\u00e7\u00e3o na primeira corrida de Superbikes em Assen, vindo da 13.\u00aa posi\u00e7\u00e3o na grelha. O piloto portugu\u00eas terminou a 18,163 segundos do vencedor, Nicolo Bulega (Ducati), que manteve o pleno de vit\u00f3rias na temporada. Bulega lidera o campeonato com 149 pontos, enquanto Oliveira sobe para terceiro, com 65 pontos. Oliveira foi o piloto que mais posi\u00e7\u00f5es ganhou, ultrapassando seis advers\u00e1rios; a luta principal na corrida foi com Mackenzie e Vierge. No domingo, disputa-se a corrida Superpole para definir a grelha da segunda corrida do fim\u2011de\u2011semana.\" \/>\n<meta property=\"og:url\" content=\"https:\/\/portaltela.pt\/noticias\/2026\/04\/18\/miguel-oliveira-termina-em-setimo-na-primeira-corrida-de-sbk-em-assen\/\" \/>\n<meta property=\"og:site_name\" content=\"Portal Tela Portugal\" \/>\n<meta property=\"article:published_time\" content=\"2026-04-18T21:03:00+00:00\" \/>\n<meta name=\"author\" content=\"Telinha\" \/>\n<meta name=\"twitter:card\" content=\"summary_large_image\" \/>\n<meta name=\"twitter:label1\" content=\"Escrito por\" \/>\n\t<meta name=\"twitter:data1\" content=\"Telinha\" \/>\n\t<meta name=\"twitter:label2\" content=\"Tempo estimado de leitura\" \/>\n\t<meta name=\"twitter:data2\" content=\"1 minuto\" \/>\n<script type=\"application\/ld+json\" class=\"yoast-schema-graph\">{\"@context\":\"https:\/\/schema.org\",\"@graph\":[{\"@type\":\"Article\",\"@id\":\"https:\/\/portaltela.pt\/noticias\/2026\/04\/18\/miguel-oliveira-termina-em-setimo-na-primeira-corrida-de-sbk-em-assen\/#article\",\"isPartOf\":{\"@id\":\"https:\/\/portaltela.pt\/noticias\/2026\/04\/18\/miguel-oliveira-termina-em-setimo-na-primeira-corrida-de-sbk-em-assen\/\"},\"author\":{\"name\":\"Telinha\",\"@id\":\"https:\/\/portaltela.pt\/#\/schema\/person\/c4278d4a6028830caff9ee44b42d32ed\"},\"headline\":\"Miguel Oliveira termina em s\u00e9timo na primeira corrida de SBK em Assen\",\"datePublished\":\"2026-04-18T21:03:00+00:00\",\"mainEntityOfPage\":{\"@id\":\"https:\/\/portaltela.pt\/noticias\/2026\/04\/18\/miguel-oliveira-termina-em-setimo-na-primeira-corrida-de-sbk-em-assen\/\"},\"wordCount\":204,\"image\":{\"@id\":\"https:\/\/portaltela.pt\/noticias\/2026\/04\/18\/miguel-oliveira-termina-em-setimo-na-primeira-corrida-de-sbk-em-assen\/#primaryimage\"},\"thumbnailUrl\":\"https:\/\/portaltela.pt\/s.01k8rhncp4jt1\/2026\/04\/2082476.jpg\",\"keywords\":[\"_desporto\",\"_desporto federado\",\"mundial\",\"Portugal\"],\"articleSection\":[\"Desporto\",\"Futebol\"],\"inLanguage\":\"pt-PT\"},{\"@type\":\"WebPage\",\"@id\":\"https:\/\/portaltela.pt\/noticias\/2026\/04\/18\/miguel-oliveira-termina-em-setimo-na-primeira-corrida-de-sbk-em-assen\/\",\"url\":\"https:\/\/portaltela.pt\/noticias\/2026\/04\/18\/miguel-oliveira-termina-em-setimo-na-primeira-corrida-de-sbk-em-assen\/\",\"name\":\"Miguel Oliveira termina em s\u00e9timo na primeira corrida de SBK em Assen - Portal Tela Portugal\",\"isPartOf\":{\"@id\":\"https:\/\/portaltela.pt\/#website\"},\"primaryImageOfPage\":{\"@id\":\"https:\/\/portaltela.pt\/noticias\/2026\/04\/18\/miguel-oliveira-termina-em-setimo-na-primeira-corrida-de-sbk-em-assen\/#primaryimage\"},\"image\":{\"@id\":\"https:\/\/portaltela.pt\/noticias\/2026\/04\/18\/miguel-oliveira-termina-em-setimo-na-primeira-corrida-de-sbk-em-assen\/#primaryimage\"},\"thumbnailUrl\":\"https:\/\/portaltela.pt\/s.01k8rhncp4jt1\/2026\/04\/2082476.jpg\",\"datePublished\":\"2026-04-18T21:03:00+00:00\",\"author\":{\"@id\":\"https:\/\/portaltela.pt\/#\/schema\/person\/c4278d4a6028830caff9ee44b42d32ed\"},\"breadcrumb\":{\"@id\":\"https:\/\/portaltela.pt\/noticias\/2026\/04\/18\/miguel-oliveira-termina-em-setimo-na-primeira-corrida-de-sbk-em-assen\/#breadcrumb\"},\"inLanguage\":\"pt-PT\",\"potentialAction\":[{\"@type\":\"ReadAction\",\"target\":[\"https:\/\/portaltela.pt\/noticias\/2026\/04\/18\/miguel-oliveira-termina-em-setimo-na-primeira-corrida-de-sbk-em-assen\/\"]}]},{\"@type\":\"ImageObject\",\"inLanguage\":\"pt-PT\",\"@id\":\"https:\/\/portaltela.pt\/noticias\/2026\/04\/18\/miguel-oliveira-termina-em-setimo-na-primeira-corrida-de-sbk-em-assen\/#primaryimage\",\"url\":\"https:\/\/portaltela.pt\/s.01k8rhncp4jt1\/2026\/04\/2082476.jpg\",\"contentUrl\":\"https:\/\/portaltela.pt\/s.01k8rhncp4jt1\/2026\/04\/2082476.jpg\",\"width\":796,\"height\":448,\"caption\":\"Miguel Oliveira ocupa actualmente a quarta posi\u00e7\u00e3o no Mundial\"},{\"@type\":\"BreadcrumbList\",\"@id\":\"https:\/\/portaltela.pt\/noticias\/2026\/04\/18\/miguel-oliveira-termina-em-setimo-na-primeira-corrida-de-sbk-em-assen\/#breadcrumb\",\"itemListElement\":[{\"@type\":\"ListItem\",\"position\":1,\"name\":\"In\u00edcio\",\"item\":\"https:\/\/portaltela.pt\/\"},{\"@type\":\"ListItem\",\"position\":2,\"name\":\"Miguel Oliveira termina em s\u00e9timo na primeira corrida de SBK em Assen\"}]},{\"@type\":\"WebSite\",\"@id\":\"https:\/\/portaltela.pt\/#website\",\"url\":\"https:\/\/portaltela.pt\/\",\"name\":\"Portal Tela Portugal\",\"description\":\"\",\"potentialAction\":[{\"@type\":\"SearchAction\",\"target\":{\"@type\":\"EntryPoint\",\"urlTemplate\":\"https:\/\/portaltela.pt\/?s={search_term_string}\"},\"query-input\":{\"@type\":\"PropertyValueSpecification\",\"valueRequired\":true,\"valueName\":\"search_term_string\"}}],\"inLanguage\":\"pt-PT\"},{\"@type\":\"Person\",\"@id\":\"https:\/\/portaltela.pt\/#\/schema\/person\/c4278d4a6028830caff9ee44b42d32ed\",\"name\":\"Telinha\",\"image\":{\"@type\":\"ImageObject\",\"inLanguage\":\"pt-PT\",\"@id\":\"https:\/\/portaltela.pt\/s.01k8rhncp4jt1\/2025\/11\/talking-bot-125x125.png\",\"url\":\"https:\/\/portaltela.pt\/s.01k8rhncp4jt1\/2025\/11\/talking-bot-125x125.png\",\"contentUrl\":\"https:\/\/portaltela.pt\/s.01k8rhncp4jt1\/2025\/11\/talking-bot-125x125.png\",\"caption\":\"Telinha\"},\"sameAs\":[\"https:\/\/portaltela.pt\/\"],\"url\":\"https:\/\/portaltela.pt\/por\/367410592786\/\"}]}<\/script>\n<!-- \/ Yoast SEO plugin. -->","yoast_head_json":{"title":"Miguel Oliveira termina em s\u00e9timo na primeira corrida de SBK em Assen - Portal Tela Portugal","robots":{"index":"index","follow":"follow","max-snippet":"max-snippet:-1","max-image-preview":"max-image-preview:large","max-video-preview":"max-video-preview:-1"},"og_locale":"pt_PT","og_type":"article","og_title":"Miguel Oliveira termina em s\u00e9timo na primeira corrida de SBK em Assen - Portal Tela Portugal","og_description":"Miguel Oliveira (BMW) terminou na s\u00e9tima posi\u00e7\u00e3o na primeira corrida de Superbikes em Assen, vindo da 13.\u00aa posi\u00e7\u00e3o na grelha. O piloto portugu\u00eas terminou a 18,163 segundos do vencedor, Nicolo Bulega (Ducati), que manteve o pleno de vit\u00f3rias na temporada. Bulega lidera o campeonato com 149 pontos, enquanto Oliveira sobe para terceiro, com 65 pontos. Oliveira foi o piloto que mais posi\u00e7\u00f5es ganhou, ultrapassando seis advers\u00e1rios; a luta principal na corrida foi com Mackenzie e Vierge. No domingo, disputa-se a corrida Superpole para definir a grelha da segunda corrida do fim\u2011de\u2011semana.","og_url":"https:\/\/portaltela.pt\/noticias\/2026\/04\/18\/miguel-oliveira-termina-em-setimo-na-primeira-corrida-de-sbk-em-assen\/","og_site_name":"Portal Tela Portugal","article_published_time":"2026-04-18T21:03:00+00:00","author":"Telinha","twitter_card":"summary_large_image","twitter_misc":{"Escrito por":"Telinha","Tempo estimado de leitura":"1 minuto"},"schema":{"@context":"https:\/\/schema.org","@graph":[{"@type":"Article","@id":"https:\/\/portaltela.pt\/noticias\/2026\/04\/18\/miguel-oliveira-termina-em-setimo-na-primeira-corrida-de-sbk-em-assen\/#article","isPartOf":{"@id":"https:\/\/portaltela.pt\/noticias\/2026\/04\/18\/miguel-oliveira-termina-em-setimo-na-primeira-corrida-de-sbk-em-assen\/"},"author":{"name":"Telinha","@id":"https:\/\/portaltela.pt\/#\/schema\/person\/c4278d4a6028830caff9ee44b42d32ed"},"headline":"Miguel Oliveira termina em s\u00e9timo na primeira corrida de SBK em Assen","datePublished":"2026-04-18T21:03:00+00:00","mainEntityOfPage":{"@id":"https:\/\/portaltela.pt\/noticias\/2026\/04\/18\/miguel-oliveira-termina-em-setimo-na-primeira-corrida-de-sbk-em-assen\/"},"wordCount":204,"image":{"@id":"https:\/\/portaltela.pt\/noticias\/2026\/04\/18\/miguel-oliveira-termina-em-setimo-na-primeira-corrida-de-sbk-em-assen\/#primaryimage"},"thumbnailUrl":"https:\/\/portaltela.pt\/s.01k8rhncp4jt1\/2026\/04\/2082476.jpg","keywords":["_desporto","_desporto federado","mundial","Portugal"],"articleSection":["Desporto","Futebol"],"inLanguage":"pt-PT"},{"@type":"WebPage","@id":"https:\/\/portaltela.pt\/noticias\/2026\/04\/18\/miguel-oliveira-termina-em-setimo-na-primeira-corrida-de-sbk-em-assen\/","url":"https:\/\/portaltela.pt\/noticias\/2026\/04\/18\/miguel-oliveira-termina-em-setimo-na-primeira-corrida-de-sbk-em-assen\/","name":"Miguel Oliveira termina em s\u00e9timo na primeira corrida de SBK em Assen - Portal Tela Portugal","isPartOf":{"@id":"https:\/\/portaltela.pt\/#website"},"primaryImageOfPage":{"@id":"https:\/\/portaltela.pt\/noticias\/2026\/04\/18\/miguel-oliveira-termina-em-setimo-na-primeira-corrida-de-sbk-em-assen\/#primaryimage"},"image":{"@id":"https:\/\/portaltela.pt\/noticias\/2026\/04\/18\/miguel-oliveira-termina-em-setimo-na-primeira-corrida-de-sbk-em-assen\/#primaryimage"},"thumbnailUrl":"https:\/\/portaltela.pt\/s.01k8rhncp4jt1\/2026\/04\/2082476.jpg","datePublished":"2026-04-18T21:03:00+00:00","author":{"@id":"https:\/\/portaltela.pt\/#\/schema\/person\/c4278d4a6028830caff9ee44b42d32ed"},"breadcrumb":{"@id":"https:\/\/portaltela.pt\/noticias\/2026\/04\/18\/miguel-oliveira-termina-em-setimo-na-primeira-corrida-de-sbk-em-assen\/#breadcrumb"},"inLanguage":"pt-PT","potentialAction":[{"@type":"ReadAction","target":["https:\/\/portaltela.pt\/noticias\/2026\/04\/18\/miguel-oliveira-termina-em-setimo-na-primeira-corrida-de-sbk-em-assen\/"]}]},{"@type":"ImageObject","inLanguage":"pt-PT","@id":"https:\/\/portaltela.pt\/noticias\/2026\/04\/18\/miguel-oliveira-termina-em-setimo-na-primeira-corrida-de-sbk-em-assen\/#primaryimage","url":"https:\/\/portaltela.pt\/s.01k8rhncp4jt1\/2026\/04\/2082476.jpg","contentUrl":"https:\/\/portaltela.pt\/s.01k8rhncp4jt1\/2026\/04\/2082476.jpg","width":796,"height":448,"caption":"Miguel Oliveira ocupa actualmente a quarta posi\u00e7\u00e3o no Mundial"},{"@type":"BreadcrumbList","@id":"https:\/\/portaltela.pt\/noticias\/2026\/04\/18\/miguel-oliveira-termina-em-setimo-na-primeira-corrida-de-sbk-em-assen\/#breadcrumb","itemListElement":[{"@type":"ListItem","position":1,"name":"In\u00edcio","item":"https:\/\/portaltela.pt\/"},{"@type":"ListItem","position":2,"name":"Miguel Oliveira termina em s\u00e9timo na primeira corrida de SBK em Assen"}]},{"@type":"WebSite","@id":"https:\/\/portaltela.pt\/#website","url":"https:\/\/portaltela.pt\/","name":"Portal Tela Portugal","description":"","potentialAction":[{"@type":"SearchAction","target":{"@type":"EntryPoint","urlTemplate":"https:\/\/portaltela.pt\/?s={search_term_string}"},"query-input":{"@type":"PropertyValueSpecification","valueRequired":true,"valueName":"search_term_string"}}],"inLanguage":"pt-PT"},{"@type":"Person","@id":"https:\/\/portaltela.pt\/#\/schema\/person\/c4278d4a6028830caff9ee44b42d32ed","name":"Telinha","image":{"@type":"ImageObject","inLanguage":"pt-PT","@id":"https:\/\/portaltela.pt\/s.01k8rhncp4jt1\/2025\/11\/talking-bot-125x125.png","url":"https:\/\/portaltela.pt\/s.01k8rhncp4jt1\/2025\/11\/talking-bot-125x125.png","contentUrl":"https:\/\/portaltela.pt\/s.01k8rhncp4jt1\/2025\/11\/talking-bot-125x125.png","caption":"Telinha"},"sameAs":["https:\/\/portaltela.pt\/"],"url":"https:\/\/portaltela.pt\/por\/367410592786\/"}]}},"_links":{"self":[{"href":"https:\/\/portaltela.pt\/api\/wp\/v2\/posts\/449182","targetHints":{"allow":["GET"]}}],"collection":[{"href":"https:\/\/portaltela.pt\/api\/wp\/v2\/posts"}],"about":[{"href":"https:\/\/portaltela.pt\/api\/wp\/v2\/types\/post"}],"author":[{"embeddable":true,"href":"https:\/\/portaltela.pt\/api\/wp\/v2\/users\/2"}],"replies":[{"embeddable":true,"href":"https:\/\/portaltela.pt\/api\/wp\/v2\/comments?post=449182"}],"version-history":[{"count":0,"href":"https:\/\/portaltela.pt\/api\/wp\/v2\/posts\/449182\/revisions"}],"wp:featuredmedia":[{"embeddable":true,"href":"https:\/\/portaltela.pt\/api\/wp\/v2\/media\/449192"}],"wp:attachment":[{"href":"https:\/\/portaltela.pt\/api\/wp\/v2\/media?parent=449182"}],"wp:term":[{"taxonomy":"category","embeddable":true,"href":"https:\/\/portaltela.pt\/api\/wp\/v2\/categories?post=449182"},{"taxonomy":"post_tag","embeddable":true,"href":"https:\/\/portaltela.pt\/api\/wp\/v2\/tags?post=449182"}],"curies":[{"name":"wp","href":"https:\/\/api.w.org\/{rel}","templated":true}]}}