{"id":449166,"date":"2026-04-18T17:29:00","date_gmt":"2026-04-18T20:29:00","guid":{"rendered":"https:\/\/portaltela.pt\/noticias\/2026\/04\/18\/leao-xiv-chega-a-angola-com-discurso-contra-exploracao-capitalista-de-recursos\/"},"modified":"2026-04-18T17:29:00","modified_gmt":"2026-04-18T20:29:00","slug":"leao-xiv-chega-a-angola-com-discurso-contra-exploracao-capitalista-de-recursos","status":"publish","type":"post","link":"https:\/\/portaltela.pt\/noticias\/internacional\/2026\/04\/18\/leao-xiv-chega-a-angola-com-discurso-contra-exploracao-capitalista-de-recursos\/","title":{"rendered":"Le\u00e3o XIV chega a Angola com discurso contra explora\u00e7\u00e3o capitalista de recursos"},"content":{"rendered":"<p>O Papa Le\u00e3o XIV chegou a Luanda, Angola, na etapa africana da sua visita que j\u00e1 passou pela Arg\u00e9lia e Camar\u00f5es e que inclui a Guin\u00e9 Equatorial. O pont\u00edfice discursou contra a l\u00f3gica extractivista que alimenta um modelo de desenvolvimento que discrimina e exclui.<\/p>\n<p>No discurso proferido em portugu\u00eas, o Papa salientou que a explora\u00e7\u00e3o de recursos tem deixado sofrimento, mortes e cat\u00e1strofes sociais e ambientais. Afirmou que o mundo precisa de quebrar a cadeia de interesses que transforma a vida numa mercadoria.<\/p>\n<p>Ao observar o mosaico humano de Angola, Le\u00e3o XIV apelou \u00e0 supera\u00e7\u00e3o de conflitos atrav\u00e9s do di\u00e1logo, sem excluir diverg\u00eancias. Envoltos num sal\u00e3o oficial de Luanda, diplomatas, governantes e representantes da sociedade civil ouviram a reflex\u00e3o sobre justi\u00e7a, paz e reconcilia\u00e7\u00e3o.<\/p>\n<p>O Sumo Pont\u00edfice defendeu uma terceira via entre conflito e acomoda\u00e7\u00e3o, defendendo a resolu\u00e7\u00e3o de tens\u00f5es como motor de renova\u00e7\u00e3o social. Lembrou ainda que jovens sonham e os pobres esperam, num pa\u00eds que carrega mem\u00f3rias da guerra civil.<\/p>\n<p>O apelo foi para que se priorize o di\u00e1logo como instrumento para enfrentar problemas nacionais, regionais e globais. A mensagem enfatizou a import\u00e2ncia de transformar diverg\u00eancias em oportunidades de inclus\u00e3o e desenvolvimento comum.<\/p>\n<p>A conversa ecoou entre autoridades angolanas e l\u00edderes religiosos, que veem a hist\u00f3ria recente como desafio a uma conviv\u00eancia mais est\u00e1vel. A visita de Luanda marca um momento de reflex\u00e3o sobre o papel de Angola no panorama africano.<\/p>\n","protected":false},"excerpt":{"rendered":"<ul>\n<li>O Papa Le\u00e3o XIV fez o primeiro discurso em Angola, em Luanda, na terceira etapa da sua viagem pela \u00c1frica, que j\u00e1 passou pela Arg\u00e9lia e Camar\u00f5es e inclui a Guin\u00e9 Equatorial.<\/li>\n<li>Criticou a l\u00f3gica extractivista do capitalismo, afirmando que a explora\u00e7\u00e3o de recursos alimenta um modelo de desenvolvimento que discrimina e exclui.<\/li>\n<li>Defendeu romper a cadeia de interesses que reduz a realidade a mercadoria e afirmou que o di\u00e1logo \u00e9 necess\u00e1rio para resolver conflitos, sem excluir as diverg\u00eancias.<\/li>\n<li>Elogiou a alegria do povo angolano e pediu ouvir aqueles que promovem justi\u00e7a, paz, toler\u00e2ncia e reconcilia\u00e7\u00e3o, apelando \u00e0 convers\u00e3o de quem impede o desenvolvimento harmonioso.<\/li>\n<li>Em Angola, 22 anos ap\u00f3s a guerra civil, destacou a exist\u00eancia de uma terceira forma de enfrentar o conflito: aceit\u00e1-lo, resolv\u00ea-lo e transform\u00e1-lo em elo de renova\u00e7\u00e3o, atrav\u00e9s do di\u00e1logo entre jovens e adultos.<\/li>\n<\/ul>\n","protected":false},"author":2,"featured_media":449177,"comment_status":"closed","ping_status":"closed","sticky":false,"template":"","format":"standard","meta":{"footnotes":""},"categories":[4,5],"tags":[8293,8479,8959,8010,5227,4837],"class_list":["post-449166","post","type-post","status-publish","format-standard","has-post-thumbnail","hentry","category-internacional","category-politica","tag-_catolicismo","tag-_dialogo-internacional","tag-_diplomacia-internacional","tag-_igreja","tag-africa","tag-angola"],"yoast_head":"<!-- This site is optimized with the Yoast SEO plugin v27.2 - https:\/\/yoast.com\/product\/yoast-seo-wordpress\/ -->\n<title>Le\u00e3o XIV chega a Angola com discurso contra explora\u00e7\u00e3o capitalista de recursos - Portal Tela Portugal<\/title>\n<meta name=\"robots\" content=\"index, follow, max-snippet:-1, max-image-preview:large, max-video-preview:-1\" \/>\n<meta property=\"og:locale\" content=\"pt_PT\" \/>\n<meta property=\"og:type\" content=\"article\" \/>\n<meta property=\"og:title\" content=\"Le\u00e3o XIV chega a Angola com discurso contra explora\u00e7\u00e3o capitalista de recursos - Portal Tela Portugal\" \/>\n<meta property=\"og:description\" content=\"O Papa Le\u00e3o XIV fez o primeiro discurso em Angola, em Luanda, na terceira etapa da sua viagem pela \u00c1frica, que j\u00e1 passou pela Arg\u00e9lia e Camar\u00f5es e inclui a Guin\u00e9 Equatorial. Criticou a l\u00f3gica extractivista do capitalismo, afirmando que a explora\u00e7\u00e3o de recursos alimenta um modelo de desenvolvimento que discrimina e exclui. Defendeu romper a cadeia de interesses que reduz a realidade a mercadoria e afirmou que o di\u00e1logo \u00e9 necess\u00e1rio para resolver conflitos, sem excluir as diverg\u00eancias. Elogiou a alegria do povo angolano e pediu ouvir aqueles que promovem justi\u00e7a, paz, toler\u00e2ncia e reconcilia\u00e7\u00e3o, apelando \u00e0 convers\u00e3o de quem impede o desenvolvimento harmonioso. Em Angola, 22 anos ap\u00f3s a guerra civil, destacou a exist\u00eancia de uma terceira forma de enfrentar o conflito: aceit\u00e1-lo, resolv\u00ea-lo e transform\u00e1-lo em elo de renova\u00e7\u00e3o, atrav\u00e9s do di\u00e1logo entre jovens e adultos.\" \/>\n<meta property=\"og:url\" content=\"https:\/\/portaltela.pt\/noticias\/2026\/04\/18\/leao-xiv-chega-a-angola-com-discurso-contra-exploracao-capitalista-de-recursos\/\" \/>\n<meta property=\"og:site_name\" content=\"Portal Tela Portugal\" \/>\n<meta property=\"article:published_time\" content=\"2026-04-18T20:29:00+00:00\" \/>\n<meta name=\"author\" content=\"Telinha\" \/>\n<meta name=\"twitter:card\" content=\"summary_large_image\" \/>\n<meta name=\"twitter:label1\" content=\"Escrito por\" \/>\n\t<meta name=\"twitter:data1\" content=\"Telinha\" \/>\n\t<meta name=\"twitter:label2\" content=\"Tempo estimado de leitura\" \/>\n\t<meta name=\"twitter:data2\" content=\"1 minuto\" \/>\n<script type=\"application\/ld+json\" class=\"yoast-schema-graph\">{\"@context\":\"https:\/\/schema.org\",\"@graph\":[{\"@type\":\"Article\",\"@id\":\"https:\/\/portaltela.pt\/noticias\/2026\/04\/18\/leao-xiv-chega-a-angola-com-discurso-contra-exploracao-capitalista-de-recursos\/#article\",\"isPartOf\":{\"@id\":\"https:\/\/portaltela.pt\/noticias\/2026\/04\/18\/leao-xiv-chega-a-angola-com-discurso-contra-exploracao-capitalista-de-recursos\/\"},\"author\":{\"name\":\"Telinha\",\"@id\":\"https:\/\/portaltela.pt\/#\/schema\/person\/c4278d4a6028830caff9ee44b42d32ed\"},\"headline\":\"Le\u00e3o XIV chega a Angola com discurso contra explora\u00e7\u00e3o capitalista de recursos\",\"datePublished\":\"2026-04-18T20:29:00+00:00\",\"mainEntityOfPage\":{\"@id\":\"https:\/\/portaltela.pt\/noticias\/2026\/04\/18\/leao-xiv-chega-a-angola-com-discurso-contra-exploracao-capitalista-de-recursos\/\"},\"wordCount\":279,\"image\":{\"@id\":\"https:\/\/portaltela.pt\/noticias\/2026\/04\/18\/leao-xiv-chega-a-angola-com-discurso-contra-exploracao-capitalista-de-recursos\/#primaryimage\"},\"thumbnailUrl\":\"https:\/\/portaltela.pt\/s.01k8rhncp4jt1\/2026\/04\/2082468.jpg\",\"keywords\":[\"_catolicismo\",\"_Di\u00e1logo internacional\",\"_diplomacia internacional\",\"_igreja\",\"\u00c1frica\",\"Angola\"],\"articleSection\":[\"Internacional\",\"Pol\u00edtica\"],\"inLanguage\":\"pt-PT\"},{\"@type\":\"WebPage\",\"@id\":\"https:\/\/portaltela.pt\/noticias\/2026\/04\/18\/leao-xiv-chega-a-angola-com-discurso-contra-exploracao-capitalista-de-recursos\/\",\"url\":\"https:\/\/portaltela.pt\/noticias\/2026\/04\/18\/leao-xiv-chega-a-angola-com-discurso-contra-exploracao-capitalista-de-recursos\/\",\"name\":\"Le\u00e3o XIV chega a Angola com discurso contra explora\u00e7\u00e3o capitalista de recursos - Portal Tela Portugal\",\"isPartOf\":{\"@id\":\"https:\/\/portaltela.pt\/#website\"},\"primaryImageOfPage\":{\"@id\":\"https:\/\/portaltela.pt\/noticias\/2026\/04\/18\/leao-xiv-chega-a-angola-com-discurso-contra-exploracao-capitalista-de-recursos\/#primaryimage\"},\"image\":{\"@id\":\"https:\/\/portaltela.pt\/noticias\/2026\/04\/18\/leao-xiv-chega-a-angola-com-discurso-contra-exploracao-capitalista-de-recursos\/#primaryimage\"},\"thumbnailUrl\":\"https:\/\/portaltela.pt\/s.01k8rhncp4jt1\/2026\/04\/2082468.jpg\",\"datePublished\":\"2026-04-18T20:29:00+00:00\",\"author\":{\"@id\":\"https:\/\/portaltela.pt\/#\/schema\/person\/c4278d4a6028830caff9ee44b42d32ed\"},\"breadcrumb\":{\"@id\":\"https:\/\/portaltela.pt\/noticias\/2026\/04\/18\/leao-xiv-chega-a-angola-com-discurso-contra-exploracao-capitalista-de-recursos\/#breadcrumb\"},\"inLanguage\":\"pt-PT\",\"potentialAction\":[{\"@type\":\"ReadAction\",\"target\":[\"https:\/\/portaltela.pt\/noticias\/2026\/04\/18\/leao-xiv-chega-a-angola-com-discurso-contra-exploracao-capitalista-de-recursos\/\"]}]},{\"@type\":\"ImageObject\",\"inLanguage\":\"pt-PT\",\"@id\":\"https:\/\/portaltela.pt\/noticias\/2026\/04\/18\/leao-xiv-chega-a-angola-com-discurso-contra-exploracao-capitalista-de-recursos\/#primaryimage\",\"url\":\"https:\/\/portaltela.pt\/s.01k8rhncp4jt1\/2026\/04\/2082468.jpg\",\"contentUrl\":\"https:\/\/portaltela.pt\/s.01k8rhncp4jt1\/2026\/04\/2082468.jpg\",\"width\":796,\"height\":448,\"caption\":\"Papa Le\u00e3o XIV cumprimentando as pessoas que se juntaram \u00e0 beira das ruas de Luanda para o saudar\"},{\"@type\":\"BreadcrumbList\",\"@id\":\"https:\/\/portaltela.pt\/noticias\/2026\/04\/18\/leao-xiv-chega-a-angola-com-discurso-contra-exploracao-capitalista-de-recursos\/#breadcrumb\",\"itemListElement\":[{\"@type\":\"ListItem\",\"position\":1,\"name\":\"In\u00edcio\",\"item\":\"https:\/\/portaltela.pt\/\"},{\"@type\":\"ListItem\",\"position\":2,\"name\":\"Le\u00e3o XIV chega a Angola com discurso contra explora\u00e7\u00e3o capitalista de recursos\"}]},{\"@type\":\"WebSite\",\"@id\":\"https:\/\/portaltela.pt\/#website\",\"url\":\"https:\/\/portaltela.pt\/\",\"name\":\"Portal Tela Portugal\",\"description\":\"\",\"potentialAction\":[{\"@type\":\"SearchAction\",\"target\":{\"@type\":\"EntryPoint\",\"urlTemplate\":\"https:\/\/portaltela.pt\/?s={search_term_string}\"},\"query-input\":{\"@type\":\"PropertyValueSpecification\",\"valueRequired\":true,\"valueName\":\"search_term_string\"}}],\"inLanguage\":\"pt-PT\"},{\"@type\":\"Person\",\"@id\":\"https:\/\/portaltela.pt\/#\/schema\/person\/c4278d4a6028830caff9ee44b42d32ed\",\"name\":\"Telinha\",\"image\":{\"@type\":\"ImageObject\",\"inLanguage\":\"pt-PT\",\"@id\":\"https:\/\/portaltela.pt\/s.01k8rhncp4jt1\/2025\/11\/talking-bot-125x125.png\",\"url\":\"https:\/\/portaltela.pt\/s.01k8rhncp4jt1\/2025\/11\/talking-bot-125x125.png\",\"contentUrl\":\"https:\/\/portaltela.pt\/s.01k8rhncp4jt1\/2025\/11\/talking-bot-125x125.png\",\"caption\":\"Telinha\"},\"sameAs\":[\"https:\/\/portaltela.pt\/\"],\"url\":\"https:\/\/portaltela.pt\/por\/367410592786\/\"}]}<\/script>\n<!-- \/ Yoast SEO plugin. -->","yoast_head_json":{"title":"Le\u00e3o XIV chega a Angola com discurso contra explora\u00e7\u00e3o capitalista de recursos - Portal Tela Portugal","robots":{"index":"index","follow":"follow","max-snippet":"max-snippet:-1","max-image-preview":"max-image-preview:large","max-video-preview":"max-video-preview:-1"},"og_locale":"pt_PT","og_type":"article","og_title":"Le\u00e3o XIV chega a Angola com discurso contra explora\u00e7\u00e3o capitalista de recursos - Portal Tela Portugal","og_description":"O Papa Le\u00e3o XIV fez o primeiro discurso em Angola, em Luanda, na terceira etapa da sua viagem pela \u00c1frica, que j\u00e1 passou pela Arg\u00e9lia e Camar\u00f5es e inclui a Guin\u00e9 Equatorial. Criticou a l\u00f3gica extractivista do capitalismo, afirmando que a explora\u00e7\u00e3o de recursos alimenta um modelo de desenvolvimento que discrimina e exclui. Defendeu romper a cadeia de interesses que reduz a realidade a mercadoria e afirmou que o di\u00e1logo \u00e9 necess\u00e1rio para resolver conflitos, sem excluir as diverg\u00eancias. Elogiou a alegria do povo angolano e pediu ouvir aqueles que promovem justi\u00e7a, paz, toler\u00e2ncia e reconcilia\u00e7\u00e3o, apelando \u00e0 convers\u00e3o de quem impede o desenvolvimento harmonioso. Em Angola, 22 anos ap\u00f3s a guerra civil, destacou a exist\u00eancia de uma terceira forma de enfrentar o conflito: aceit\u00e1-lo, resolv\u00ea-lo e transform\u00e1-lo em elo de renova\u00e7\u00e3o, atrav\u00e9s do di\u00e1logo entre jovens e adultos.","og_url":"https:\/\/portaltela.pt\/noticias\/2026\/04\/18\/leao-xiv-chega-a-angola-com-discurso-contra-exploracao-capitalista-de-recursos\/","og_site_name":"Portal Tela Portugal","article_published_time":"2026-04-18T20:29:00+00:00","author":"Telinha","twitter_card":"summary_large_image","twitter_misc":{"Escrito por":"Telinha","Tempo estimado de leitura":"1 minuto"},"schema":{"@context":"https:\/\/schema.org","@graph":[{"@type":"Article","@id":"https:\/\/portaltela.pt\/noticias\/2026\/04\/18\/leao-xiv-chega-a-angola-com-discurso-contra-exploracao-capitalista-de-recursos\/#article","isPartOf":{"@id":"https:\/\/portaltela.pt\/noticias\/2026\/04\/18\/leao-xiv-chega-a-angola-com-discurso-contra-exploracao-capitalista-de-recursos\/"},"author":{"name":"Telinha","@id":"https:\/\/portaltela.pt\/#\/schema\/person\/c4278d4a6028830caff9ee44b42d32ed"},"headline":"Le\u00e3o XIV chega a Angola com discurso contra explora\u00e7\u00e3o capitalista de recursos","datePublished":"2026-04-18T20:29:00+00:00","mainEntityOfPage":{"@id":"https:\/\/portaltela.pt\/noticias\/2026\/04\/18\/leao-xiv-chega-a-angola-com-discurso-contra-exploracao-capitalista-de-recursos\/"},"wordCount":279,"image":{"@id":"https:\/\/portaltela.pt\/noticias\/2026\/04\/18\/leao-xiv-chega-a-angola-com-discurso-contra-exploracao-capitalista-de-recursos\/#primaryimage"},"thumbnailUrl":"https:\/\/portaltela.pt\/s.01k8rhncp4jt1\/2026\/04\/2082468.jpg","keywords":["_catolicismo","_Di\u00e1logo internacional","_diplomacia internacional","_igreja","\u00c1frica","Angola"],"articleSection":["Internacional","Pol\u00edtica"],"inLanguage":"pt-PT"},{"@type":"WebPage","@id":"https:\/\/portaltela.pt\/noticias\/2026\/04\/18\/leao-xiv-chega-a-angola-com-discurso-contra-exploracao-capitalista-de-recursos\/","url":"https:\/\/portaltela.pt\/noticias\/2026\/04\/18\/leao-xiv-chega-a-angola-com-discurso-contra-exploracao-capitalista-de-recursos\/","name":"Le\u00e3o XIV chega a Angola com discurso contra explora\u00e7\u00e3o capitalista de recursos - Portal Tela Portugal","isPartOf":{"@id":"https:\/\/portaltela.pt\/#website"},"primaryImageOfPage":{"@id":"https:\/\/portaltela.pt\/noticias\/2026\/04\/18\/leao-xiv-chega-a-angola-com-discurso-contra-exploracao-capitalista-de-recursos\/#primaryimage"},"image":{"@id":"https:\/\/portaltela.pt\/noticias\/2026\/04\/18\/leao-xiv-chega-a-angola-com-discurso-contra-exploracao-capitalista-de-recursos\/#primaryimage"},"thumbnailUrl":"https:\/\/portaltela.pt\/s.01k8rhncp4jt1\/2026\/04\/2082468.jpg","datePublished":"2026-04-18T20:29:00+00:00","author":{"@id":"https:\/\/portaltela.pt\/#\/schema\/person\/c4278d4a6028830caff9ee44b42d32ed"},"breadcrumb":{"@id":"https:\/\/portaltela.pt\/noticias\/2026\/04\/18\/leao-xiv-chega-a-angola-com-discurso-contra-exploracao-capitalista-de-recursos\/#breadcrumb"},"inLanguage":"pt-PT","potentialAction":[{"@type":"ReadAction","target":["https:\/\/portaltela.pt\/noticias\/2026\/04\/18\/leao-xiv-chega-a-angola-com-discurso-contra-exploracao-capitalista-de-recursos\/"]}]},{"@type":"ImageObject","inLanguage":"pt-PT","@id":"https:\/\/portaltela.pt\/noticias\/2026\/04\/18\/leao-xiv-chega-a-angola-com-discurso-contra-exploracao-capitalista-de-recursos\/#primaryimage","url":"https:\/\/portaltela.pt\/s.01k8rhncp4jt1\/2026\/04\/2082468.jpg","contentUrl":"https:\/\/portaltela.pt\/s.01k8rhncp4jt1\/2026\/04\/2082468.jpg","width":796,"height":448,"caption":"Papa Le\u00e3o XIV cumprimentando as pessoas que se juntaram \u00e0 beira das ruas de Luanda para o saudar"},{"@type":"BreadcrumbList","@id":"https:\/\/portaltela.pt\/noticias\/2026\/04\/18\/leao-xiv-chega-a-angola-com-discurso-contra-exploracao-capitalista-de-recursos\/#breadcrumb","itemListElement":[{"@type":"ListItem","position":1,"name":"In\u00edcio","item":"https:\/\/portaltela.pt\/"},{"@type":"ListItem","position":2,"name":"Le\u00e3o XIV chega a Angola com discurso contra explora\u00e7\u00e3o capitalista de recursos"}]},{"@type":"WebSite","@id":"https:\/\/portaltela.pt\/#website","url":"https:\/\/portaltela.pt\/","name":"Portal Tela Portugal","description":"","potentialAction":[{"@type":"SearchAction","target":{"@type":"EntryPoint","urlTemplate":"https:\/\/portaltela.pt\/?s={search_term_string}"},"query-input":{"@type":"PropertyValueSpecification","valueRequired":true,"valueName":"search_term_string"}}],"inLanguage":"pt-PT"},{"@type":"Person","@id":"https:\/\/portaltela.pt\/#\/schema\/person\/c4278d4a6028830caff9ee44b42d32ed","name":"Telinha","image":{"@type":"ImageObject","inLanguage":"pt-PT","@id":"https:\/\/portaltela.pt\/s.01k8rhncp4jt1\/2025\/11\/talking-bot-125x125.png","url":"https:\/\/portaltela.pt\/s.01k8rhncp4jt1\/2025\/11\/talking-bot-125x125.png","contentUrl":"https:\/\/portaltela.pt\/s.01k8rhncp4jt1\/2025\/11\/talking-bot-125x125.png","caption":"Telinha"},"sameAs":["https:\/\/portaltela.pt\/"],"url":"https:\/\/portaltela.pt\/por\/367410592786\/"}]}},"_links":{"self":[{"href":"https:\/\/portaltela.pt\/api\/wp\/v2\/posts\/449166","targetHints":{"allow":["GET"]}}],"collection":[{"href":"https:\/\/portaltela.pt\/api\/wp\/v2\/posts"}],"about":[{"href":"https:\/\/portaltela.pt\/api\/wp\/v2\/types\/post"}],"author":[{"embeddable":true,"href":"https:\/\/portaltela.pt\/api\/wp\/v2\/users\/2"}],"replies":[{"embeddable":true,"href":"https:\/\/portaltela.pt\/api\/wp\/v2\/comments?post=449166"}],"version-history":[{"count":0,"href":"https:\/\/portaltela.pt\/api\/wp\/v2\/posts\/449166\/revisions"}],"wp:featuredmedia":[{"embeddable":true,"href":"https:\/\/portaltela.pt\/api\/wp\/v2\/media\/449177"}],"wp:attachment":[{"href":"https:\/\/portaltela.pt\/api\/wp\/v2\/media?parent=449166"}],"wp:term":[{"taxonomy":"category","embeddable":true,"href":"https:\/\/portaltela.pt\/api\/wp\/v2\/categories?post=449166"},{"taxonomy":"post_tag","embeddable":true,"href":"https:\/\/portaltela.pt\/api\/wp\/v2\/tags?post=449166"}],"curies":[{"name":"wp","href":"https:\/\/api.w.org\/{rel}","templated":true}]}}