{"id":449163,"date":"2026-04-18T15:09:00","date_gmt":"2026-04-18T18:09:00","guid":{"rendered":"https:\/\/portaltela.pt\/noticias\/2026\/04\/18\/penamacor-propoe-criacao-da-casa-museu-antonio-jose-seguro\/"},"modified":"2026-04-18T15:09:00","modified_gmt":"2026-04-18T18:09:00","slug":"penamacor-propoe-criacao-da-casa-museu-antonio-jose-seguro","status":"publish","type":"post","link":"https:\/\/portaltela.pt\/lazer\/2026\/04\/18\/penamacor-propoe-criacao-da-casa-museu-antonio-jose-seguro\/","title":{"rendered":"Penamacor prop\u00f5e cria\u00e7\u00e3o da Casa Museu Ant\u00f3nio Jos\u00e9 Seguro"},"content":{"rendered":"<p>Penamacor est\u00e1 a preparar a cria\u00e7\u00e3o da Casa Museu Ant\u00f3nio Jos\u00e9 Seguro, uma institui\u00e7\u00e3o dedicada \u00e0 vida e ao trabalho do seu filho ilustre, atual Presidente da Rep\u00fablica. A ideia foi anunciada pelo presidente da C\u00e2mara municipal.<\/p>\n<p>Jos\u00e9 Miguel Oliveira informou que ser\u00e1 apresentada uma proposta concreta para o espa\u00e7o museol\u00f3gico. O projeto est\u00e1 ainda numa fase inicial e a apresenta\u00e7\u00e3o formal dever\u00e1 ocorrer nos pr\u00f3ximos meses.<\/p>\n<p>Ant\u00f3nio Jos\u00e9 Seguro nasceu em Penamacor em 1962 e \u00e9 cidad\u00e3o honor\u00e1rio da vila. O autarca sublinha que o museu vai n\u00e3o s\u00f3 a percurso pol\u00edtico, mas tamb\u00e9m a vida privada do l\u00edder nacional, com foco na proximidade e solidariedade que marcaram a sua cidade.<\/p>\n<h3>Pr\u00f3ximos passos<\/h3>\n<p>O local exato ainda n\u00e3o foi definido. O projeto pode, no futuro, contribuir para a atractividade tur\u00edstica do concelho, combinando mem\u00f3ria hist\u00f3rica com potencial de visita\u00e7\u00e3o.<\/p>\n","protected":false},"excerpt":{"rendered":"<ul>\n<li>O presidente da C\u00e2mara Municipal de Penamacor anunciou que vai apresentar uma proposta concreta para criar na vila a Casa Museu de Ant\u00f3nio Jos\u00e9 Seguro.<\/li>\n<li>Ant\u00f3nio Jos\u00e9 Seguro nasceu em Penamacor a 11 de mar\u00e7o de 1962 e \u00e9 atual presidente da Rep\u00fablica.<\/li>\n<li>O projeto est\u00e1 numa fase embrion\u00e1ria, sem local definido, e dever\u00e1 ser apresentado nos pr\u00f3ximos meses.<\/li>\n<li>O espa\u00e7o visa mostrar n\u00e3o apenas o percurso pol\u00edtico, mas tamb\u00e9m a vida do cidad\u00e3o Ant\u00f3nio Jos\u00e9 Seguro.<\/li>\n<li>Al\u00e9m da mem\u00f3ria, o projeto pode vir a atrair visitantes ao concelho.<\/li>\n<\/ul>\n","protected":false},"author":2,"featured_media":449171,"comment_status":"closed","ping_status":"closed","sticky":false,"template":"","format":"standard","meta":{"footnotes":""},"categories":[7375,7381],"tags":[145,814,1175,3422,30,169],"class_list":["post-449163","post","type-post","status-publish","format-standard","has-post-thumbnail","hentry","category-cultura","category-lazer","tag-cultura","tag-patrimonio","tag-patrimonio-cultural","tag-penamacor","tag-presidente","tag-turismo"],"yoast_head":"<!-- This site is optimized with the Yoast SEO plugin v27.2 - https:\/\/yoast.com\/product\/yoast-seo-wordpress\/ -->\n<title>Penamacor prop\u00f5e cria\u00e7\u00e3o da Casa Museu Ant\u00f3nio Jos\u00e9 Seguro - Portal Tela Portugal<\/title>\n<meta name=\"robots\" content=\"index, follow, max-snippet:-1, max-image-preview:large, max-video-preview:-1\" \/>\n<meta property=\"og:locale\" content=\"pt_PT\" \/>\n<meta property=\"og:type\" content=\"article\" \/>\n<meta property=\"og:title\" content=\"Penamacor prop\u00f5e cria\u00e7\u00e3o da Casa Museu Ant\u00f3nio Jos\u00e9 Seguro - Portal Tela Portugal\" \/>\n<meta property=\"og:description\" content=\"O presidente da C\u00e2mara Municipal de Penamacor anunciou que vai apresentar uma proposta concreta para criar na vila a Casa Museu de Ant\u00f3nio Jos\u00e9 Seguro. Ant\u00f3nio Jos\u00e9 Seguro nasceu em Penamacor a 11 de mar\u00e7o de 1962 e \u00e9 atual presidente da Rep\u00fablica. O projeto est\u00e1 numa fase embrion\u00e1ria, sem local definido, e dever\u00e1 ser apresentado nos pr\u00f3ximos meses. O espa\u00e7o visa mostrar n\u00e3o apenas o percurso pol\u00edtico, mas tamb\u00e9m a vida do cidad\u00e3o Ant\u00f3nio Jos\u00e9 Seguro. Al\u00e9m da mem\u00f3ria, o projeto pode vir a atrair visitantes ao concelho.\" \/>\n<meta property=\"og:url\" content=\"https:\/\/portaltela.pt\/noticias\/2026\/04\/18\/penamacor-propoe-criacao-da-casa-museu-antonio-jose-seguro\/\" \/>\n<meta property=\"og:site_name\" content=\"Portal Tela Portugal\" \/>\n<meta property=\"article:published_time\" content=\"2026-04-18T18:09:00+00:00\" \/>\n<meta name=\"author\" content=\"Telinha\" \/>\n<meta name=\"twitter:card\" content=\"summary_large_image\" \/>\n<meta name=\"twitter:label1\" content=\"Escrito por\" \/>\n\t<meta name=\"twitter:data1\" content=\"Telinha\" \/>\n\t<meta name=\"twitter:label2\" content=\"Tempo estimado de leitura\" \/>\n\t<meta name=\"twitter:data2\" content=\"1 minuto\" \/>\n<script type=\"application\/ld+json\" class=\"yoast-schema-graph\">{\"@context\":\"https:\/\/schema.org\",\"@graph\":[{\"@type\":\"Article\",\"@id\":\"https:\/\/portaltela.pt\/noticias\/2026\/04\/18\/penamacor-propoe-criacao-da-casa-museu-antonio-jose-seguro\/#article\",\"isPartOf\":{\"@id\":\"https:\/\/portaltela.pt\/noticias\/2026\/04\/18\/penamacor-propoe-criacao-da-casa-museu-antonio-jose-seguro\/\"},\"author\":{\"name\":\"Telinha\",\"@id\":\"https:\/\/portaltela.pt\/#\/schema\/person\/c4278d4a6028830caff9ee44b42d32ed\"},\"headline\":\"Penamacor prop\u00f5e cria\u00e7\u00e3o da Casa Museu Ant\u00f3nio Jos\u00e9 Seguro\",\"datePublished\":\"2026-04-18T18:09:00+00:00\",\"mainEntityOfPage\":{\"@id\":\"https:\/\/portaltela.pt\/noticias\/2026\/04\/18\/penamacor-propoe-criacao-da-casa-museu-antonio-jose-seguro\/\"},\"wordCount\":171,\"image\":{\"@id\":\"https:\/\/portaltela.pt\/noticias\/2026\/04\/18\/penamacor-propoe-criacao-da-casa-museu-antonio-jose-seguro\/#primaryimage\"},\"thumbnailUrl\":\"https:\/\/portaltela.pt\/s.01k8rhncp4jt1\/2026\/04\/2082423.jpg\",\"keywords\":[\"cultura\",\"patrim\u00f3nio\",\"Patrim\u00f3nio Cultural\",\"Penamacor\",\"presidente\",\"turismo\"],\"articleSection\":[\"Cultura\",\"Lazer\"],\"inLanguage\":\"pt-PT\"},{\"@type\":\"WebPage\",\"@id\":\"https:\/\/portaltela.pt\/noticias\/2026\/04\/18\/penamacor-propoe-criacao-da-casa-museu-antonio-jose-seguro\/\",\"url\":\"https:\/\/portaltela.pt\/noticias\/2026\/04\/18\/penamacor-propoe-criacao-da-casa-museu-antonio-jose-seguro\/\",\"name\":\"Penamacor prop\u00f5e cria\u00e7\u00e3o da Casa Museu Ant\u00f3nio Jos\u00e9 Seguro - Portal Tela Portugal\",\"isPartOf\":{\"@id\":\"https:\/\/portaltela.pt\/#website\"},\"primaryImageOfPage\":{\"@id\":\"https:\/\/portaltela.pt\/noticias\/2026\/04\/18\/penamacor-propoe-criacao-da-casa-museu-antonio-jose-seguro\/#primaryimage\"},\"image\":{\"@id\":\"https:\/\/portaltela.pt\/noticias\/2026\/04\/18\/penamacor-propoe-criacao-da-casa-museu-antonio-jose-seguro\/#primaryimage\"},\"thumbnailUrl\":\"https:\/\/portaltela.pt\/s.01k8rhncp4jt1\/2026\/04\/2082423.jpg\",\"datePublished\":\"2026-04-18T18:09:00+00:00\",\"author\":{\"@id\":\"https:\/\/portaltela.pt\/#\/schema\/person\/c4278d4a6028830caff9ee44b42d32ed\"},\"breadcrumb\":{\"@id\":\"https:\/\/portaltela.pt\/noticias\/2026\/04\/18\/penamacor-propoe-criacao-da-casa-museu-antonio-jose-seguro\/#breadcrumb\"},\"inLanguage\":\"pt-PT\",\"potentialAction\":[{\"@type\":\"ReadAction\",\"target\":[\"https:\/\/portaltela.pt\/noticias\/2026\/04\/18\/penamacor-propoe-criacao-da-casa-museu-antonio-jose-seguro\/\"]}]},{\"@type\":\"ImageObject\",\"inLanguage\":\"pt-PT\",\"@id\":\"https:\/\/portaltela.pt\/noticias\/2026\/04\/18\/penamacor-propoe-criacao-da-casa-museu-antonio-jose-seguro\/#primaryimage\",\"url\":\"https:\/\/portaltela.pt\/s.01k8rhncp4jt1\/2026\/04\/2082423.jpg\",\"contentUrl\":\"https:\/\/portaltela.pt\/s.01k8rhncp4jt1\/2026\/04\/2082423.jpg\",\"width\":796,\"height\":448,\"caption\":\"Ant\u00f3nio Jos\u00e9 Seguro tomou posse como presidente da Rep\u00fablica a 9 de Mar\u00e7o\"},{\"@type\":\"BreadcrumbList\",\"@id\":\"https:\/\/portaltela.pt\/noticias\/2026\/04\/18\/penamacor-propoe-criacao-da-casa-museu-antonio-jose-seguro\/#breadcrumb\",\"itemListElement\":[{\"@type\":\"ListItem\",\"position\":1,\"name\":\"In\u00edcio\",\"item\":\"https:\/\/portaltela.pt\/\"},{\"@type\":\"ListItem\",\"position\":2,\"name\":\"Penamacor prop\u00f5e cria\u00e7\u00e3o da Casa Museu Ant\u00f3nio Jos\u00e9 Seguro\"}]},{\"@type\":\"WebSite\",\"@id\":\"https:\/\/portaltela.pt\/#website\",\"url\":\"https:\/\/portaltela.pt\/\",\"name\":\"Portal Tela Portugal\",\"description\":\"\",\"potentialAction\":[{\"@type\":\"SearchAction\",\"target\":{\"@type\":\"EntryPoint\",\"urlTemplate\":\"https:\/\/portaltela.pt\/?s={search_term_string}\"},\"query-input\":{\"@type\":\"PropertyValueSpecification\",\"valueRequired\":true,\"valueName\":\"search_term_string\"}}],\"inLanguage\":\"pt-PT\"},{\"@type\":\"Person\",\"@id\":\"https:\/\/portaltela.pt\/#\/schema\/person\/c4278d4a6028830caff9ee44b42d32ed\",\"name\":\"Telinha\",\"image\":{\"@type\":\"ImageObject\",\"inLanguage\":\"pt-PT\",\"@id\":\"https:\/\/portaltela.pt\/s.01k8rhncp4jt1\/2025\/11\/talking-bot-125x125.png\",\"url\":\"https:\/\/portaltela.pt\/s.01k8rhncp4jt1\/2025\/11\/talking-bot-125x125.png\",\"contentUrl\":\"https:\/\/portaltela.pt\/s.01k8rhncp4jt1\/2025\/11\/talking-bot-125x125.png\",\"caption\":\"Telinha\"},\"sameAs\":[\"https:\/\/portaltela.pt\/\"],\"url\":\"https:\/\/portaltela.pt\/por\/367410592786\/\"}]}<\/script>\n<!-- \/ Yoast SEO plugin. -->","yoast_head_json":{"title":"Penamacor prop\u00f5e cria\u00e7\u00e3o da Casa Museu Ant\u00f3nio Jos\u00e9 Seguro - Portal Tela Portugal","robots":{"index":"index","follow":"follow","max-snippet":"max-snippet:-1","max-image-preview":"max-image-preview:large","max-video-preview":"max-video-preview:-1"},"og_locale":"pt_PT","og_type":"article","og_title":"Penamacor prop\u00f5e cria\u00e7\u00e3o da Casa Museu Ant\u00f3nio Jos\u00e9 Seguro - Portal Tela Portugal","og_description":"O presidente da C\u00e2mara Municipal de Penamacor anunciou que vai apresentar uma proposta concreta para criar na vila a Casa Museu de Ant\u00f3nio Jos\u00e9 Seguro. Ant\u00f3nio Jos\u00e9 Seguro nasceu em Penamacor a 11 de mar\u00e7o de 1962 e \u00e9 atual presidente da Rep\u00fablica. O projeto est\u00e1 numa fase embrion\u00e1ria, sem local definido, e dever\u00e1 ser apresentado nos pr\u00f3ximos meses. O espa\u00e7o visa mostrar n\u00e3o apenas o percurso pol\u00edtico, mas tamb\u00e9m a vida do cidad\u00e3o Ant\u00f3nio Jos\u00e9 Seguro. Al\u00e9m da mem\u00f3ria, o projeto pode vir a atrair visitantes ao concelho.","og_url":"https:\/\/portaltela.pt\/noticias\/2026\/04\/18\/penamacor-propoe-criacao-da-casa-museu-antonio-jose-seguro\/","og_site_name":"Portal Tela Portugal","article_published_time":"2026-04-18T18:09:00+00:00","author":"Telinha","twitter_card":"summary_large_image","twitter_misc":{"Escrito por":"Telinha","Tempo estimado de leitura":"1 minuto"},"schema":{"@context":"https:\/\/schema.org","@graph":[{"@type":"Article","@id":"https:\/\/portaltela.pt\/noticias\/2026\/04\/18\/penamacor-propoe-criacao-da-casa-museu-antonio-jose-seguro\/#article","isPartOf":{"@id":"https:\/\/portaltela.pt\/noticias\/2026\/04\/18\/penamacor-propoe-criacao-da-casa-museu-antonio-jose-seguro\/"},"author":{"name":"Telinha","@id":"https:\/\/portaltela.pt\/#\/schema\/person\/c4278d4a6028830caff9ee44b42d32ed"},"headline":"Penamacor prop\u00f5e cria\u00e7\u00e3o da Casa Museu Ant\u00f3nio Jos\u00e9 Seguro","datePublished":"2026-04-18T18:09:00+00:00","mainEntityOfPage":{"@id":"https:\/\/portaltela.pt\/noticias\/2026\/04\/18\/penamacor-propoe-criacao-da-casa-museu-antonio-jose-seguro\/"},"wordCount":171,"image":{"@id":"https:\/\/portaltela.pt\/noticias\/2026\/04\/18\/penamacor-propoe-criacao-da-casa-museu-antonio-jose-seguro\/#primaryimage"},"thumbnailUrl":"https:\/\/portaltela.pt\/s.01k8rhncp4jt1\/2026\/04\/2082423.jpg","keywords":["cultura","patrim\u00f3nio","Patrim\u00f3nio Cultural","Penamacor","presidente","turismo"],"articleSection":["Cultura","Lazer"],"inLanguage":"pt-PT"},{"@type":"WebPage","@id":"https:\/\/portaltela.pt\/noticias\/2026\/04\/18\/penamacor-propoe-criacao-da-casa-museu-antonio-jose-seguro\/","url":"https:\/\/portaltela.pt\/noticias\/2026\/04\/18\/penamacor-propoe-criacao-da-casa-museu-antonio-jose-seguro\/","name":"Penamacor prop\u00f5e cria\u00e7\u00e3o da Casa Museu Ant\u00f3nio Jos\u00e9 Seguro - Portal Tela Portugal","isPartOf":{"@id":"https:\/\/portaltela.pt\/#website"},"primaryImageOfPage":{"@id":"https:\/\/portaltela.pt\/noticias\/2026\/04\/18\/penamacor-propoe-criacao-da-casa-museu-antonio-jose-seguro\/#primaryimage"},"image":{"@id":"https:\/\/portaltela.pt\/noticias\/2026\/04\/18\/penamacor-propoe-criacao-da-casa-museu-antonio-jose-seguro\/#primaryimage"},"thumbnailUrl":"https:\/\/portaltela.pt\/s.01k8rhncp4jt1\/2026\/04\/2082423.jpg","datePublished":"2026-04-18T18:09:00+00:00","author":{"@id":"https:\/\/portaltela.pt\/#\/schema\/person\/c4278d4a6028830caff9ee44b42d32ed"},"breadcrumb":{"@id":"https:\/\/portaltela.pt\/noticias\/2026\/04\/18\/penamacor-propoe-criacao-da-casa-museu-antonio-jose-seguro\/#breadcrumb"},"inLanguage":"pt-PT","potentialAction":[{"@type":"ReadAction","target":["https:\/\/portaltela.pt\/noticias\/2026\/04\/18\/penamacor-propoe-criacao-da-casa-museu-antonio-jose-seguro\/"]}]},{"@type":"ImageObject","inLanguage":"pt-PT","@id":"https:\/\/portaltela.pt\/noticias\/2026\/04\/18\/penamacor-propoe-criacao-da-casa-museu-antonio-jose-seguro\/#primaryimage","url":"https:\/\/portaltela.pt\/s.01k8rhncp4jt1\/2026\/04\/2082423.jpg","contentUrl":"https:\/\/portaltela.pt\/s.01k8rhncp4jt1\/2026\/04\/2082423.jpg","width":796,"height":448,"caption":"Ant\u00f3nio Jos\u00e9 Seguro tomou posse como presidente da Rep\u00fablica a 9 de Mar\u00e7o"},{"@type":"BreadcrumbList","@id":"https:\/\/portaltela.pt\/noticias\/2026\/04\/18\/penamacor-propoe-criacao-da-casa-museu-antonio-jose-seguro\/#breadcrumb","itemListElement":[{"@type":"ListItem","position":1,"name":"In\u00edcio","item":"https:\/\/portaltela.pt\/"},{"@type":"ListItem","position":2,"name":"Penamacor prop\u00f5e cria\u00e7\u00e3o da Casa Museu Ant\u00f3nio Jos\u00e9 Seguro"}]},{"@type":"WebSite","@id":"https:\/\/portaltela.pt\/#website","url":"https:\/\/portaltela.pt\/","name":"Portal Tela Portugal","description":"","potentialAction":[{"@type":"SearchAction","target":{"@type":"EntryPoint","urlTemplate":"https:\/\/portaltela.pt\/?s={search_term_string}"},"query-input":{"@type":"PropertyValueSpecification","valueRequired":true,"valueName":"search_term_string"}}],"inLanguage":"pt-PT"},{"@type":"Person","@id":"https:\/\/portaltela.pt\/#\/schema\/person\/c4278d4a6028830caff9ee44b42d32ed","name":"Telinha","image":{"@type":"ImageObject","inLanguage":"pt-PT","@id":"https:\/\/portaltela.pt\/s.01k8rhncp4jt1\/2025\/11\/talking-bot-125x125.png","url":"https:\/\/portaltela.pt\/s.01k8rhncp4jt1\/2025\/11\/talking-bot-125x125.png","contentUrl":"https:\/\/portaltela.pt\/s.01k8rhncp4jt1\/2025\/11\/talking-bot-125x125.png","caption":"Telinha"},"sameAs":["https:\/\/portaltela.pt\/"],"url":"https:\/\/portaltela.pt\/por\/367410592786\/"}]}},"_links":{"self":[{"href":"https:\/\/portaltela.pt\/api\/wp\/v2\/posts\/449163","targetHints":{"allow":["GET"]}}],"collection":[{"href":"https:\/\/portaltela.pt\/api\/wp\/v2\/posts"}],"about":[{"href":"https:\/\/portaltela.pt\/api\/wp\/v2\/types\/post"}],"author":[{"embeddable":true,"href":"https:\/\/portaltela.pt\/api\/wp\/v2\/users\/2"}],"replies":[{"embeddable":true,"href":"https:\/\/portaltela.pt\/api\/wp\/v2\/comments?post=449163"}],"version-history":[{"count":0,"href":"https:\/\/portaltela.pt\/api\/wp\/v2\/posts\/449163\/revisions"}],"wp:featuredmedia":[{"embeddable":true,"href":"https:\/\/portaltela.pt\/api\/wp\/v2\/media\/449171"}],"wp:attachment":[{"href":"https:\/\/portaltela.pt\/api\/wp\/v2\/media?parent=449163"}],"wp:term":[{"taxonomy":"category","embeddable":true,"href":"https:\/\/portaltela.pt\/api\/wp\/v2\/categories?post=449163"},{"taxonomy":"post_tag","embeddable":true,"href":"https:\/\/portaltela.pt\/api\/wp\/v2\/tags?post=449163"}],"curies":[{"name":"wp","href":"https:\/\/api.w.org\/{rel}","templated":true}]}}