{"id":449160,"date":"2026-04-18T15:44:00","date_gmt":"2026-04-18T18:44:00","guid":{"rendered":"https:\/\/portaltela.pt\/noticias\/2026\/04\/18\/em-abril-cartazes-mil-arquivo-pretende-guardar-mensagens-de-liberdade\/"},"modified":"2026-04-18T15:44:00","modified_gmt":"2026-04-18T18:44:00","slug":"em-abril-cartazes-mil-arquivo-pretende-guardar-mensagens-de-liberdade","status":"publish","type":"post","link":"https:\/\/portaltela.pt\/lazer\/2026\/04\/18\/em-abril-cartazes-mil-arquivo-pretende-guardar-mensagens-de-liberdade\/","title":{"rendered":"Em Abril, Cartazes Mil! Arquivo pretende guardar mensagens de liberdade"},"content":{"rendered":"<p>Em Abril, Cartazes Mil! criou-se um arquivo online que pretende funcionar como arquivo e mural de cartazes que celebram o 25 de Abril. O projeto convida o p\u00fablico a submeter fotografias de cartazes bem tiradas e a votar nos que mais agradarem.<\/p>\n<p>O respons\u00e1vel \u00e9 Fred Cunha, que j\u00e1 trabalha no desenvolvimento web h\u00e1 v\u00e1rias d\u00e9cadas. O objetivo \u00e9 preservar mensagens de liberdade que costumam surgir nas ruas nesse feriado, evitando que se percam com o passar dos dias. A ideia partiu de uma refer\u00eancia visual inspirada num cartaz observado numa reportagem fotogr\u00e1fica sobre uma manifesta\u00e7\u00e3o, associada a temas de liberdade e mem\u00f3ria.<\/p>\n<p>Quem quiser participar deve enviar uma fotografia de qualidade para fred@fredrocha.net. O objetivo \u00e9 manter o conte\u00fado acess\u00edvel, com car\u00e1ter n\u00e3o partid\u00e1rio, centrado na universalidade da mensagem. O site funcionar\u00e1 como arquivo aberto e, depois de compilados os cartazes, haver\u00e1 uma vota\u00e7\u00e3o para que cada utilizador escolha os que mais aprecia.<\/p>\n<h3>Como participar<\/h3>\n<p>O projeto, ainda no seu primeiro ano, pretende tornar-se uma refer\u00eancia permanente para ideias de cartazes e formatos visuais. Planos para futuras edi\u00e7\u00f5es j\u00e1 est\u00e3o tra\u00e7ados, com inten\u00e7\u00e3o de abrir novas chamadas em 2027, 2028 e al\u00e9m. O objetivo \u00e9 ampliar a presen\u00e7a do arquivo e incentivar a participa\u00e7\u00e3o de cartazes de diferentes regi\u00f5es do pa\u00eds.<\/p>\n","protected":false},"excerpt":{"rendered":"<ul>\n<li>O projeto &#8220;Abril, Cartazes Mil!&#8221;, criado por Fred Cunha, pretende ser um arquivo e mural de cartazes que celebram o 25 de Abril.<\/li>\n<li>Pode submeter uma fotografia de cartaz para fred@fredrocha.net, com foco em qualidade gr\u00e1fica e car\u00e1ter dissociado de partidos pol\u00edticos.<\/li>\n<li>Depois de criado o arquivo no site, abre-se uma fase de vota\u00e7\u00e3o em que cada pessoa pode votar nos cartazes de interesse.<\/li>\n<li>O objetivo \u00e9 guardar mensagens de liberdade para v\u00e1rias regi\u00f5es do pa\u00eds, mantendo a universalidade da ideia.<\/li>\n<li>Este \u00e9 o primeiro ano; h\u00e1 planos para edi\u00e7\u00f5es futuras em 2027, 2028 e al\u00e9m, para servir de refer\u00eancia a novas ideias de cartazes.<\/li>\n<\/ul>\n","protected":false},"author":2,"featured_media":449165,"comment_status":"closed","ping_status":"closed","sticky":false,"template":"","format":"standard","meta":{"footnotes":""},"categories":[7375,7381],"tags":[5999,1868,145,2920,7490,1249],"class_list":["post-449160","post","type-post","status-publish","format-standard","has-post-thumbnail","hentry","category-cultura","category-lazer","tag-25-de-abril","tag-arquivos","tag-cultura","tag-liberdade-de-expressao","tag-memoria-publica","tag-participacao"],"yoast_head":"<!-- This site is optimized with the Yoast SEO plugin v27.2 - https:\/\/yoast.com\/product\/yoast-seo-wordpress\/ -->\n<title>Em Abril, Cartazes Mil! Arquivo pretende guardar mensagens de liberdade - Portal Tela Portugal<\/title>\n<meta name=\"robots\" content=\"index, follow, max-snippet:-1, max-image-preview:large, max-video-preview:-1\" \/>\n<meta property=\"og:locale\" content=\"pt_PT\" \/>\n<meta property=\"og:type\" content=\"article\" \/>\n<meta property=\"og:title\" content=\"Em Abril, Cartazes Mil! Arquivo pretende guardar mensagens de liberdade - Portal Tela Portugal\" \/>\n<meta property=\"og:description\" content=\"O projeto &quot;Abril, Cartazes Mil!&quot;, criado por Fred Cunha, pretende ser um arquivo e mural de cartazes que celebram o 25 de Abril. Pode submeter uma fotografia de cartaz para fred@fredrocha.net, com foco em qualidade gr\u00e1fica e car\u00e1ter dissociado de partidos pol\u00edticos. Depois de criado o arquivo no site, abre-se uma fase de vota\u00e7\u00e3o em que cada pessoa pode votar nos cartazes de interesse. O objetivo \u00e9 guardar mensagens de liberdade para v\u00e1rias regi\u00f5es do pa\u00eds, mantendo a universalidade da ideia. Este \u00e9 o primeiro ano; h\u00e1 planos para edi\u00e7\u00f5es futuras em 2027, 2028 e al\u00e9m, para servir de refer\u00eancia a novas ideias de cartazes.\" \/>\n<meta property=\"og:url\" content=\"https:\/\/portaltela.pt\/noticias\/2026\/04\/18\/em-abril-cartazes-mil-arquivo-pretende-guardar-mensagens-de-liberdade\/\" \/>\n<meta property=\"og:site_name\" content=\"Portal Tela Portugal\" \/>\n<meta property=\"article:published_time\" content=\"2026-04-18T18:44:00+00:00\" \/>\n<meta name=\"author\" content=\"Telinha\" \/>\n<meta name=\"twitter:card\" content=\"summary_large_image\" \/>\n<meta name=\"twitter:label1\" content=\"Escrito por\" \/>\n\t<meta name=\"twitter:data1\" content=\"Telinha\" \/>\n\t<meta name=\"twitter:label2\" content=\"Tempo estimado de leitura\" \/>\n\t<meta name=\"twitter:data2\" content=\"1 minuto\" \/>\n<script type=\"application\/ld+json\" class=\"yoast-schema-graph\">{\"@context\":\"https:\/\/schema.org\",\"@graph\":[{\"@type\":\"Article\",\"@id\":\"https:\/\/portaltela.pt\/noticias\/2026\/04\/18\/em-abril-cartazes-mil-arquivo-pretende-guardar-mensagens-de-liberdade\/#article\",\"isPartOf\":{\"@id\":\"https:\/\/portaltela.pt\/noticias\/2026\/04\/18\/em-abril-cartazes-mil-arquivo-pretende-guardar-mensagens-de-liberdade\/\"},\"author\":{\"name\":\"Telinha\",\"@id\":\"https:\/\/portaltela.pt\/#\/schema\/person\/c4278d4a6028830caff9ee44b42d32ed\"},\"headline\":\"Em Abril, Cartazes Mil! Arquivo pretende guardar mensagens de liberdade\",\"datePublished\":\"2026-04-18T18:44:00+00:00\",\"mainEntityOfPage\":{\"@id\":\"https:\/\/portaltela.pt\/noticias\/2026\/04\/18\/em-abril-cartazes-mil-arquivo-pretende-guardar-mensagens-de-liberdade\/\"},\"wordCount\":241,\"image\":{\"@id\":\"https:\/\/portaltela.pt\/noticias\/2026\/04\/18\/em-abril-cartazes-mil-arquivo-pretende-guardar-mensagens-de-liberdade\/#primaryimage\"},\"thumbnailUrl\":\"https:\/\/portaltela.pt\/s.01k8rhncp4jt1\/2026\/04\/2082071.jpg\",\"keywords\":[\"25 de Abril\",\"arquivos\",\"cultura\",\"liberdade de express\u00e3o\",\"mem\u00f3ria p\u00fablica\",\"participa\u00e7\u00e3o\"],\"articleSection\":[\"Cultura\",\"Lazer\"],\"inLanguage\":\"pt-PT\"},{\"@type\":\"WebPage\",\"@id\":\"https:\/\/portaltela.pt\/noticias\/2026\/04\/18\/em-abril-cartazes-mil-arquivo-pretende-guardar-mensagens-de-liberdade\/\",\"url\":\"https:\/\/portaltela.pt\/noticias\/2026\/04\/18\/em-abril-cartazes-mil-arquivo-pretende-guardar-mensagens-de-liberdade\/\",\"name\":\"Em Abril, Cartazes Mil! Arquivo pretende guardar mensagens de liberdade - Portal Tela Portugal\",\"isPartOf\":{\"@id\":\"https:\/\/portaltela.pt\/#website\"},\"primaryImageOfPage\":{\"@id\":\"https:\/\/portaltela.pt\/noticias\/2026\/04\/18\/em-abril-cartazes-mil-arquivo-pretende-guardar-mensagens-de-liberdade\/#primaryimage\"},\"image\":{\"@id\":\"https:\/\/portaltela.pt\/noticias\/2026\/04\/18\/em-abril-cartazes-mil-arquivo-pretende-guardar-mensagens-de-liberdade\/#primaryimage\"},\"thumbnailUrl\":\"https:\/\/portaltela.pt\/s.01k8rhncp4jt1\/2026\/04\/2082071.jpg\",\"datePublished\":\"2026-04-18T18:44:00+00:00\",\"author\":{\"@id\":\"https:\/\/portaltela.pt\/#\/schema\/person\/c4278d4a6028830caff9ee44b42d32ed\"},\"breadcrumb\":{\"@id\":\"https:\/\/portaltela.pt\/noticias\/2026\/04\/18\/em-abril-cartazes-mil-arquivo-pretende-guardar-mensagens-de-liberdade\/#breadcrumb\"},\"inLanguage\":\"pt-PT\",\"potentialAction\":[{\"@type\":\"ReadAction\",\"target\":[\"https:\/\/portaltela.pt\/noticias\/2026\/04\/18\/em-abril-cartazes-mil-arquivo-pretende-guardar-mensagens-de-liberdade\/\"]}]},{\"@type\":\"ImageObject\",\"inLanguage\":\"pt-PT\",\"@id\":\"https:\/\/portaltela.pt\/noticias\/2026\/04\/18\/em-abril-cartazes-mil-arquivo-pretende-guardar-mensagens-de-liberdade\/#primaryimage\",\"url\":\"https:\/\/portaltela.pt\/s.01k8rhncp4jt1\/2026\/04\/2082071.jpg\",\"contentUrl\":\"https:\/\/portaltela.pt\/s.01k8rhncp4jt1\/2026\/04\/2082071.jpg\",\"width\":796,\"height\":448,\"caption\":\"Comemora\u00e7\u00f5es dos 51 anos da Revolu\u00e7\u00e3o do 25 de Abril\"},{\"@type\":\"BreadcrumbList\",\"@id\":\"https:\/\/portaltela.pt\/noticias\/2026\/04\/18\/em-abril-cartazes-mil-arquivo-pretende-guardar-mensagens-de-liberdade\/#breadcrumb\",\"itemListElement\":[{\"@type\":\"ListItem\",\"position\":1,\"name\":\"In\u00edcio\",\"item\":\"https:\/\/portaltela.pt\/\"},{\"@type\":\"ListItem\",\"position\":2,\"name\":\"Em Abril, Cartazes Mil! Arquivo pretende guardar mensagens de liberdade\"}]},{\"@type\":\"WebSite\",\"@id\":\"https:\/\/portaltela.pt\/#website\",\"url\":\"https:\/\/portaltela.pt\/\",\"name\":\"Portal Tela Portugal\",\"description\":\"\",\"potentialAction\":[{\"@type\":\"SearchAction\",\"target\":{\"@type\":\"EntryPoint\",\"urlTemplate\":\"https:\/\/portaltela.pt\/?s={search_term_string}\"},\"query-input\":{\"@type\":\"PropertyValueSpecification\",\"valueRequired\":true,\"valueName\":\"search_term_string\"}}],\"inLanguage\":\"pt-PT\"},{\"@type\":\"Person\",\"@id\":\"https:\/\/portaltela.pt\/#\/schema\/person\/c4278d4a6028830caff9ee44b42d32ed\",\"name\":\"Telinha\",\"image\":{\"@type\":\"ImageObject\",\"inLanguage\":\"pt-PT\",\"@id\":\"https:\/\/portaltela.pt\/s.01k8rhncp4jt1\/2025\/11\/talking-bot-125x125.png\",\"url\":\"https:\/\/portaltela.pt\/s.01k8rhncp4jt1\/2025\/11\/talking-bot-125x125.png\",\"contentUrl\":\"https:\/\/portaltela.pt\/s.01k8rhncp4jt1\/2025\/11\/talking-bot-125x125.png\",\"caption\":\"Telinha\"},\"sameAs\":[\"https:\/\/portaltela.pt\/\"],\"url\":\"https:\/\/portaltela.pt\/por\/367410592786\/\"}]}<\/script>\n<!-- \/ Yoast SEO plugin. -->","yoast_head_json":{"title":"Em Abril, Cartazes Mil! Arquivo pretende guardar mensagens de liberdade - Portal Tela Portugal","robots":{"index":"index","follow":"follow","max-snippet":"max-snippet:-1","max-image-preview":"max-image-preview:large","max-video-preview":"max-video-preview:-1"},"og_locale":"pt_PT","og_type":"article","og_title":"Em Abril, Cartazes Mil! Arquivo pretende guardar mensagens de liberdade - Portal Tela Portugal","og_description":"O projeto \"Abril, Cartazes Mil!\", criado por Fred Cunha, pretende ser um arquivo e mural de cartazes que celebram o 25 de Abril. Pode submeter uma fotografia de cartaz para fred@fredrocha.net, com foco em qualidade gr\u00e1fica e car\u00e1ter dissociado de partidos pol\u00edticos. Depois de criado o arquivo no site, abre-se uma fase de vota\u00e7\u00e3o em que cada pessoa pode votar nos cartazes de interesse. O objetivo \u00e9 guardar mensagens de liberdade para v\u00e1rias regi\u00f5es do pa\u00eds, mantendo a universalidade da ideia. Este \u00e9 o primeiro ano; h\u00e1 planos para edi\u00e7\u00f5es futuras em 2027, 2028 e al\u00e9m, para servir de refer\u00eancia a novas ideias de cartazes.","og_url":"https:\/\/portaltela.pt\/noticias\/2026\/04\/18\/em-abril-cartazes-mil-arquivo-pretende-guardar-mensagens-de-liberdade\/","og_site_name":"Portal Tela Portugal","article_published_time":"2026-04-18T18:44:00+00:00","author":"Telinha","twitter_card":"summary_large_image","twitter_misc":{"Escrito por":"Telinha","Tempo estimado de leitura":"1 minuto"},"schema":{"@context":"https:\/\/schema.org","@graph":[{"@type":"Article","@id":"https:\/\/portaltela.pt\/noticias\/2026\/04\/18\/em-abril-cartazes-mil-arquivo-pretende-guardar-mensagens-de-liberdade\/#article","isPartOf":{"@id":"https:\/\/portaltela.pt\/noticias\/2026\/04\/18\/em-abril-cartazes-mil-arquivo-pretende-guardar-mensagens-de-liberdade\/"},"author":{"name":"Telinha","@id":"https:\/\/portaltela.pt\/#\/schema\/person\/c4278d4a6028830caff9ee44b42d32ed"},"headline":"Em Abril, Cartazes Mil! Arquivo pretende guardar mensagens de liberdade","datePublished":"2026-04-18T18:44:00+00:00","mainEntityOfPage":{"@id":"https:\/\/portaltela.pt\/noticias\/2026\/04\/18\/em-abril-cartazes-mil-arquivo-pretende-guardar-mensagens-de-liberdade\/"},"wordCount":241,"image":{"@id":"https:\/\/portaltela.pt\/noticias\/2026\/04\/18\/em-abril-cartazes-mil-arquivo-pretende-guardar-mensagens-de-liberdade\/#primaryimage"},"thumbnailUrl":"https:\/\/portaltela.pt\/s.01k8rhncp4jt1\/2026\/04\/2082071.jpg","keywords":["25 de Abril","arquivos","cultura","liberdade de express\u00e3o","mem\u00f3ria p\u00fablica","participa\u00e7\u00e3o"],"articleSection":["Cultura","Lazer"],"inLanguage":"pt-PT"},{"@type":"WebPage","@id":"https:\/\/portaltela.pt\/noticias\/2026\/04\/18\/em-abril-cartazes-mil-arquivo-pretende-guardar-mensagens-de-liberdade\/","url":"https:\/\/portaltela.pt\/noticias\/2026\/04\/18\/em-abril-cartazes-mil-arquivo-pretende-guardar-mensagens-de-liberdade\/","name":"Em Abril, Cartazes Mil! Arquivo pretende guardar mensagens de liberdade - Portal Tela Portugal","isPartOf":{"@id":"https:\/\/portaltela.pt\/#website"},"primaryImageOfPage":{"@id":"https:\/\/portaltela.pt\/noticias\/2026\/04\/18\/em-abril-cartazes-mil-arquivo-pretende-guardar-mensagens-de-liberdade\/#primaryimage"},"image":{"@id":"https:\/\/portaltela.pt\/noticias\/2026\/04\/18\/em-abril-cartazes-mil-arquivo-pretende-guardar-mensagens-de-liberdade\/#primaryimage"},"thumbnailUrl":"https:\/\/portaltela.pt\/s.01k8rhncp4jt1\/2026\/04\/2082071.jpg","datePublished":"2026-04-18T18:44:00+00:00","author":{"@id":"https:\/\/portaltela.pt\/#\/schema\/person\/c4278d4a6028830caff9ee44b42d32ed"},"breadcrumb":{"@id":"https:\/\/portaltela.pt\/noticias\/2026\/04\/18\/em-abril-cartazes-mil-arquivo-pretende-guardar-mensagens-de-liberdade\/#breadcrumb"},"inLanguage":"pt-PT","potentialAction":[{"@type":"ReadAction","target":["https:\/\/portaltela.pt\/noticias\/2026\/04\/18\/em-abril-cartazes-mil-arquivo-pretende-guardar-mensagens-de-liberdade\/"]}]},{"@type":"ImageObject","inLanguage":"pt-PT","@id":"https:\/\/portaltela.pt\/noticias\/2026\/04\/18\/em-abril-cartazes-mil-arquivo-pretende-guardar-mensagens-de-liberdade\/#primaryimage","url":"https:\/\/portaltela.pt\/s.01k8rhncp4jt1\/2026\/04\/2082071.jpg","contentUrl":"https:\/\/portaltela.pt\/s.01k8rhncp4jt1\/2026\/04\/2082071.jpg","width":796,"height":448,"caption":"Comemora\u00e7\u00f5es dos 51 anos da Revolu\u00e7\u00e3o do 25 de Abril"},{"@type":"BreadcrumbList","@id":"https:\/\/portaltela.pt\/noticias\/2026\/04\/18\/em-abril-cartazes-mil-arquivo-pretende-guardar-mensagens-de-liberdade\/#breadcrumb","itemListElement":[{"@type":"ListItem","position":1,"name":"In\u00edcio","item":"https:\/\/portaltela.pt\/"},{"@type":"ListItem","position":2,"name":"Em Abril, Cartazes Mil! Arquivo pretende guardar mensagens de liberdade"}]},{"@type":"WebSite","@id":"https:\/\/portaltela.pt\/#website","url":"https:\/\/portaltela.pt\/","name":"Portal Tela Portugal","description":"","potentialAction":[{"@type":"SearchAction","target":{"@type":"EntryPoint","urlTemplate":"https:\/\/portaltela.pt\/?s={search_term_string}"},"query-input":{"@type":"PropertyValueSpecification","valueRequired":true,"valueName":"search_term_string"}}],"inLanguage":"pt-PT"},{"@type":"Person","@id":"https:\/\/portaltela.pt\/#\/schema\/person\/c4278d4a6028830caff9ee44b42d32ed","name":"Telinha","image":{"@type":"ImageObject","inLanguage":"pt-PT","@id":"https:\/\/portaltela.pt\/s.01k8rhncp4jt1\/2025\/11\/talking-bot-125x125.png","url":"https:\/\/portaltela.pt\/s.01k8rhncp4jt1\/2025\/11\/talking-bot-125x125.png","contentUrl":"https:\/\/portaltela.pt\/s.01k8rhncp4jt1\/2025\/11\/talking-bot-125x125.png","caption":"Telinha"},"sameAs":["https:\/\/portaltela.pt\/"],"url":"https:\/\/portaltela.pt\/por\/367410592786\/"}]}},"_links":{"self":[{"href":"https:\/\/portaltela.pt\/api\/wp\/v2\/posts\/449160","targetHints":{"allow":["GET"]}}],"collection":[{"href":"https:\/\/portaltela.pt\/api\/wp\/v2\/posts"}],"about":[{"href":"https:\/\/portaltela.pt\/api\/wp\/v2\/types\/post"}],"author":[{"embeddable":true,"href":"https:\/\/portaltela.pt\/api\/wp\/v2\/users\/2"}],"replies":[{"embeddable":true,"href":"https:\/\/portaltela.pt\/api\/wp\/v2\/comments?post=449160"}],"version-history":[{"count":0,"href":"https:\/\/portaltela.pt\/api\/wp\/v2\/posts\/449160\/revisions"}],"wp:featuredmedia":[{"embeddable":true,"href":"https:\/\/portaltela.pt\/api\/wp\/v2\/media\/449165"}],"wp:attachment":[{"href":"https:\/\/portaltela.pt\/api\/wp\/v2\/media?parent=449160"}],"wp:term":[{"taxonomy":"category","embeddable":true,"href":"https:\/\/portaltela.pt\/api\/wp\/v2\/categories?post=449160"},{"taxonomy":"post_tag","embeddable":true,"href":"https:\/\/portaltela.pt\/api\/wp\/v2\/tags?post=449160"}],"curies":[{"name":"wp","href":"https:\/\/api.w.org\/{rel}","templated":true}]}}