{"id":449159,"date":"2026-04-18T13:02:15","date_gmt":"2026-04-18T16:02:15","guid":{"rendered":"https:\/\/portaltela.pt\/noticias\/2026\/04\/18\/sanchez-defende-reforma-da-onu-e-sugere-lideranca-feminina\/"},"modified":"2026-04-18T13:02:15","modified_gmt":"2026-04-18T16:02:15","slug":"sanchez-defende-reforma-da-onu-e-sugere-lideranca-feminina","status":"publish","type":"post","link":"https:\/\/portaltela.pt\/noticias\/internacional\/2026\/04\/18\/sanchez-defende-reforma-da-onu-e-sugere-lideranca-feminina\/","title":{"rendered":"S\u00e1nchez defende reforma da ONU e sugere lideran\u00e7a feminina"},"content":{"rendered":"<p>Pedro S\u00e1nchez defendeu, na IV Cimeira em Defesa da Democracia, realizada na Fira de Barcelona, a reforma da ONU e uma lideran\u00e7a feminina para a organiza\u00e7\u00e3o. O objetivo \u00e9 aumentar a credibilidade do sistema multilateral.<\/p>\n<p>O primeiro-ministro espanhol pediu uma renova\u00e7\u00e3o urgente das Na\u00e7\u00f5es Unidas, afirmando que o momento \u00e9 de reformar estruturas e exigiu que a ONU seja dirigida por uma mulher. A cimeira re\u00fane cerca de duas dezenas de l\u00edderes progressistas.<\/p>\n<p>S\u00e1nchez alertou para ataques ao sistema multilateral e ao direito internacional, bem como para a normaliza\u00e7\u00e3o do recurso \u00e0 for\u00e7a. O tema esteve presente no discurso de abertura da cimeira.<\/p>\n<p>Ele refor\u00e7ou a necessidade de uma ONU mais eficiente, transparente, democr\u00e1tica e representativa, capaz de enfrentar os desafios do s\u00e9culo XXI, incluindo a governa\u00e7\u00e3o digital e a desinforma\u00e7\u00e3o.<\/p>\n<p>O chefe do Governo destacou ainda a import\u00e2ncia de combater a desinforma\u00e7\u00e3o e de evitar que algoritmos promovam \u00f3dio e polariza\u00e7\u00e3o, lembrando que a tecnologia pode ajudar, desde que haja regras.<\/p>\n<p>A cimeira de Barcelona abordou, para al\u00e9m da reforma da ONU, a redu\u00e7\u00e3o das desigualdades e a defesa de um multilateralismo forte para enfrentar o aumento de discursos extremistas.<\/p>\n","protected":false},"excerpt":{"rendered":"<ul>\n<li>O primeiro-ministro espanhol, Pedro S\u00e1nchez, defendeu na IV Cimeira em Defesa da Democracia, em Barcelona, uma ONU mais representativa e renovada, com lideran\u00e7a feminina.<\/li>\n<li>Reiterou a necessidade de reformar a Organiza\u00e7\u00e3o das Na\u00e7\u00f5es Unidas e afirmou que poderia ser dirigida por uma mulher.<\/li>\n<li>Alertou para ataques ao sistema multilateral, \u00e0 observ\u00e2ncia das regras do direito internacional e \u00e0 normaliza\u00e7\u00e3o do recurso \u00e0 for\u00e7a.<\/li>\n<li>Sustentou que a democracia corre risco de se esvaziar por dentro e que a resposta n\u00e3o pode ser apenas defensiva, devendo-se propor e liderar melhorias.<\/li>\n<li>A cimeira, na Fira de Barcelona, re\u00fane cerca de uma vintena de l\u00edderes progressistas e foca a luta contra a desigualdade e o fortalecimento do multilateralismo.<\/li>\n<\/ul>\n","protected":false},"author":2,"featured_media":449161,"comment_status":"closed","ping_status":"closed","sticky":false,"template":"","format":"standard","meta":{"footnotes":""},"categories":[4,7127],"tags":[256,1469,6703,5039,5123,466],"class_list":["post-449159","post","type-post","status-publish","format-standard","has-post-thumbnail","hentry","category-internacional","category-politica-internacional","tag-cooperacao-internacional","tag-desinformacao","tag-diplomacia-internacional","tag-multilateralismo","tag-onu","tag-organizacao-internacional"],"yoast_head":"<!-- This site is optimized with the Yoast SEO plugin v27.2 - https:\/\/yoast.com\/product\/yoast-seo-wordpress\/ -->\n<title>S\u00e1nchez defende reforma da ONU e sugere lideran\u00e7a feminina - Portal Tela Portugal<\/title>\n<meta name=\"robots\" content=\"index, follow, max-snippet:-1, max-image-preview:large, max-video-preview:-1\" \/>\n<meta property=\"og:locale\" content=\"pt_PT\" \/>\n<meta property=\"og:type\" content=\"article\" \/>\n<meta property=\"og:title\" content=\"S\u00e1nchez defende reforma da ONU e sugere lideran\u00e7a feminina - Portal Tela Portugal\" \/>\n<meta property=\"og:description\" content=\"O primeiro-ministro espanhol, Pedro S\u00e1nchez, defendeu na IV Cimeira em Defesa da Democracia, em Barcelona, uma ONU mais representativa e renovada, com lideran\u00e7a feminina. Reiterou a necessidade de reformar a Organiza\u00e7\u00e3o das Na\u00e7\u00f5es Unidas e afirmou que poderia ser dirigida por uma mulher. Alertou para ataques ao sistema multilateral, \u00e0 observ\u00e2ncia das regras do direito internacional e \u00e0 normaliza\u00e7\u00e3o do recurso \u00e0 for\u00e7a. Sustentou que a democracia corre risco de se esvaziar por dentro e que a resposta n\u00e3o pode ser apenas defensiva, devendo-se propor e liderar melhorias. A cimeira, na Fira de Barcelona, re\u00fane cerca de uma vintena de l\u00edderes progressistas e foca a luta contra a desigualdade e o fortalecimento do multilateralismo.\" \/>\n<meta property=\"og:url\" content=\"https:\/\/portaltela.pt\/noticias\/2026\/04\/18\/sanchez-defende-reforma-da-onu-e-sugere-lideranca-feminina\/\" \/>\n<meta property=\"og:site_name\" content=\"Portal Tela Portugal\" \/>\n<meta property=\"article:published_time\" content=\"2026-04-18T16:02:15+00:00\" \/>\n<meta name=\"author\" content=\"Telinha\" \/>\n<meta name=\"twitter:card\" content=\"summary_large_image\" \/>\n<meta name=\"twitter:label1\" content=\"Escrito por\" \/>\n\t<meta name=\"twitter:data1\" content=\"Telinha\" \/>\n\t<meta name=\"twitter:label2\" content=\"Tempo estimado de leitura\" \/>\n\t<meta name=\"twitter:data2\" content=\"1 minuto\" \/>\n<script type=\"application\/ld+json\" class=\"yoast-schema-graph\">{\"@context\":\"https:\/\/schema.org\",\"@graph\":[{\"@type\":\"Article\",\"@id\":\"https:\/\/portaltela.pt\/noticias\/2026\/04\/18\/sanchez-defende-reforma-da-onu-e-sugere-lideranca-feminina\/#article\",\"isPartOf\":{\"@id\":\"https:\/\/portaltela.pt\/noticias\/2026\/04\/18\/sanchez-defende-reforma-da-onu-e-sugere-lideranca-feminina\/\"},\"author\":{\"name\":\"Telinha\",\"@id\":\"https:\/\/portaltela.pt\/#\/schema\/person\/c4278d4a6028830caff9ee44b42d32ed\"},\"headline\":\"S\u00e1nchez defende reforma da ONU e sugere lideran\u00e7a feminina\",\"datePublished\":\"2026-04-18T16:02:15+00:00\",\"mainEntityOfPage\":{\"@id\":\"https:\/\/portaltela.pt\/noticias\/2026\/04\/18\/sanchez-defende-reforma-da-onu-e-sugere-lideranca-feminina\/\"},\"wordCount\":219,\"image\":{\"@id\":\"https:\/\/portaltela.pt\/noticias\/2026\/04\/18\/sanchez-defende-reforma-da-onu-e-sugere-lideranca-feminina\/#primaryimage\"},\"thumbnailUrl\":\"https:\/\/portaltela.pt\/s.01k8rhncp4jt1\/2026\/04\/1536x864_cmsv2_10e542a5-0b7c-58dc-87a2-2321f56d15ab-9726865.jpg\",\"keywords\":[\"coopera\u00e7\u00e3o internacional\",\"desinforma\u00e7\u00e3o\",\"diplomacia internacional\",\"multilateralismo\",\"ONU\",\"organiza\u00e7\u00e3o internacional\"],\"articleSection\":[\"Internacional\",\"Pol\u00edtica Internacional\"],\"inLanguage\":\"pt-PT\"},{\"@type\":\"WebPage\",\"@id\":\"https:\/\/portaltela.pt\/noticias\/2026\/04\/18\/sanchez-defende-reforma-da-onu-e-sugere-lideranca-feminina\/\",\"url\":\"https:\/\/portaltela.pt\/noticias\/2026\/04\/18\/sanchez-defende-reforma-da-onu-e-sugere-lideranca-feminina\/\",\"name\":\"S\u00e1nchez defende reforma da ONU e sugere lideran\u00e7a feminina - Portal Tela Portugal\",\"isPartOf\":{\"@id\":\"https:\/\/portaltela.pt\/#website\"},\"primaryImageOfPage\":{\"@id\":\"https:\/\/portaltela.pt\/noticias\/2026\/04\/18\/sanchez-defende-reforma-da-onu-e-sugere-lideranca-feminina\/#primaryimage\"},\"image\":{\"@id\":\"https:\/\/portaltela.pt\/noticias\/2026\/04\/18\/sanchez-defende-reforma-da-onu-e-sugere-lideranca-feminina\/#primaryimage\"},\"thumbnailUrl\":\"https:\/\/portaltela.pt\/s.01k8rhncp4jt1\/2026\/04\/1536x864_cmsv2_10e542a5-0b7c-58dc-87a2-2321f56d15ab-9726865.jpg\",\"datePublished\":\"2026-04-18T16:02:15+00:00\",\"author\":{\"@id\":\"https:\/\/portaltela.pt\/#\/schema\/person\/c4278d4a6028830caff9ee44b42d32ed\"},\"breadcrumb\":{\"@id\":\"https:\/\/portaltela.pt\/noticias\/2026\/04\/18\/sanchez-defende-reforma-da-onu-e-sugere-lideranca-feminina\/#breadcrumb\"},\"inLanguage\":\"pt-PT\",\"potentialAction\":[{\"@type\":\"ReadAction\",\"target\":[\"https:\/\/portaltela.pt\/noticias\/2026\/04\/18\/sanchez-defende-reforma-da-onu-e-sugere-lideranca-feminina\/\"]}]},{\"@type\":\"ImageObject\",\"inLanguage\":\"pt-PT\",\"@id\":\"https:\/\/portaltela.pt\/noticias\/2026\/04\/18\/sanchez-defende-reforma-da-onu-e-sugere-lideranca-feminina\/#primaryimage\",\"url\":\"https:\/\/portaltela.pt\/s.01k8rhncp4jt1\/2026\/04\/1536x864_cmsv2_10e542a5-0b7c-58dc-87a2-2321f56d15ab-9726865.jpg\",\"contentUrl\":\"https:\/\/portaltela.pt\/s.01k8rhncp4jt1\/2026\/04\/1536x864_cmsv2_10e542a5-0b7c-58dc-87a2-2321f56d15ab-9726865.jpg\",\"width\":796,\"height\":448,\"caption\":\"Presidente do Governo espanhol, Pedro S\u00e1nchez, de fato claro, posa com participantes da Cimeira pela Defesa da Democracia, realizada em Barcelona, a 18 de abril.\"},{\"@type\":\"BreadcrumbList\",\"@id\":\"https:\/\/portaltela.pt\/noticias\/2026\/04\/18\/sanchez-defende-reforma-da-onu-e-sugere-lideranca-feminina\/#breadcrumb\",\"itemListElement\":[{\"@type\":\"ListItem\",\"position\":1,\"name\":\"In\u00edcio\",\"item\":\"https:\/\/portaltela.pt\/\"},{\"@type\":\"ListItem\",\"position\":2,\"name\":\"S\u00e1nchez defende reforma da ONU e sugere lideran\u00e7a feminina\"}]},{\"@type\":\"WebSite\",\"@id\":\"https:\/\/portaltela.pt\/#website\",\"url\":\"https:\/\/portaltela.pt\/\",\"name\":\"Portal Tela Portugal\",\"description\":\"\",\"potentialAction\":[{\"@type\":\"SearchAction\",\"target\":{\"@type\":\"EntryPoint\",\"urlTemplate\":\"https:\/\/portaltela.pt\/?s={search_term_string}\"},\"query-input\":{\"@type\":\"PropertyValueSpecification\",\"valueRequired\":true,\"valueName\":\"search_term_string\"}}],\"inLanguage\":\"pt-PT\"},{\"@type\":\"Person\",\"@id\":\"https:\/\/portaltela.pt\/#\/schema\/person\/c4278d4a6028830caff9ee44b42d32ed\",\"name\":\"Telinha\",\"image\":{\"@type\":\"ImageObject\",\"inLanguage\":\"pt-PT\",\"@id\":\"https:\/\/portaltela.pt\/s.01k8rhncp4jt1\/2025\/11\/talking-bot-125x125.png\",\"url\":\"https:\/\/portaltela.pt\/s.01k8rhncp4jt1\/2025\/11\/talking-bot-125x125.png\",\"contentUrl\":\"https:\/\/portaltela.pt\/s.01k8rhncp4jt1\/2025\/11\/talking-bot-125x125.png\",\"caption\":\"Telinha\"},\"sameAs\":[\"https:\/\/portaltela.pt\/\"],\"url\":\"https:\/\/portaltela.pt\/por\/367410592786\/\"}]}<\/script>\n<!-- \/ Yoast SEO plugin. -->","yoast_head_json":{"title":"S\u00e1nchez defende reforma da ONU e sugere lideran\u00e7a feminina - Portal Tela Portugal","robots":{"index":"index","follow":"follow","max-snippet":"max-snippet:-1","max-image-preview":"max-image-preview:large","max-video-preview":"max-video-preview:-1"},"og_locale":"pt_PT","og_type":"article","og_title":"S\u00e1nchez defende reforma da ONU e sugere lideran\u00e7a feminina - Portal Tela Portugal","og_description":"O primeiro-ministro espanhol, Pedro S\u00e1nchez, defendeu na IV Cimeira em Defesa da Democracia, em Barcelona, uma ONU mais representativa e renovada, com lideran\u00e7a feminina. Reiterou a necessidade de reformar a Organiza\u00e7\u00e3o das Na\u00e7\u00f5es Unidas e afirmou que poderia ser dirigida por uma mulher. Alertou para ataques ao sistema multilateral, \u00e0 observ\u00e2ncia das regras do direito internacional e \u00e0 normaliza\u00e7\u00e3o do recurso \u00e0 for\u00e7a. Sustentou que a democracia corre risco de se esvaziar por dentro e que a resposta n\u00e3o pode ser apenas defensiva, devendo-se propor e liderar melhorias. A cimeira, na Fira de Barcelona, re\u00fane cerca de uma vintena de l\u00edderes progressistas e foca a luta contra a desigualdade e o fortalecimento do multilateralismo.","og_url":"https:\/\/portaltela.pt\/noticias\/2026\/04\/18\/sanchez-defende-reforma-da-onu-e-sugere-lideranca-feminina\/","og_site_name":"Portal Tela Portugal","article_published_time":"2026-04-18T16:02:15+00:00","author":"Telinha","twitter_card":"summary_large_image","twitter_misc":{"Escrito por":"Telinha","Tempo estimado de leitura":"1 minuto"},"schema":{"@context":"https:\/\/schema.org","@graph":[{"@type":"Article","@id":"https:\/\/portaltela.pt\/noticias\/2026\/04\/18\/sanchez-defende-reforma-da-onu-e-sugere-lideranca-feminina\/#article","isPartOf":{"@id":"https:\/\/portaltela.pt\/noticias\/2026\/04\/18\/sanchez-defende-reforma-da-onu-e-sugere-lideranca-feminina\/"},"author":{"name":"Telinha","@id":"https:\/\/portaltela.pt\/#\/schema\/person\/c4278d4a6028830caff9ee44b42d32ed"},"headline":"S\u00e1nchez defende reforma da ONU e sugere lideran\u00e7a feminina","datePublished":"2026-04-18T16:02:15+00:00","mainEntityOfPage":{"@id":"https:\/\/portaltela.pt\/noticias\/2026\/04\/18\/sanchez-defende-reforma-da-onu-e-sugere-lideranca-feminina\/"},"wordCount":219,"image":{"@id":"https:\/\/portaltela.pt\/noticias\/2026\/04\/18\/sanchez-defende-reforma-da-onu-e-sugere-lideranca-feminina\/#primaryimage"},"thumbnailUrl":"https:\/\/portaltela.pt\/s.01k8rhncp4jt1\/2026\/04\/1536x864_cmsv2_10e542a5-0b7c-58dc-87a2-2321f56d15ab-9726865.jpg","keywords":["coopera\u00e7\u00e3o internacional","desinforma\u00e7\u00e3o","diplomacia internacional","multilateralismo","ONU","organiza\u00e7\u00e3o internacional"],"articleSection":["Internacional","Pol\u00edtica Internacional"],"inLanguage":"pt-PT"},{"@type":"WebPage","@id":"https:\/\/portaltela.pt\/noticias\/2026\/04\/18\/sanchez-defende-reforma-da-onu-e-sugere-lideranca-feminina\/","url":"https:\/\/portaltela.pt\/noticias\/2026\/04\/18\/sanchez-defende-reforma-da-onu-e-sugere-lideranca-feminina\/","name":"S\u00e1nchez defende reforma da ONU e sugere lideran\u00e7a feminina - Portal Tela Portugal","isPartOf":{"@id":"https:\/\/portaltela.pt\/#website"},"primaryImageOfPage":{"@id":"https:\/\/portaltela.pt\/noticias\/2026\/04\/18\/sanchez-defende-reforma-da-onu-e-sugere-lideranca-feminina\/#primaryimage"},"image":{"@id":"https:\/\/portaltela.pt\/noticias\/2026\/04\/18\/sanchez-defende-reforma-da-onu-e-sugere-lideranca-feminina\/#primaryimage"},"thumbnailUrl":"https:\/\/portaltela.pt\/s.01k8rhncp4jt1\/2026\/04\/1536x864_cmsv2_10e542a5-0b7c-58dc-87a2-2321f56d15ab-9726865.jpg","datePublished":"2026-04-18T16:02:15+00:00","author":{"@id":"https:\/\/portaltela.pt\/#\/schema\/person\/c4278d4a6028830caff9ee44b42d32ed"},"breadcrumb":{"@id":"https:\/\/portaltela.pt\/noticias\/2026\/04\/18\/sanchez-defende-reforma-da-onu-e-sugere-lideranca-feminina\/#breadcrumb"},"inLanguage":"pt-PT","potentialAction":[{"@type":"ReadAction","target":["https:\/\/portaltela.pt\/noticias\/2026\/04\/18\/sanchez-defende-reforma-da-onu-e-sugere-lideranca-feminina\/"]}]},{"@type":"ImageObject","inLanguage":"pt-PT","@id":"https:\/\/portaltela.pt\/noticias\/2026\/04\/18\/sanchez-defende-reforma-da-onu-e-sugere-lideranca-feminina\/#primaryimage","url":"https:\/\/portaltela.pt\/s.01k8rhncp4jt1\/2026\/04\/1536x864_cmsv2_10e542a5-0b7c-58dc-87a2-2321f56d15ab-9726865.jpg","contentUrl":"https:\/\/portaltela.pt\/s.01k8rhncp4jt1\/2026\/04\/1536x864_cmsv2_10e542a5-0b7c-58dc-87a2-2321f56d15ab-9726865.jpg","width":796,"height":448,"caption":"Presidente do Governo espanhol, Pedro S\u00e1nchez, de fato claro, posa com participantes da Cimeira pela Defesa da Democracia, realizada em Barcelona, a 18 de abril."},{"@type":"BreadcrumbList","@id":"https:\/\/portaltela.pt\/noticias\/2026\/04\/18\/sanchez-defende-reforma-da-onu-e-sugere-lideranca-feminina\/#breadcrumb","itemListElement":[{"@type":"ListItem","position":1,"name":"In\u00edcio","item":"https:\/\/portaltela.pt\/"},{"@type":"ListItem","position":2,"name":"S\u00e1nchez defende reforma da ONU e sugere lideran\u00e7a feminina"}]},{"@type":"WebSite","@id":"https:\/\/portaltela.pt\/#website","url":"https:\/\/portaltela.pt\/","name":"Portal Tela Portugal","description":"","potentialAction":[{"@type":"SearchAction","target":{"@type":"EntryPoint","urlTemplate":"https:\/\/portaltela.pt\/?s={search_term_string}"},"query-input":{"@type":"PropertyValueSpecification","valueRequired":true,"valueName":"search_term_string"}}],"inLanguage":"pt-PT"},{"@type":"Person","@id":"https:\/\/portaltela.pt\/#\/schema\/person\/c4278d4a6028830caff9ee44b42d32ed","name":"Telinha","image":{"@type":"ImageObject","inLanguage":"pt-PT","@id":"https:\/\/portaltela.pt\/s.01k8rhncp4jt1\/2025\/11\/talking-bot-125x125.png","url":"https:\/\/portaltela.pt\/s.01k8rhncp4jt1\/2025\/11\/talking-bot-125x125.png","contentUrl":"https:\/\/portaltela.pt\/s.01k8rhncp4jt1\/2025\/11\/talking-bot-125x125.png","caption":"Telinha"},"sameAs":["https:\/\/portaltela.pt\/"],"url":"https:\/\/portaltela.pt\/por\/367410592786\/"}]}},"_links":{"self":[{"href":"https:\/\/portaltela.pt\/api\/wp\/v2\/posts\/449159","targetHints":{"allow":["GET"]}}],"collection":[{"href":"https:\/\/portaltela.pt\/api\/wp\/v2\/posts"}],"about":[{"href":"https:\/\/portaltela.pt\/api\/wp\/v2\/types\/post"}],"author":[{"embeddable":true,"href":"https:\/\/portaltela.pt\/api\/wp\/v2\/users\/2"}],"replies":[{"embeddable":true,"href":"https:\/\/portaltela.pt\/api\/wp\/v2\/comments?post=449159"}],"version-history":[{"count":0,"href":"https:\/\/portaltela.pt\/api\/wp\/v2\/posts\/449159\/revisions"}],"wp:featuredmedia":[{"embeddable":true,"href":"https:\/\/portaltela.pt\/api\/wp\/v2\/media\/449161"}],"wp:attachment":[{"href":"https:\/\/portaltela.pt\/api\/wp\/v2\/media?parent=449159"}],"wp:term":[{"taxonomy":"category","embeddable":true,"href":"https:\/\/portaltela.pt\/api\/wp\/v2\/categories?post=449159"},{"taxonomy":"post_tag","embeddable":true,"href":"https:\/\/portaltela.pt\/api\/wp\/v2\/tags?post=449159"}],"curies":[{"name":"wp","href":"https:\/\/api.w.org\/{rel}","templated":true}]}}