{"id":449153,"date":"2026-04-18T19:57:00","date_gmt":"2026-04-18T22:57:00","guid":{"rendered":"https:\/\/portaltela.pt\/noticias\/2026\/04\/18\/gulbenkian-acrescenta-moda-a-sua-ja-vasta-colecao-de-arte\/"},"modified":"2026-04-18T19:57:00","modified_gmt":"2026-04-18T22:57:00","slug":"gulbenkian-acrescenta-moda-a-sua-ja-vasta-colecao-de-arte","status":"publish","type":"post","link":"https:\/\/portaltela.pt\/noticias\/2026\/04\/18\/gulbenkian-acrescenta-moda-a-sua-ja-vasta-colecao-de-arte\/","title":{"rendered":"Gulbenkian acrescenta moda \u00e0 sua j\u00e1 vasta cole\u00e7\u00e3o de arte"},"content":{"rendered":"<p>A exposi\u00e7\u00e3o Arte &amp; Moda abriu no \u00e1trio da Gulbenkian, reunindo 140 pe\u00e7as de alta-costura e 100 obras do museu. A inaugura\u00e7\u00e3o ocorreu este s\u00e1bado, em plena abertura ao p\u00fablico, apesar do museu estar em obras.<\/p>\n<p>O curador Eloy Mart\u00ednez de la Pera Celada conduziu a visita, destacando que a mostra parte da Cole\u00e7\u00e3o Gulbenkian para dialogar com 150 anos de hist\u00f3ria da moda. A ideia \u00e9 unir Rembrandt a cria\u00e7\u00f5es de Mugler, Lacroix e McQueen no mesmo espa\u00e7o.<\/p>\n<p>A montagem privilegia um percurso claro e direto, com valetado entre pe\u00e7as hist\u00f3ricas e designers contempor\u00e2neos, em di\u00e1logo com quadros, cer\u00e2micas e esculturas. A curadoria busca revelar continuidades est\u00e9ticas entre \u00e9pocas distintas.<\/p>\n<h3>Destaques e contribui\u00e7\u00f5es internacionais<\/h3>\n<p>A criadora chinesa Guo Pei cedeu seis pe\u00e7as, uma presen\u00e7a que marca a estreia na Europa de pe\u00e7as do seu acervo. Entre os objetos, surgem pares inusitados: vestidos de McQueen com retratos de Barroco, e pe\u00e7as Saint Laurent em confronto com obras do s\u00e9culo XIX.<\/p>\n<p>Entre as pe\u00e7as expostas, destacam-se vestidos de Lacroix, Givenchy e Alexander McQueen, al\u00e9m de outras pe\u00e7as hist\u00f3ricas, que junto a obras de Burne-Jones, Hoppner e Vittore Carpaccio refor\u00e7am o di\u00e1logo entre moda e arte.<\/p>\n<p>A exposi\u00e7\u00e3o permanece com foco na uni\u00e3o entre o figurino de alta-costura e obras cl\u00e1ssicas, enfatizando a beleza como ponto central de reflex\u00e3o, conforme explica o curador ap\u00f3s quatro anos de prepara\u00e7\u00e3o.<\/p>\n","protected":false},"excerpt":{"rendered":"<ul>\n<li>A exposi\u00e7\u00e3o Arte &amp; Moda na Gulbenkian junta 140 pe\u00e7as de alta-costura com 100 obras da Cole\u00e7\u00e3o Gulbenkian, em di\u00e1logo com 150 anos de hist\u00f3ria da moda.<\/li>\n<li>O curador Eloy Mart\u00ednez de la Pera Celada, que trabalhou quatro anos na mostra, descreve-a como \u00fanica ao colocar obras de Rembrandt junto de cria\u00e7\u00f5es de Thierry Mugler, Christian Lacroix ou Alexander McQueen.<\/li>\n<li>A mostra ocupa o \u00e1trio da funda\u00e7\u00e3o e abriu neste s\u00e1bado, enquanto o museu esteve temporariamente fechado para obras.<\/li>\n<li>A criadora chinesa Guo Pei cedeu seis pe\u00e7as do seu acervo, sendo a primeira vez que ficam na Europa.<\/li>\n<li>O conjunto inclui cria\u00e7\u00f5es de nomes como Saint Laurent, Givenchy e McQueen, apresentadas em di\u00e1logo com obras de arte de v\u00e1rias \u00e9pocas.<\/li>\n<\/ul>\n","protected":false},"author":2,"featured_media":449158,"comment_status":"closed","ping_status":"closed","sticky":false,"template":"","format":"standard","meta":{"footnotes":""},"categories":[7375,1],"tags":[8982,70,1397,8983,135,1192],"class_list":["post-449153","post","type-post","status-publish","format-standard","has-post-thumbnail","hentry","category-cultura","category-noticias","tag-alexander-mcqueen","tag-arte","tag-exposicoes","tag-givenchy","tag-moda","tag-museus-arquivos"],"yoast_head":"<!-- This site is optimized with the Yoast SEO plugin v27.2 - https:\/\/yoast.com\/product\/yoast-seo-wordpress\/ -->\n<title>Gulbenkian acrescenta moda \u00e0 sua j\u00e1 vasta cole\u00e7\u00e3o de arte - Portal Tela Portugal<\/title>\n<meta name=\"robots\" content=\"index, follow, max-snippet:-1, max-image-preview:large, max-video-preview:-1\" \/>\n<meta property=\"og:locale\" content=\"pt_PT\" \/>\n<meta property=\"og:type\" content=\"article\" \/>\n<meta property=\"og:title\" content=\"Gulbenkian acrescenta moda \u00e0 sua j\u00e1 vasta cole\u00e7\u00e3o de arte - Portal Tela Portugal\" \/>\n<meta property=\"og:description\" content=\"A exposi\u00e7\u00e3o Arte &amp; Moda na Gulbenkian junta 140 pe\u00e7as de alta-costura com 100 obras da Cole\u00e7\u00e3o Gulbenkian, em di\u00e1logo com 150 anos de hist\u00f3ria da moda. O curador Eloy Mart\u00ednez de la Pera Celada, que trabalhou quatro anos na mostra, descreve-a como \u00fanica ao colocar obras de Rembrandt junto de cria\u00e7\u00f5es de Thierry Mugler, Christian Lacroix ou Alexander McQueen. A mostra ocupa o \u00e1trio da funda\u00e7\u00e3o e abriu neste s\u00e1bado, enquanto o museu esteve temporariamente fechado para obras. A criadora chinesa Guo Pei cedeu seis pe\u00e7as do seu acervo, sendo a primeira vez que ficam na Europa. O conjunto inclui cria\u00e7\u00f5es de nomes como Saint Laurent, Givenchy e McQueen, apresentadas em di\u00e1logo com obras de arte de v\u00e1rias \u00e9pocas.\" \/>\n<meta property=\"og:url\" content=\"https:\/\/portaltela.pt\/noticias\/2026\/04\/18\/gulbenkian-acrescenta-moda-a-sua-ja-vasta-colecao-de-arte\/\" \/>\n<meta property=\"og:site_name\" content=\"Portal Tela Portugal\" \/>\n<meta property=\"article:published_time\" content=\"2026-04-18T22:57:00+00:00\" \/>\n<meta name=\"author\" content=\"Telinha\" \/>\n<meta name=\"twitter:card\" content=\"summary_large_image\" \/>\n<meta name=\"twitter:label1\" content=\"Escrito por\" \/>\n\t<meta name=\"twitter:data1\" content=\"Telinha\" \/>\n\t<meta name=\"twitter:label2\" content=\"Tempo estimado de leitura\" \/>\n\t<meta name=\"twitter:data2\" content=\"1 minuto\" \/>\n<script type=\"application\/ld+json\" class=\"yoast-schema-graph\">{\"@context\":\"https:\/\/schema.org\",\"@graph\":[{\"@type\":\"Article\",\"@id\":\"https:\/\/portaltela.pt\/noticias\/2026\/04\/18\/gulbenkian-acrescenta-moda-a-sua-ja-vasta-colecao-de-arte\/#article\",\"isPartOf\":{\"@id\":\"https:\/\/portaltela.pt\/noticias\/2026\/04\/18\/gulbenkian-acrescenta-moda-a-sua-ja-vasta-colecao-de-arte\/\"},\"author\":{\"name\":\"Telinha\",\"@id\":\"https:\/\/portaltela.pt\/#\/schema\/person\/c4278d4a6028830caff9ee44b42d32ed\"},\"headline\":\"Gulbenkian acrescenta moda \u00e0 sua j\u00e1 vasta cole\u00e7\u00e3o de arte\",\"datePublished\":\"2026-04-18T22:57:00+00:00\",\"mainEntityOfPage\":{\"@id\":\"https:\/\/portaltela.pt\/noticias\/2026\/04\/18\/gulbenkian-acrescenta-moda-a-sua-ja-vasta-colecao-de-arte\/\"},\"wordCount\":266,\"image\":{\"@id\":\"https:\/\/portaltela.pt\/noticias\/2026\/04\/18\/gulbenkian-acrescenta-moda-a-sua-ja-vasta-colecao-de-arte\/#primaryimage\"},\"thumbnailUrl\":\"https:\/\/portaltela.pt\/s.01k8rhncp4jt1\/2026\/04\/2082429.jpg\",\"keywords\":[\"Alexander McQueen\",\"arte\",\"exposi\u00e7\u00f5es\",\"Givenchy\",\"moda\",\"museus\/arquivos\"],\"articleSection\":[\"Cultura\",\"Not\u00edcias\"],\"inLanguage\":\"pt-PT\"},{\"@type\":\"WebPage\",\"@id\":\"https:\/\/portaltela.pt\/noticias\/2026\/04\/18\/gulbenkian-acrescenta-moda-a-sua-ja-vasta-colecao-de-arte\/\",\"url\":\"https:\/\/portaltela.pt\/noticias\/2026\/04\/18\/gulbenkian-acrescenta-moda-a-sua-ja-vasta-colecao-de-arte\/\",\"name\":\"Gulbenkian acrescenta moda \u00e0 sua j\u00e1 vasta cole\u00e7\u00e3o de arte - Portal Tela Portugal\",\"isPartOf\":{\"@id\":\"https:\/\/portaltela.pt\/#website\"},\"primaryImageOfPage\":{\"@id\":\"https:\/\/portaltela.pt\/noticias\/2026\/04\/18\/gulbenkian-acrescenta-moda-a-sua-ja-vasta-colecao-de-arte\/#primaryimage\"},\"image\":{\"@id\":\"https:\/\/portaltela.pt\/noticias\/2026\/04\/18\/gulbenkian-acrescenta-moda-a-sua-ja-vasta-colecao-de-arte\/#primaryimage\"},\"thumbnailUrl\":\"https:\/\/portaltela.pt\/s.01k8rhncp4jt1\/2026\/04\/2082429.jpg\",\"datePublished\":\"2026-04-18T22:57:00+00:00\",\"author\":{\"@id\":\"https:\/\/portaltela.pt\/#\/schema\/person\/c4278d4a6028830caff9ee44b42d32ed\"},\"breadcrumb\":{\"@id\":\"https:\/\/portaltela.pt\/noticias\/2026\/04\/18\/gulbenkian-acrescenta-moda-a-sua-ja-vasta-colecao-de-arte\/#breadcrumb\"},\"inLanguage\":\"pt-PT\",\"potentialAction\":[{\"@type\":\"ReadAction\",\"target\":[\"https:\/\/portaltela.pt\/noticias\/2026\/04\/18\/gulbenkian-acrescenta-moda-a-sua-ja-vasta-colecao-de-arte\/\"]}]},{\"@type\":\"ImageObject\",\"inLanguage\":\"pt-PT\",\"@id\":\"https:\/\/portaltela.pt\/noticias\/2026\/04\/18\/gulbenkian-acrescenta-moda-a-sua-ja-vasta-colecao-de-arte\/#primaryimage\",\"url\":\"https:\/\/portaltela.pt\/s.01k8rhncp4jt1\/2026\/04\/2082429.jpg\",\"contentUrl\":\"https:\/\/portaltela.pt\/s.01k8rhncp4jt1\/2026\/04\/2082429.jpg\",\"width\":796,\"height\":448,\"caption\":\"Os plissados da Madame Gr\u00e8s ou de Givenchy est\u00e3o em di\u00e1logo com o *Espelho de V\u00e9nus* de Burne-Jones\"},{\"@type\":\"BreadcrumbList\",\"@id\":\"https:\/\/portaltela.pt\/noticias\/2026\/04\/18\/gulbenkian-acrescenta-moda-a-sua-ja-vasta-colecao-de-arte\/#breadcrumb\",\"itemListElement\":[{\"@type\":\"ListItem\",\"position\":1,\"name\":\"In\u00edcio\",\"item\":\"https:\/\/portaltela.pt\/\"},{\"@type\":\"ListItem\",\"position\":2,\"name\":\"Gulbenkian acrescenta moda \u00e0 sua j\u00e1 vasta cole\u00e7\u00e3o de arte\"}]},{\"@type\":\"WebSite\",\"@id\":\"https:\/\/portaltela.pt\/#website\",\"url\":\"https:\/\/portaltela.pt\/\",\"name\":\"Portal Tela Portugal\",\"description\":\"\",\"potentialAction\":[{\"@type\":\"SearchAction\",\"target\":{\"@type\":\"EntryPoint\",\"urlTemplate\":\"https:\/\/portaltela.pt\/?s={search_term_string}\"},\"query-input\":{\"@type\":\"PropertyValueSpecification\",\"valueRequired\":true,\"valueName\":\"search_term_string\"}}],\"inLanguage\":\"pt-PT\"},{\"@type\":\"Person\",\"@id\":\"https:\/\/portaltela.pt\/#\/schema\/person\/c4278d4a6028830caff9ee44b42d32ed\",\"name\":\"Telinha\",\"image\":{\"@type\":\"ImageObject\",\"inLanguage\":\"pt-PT\",\"@id\":\"https:\/\/portaltela.pt\/s.01k8rhncp4jt1\/2025\/11\/talking-bot-125x125.png\",\"url\":\"https:\/\/portaltela.pt\/s.01k8rhncp4jt1\/2025\/11\/talking-bot-125x125.png\",\"contentUrl\":\"https:\/\/portaltela.pt\/s.01k8rhncp4jt1\/2025\/11\/talking-bot-125x125.png\",\"caption\":\"Telinha\"},\"sameAs\":[\"https:\/\/portaltela.pt\/\"],\"url\":\"https:\/\/portaltela.pt\/por\/367410592786\/\"}]}<\/script>\n<!-- \/ Yoast SEO plugin. -->","yoast_head_json":{"title":"Gulbenkian acrescenta moda \u00e0 sua j\u00e1 vasta cole\u00e7\u00e3o de arte - Portal Tela Portugal","robots":{"index":"index","follow":"follow","max-snippet":"max-snippet:-1","max-image-preview":"max-image-preview:large","max-video-preview":"max-video-preview:-1"},"og_locale":"pt_PT","og_type":"article","og_title":"Gulbenkian acrescenta moda \u00e0 sua j\u00e1 vasta cole\u00e7\u00e3o de arte - Portal Tela Portugal","og_description":"A exposi\u00e7\u00e3o Arte &amp; Moda na Gulbenkian junta 140 pe\u00e7as de alta-costura com 100 obras da Cole\u00e7\u00e3o Gulbenkian, em di\u00e1logo com 150 anos de hist\u00f3ria da moda. O curador Eloy Mart\u00ednez de la Pera Celada, que trabalhou quatro anos na mostra, descreve-a como \u00fanica ao colocar obras de Rembrandt junto de cria\u00e7\u00f5es de Thierry Mugler, Christian Lacroix ou Alexander McQueen. A mostra ocupa o \u00e1trio da funda\u00e7\u00e3o e abriu neste s\u00e1bado, enquanto o museu esteve temporariamente fechado para obras. A criadora chinesa Guo Pei cedeu seis pe\u00e7as do seu acervo, sendo a primeira vez que ficam na Europa. O conjunto inclui cria\u00e7\u00f5es de nomes como Saint Laurent, Givenchy e McQueen, apresentadas em di\u00e1logo com obras de arte de v\u00e1rias \u00e9pocas.","og_url":"https:\/\/portaltela.pt\/noticias\/2026\/04\/18\/gulbenkian-acrescenta-moda-a-sua-ja-vasta-colecao-de-arte\/","og_site_name":"Portal Tela Portugal","article_published_time":"2026-04-18T22:57:00+00:00","author":"Telinha","twitter_card":"summary_large_image","twitter_misc":{"Escrito por":"Telinha","Tempo estimado de leitura":"1 minuto"},"schema":{"@context":"https:\/\/schema.org","@graph":[{"@type":"Article","@id":"https:\/\/portaltela.pt\/noticias\/2026\/04\/18\/gulbenkian-acrescenta-moda-a-sua-ja-vasta-colecao-de-arte\/#article","isPartOf":{"@id":"https:\/\/portaltela.pt\/noticias\/2026\/04\/18\/gulbenkian-acrescenta-moda-a-sua-ja-vasta-colecao-de-arte\/"},"author":{"name":"Telinha","@id":"https:\/\/portaltela.pt\/#\/schema\/person\/c4278d4a6028830caff9ee44b42d32ed"},"headline":"Gulbenkian acrescenta moda \u00e0 sua j\u00e1 vasta cole\u00e7\u00e3o de arte","datePublished":"2026-04-18T22:57:00+00:00","mainEntityOfPage":{"@id":"https:\/\/portaltela.pt\/noticias\/2026\/04\/18\/gulbenkian-acrescenta-moda-a-sua-ja-vasta-colecao-de-arte\/"},"wordCount":266,"image":{"@id":"https:\/\/portaltela.pt\/noticias\/2026\/04\/18\/gulbenkian-acrescenta-moda-a-sua-ja-vasta-colecao-de-arte\/#primaryimage"},"thumbnailUrl":"https:\/\/portaltela.pt\/s.01k8rhncp4jt1\/2026\/04\/2082429.jpg","keywords":["Alexander McQueen","arte","exposi\u00e7\u00f5es","Givenchy","moda","museus\/arquivos"],"articleSection":["Cultura","Not\u00edcias"],"inLanguage":"pt-PT"},{"@type":"WebPage","@id":"https:\/\/portaltela.pt\/noticias\/2026\/04\/18\/gulbenkian-acrescenta-moda-a-sua-ja-vasta-colecao-de-arte\/","url":"https:\/\/portaltela.pt\/noticias\/2026\/04\/18\/gulbenkian-acrescenta-moda-a-sua-ja-vasta-colecao-de-arte\/","name":"Gulbenkian acrescenta moda \u00e0 sua j\u00e1 vasta cole\u00e7\u00e3o de arte - Portal Tela Portugal","isPartOf":{"@id":"https:\/\/portaltela.pt\/#website"},"primaryImageOfPage":{"@id":"https:\/\/portaltela.pt\/noticias\/2026\/04\/18\/gulbenkian-acrescenta-moda-a-sua-ja-vasta-colecao-de-arte\/#primaryimage"},"image":{"@id":"https:\/\/portaltela.pt\/noticias\/2026\/04\/18\/gulbenkian-acrescenta-moda-a-sua-ja-vasta-colecao-de-arte\/#primaryimage"},"thumbnailUrl":"https:\/\/portaltela.pt\/s.01k8rhncp4jt1\/2026\/04\/2082429.jpg","datePublished":"2026-04-18T22:57:00+00:00","author":{"@id":"https:\/\/portaltela.pt\/#\/schema\/person\/c4278d4a6028830caff9ee44b42d32ed"},"breadcrumb":{"@id":"https:\/\/portaltela.pt\/noticias\/2026\/04\/18\/gulbenkian-acrescenta-moda-a-sua-ja-vasta-colecao-de-arte\/#breadcrumb"},"inLanguage":"pt-PT","potentialAction":[{"@type":"ReadAction","target":["https:\/\/portaltela.pt\/noticias\/2026\/04\/18\/gulbenkian-acrescenta-moda-a-sua-ja-vasta-colecao-de-arte\/"]}]},{"@type":"ImageObject","inLanguage":"pt-PT","@id":"https:\/\/portaltela.pt\/noticias\/2026\/04\/18\/gulbenkian-acrescenta-moda-a-sua-ja-vasta-colecao-de-arte\/#primaryimage","url":"https:\/\/portaltela.pt\/s.01k8rhncp4jt1\/2026\/04\/2082429.jpg","contentUrl":"https:\/\/portaltela.pt\/s.01k8rhncp4jt1\/2026\/04\/2082429.jpg","width":796,"height":448,"caption":"Os plissados da Madame Gr\u00e8s ou de Givenchy est\u00e3o em di\u00e1logo com o *Espelho de V\u00e9nus* de Burne-Jones"},{"@type":"BreadcrumbList","@id":"https:\/\/portaltela.pt\/noticias\/2026\/04\/18\/gulbenkian-acrescenta-moda-a-sua-ja-vasta-colecao-de-arte\/#breadcrumb","itemListElement":[{"@type":"ListItem","position":1,"name":"In\u00edcio","item":"https:\/\/portaltela.pt\/"},{"@type":"ListItem","position":2,"name":"Gulbenkian acrescenta moda \u00e0 sua j\u00e1 vasta cole\u00e7\u00e3o de arte"}]},{"@type":"WebSite","@id":"https:\/\/portaltela.pt\/#website","url":"https:\/\/portaltela.pt\/","name":"Portal Tela Portugal","description":"","potentialAction":[{"@type":"SearchAction","target":{"@type":"EntryPoint","urlTemplate":"https:\/\/portaltela.pt\/?s={search_term_string}"},"query-input":{"@type":"PropertyValueSpecification","valueRequired":true,"valueName":"search_term_string"}}],"inLanguage":"pt-PT"},{"@type":"Person","@id":"https:\/\/portaltela.pt\/#\/schema\/person\/c4278d4a6028830caff9ee44b42d32ed","name":"Telinha","image":{"@type":"ImageObject","inLanguage":"pt-PT","@id":"https:\/\/portaltela.pt\/s.01k8rhncp4jt1\/2025\/11\/talking-bot-125x125.png","url":"https:\/\/portaltela.pt\/s.01k8rhncp4jt1\/2025\/11\/talking-bot-125x125.png","contentUrl":"https:\/\/portaltela.pt\/s.01k8rhncp4jt1\/2025\/11\/talking-bot-125x125.png","caption":"Telinha"},"sameAs":["https:\/\/portaltela.pt\/"],"url":"https:\/\/portaltela.pt\/por\/367410592786\/"}]}},"_links":{"self":[{"href":"https:\/\/portaltela.pt\/api\/wp\/v2\/posts\/449153","targetHints":{"allow":["GET"]}}],"collection":[{"href":"https:\/\/portaltela.pt\/api\/wp\/v2\/posts"}],"about":[{"href":"https:\/\/portaltela.pt\/api\/wp\/v2\/types\/post"}],"author":[{"embeddable":true,"href":"https:\/\/portaltela.pt\/api\/wp\/v2\/users\/2"}],"replies":[{"embeddable":true,"href":"https:\/\/portaltela.pt\/api\/wp\/v2\/comments?post=449153"}],"version-history":[{"count":0,"href":"https:\/\/portaltela.pt\/api\/wp\/v2\/posts\/449153\/revisions"}],"wp:featuredmedia":[{"embeddable":true,"href":"https:\/\/portaltela.pt\/api\/wp\/v2\/media\/449158"}],"wp:attachment":[{"href":"https:\/\/portaltela.pt\/api\/wp\/v2\/media?parent=449153"}],"wp:term":[{"taxonomy":"category","embeddable":true,"href":"https:\/\/portaltela.pt\/api\/wp\/v2\/categories?post=449153"},{"taxonomy":"post_tag","embeddable":true,"href":"https:\/\/portaltela.pt\/api\/wp\/v2\/tags?post=449153"}],"curies":[{"name":"wp","href":"https:\/\/api.w.org\/{rel}","templated":true}]}}