{"id":449131,"date":"2026-04-18T12:37:37","date_gmt":"2026-04-18T15:37:37","guid":{"rendered":"https:\/\/portaltela.pt\/noticias\/2026\/04\/18\/keir-starmer-em-foco-na-politica-britanica\/"},"modified":"2026-04-18T12:37:37","modified_gmt":"2026-04-18T15:37:37","slug":"keir-starmer-em-foco-na-politica-britanica","status":"publish","type":"post","link":"https:\/\/portaltela.pt\/geopolitica\/2026\/04\/18\/keir-starmer-em-foco-na-politica-britanica\/","title":{"rendered":"Keir Starmer em foco na pol\u00edtica brit\u00e2nica"},"content":{"rendered":"<p>Keir Starmer enfrenta press\u00e3o pol\u00edtica ap\u00f3s o epis\u00f3dio envolvendo o esc\u00e2ndalo Mandelson-Epstein. O oposicionista foi criticado pela nomea\u00e7\u00e3o de Peter Mandelson, ligado a Epstein, o que suscitou pedidos de demiss\u00e3o. A situa\u00e7\u00e3o ganhou intensidade ap\u00f3s o envolvimento do alto escal\u00e3o do governo.<\/p>\n<p>A oposi\u00e7\u00e3o exige responsabiliza\u00e7\u00e3o pela nomea\u00e7\u00e3o de Mandelson ao governo. A controv\u00e9rsia ganhou for\u00e7a com relatos sobre liga\u00e7\u00f5es entre Mandelson e figuras associadas a Epstein. Organismos de oposi\u00e7\u00e3o relembram promessas de integridade no gabinete.<\/p>\n<p>Na sequ\u00eancia, Starmer afirmou que n\u00e3o se demite e pediu n\u00e3o perder o foco na agenda p\u00fablica. O epis\u00f3dio resultou em questionamentos sobre governan\u00e7a e moralidade, com repercuss\u00e3o na imprensa e entre aliados. O tema ficou central no debate pol\u00edtico.<\/p>\n<p>O esc\u00e2ndalo levou \u00e0 sa\u00edda do chefe de gabinete, que se demitiu em meio a press\u00f5es internas. A crise exp\u00f5e vulnerabilidades na lideran\u00e7a e na gest\u00e3o de pessoal, com impactos na imagem do governo perante o eleitorado.<\/p>\n<p>Starmer pediu desculpa \u00e0s v\u00edtimas de Epstein pela nomea\u00e7\u00e3o de Mandelson, segundo relatos. A declara\u00e7\u00e3o marca tentativa de atenuar cr\u00edticas, sem encerrar o escrut\u00ednio sobre as decis\u00f5es de nomea\u00e7\u00e3o no governo.<\/p>\n<p>No cen\u00e1rio internacional, o foco permanece na condu\u00e7\u00e3o de pol\u00edticas internas, com debates sobre \u00e9tica, transpar\u00eancia e responsabilidade p\u00fablica. As consequ\u00eancias pol\u00edticas continuam a ser avaliadas por especialistas e pela imprensa.<\/p>\n","protected":false},"excerpt":{"rendered":"<ul>\n<li>A oposi\u00e7\u00e3o brit\u00e2nica pediu a demiss\u00e3o de Keir Starmer por ter nomeado Mandelson, aliado de Epstein.<\/li>\n<li>Starmer afirmou que n\u00e3o se demite em resposta ao esc\u00e2ndalo Mandelson-Epstein.<\/li>\n<li>Starmer pediu desculpa \u00e0s v\u00edtimas de Epstein pela nomea\u00e7\u00e3o de Mandelson.<\/li>\n<li>O chefe de gabinete de Starmer demitiu-se, aumentando a press\u00e3o pol\u00edtica sobre o primeiro-ministro.<\/li>\n<li>O caso acompanha outras quest\u00f5es pol\u00edticas no Reino Unido, com foco na estabilidade do governo.<\/li>\n<\/ul>\n","protected":false},"author":2,"featured_media":449132,"comment_status":"closed","ping_status":"closed","sticky":false,"template":"","format":"standard","meta":{"footnotes":""},"categories":[6814],"tags":[83,34,7112,2832,2111,5708],"class_list":["post-449131","post","type-post","status-publish","format-standard","has-post-thumbnail","hentry","category-geopolitica","tag-corrupcao","tag-governo","tag-integridade-institucional","tag-politica","tag-reino-unido","tag-transparencia-publica"],"yoast_head":"<!-- This site is optimized with the Yoast SEO plugin v27.2 - https:\/\/yoast.com\/product\/yoast-seo-wordpress\/ -->\n<title>Keir Starmer em foco na pol\u00edtica brit\u00e2nica - Portal Tela Portugal<\/title>\n<meta name=\"robots\" content=\"index, follow, max-snippet:-1, max-image-preview:large, max-video-preview:-1\" \/>\n<meta property=\"og:locale\" content=\"pt_PT\" \/>\n<meta property=\"og:type\" content=\"article\" \/>\n<meta property=\"og:title\" content=\"Keir Starmer em foco na pol\u00edtica brit\u00e2nica - Portal Tela Portugal\" \/>\n<meta property=\"og:description\" content=\"A oposi\u00e7\u00e3o brit\u00e2nica pediu a demiss\u00e3o de Keir Starmer por ter nomeado Mandelson, aliado de Epstein. Starmer afirmou que n\u00e3o se demite em resposta ao esc\u00e2ndalo Mandelson-Epstein. Starmer pediu desculpa \u00e0s v\u00edtimas de Epstein pela nomea\u00e7\u00e3o de Mandelson. O chefe de gabinete de Starmer demitiu-se, aumentando a press\u00e3o pol\u00edtica sobre o primeiro-ministro. O caso acompanha outras quest\u00f5es pol\u00edticas no Reino Unido, com foco na estabilidade do governo.\" \/>\n<meta property=\"og:url\" content=\"https:\/\/portaltela.pt\/noticias\/2026\/04\/18\/keir-starmer-em-foco-na-politica-britanica\/\" \/>\n<meta property=\"og:site_name\" content=\"Portal Tela Portugal\" \/>\n<meta property=\"article:published_time\" content=\"2026-04-18T15:37:37+00:00\" \/>\n<meta name=\"author\" content=\"Telinha\" \/>\n<meta name=\"twitter:card\" content=\"summary_large_image\" \/>\n<meta name=\"twitter:label1\" content=\"Escrito por\" \/>\n\t<meta name=\"twitter:data1\" content=\"Telinha\" \/>\n\t<meta name=\"twitter:label2\" content=\"Tempo estimado de leitura\" \/>\n\t<meta name=\"twitter:data2\" content=\"1 minuto\" \/>\n<script type=\"application\/ld+json\" class=\"yoast-schema-graph\">{\"@context\":\"https:\/\/schema.org\",\"@graph\":[{\"@type\":\"Article\",\"@id\":\"https:\/\/portaltela.pt\/noticias\/2026\/04\/18\/keir-starmer-em-foco-na-politica-britanica\/#article\",\"isPartOf\":{\"@id\":\"https:\/\/portaltela.pt\/noticias\/2026\/04\/18\/keir-starmer-em-foco-na-politica-britanica\/\"},\"author\":{\"name\":\"Telinha\",\"@id\":\"https:\/\/portaltela.pt\/#\/schema\/person\/c4278d4a6028830caff9ee44b42d32ed\"},\"headline\":\"Keir Starmer em foco na pol\u00edtica brit\u00e2nica\",\"datePublished\":\"2026-04-18T15:37:37+00:00\",\"mainEntityOfPage\":{\"@id\":\"https:\/\/portaltela.pt\/noticias\/2026\/04\/18\/keir-starmer-em-foco-na-politica-britanica\/\"},\"wordCount\":268,\"image\":{\"@id\":\"https:\/\/portaltela.pt\/noticias\/2026\/04\/18\/keir-starmer-em-foco-na-politica-britanica\/#primaryimage\"},\"thumbnailUrl\":\"https:\/\/portaltela.pt\/s.01k8rhncp4jt1\/2026\/04\/320x180_cmsv2_d8b111c6-df80-50fb-9518-b136666aedd0-9726714.jpg\",\"keywords\":[\"corrup\u00e7\u00e3o\",\"governo\",\"integridade institucional\",\"pol\u00edtica\",\"Reino Unido\",\"transpar\u00eancia p\u00fablica\"],\"articleSection\":[\"Geopol\u00edtica\"],\"inLanguage\":\"pt-PT\"},{\"@type\":\"WebPage\",\"@id\":\"https:\/\/portaltela.pt\/noticias\/2026\/04\/18\/keir-starmer-em-foco-na-politica-britanica\/\",\"url\":\"https:\/\/portaltela.pt\/noticias\/2026\/04\/18\/keir-starmer-em-foco-na-politica-britanica\/\",\"name\":\"Keir Starmer em foco na pol\u00edtica brit\u00e2nica - Portal Tela Portugal\",\"isPartOf\":{\"@id\":\"https:\/\/portaltela.pt\/#website\"},\"primaryImageOfPage\":{\"@id\":\"https:\/\/portaltela.pt\/noticias\/2026\/04\/18\/keir-starmer-em-foco-na-politica-britanica\/#primaryimage\"},\"image\":{\"@id\":\"https:\/\/portaltela.pt\/noticias\/2026\/04\/18\/keir-starmer-em-foco-na-politica-britanica\/#primaryimage\"},\"thumbnailUrl\":\"https:\/\/portaltela.pt\/s.01k8rhncp4jt1\/2026\/04\/320x180_cmsv2_d8b111c6-df80-50fb-9518-b136666aedd0-9726714.jpg\",\"datePublished\":\"2026-04-18T15:37:37+00:00\",\"author\":{\"@id\":\"https:\/\/portaltela.pt\/#\/schema\/person\/c4278d4a6028830caff9ee44b42d32ed\"},\"breadcrumb\":{\"@id\":\"https:\/\/portaltela.pt\/noticias\/2026\/04\/18\/keir-starmer-em-foco-na-politica-britanica\/#breadcrumb\"},\"inLanguage\":\"pt-PT\",\"potentialAction\":[{\"@type\":\"ReadAction\",\"target\":[\"https:\/\/portaltela.pt\/noticias\/2026\/04\/18\/keir-starmer-em-foco-na-politica-britanica\/\"]}]},{\"@type\":\"ImageObject\",\"inLanguage\":\"pt-PT\",\"@id\":\"https:\/\/portaltela.pt\/noticias\/2026\/04\/18\/keir-starmer-em-foco-na-politica-britanica\/#primaryimage\",\"url\":\"https:\/\/portaltela.pt\/s.01k8rhncp4jt1\/2026\/04\/320x180_cmsv2_d8b111c6-df80-50fb-9518-b136666aedd0-9726714.jpg\",\"contentUrl\":\"https:\/\/portaltela.pt\/s.01k8rhncp4jt1\/2026\/04\/320x180_cmsv2_d8b111c6-df80-50fb-9518-b136666aedd0-9726714.jpg\",\"width\":796,\"height\":448,\"caption\":\"Primeiro-ministro brit\u00e2nico Keir Starmer abandona o Pal\u00e1cio do Eliseu, em Paris, ap\u00f3s cimeira virtual e confer\u00eancia de imprensa, sexta-feira, 17 de abril de 2026\"},{\"@type\":\"BreadcrumbList\",\"@id\":\"https:\/\/portaltela.pt\/noticias\/2026\/04\/18\/keir-starmer-em-foco-na-politica-britanica\/#breadcrumb\",\"itemListElement\":[{\"@type\":\"ListItem\",\"position\":1,\"name\":\"In\u00edcio\",\"item\":\"https:\/\/portaltela.pt\/\"},{\"@type\":\"ListItem\",\"position\":2,\"name\":\"Keir Starmer em foco na pol\u00edtica brit\u00e2nica\"}]},{\"@type\":\"WebSite\",\"@id\":\"https:\/\/portaltela.pt\/#website\",\"url\":\"https:\/\/portaltela.pt\/\",\"name\":\"Portal Tela Portugal\",\"description\":\"\",\"potentialAction\":[{\"@type\":\"SearchAction\",\"target\":{\"@type\":\"EntryPoint\",\"urlTemplate\":\"https:\/\/portaltela.pt\/?s={search_term_string}\"},\"query-input\":{\"@type\":\"PropertyValueSpecification\",\"valueRequired\":true,\"valueName\":\"search_term_string\"}}],\"inLanguage\":\"pt-PT\"},{\"@type\":\"Person\",\"@id\":\"https:\/\/portaltela.pt\/#\/schema\/person\/c4278d4a6028830caff9ee44b42d32ed\",\"name\":\"Telinha\",\"image\":{\"@type\":\"ImageObject\",\"inLanguage\":\"pt-PT\",\"@id\":\"https:\/\/portaltela.pt\/s.01k8rhncp4jt1\/2025\/11\/talking-bot-125x125.png\",\"url\":\"https:\/\/portaltela.pt\/s.01k8rhncp4jt1\/2025\/11\/talking-bot-125x125.png\",\"contentUrl\":\"https:\/\/portaltela.pt\/s.01k8rhncp4jt1\/2025\/11\/talking-bot-125x125.png\",\"caption\":\"Telinha\"},\"sameAs\":[\"https:\/\/portaltela.pt\/\"],\"url\":\"https:\/\/portaltela.pt\/por\/367410592786\/\"}]}<\/script>\n<!-- \/ Yoast SEO plugin. -->","yoast_head_json":{"title":"Keir Starmer em foco na pol\u00edtica brit\u00e2nica - Portal Tela Portugal","robots":{"index":"index","follow":"follow","max-snippet":"max-snippet:-1","max-image-preview":"max-image-preview:large","max-video-preview":"max-video-preview:-1"},"og_locale":"pt_PT","og_type":"article","og_title":"Keir Starmer em foco na pol\u00edtica brit\u00e2nica - Portal Tela Portugal","og_description":"A oposi\u00e7\u00e3o brit\u00e2nica pediu a demiss\u00e3o de Keir Starmer por ter nomeado Mandelson, aliado de Epstein. Starmer afirmou que n\u00e3o se demite em resposta ao esc\u00e2ndalo Mandelson-Epstein. Starmer pediu desculpa \u00e0s v\u00edtimas de Epstein pela nomea\u00e7\u00e3o de Mandelson. O chefe de gabinete de Starmer demitiu-se, aumentando a press\u00e3o pol\u00edtica sobre o primeiro-ministro. O caso acompanha outras quest\u00f5es pol\u00edticas no Reino Unido, com foco na estabilidade do governo.","og_url":"https:\/\/portaltela.pt\/noticias\/2026\/04\/18\/keir-starmer-em-foco-na-politica-britanica\/","og_site_name":"Portal Tela Portugal","article_published_time":"2026-04-18T15:37:37+00:00","author":"Telinha","twitter_card":"summary_large_image","twitter_misc":{"Escrito por":"Telinha","Tempo estimado de leitura":"1 minuto"},"schema":{"@context":"https:\/\/schema.org","@graph":[{"@type":"Article","@id":"https:\/\/portaltela.pt\/noticias\/2026\/04\/18\/keir-starmer-em-foco-na-politica-britanica\/#article","isPartOf":{"@id":"https:\/\/portaltela.pt\/noticias\/2026\/04\/18\/keir-starmer-em-foco-na-politica-britanica\/"},"author":{"name":"Telinha","@id":"https:\/\/portaltela.pt\/#\/schema\/person\/c4278d4a6028830caff9ee44b42d32ed"},"headline":"Keir Starmer em foco na pol\u00edtica brit\u00e2nica","datePublished":"2026-04-18T15:37:37+00:00","mainEntityOfPage":{"@id":"https:\/\/portaltela.pt\/noticias\/2026\/04\/18\/keir-starmer-em-foco-na-politica-britanica\/"},"wordCount":268,"image":{"@id":"https:\/\/portaltela.pt\/noticias\/2026\/04\/18\/keir-starmer-em-foco-na-politica-britanica\/#primaryimage"},"thumbnailUrl":"https:\/\/portaltela.pt\/s.01k8rhncp4jt1\/2026\/04\/320x180_cmsv2_d8b111c6-df80-50fb-9518-b136666aedd0-9726714.jpg","keywords":["corrup\u00e7\u00e3o","governo","integridade institucional","pol\u00edtica","Reino Unido","transpar\u00eancia p\u00fablica"],"articleSection":["Geopol\u00edtica"],"inLanguage":"pt-PT"},{"@type":"WebPage","@id":"https:\/\/portaltela.pt\/noticias\/2026\/04\/18\/keir-starmer-em-foco-na-politica-britanica\/","url":"https:\/\/portaltela.pt\/noticias\/2026\/04\/18\/keir-starmer-em-foco-na-politica-britanica\/","name":"Keir Starmer em foco na pol\u00edtica brit\u00e2nica - Portal Tela Portugal","isPartOf":{"@id":"https:\/\/portaltela.pt\/#website"},"primaryImageOfPage":{"@id":"https:\/\/portaltela.pt\/noticias\/2026\/04\/18\/keir-starmer-em-foco-na-politica-britanica\/#primaryimage"},"image":{"@id":"https:\/\/portaltela.pt\/noticias\/2026\/04\/18\/keir-starmer-em-foco-na-politica-britanica\/#primaryimage"},"thumbnailUrl":"https:\/\/portaltela.pt\/s.01k8rhncp4jt1\/2026\/04\/320x180_cmsv2_d8b111c6-df80-50fb-9518-b136666aedd0-9726714.jpg","datePublished":"2026-04-18T15:37:37+00:00","author":{"@id":"https:\/\/portaltela.pt\/#\/schema\/person\/c4278d4a6028830caff9ee44b42d32ed"},"breadcrumb":{"@id":"https:\/\/portaltela.pt\/noticias\/2026\/04\/18\/keir-starmer-em-foco-na-politica-britanica\/#breadcrumb"},"inLanguage":"pt-PT","potentialAction":[{"@type":"ReadAction","target":["https:\/\/portaltela.pt\/noticias\/2026\/04\/18\/keir-starmer-em-foco-na-politica-britanica\/"]}]},{"@type":"ImageObject","inLanguage":"pt-PT","@id":"https:\/\/portaltela.pt\/noticias\/2026\/04\/18\/keir-starmer-em-foco-na-politica-britanica\/#primaryimage","url":"https:\/\/portaltela.pt\/s.01k8rhncp4jt1\/2026\/04\/320x180_cmsv2_d8b111c6-df80-50fb-9518-b136666aedd0-9726714.jpg","contentUrl":"https:\/\/portaltela.pt\/s.01k8rhncp4jt1\/2026\/04\/320x180_cmsv2_d8b111c6-df80-50fb-9518-b136666aedd0-9726714.jpg","width":796,"height":448,"caption":"Primeiro-ministro brit\u00e2nico Keir Starmer abandona o Pal\u00e1cio do Eliseu, em Paris, ap\u00f3s cimeira virtual e confer\u00eancia de imprensa, sexta-feira, 17 de abril de 2026"},{"@type":"BreadcrumbList","@id":"https:\/\/portaltela.pt\/noticias\/2026\/04\/18\/keir-starmer-em-foco-na-politica-britanica\/#breadcrumb","itemListElement":[{"@type":"ListItem","position":1,"name":"In\u00edcio","item":"https:\/\/portaltela.pt\/"},{"@type":"ListItem","position":2,"name":"Keir Starmer em foco na pol\u00edtica brit\u00e2nica"}]},{"@type":"WebSite","@id":"https:\/\/portaltela.pt\/#website","url":"https:\/\/portaltela.pt\/","name":"Portal Tela Portugal","description":"","potentialAction":[{"@type":"SearchAction","target":{"@type":"EntryPoint","urlTemplate":"https:\/\/portaltela.pt\/?s={search_term_string}"},"query-input":{"@type":"PropertyValueSpecification","valueRequired":true,"valueName":"search_term_string"}}],"inLanguage":"pt-PT"},{"@type":"Person","@id":"https:\/\/portaltela.pt\/#\/schema\/person\/c4278d4a6028830caff9ee44b42d32ed","name":"Telinha","image":{"@type":"ImageObject","inLanguage":"pt-PT","@id":"https:\/\/portaltela.pt\/s.01k8rhncp4jt1\/2025\/11\/talking-bot-125x125.png","url":"https:\/\/portaltela.pt\/s.01k8rhncp4jt1\/2025\/11\/talking-bot-125x125.png","contentUrl":"https:\/\/portaltela.pt\/s.01k8rhncp4jt1\/2025\/11\/talking-bot-125x125.png","caption":"Telinha"},"sameAs":["https:\/\/portaltela.pt\/"],"url":"https:\/\/portaltela.pt\/por\/367410592786\/"}]}},"_links":{"self":[{"href":"https:\/\/portaltela.pt\/api\/wp\/v2\/posts\/449131","targetHints":{"allow":["GET"]}}],"collection":[{"href":"https:\/\/portaltela.pt\/api\/wp\/v2\/posts"}],"about":[{"href":"https:\/\/portaltela.pt\/api\/wp\/v2\/types\/post"}],"author":[{"embeddable":true,"href":"https:\/\/portaltela.pt\/api\/wp\/v2\/users\/2"}],"replies":[{"embeddable":true,"href":"https:\/\/portaltela.pt\/api\/wp\/v2\/comments?post=449131"}],"version-history":[{"count":0,"href":"https:\/\/portaltela.pt\/api\/wp\/v2\/posts\/449131\/revisions"}],"wp:featuredmedia":[{"embeddable":true,"href":"https:\/\/portaltela.pt\/api\/wp\/v2\/media\/449132"}],"wp:attachment":[{"href":"https:\/\/portaltela.pt\/api\/wp\/v2\/media?parent=449131"}],"wp:term":[{"taxonomy":"category","embeddable":true,"href":"https:\/\/portaltela.pt\/api\/wp\/v2\/categories?post=449131"},{"taxonomy":"post_tag","embeddable":true,"href":"https:\/\/portaltela.pt\/api\/wp\/v2\/tags?post=449131"}],"curies":[{"name":"wp","href":"https:\/\/api.w.org\/{rel}","templated":true}]}}