{"id":449004,"date":"2026-04-18T05:02:35","date_gmt":"2026-04-18T08:02:35","guid":{"rendered":"https:\/\/portaltela.pt\/noticias\/2026\/04\/18\/vitor-manuel-apresenta-academica-belenenses-quer-subir-as-duas\/"},"modified":"2026-04-18T05:02:35","modified_gmt":"2026-04-18T08:02:35","slug":"vitor-manuel-apresenta-academica-belenenses-quer-subir-as-duas","status":"publish","type":"post","link":"https:\/\/portaltela.pt\/desporto\/futebol\/2026\/04\/18\/vitor-manuel-apresenta-academica-belenenses-quer-subir-as-duas\/","title":{"rendered":"V\u00edtor Manuel apresenta Acad\u00e9mica-Belenenses: quer subir as duas"},"content":{"rendered":"<p>V\u00edtor Manuel, 73 anos, relembra o trajeto ligado \u00e0 Acad\u00e9mica e ao Belenenses. O ex-treinador j\u00e1 orientou os dois emblemas e o jogo entre eles est\u00e1 marcado para este domingo \u00e0s 19h.<\/p>\n<p>O t\u00e9cnico reconhece a import\u00e2ncia de ambos os clubes na sua carreira, sublinhando o peso de cada etapa que viveu. A partida surge num momento de reviravolta no percurso dos emblemas.<\/p>\n<p>Para o treino, o destaque fica na rela\u00e7\u00e3o com as duas equipas que moldaram o seu percurso no futebol. O encontro entre Acad\u00e9mica e Belenenses volta a colocar em foco o passado e as liga\u00e7\u00f5es do treinador.<\/p>\n","protected":false},"excerpt":{"rendered":"<ul>\n<li>V\u00edtor Manuel, de 73 anos, foi treinador da Acad\u00e9mica e do Belenenses e fala emotivamente sobre os dois clubes.<\/li>\n<li>O jogo entre Acad\u00e9mica e Belenenses est\u00e1 agendado para domingo \u00e0s 19h.<\/li>\n<li>O t\u00e9cnico admite que a Acad\u00e9mica \u00e9 o clube do cora\u00e7\u00e3o, dizendo que seria hipocrisia negar isso.<\/li>\n<li>Os dois emblemas que marcaram o seu percurso no futebol v\u00e3o reencontrar-se no encontro.<\/li>\n<li>O tom do relato inclui um desejo de ambi\u00e7\u00e3o para os dois clubes subirem, mantendo, no entanto, o cora\u00e7\u00e3o preto.<\/li>\n<\/ul>\n","protected":false},"author":2,"featured_media":449005,"comment_status":"closed","ping_status":"closed","sticky":false,"template":"","format":"standard","meta":{"footnotes":""},"categories":[21,24],"tags":[3193,4925,152,32,2477],"class_list":["post-449004","post","type-post","status-publish","format-standard","has-post-thumbnail","hentry","category-desporto","category-futebol","tag-academica","tag-belenenses","tag-desporto","tag-futebol","tag-treinadores"],"yoast_head":"<!-- This site is optimized with the Yoast SEO plugin v27.2 - https:\/\/yoast.com\/product\/yoast-seo-wordpress\/ -->\n<title>V\u00edtor Manuel apresenta Acad\u00e9mica-Belenenses: quer subir as duas - Portal Tela Portugal<\/title>\n<meta name=\"robots\" content=\"index, follow, max-snippet:-1, max-image-preview:large, max-video-preview:-1\" \/>\n<meta property=\"og:locale\" content=\"pt_PT\" \/>\n<meta property=\"og:type\" content=\"article\" \/>\n<meta property=\"og:title\" content=\"V\u00edtor Manuel apresenta Acad\u00e9mica-Belenenses: quer subir as duas - Portal Tela Portugal\" \/>\n<meta property=\"og:description\" content=\"V\u00edtor Manuel, de 73 anos, foi treinador da Acad\u00e9mica e do Belenenses e fala emotivamente sobre os dois clubes. O jogo entre Acad\u00e9mica e Belenenses est\u00e1 agendado para domingo \u00e0s 19h. O t\u00e9cnico admite que a Acad\u00e9mica \u00e9 o clube do cora\u00e7\u00e3o, dizendo que seria hipocrisia negar isso. Os dois emblemas que marcaram o seu percurso no futebol v\u00e3o reencontrar-se no encontro. O tom do relato inclui um desejo de ambi\u00e7\u00e3o para os dois clubes subirem, mantendo, no entanto, o cora\u00e7\u00e3o preto.\" \/>\n<meta property=\"og:url\" content=\"https:\/\/portaltela.pt\/noticias\/2026\/04\/18\/vitor-manuel-apresenta-academica-belenenses-quer-subir-as-duas\/\" \/>\n<meta property=\"og:site_name\" content=\"Portal Tela Portugal\" \/>\n<meta property=\"article:published_time\" content=\"2026-04-18T08:02:35+00:00\" \/>\n<meta name=\"author\" content=\"Telinha\" \/>\n<meta name=\"twitter:card\" content=\"summary_large_image\" \/>\n<meta name=\"twitter:label1\" content=\"Escrito por\" \/>\n\t<meta name=\"twitter:data1\" content=\"Telinha\" \/>\n\t<meta name=\"twitter:label2\" content=\"Tempo estimado de leitura\" \/>\n\t<meta name=\"twitter:data2\" content=\"1 minuto\" \/>\n<script type=\"application\/ld+json\" class=\"yoast-schema-graph\">{\"@context\":\"https:\/\/schema.org\",\"@graph\":[{\"@type\":\"Article\",\"@id\":\"https:\/\/portaltela.pt\/noticias\/2026\/04\/18\/vitor-manuel-apresenta-academica-belenenses-quer-subir-as-duas\/#article\",\"isPartOf\":{\"@id\":\"https:\/\/portaltela.pt\/noticias\/2026\/04\/18\/vitor-manuel-apresenta-academica-belenenses-quer-subir-as-duas\/\"},\"author\":{\"name\":\"Telinha\",\"@id\":\"https:\/\/portaltela.pt\/#\/schema\/person\/c4278d4a6028830caff9ee44b42d32ed\"},\"headline\":\"V\u00edtor Manuel apresenta Acad\u00e9mica-Belenenses: quer subir as duas\",\"datePublished\":\"2026-04-18T08:02:35+00:00\",\"mainEntityOfPage\":{\"@id\":\"https:\/\/portaltela.pt\/noticias\/2026\/04\/18\/vitor-manuel-apresenta-academica-belenenses-quer-subir-as-duas\/\"},\"wordCount\":115,\"image\":{\"@id\":\"https:\/\/portaltela.pt\/noticias\/2026\/04\/18\/vitor-manuel-apresenta-academica-belenenses-quer-subir-as-duas\/#primaryimage\"},\"thumbnailUrl\":\"https:\/\/portaltela.pt\/s.01k8rhncp4jt1\/2026\/04\/img_293x165uu2026-04-17-19-00-13-2433638-im-639120501098885855.jpg\",\"keywords\":[\"Acad\u00e9mica\",\"Belenenses\",\"desporto\",\"futebol\",\"treinadores\"],\"articleSection\":[\"Desporto\",\"Futebol\"],\"inLanguage\":\"pt-PT\"},{\"@type\":\"WebPage\",\"@id\":\"https:\/\/portaltela.pt\/noticias\/2026\/04\/18\/vitor-manuel-apresenta-academica-belenenses-quer-subir-as-duas\/\",\"url\":\"https:\/\/portaltela.pt\/noticias\/2026\/04\/18\/vitor-manuel-apresenta-academica-belenenses-quer-subir-as-duas\/\",\"name\":\"V\u00edtor Manuel apresenta Acad\u00e9mica-Belenenses: quer subir as duas - Portal Tela Portugal\",\"isPartOf\":{\"@id\":\"https:\/\/portaltela.pt\/#website\"},\"primaryImageOfPage\":{\"@id\":\"https:\/\/portaltela.pt\/noticias\/2026\/04\/18\/vitor-manuel-apresenta-academica-belenenses-quer-subir-as-duas\/#primaryimage\"},\"image\":{\"@id\":\"https:\/\/portaltela.pt\/noticias\/2026\/04\/18\/vitor-manuel-apresenta-academica-belenenses-quer-subir-as-duas\/#primaryimage\"},\"thumbnailUrl\":\"https:\/\/portaltela.pt\/s.01k8rhncp4jt1\/2026\/04\/img_293x165uu2026-04-17-19-00-13-2433638-im-639120501098885855.jpg\",\"datePublished\":\"2026-04-18T08:02:35+00:00\",\"author\":{\"@id\":\"https:\/\/portaltela.pt\/#\/schema\/person\/c4278d4a6028830caff9ee44b42d32ed\"},\"breadcrumb\":{\"@id\":\"https:\/\/portaltela.pt\/noticias\/2026\/04\/18\/vitor-manuel-apresenta-academica-belenenses-quer-subir-as-duas\/#breadcrumb\"},\"inLanguage\":\"pt-PT\",\"potentialAction\":[{\"@type\":\"ReadAction\",\"target\":[\"https:\/\/portaltela.pt\/noticias\/2026\/04\/18\/vitor-manuel-apresenta-academica-belenenses-quer-subir-as-duas\/\"]}]},{\"@type\":\"ImageObject\",\"inLanguage\":\"pt-PT\",\"@id\":\"https:\/\/portaltela.pt\/noticias\/2026\/04\/18\/vitor-manuel-apresenta-academica-belenenses-quer-subir-as-duas\/#primaryimage\",\"url\":\"https:\/\/portaltela.pt\/s.01k8rhncp4jt1\/2026\/04\/img_293x165uu2026-04-17-19-00-13-2433638-im-639120501098885855.jpg\",\"contentUrl\":\"https:\/\/portaltela.pt\/s.01k8rhncp4jt1\/2026\/04\/img_293x165uu2026-04-17-19-00-13-2433638-im-639120501098885855.jpg\",\"width\":796,\"height\":448,\"caption\":\"V\u00edtor Manuel lan\u00e7a Acad\u00e9mica-Belenenses: \u00abQuero que os dois subam, mas o meu cora\u00e7\u00e3o \u00e9 preto\u00bb\"},{\"@type\":\"BreadcrumbList\",\"@id\":\"https:\/\/portaltela.pt\/noticias\/2026\/04\/18\/vitor-manuel-apresenta-academica-belenenses-quer-subir-as-duas\/#breadcrumb\",\"itemListElement\":[{\"@type\":\"ListItem\",\"position\":1,\"name\":\"In\u00edcio\",\"item\":\"https:\/\/portaltela.pt\/\"},{\"@type\":\"ListItem\",\"position\":2,\"name\":\"V\u00edtor Manuel apresenta Acad\u00e9mica-Belenenses: quer subir as duas\"}]},{\"@type\":\"WebSite\",\"@id\":\"https:\/\/portaltela.pt\/#website\",\"url\":\"https:\/\/portaltela.pt\/\",\"name\":\"Portal Tela Portugal\",\"description\":\"\",\"potentialAction\":[{\"@type\":\"SearchAction\",\"target\":{\"@type\":\"EntryPoint\",\"urlTemplate\":\"https:\/\/portaltela.pt\/?s={search_term_string}\"},\"query-input\":{\"@type\":\"PropertyValueSpecification\",\"valueRequired\":true,\"valueName\":\"search_term_string\"}}],\"inLanguage\":\"pt-PT\"},{\"@type\":\"Person\",\"@id\":\"https:\/\/portaltela.pt\/#\/schema\/person\/c4278d4a6028830caff9ee44b42d32ed\",\"name\":\"Telinha\",\"image\":{\"@type\":\"ImageObject\",\"inLanguage\":\"pt-PT\",\"@id\":\"https:\/\/portaltela.pt\/s.01k8rhncp4jt1\/2025\/11\/talking-bot-125x125.png\",\"url\":\"https:\/\/portaltela.pt\/s.01k8rhncp4jt1\/2025\/11\/talking-bot-125x125.png\",\"contentUrl\":\"https:\/\/portaltela.pt\/s.01k8rhncp4jt1\/2025\/11\/talking-bot-125x125.png\",\"caption\":\"Telinha\"},\"sameAs\":[\"https:\/\/portaltela.pt\/\"],\"url\":\"https:\/\/portaltela.pt\/por\/367410592786\/\"}]}<\/script>\n<!-- \/ Yoast SEO plugin. -->","yoast_head_json":{"title":"V\u00edtor Manuel apresenta Acad\u00e9mica-Belenenses: quer subir as duas - Portal Tela Portugal","robots":{"index":"index","follow":"follow","max-snippet":"max-snippet:-1","max-image-preview":"max-image-preview:large","max-video-preview":"max-video-preview:-1"},"og_locale":"pt_PT","og_type":"article","og_title":"V\u00edtor Manuel apresenta Acad\u00e9mica-Belenenses: quer subir as duas - Portal Tela Portugal","og_description":"V\u00edtor Manuel, de 73 anos, foi treinador da Acad\u00e9mica e do Belenenses e fala emotivamente sobre os dois clubes. O jogo entre Acad\u00e9mica e Belenenses est\u00e1 agendado para domingo \u00e0s 19h. O t\u00e9cnico admite que a Acad\u00e9mica \u00e9 o clube do cora\u00e7\u00e3o, dizendo que seria hipocrisia negar isso. Os dois emblemas que marcaram o seu percurso no futebol v\u00e3o reencontrar-se no encontro. O tom do relato inclui um desejo de ambi\u00e7\u00e3o para os dois clubes subirem, mantendo, no entanto, o cora\u00e7\u00e3o preto.","og_url":"https:\/\/portaltela.pt\/noticias\/2026\/04\/18\/vitor-manuel-apresenta-academica-belenenses-quer-subir-as-duas\/","og_site_name":"Portal Tela Portugal","article_published_time":"2026-04-18T08:02:35+00:00","author":"Telinha","twitter_card":"summary_large_image","twitter_misc":{"Escrito por":"Telinha","Tempo estimado de leitura":"1 minuto"},"schema":{"@context":"https:\/\/schema.org","@graph":[{"@type":"Article","@id":"https:\/\/portaltela.pt\/noticias\/2026\/04\/18\/vitor-manuel-apresenta-academica-belenenses-quer-subir-as-duas\/#article","isPartOf":{"@id":"https:\/\/portaltela.pt\/noticias\/2026\/04\/18\/vitor-manuel-apresenta-academica-belenenses-quer-subir-as-duas\/"},"author":{"name":"Telinha","@id":"https:\/\/portaltela.pt\/#\/schema\/person\/c4278d4a6028830caff9ee44b42d32ed"},"headline":"V\u00edtor Manuel apresenta Acad\u00e9mica-Belenenses: quer subir as duas","datePublished":"2026-04-18T08:02:35+00:00","mainEntityOfPage":{"@id":"https:\/\/portaltela.pt\/noticias\/2026\/04\/18\/vitor-manuel-apresenta-academica-belenenses-quer-subir-as-duas\/"},"wordCount":115,"image":{"@id":"https:\/\/portaltela.pt\/noticias\/2026\/04\/18\/vitor-manuel-apresenta-academica-belenenses-quer-subir-as-duas\/#primaryimage"},"thumbnailUrl":"https:\/\/portaltela.pt\/s.01k8rhncp4jt1\/2026\/04\/img_293x165uu2026-04-17-19-00-13-2433638-im-639120501098885855.jpg","keywords":["Acad\u00e9mica","Belenenses","desporto","futebol","treinadores"],"articleSection":["Desporto","Futebol"],"inLanguage":"pt-PT"},{"@type":"WebPage","@id":"https:\/\/portaltela.pt\/noticias\/2026\/04\/18\/vitor-manuel-apresenta-academica-belenenses-quer-subir-as-duas\/","url":"https:\/\/portaltela.pt\/noticias\/2026\/04\/18\/vitor-manuel-apresenta-academica-belenenses-quer-subir-as-duas\/","name":"V\u00edtor Manuel apresenta Acad\u00e9mica-Belenenses: quer subir as duas - Portal Tela Portugal","isPartOf":{"@id":"https:\/\/portaltela.pt\/#website"},"primaryImageOfPage":{"@id":"https:\/\/portaltela.pt\/noticias\/2026\/04\/18\/vitor-manuel-apresenta-academica-belenenses-quer-subir-as-duas\/#primaryimage"},"image":{"@id":"https:\/\/portaltela.pt\/noticias\/2026\/04\/18\/vitor-manuel-apresenta-academica-belenenses-quer-subir-as-duas\/#primaryimage"},"thumbnailUrl":"https:\/\/portaltela.pt\/s.01k8rhncp4jt1\/2026\/04\/img_293x165uu2026-04-17-19-00-13-2433638-im-639120501098885855.jpg","datePublished":"2026-04-18T08:02:35+00:00","author":{"@id":"https:\/\/portaltela.pt\/#\/schema\/person\/c4278d4a6028830caff9ee44b42d32ed"},"breadcrumb":{"@id":"https:\/\/portaltela.pt\/noticias\/2026\/04\/18\/vitor-manuel-apresenta-academica-belenenses-quer-subir-as-duas\/#breadcrumb"},"inLanguage":"pt-PT","potentialAction":[{"@type":"ReadAction","target":["https:\/\/portaltela.pt\/noticias\/2026\/04\/18\/vitor-manuel-apresenta-academica-belenenses-quer-subir-as-duas\/"]}]},{"@type":"ImageObject","inLanguage":"pt-PT","@id":"https:\/\/portaltela.pt\/noticias\/2026\/04\/18\/vitor-manuel-apresenta-academica-belenenses-quer-subir-as-duas\/#primaryimage","url":"https:\/\/portaltela.pt\/s.01k8rhncp4jt1\/2026\/04\/img_293x165uu2026-04-17-19-00-13-2433638-im-639120501098885855.jpg","contentUrl":"https:\/\/portaltela.pt\/s.01k8rhncp4jt1\/2026\/04\/img_293x165uu2026-04-17-19-00-13-2433638-im-639120501098885855.jpg","width":796,"height":448,"caption":"V\u00edtor Manuel lan\u00e7a Acad\u00e9mica-Belenenses: \u00abQuero que os dois subam, mas o meu cora\u00e7\u00e3o \u00e9 preto\u00bb"},{"@type":"BreadcrumbList","@id":"https:\/\/portaltela.pt\/noticias\/2026\/04\/18\/vitor-manuel-apresenta-academica-belenenses-quer-subir-as-duas\/#breadcrumb","itemListElement":[{"@type":"ListItem","position":1,"name":"In\u00edcio","item":"https:\/\/portaltela.pt\/"},{"@type":"ListItem","position":2,"name":"V\u00edtor Manuel apresenta Acad\u00e9mica-Belenenses: quer subir as duas"}]},{"@type":"WebSite","@id":"https:\/\/portaltela.pt\/#website","url":"https:\/\/portaltela.pt\/","name":"Portal Tela Portugal","description":"","potentialAction":[{"@type":"SearchAction","target":{"@type":"EntryPoint","urlTemplate":"https:\/\/portaltela.pt\/?s={search_term_string}"},"query-input":{"@type":"PropertyValueSpecification","valueRequired":true,"valueName":"search_term_string"}}],"inLanguage":"pt-PT"},{"@type":"Person","@id":"https:\/\/portaltela.pt\/#\/schema\/person\/c4278d4a6028830caff9ee44b42d32ed","name":"Telinha","image":{"@type":"ImageObject","inLanguage":"pt-PT","@id":"https:\/\/portaltela.pt\/s.01k8rhncp4jt1\/2025\/11\/talking-bot-125x125.png","url":"https:\/\/portaltela.pt\/s.01k8rhncp4jt1\/2025\/11\/talking-bot-125x125.png","contentUrl":"https:\/\/portaltela.pt\/s.01k8rhncp4jt1\/2025\/11\/talking-bot-125x125.png","caption":"Telinha"},"sameAs":["https:\/\/portaltela.pt\/"],"url":"https:\/\/portaltela.pt\/por\/367410592786\/"}]}},"_links":{"self":[{"href":"https:\/\/portaltela.pt\/api\/wp\/v2\/posts\/449004","targetHints":{"allow":["GET"]}}],"collection":[{"href":"https:\/\/portaltela.pt\/api\/wp\/v2\/posts"}],"about":[{"href":"https:\/\/portaltela.pt\/api\/wp\/v2\/types\/post"}],"author":[{"embeddable":true,"href":"https:\/\/portaltela.pt\/api\/wp\/v2\/users\/2"}],"replies":[{"embeddable":true,"href":"https:\/\/portaltela.pt\/api\/wp\/v2\/comments?post=449004"}],"version-history":[{"count":0,"href":"https:\/\/portaltela.pt\/api\/wp\/v2\/posts\/449004\/revisions"}],"wp:featuredmedia":[{"embeddable":true,"href":"https:\/\/portaltela.pt\/api\/wp\/v2\/media\/449005"}],"wp:attachment":[{"href":"https:\/\/portaltela.pt\/api\/wp\/v2\/media?parent=449004"}],"wp:term":[{"taxonomy":"category","embeddable":true,"href":"https:\/\/portaltela.pt\/api\/wp\/v2\/categories?post=449004"},{"taxonomy":"post_tag","embeddable":true,"href":"https:\/\/portaltela.pt\/api\/wp\/v2\/tags?post=449004"}],"curies":[{"name":"wp","href":"https:\/\/api.w.org\/{rel}","templated":true}]}}