{"id":448960,"date":"2026-04-18T04:18:05","date_gmt":"2026-04-18T07:18:05","guid":{"rendered":"https:\/\/portaltela.pt\/noticias\/2026\/04\/18\/piquenique-de-mesa-e-a-opcao-mais-adequada-ao-clima-atual\/"},"modified":"2026-04-18T04:18:05","modified_gmt":"2026-04-18T07:18:05","slug":"piquenique-de-mesa-e-a-opcao-mais-adequada-ao-clima-atual","status":"publish","type":"post","link":"https:\/\/portaltela.pt\/noticias\/2026\/04\/18\/piquenique-de-mesa-e-a-opcao-mais-adequada-ao-clima-atual\/","title":{"rendered":"Piquenique de mesa \u00e9 a op\u00e7\u00e3o mais adequada ao clima atual"},"content":{"rendered":"<p>Um artigo descreve que um piquenique de mesa, adaptado ao clima da altura do ano, \u00e9 adequado ao estilo de leitura atual. O trio essencial \u00e9 p\u00e3o, queijo e vinho, nessa ordem, para evitar surpresas.<\/p>\n<p>A pe\u00e7a salienta a import\u00e2ncia de saber o que se vai comer, destacando a previsibilidade como elemento fundamental. A ideia \u00e9 organizar o convivio sem ambiguidades alimentares.<\/p>\n<p>A imagem que acompanha a mat\u00e9ria atribui-se a Miguel Palacios\/Getty Images, refor\u00e7ando visualmente o tema do piquenique. O texto n\u00e3o adiciona descri\u00e7\u00f5es adicionais.<\/p>\n","protected":false},"excerpt":{"rendered":"<ul>\n<li>Um piquenique de mesa \u00e9 apresentado como a op\u00e7\u00e3o mais adequada ao clima.<\/li>\n<li>As tr\u00eas palavras-chave, em ordem, s\u00e3o p\u00e3o, queijo e vinho.<\/li>\n<li>O texto afirma que tudo come\u00e7ou num dia estranho de abril, n\u00e3o muito diferente do dia de hoje.<\/li>\n<li>O ponto central \u00e9 poder contar com o que se vai comer, sem surpresas.<\/li>\n<\/ul>\n","protected":false},"author":2,"featured_media":448967,"comment_status":"closed","ping_status":"closed","sticky":false,"template":"","format":"standard","meta":{"footnotes":""},"categories":[7369,1],"tags":[86,167,778,219,5586],"class_list":["post-448960","post","type-post","status-publish","format-standard","has-post-thumbnail","hentry","category-gastronomia","category-noticias","tag-alimentacao","tag-ambiente","tag-comida","tag-gastronomia","tag-vinho"],"yoast_head":"<!-- This site is optimized with the Yoast SEO plugin v27.2 - https:\/\/yoast.com\/product\/yoast-seo-wordpress\/ -->\n<title>Piquenique de mesa \u00e9 a op\u00e7\u00e3o mais adequada ao clima atual - Portal Tela Portugal<\/title>\n<meta name=\"robots\" content=\"index, follow, max-snippet:-1, max-image-preview:large, max-video-preview:-1\" \/>\n<meta property=\"og:locale\" content=\"pt_PT\" \/>\n<meta property=\"og:type\" content=\"article\" \/>\n<meta property=\"og:title\" content=\"Piquenique de mesa \u00e9 a op\u00e7\u00e3o mais adequada ao clima atual - Portal Tela Portugal\" \/>\n<meta property=\"og:description\" content=\"Um piquenique de mesa \u00e9 apresentado como a op\u00e7\u00e3o mais adequada ao clima. As tr\u00eas palavras-chave, em ordem, s\u00e3o p\u00e3o, queijo e vinho. O texto afirma que tudo come\u00e7ou num dia estranho de abril, n\u00e3o muito diferente do dia de hoje. O ponto central \u00e9 poder contar com o que se vai comer, sem surpresas.\" \/>\n<meta property=\"og:url\" content=\"https:\/\/portaltela.pt\/noticias\/2026\/04\/18\/piquenique-de-mesa-e-a-opcao-mais-adequada-ao-clima-atual\/\" \/>\n<meta property=\"og:site_name\" content=\"Portal Tela Portugal\" \/>\n<meta property=\"article:published_time\" content=\"2026-04-18T07:18:05+00:00\" \/>\n<meta name=\"author\" content=\"Telinha\" \/>\n<meta name=\"twitter:card\" content=\"summary_large_image\" \/>\n<meta name=\"twitter:label1\" content=\"Escrito por\" \/>\n\t<meta name=\"twitter:data1\" content=\"Telinha\" \/>\n<script type=\"application\/ld+json\" class=\"yoast-schema-graph\">{\"@context\":\"https:\/\/schema.org\",\"@graph\":[{\"@type\":\"Article\",\"@id\":\"https:\/\/portaltela.pt\/noticias\/2026\/04\/18\/piquenique-de-mesa-e-a-opcao-mais-adequada-ao-clima-atual\/#article\",\"isPartOf\":{\"@id\":\"https:\/\/portaltela.pt\/noticias\/2026\/04\/18\/piquenique-de-mesa-e-a-opcao-mais-adequada-ao-clima-atual\/\"},\"author\":{\"name\":\"Telinha\",\"@id\":\"https:\/\/portaltela.pt\/#\/schema\/person\/c4278d4a6028830caff9ee44b42d32ed\"},\"headline\":\"Piquenique de mesa \u00e9 a op\u00e7\u00e3o mais adequada ao clima atual\",\"datePublished\":\"2026-04-18T07:18:05+00:00\",\"mainEntityOfPage\":{\"@id\":\"https:\/\/portaltela.pt\/noticias\/2026\/04\/18\/piquenique-de-mesa-e-a-opcao-mais-adequada-ao-clima-atual\/\"},\"wordCount\":101,\"image\":{\"@id\":\"https:\/\/portaltela.pt\/noticias\/2026\/04\/18\/piquenique-de-mesa-e-a-opcao-mais-adequada-ao-clima-atual\/#primaryimage\"},\"thumbnailUrl\":\"https:\/\/portaltela.pt\/s.01k8rhncp4jt1\/2026\/04\/2082130.jpg\",\"keywords\":[\"alimenta\u00e7\u00e3o\",\"ambiente\",\"comida\",\"gastronomia\",\"vinho\"],\"articleSection\":[\"Gastronomia\",\"Not\u00edcias\"],\"inLanguage\":\"pt-PT\"},{\"@type\":\"WebPage\",\"@id\":\"https:\/\/portaltela.pt\/noticias\/2026\/04\/18\/piquenique-de-mesa-e-a-opcao-mais-adequada-ao-clima-atual\/\",\"url\":\"https:\/\/portaltela.pt\/noticias\/2026\/04\/18\/piquenique-de-mesa-e-a-opcao-mais-adequada-ao-clima-atual\/\",\"name\":\"Piquenique de mesa \u00e9 a op\u00e7\u00e3o mais adequada ao clima atual - Portal Tela Portugal\",\"isPartOf\":{\"@id\":\"https:\/\/portaltela.pt\/#website\"},\"primaryImageOfPage\":{\"@id\":\"https:\/\/portaltela.pt\/noticias\/2026\/04\/18\/piquenique-de-mesa-e-a-opcao-mais-adequada-ao-clima-atual\/#primaryimage\"},\"image\":{\"@id\":\"https:\/\/portaltela.pt\/noticias\/2026\/04\/18\/piquenique-de-mesa-e-a-opcao-mais-adequada-ao-clima-atual\/#primaryimage\"},\"thumbnailUrl\":\"https:\/\/portaltela.pt\/s.01k8rhncp4jt1\/2026\/04\/2082130.jpg\",\"datePublished\":\"2026-04-18T07:18:05+00:00\",\"author\":{\"@id\":\"https:\/\/portaltela.pt\/#\/schema\/person\/c4278d4a6028830caff9ee44b42d32ed\"},\"breadcrumb\":{\"@id\":\"https:\/\/portaltela.pt\/noticias\/2026\/04\/18\/piquenique-de-mesa-e-a-opcao-mais-adequada-ao-clima-atual\/#breadcrumb\"},\"inLanguage\":\"pt-PT\",\"potentialAction\":[{\"@type\":\"ReadAction\",\"target\":[\"https:\/\/portaltela.pt\/noticias\/2026\/04\/18\/piquenique-de-mesa-e-a-opcao-mais-adequada-ao-clima-atual\/\"]}]},{\"@type\":\"ImageObject\",\"inLanguage\":\"pt-PT\",\"@id\":\"https:\/\/portaltela.pt\/noticias\/2026\/04\/18\/piquenique-de-mesa-e-a-opcao-mais-adequada-ao-clima-atual\/#primaryimage\",\"url\":\"https:\/\/portaltela.pt\/s.01k8rhncp4jt1\/2026\/04\/2082130.jpg\",\"contentUrl\":\"https:\/\/portaltela.pt\/s.01k8rhncp4jt1\/2026\/04\/2082130.jpg\",\"width\":796,\"height\":448,\"caption\":\"O que interessa num piquenique de mesa \u00e9 poder contar-se com o que se vai comer. N\u00e3o pode haver surpresas.\"},{\"@type\":\"BreadcrumbList\",\"@id\":\"https:\/\/portaltela.pt\/noticias\/2026\/04\/18\/piquenique-de-mesa-e-a-opcao-mais-adequada-ao-clima-atual\/#breadcrumb\",\"itemListElement\":[{\"@type\":\"ListItem\",\"position\":1,\"name\":\"In\u00edcio\",\"item\":\"https:\/\/portaltela.pt\/\"},{\"@type\":\"ListItem\",\"position\":2,\"name\":\"Piquenique de mesa \u00e9 a op\u00e7\u00e3o mais adequada ao clima atual\"}]},{\"@type\":\"WebSite\",\"@id\":\"https:\/\/portaltela.pt\/#website\",\"url\":\"https:\/\/portaltela.pt\/\",\"name\":\"Portal Tela Portugal\",\"description\":\"\",\"potentialAction\":[{\"@type\":\"SearchAction\",\"target\":{\"@type\":\"EntryPoint\",\"urlTemplate\":\"https:\/\/portaltela.pt\/?s={search_term_string}\"},\"query-input\":{\"@type\":\"PropertyValueSpecification\",\"valueRequired\":true,\"valueName\":\"search_term_string\"}}],\"inLanguage\":\"pt-PT\"},{\"@type\":\"Person\",\"@id\":\"https:\/\/portaltela.pt\/#\/schema\/person\/c4278d4a6028830caff9ee44b42d32ed\",\"name\":\"Telinha\",\"image\":{\"@type\":\"ImageObject\",\"inLanguage\":\"pt-PT\",\"@id\":\"https:\/\/portaltela.pt\/s.01k8rhncp4jt1\/2025\/11\/talking-bot-125x125.png\",\"url\":\"https:\/\/portaltela.pt\/s.01k8rhncp4jt1\/2025\/11\/talking-bot-125x125.png\",\"contentUrl\":\"https:\/\/portaltela.pt\/s.01k8rhncp4jt1\/2025\/11\/talking-bot-125x125.png\",\"caption\":\"Telinha\"},\"sameAs\":[\"https:\/\/portaltela.pt\/\"],\"url\":\"https:\/\/portaltela.pt\/por\/367410592786\/\"}]}<\/script>\n<!-- \/ Yoast SEO plugin. -->","yoast_head_json":{"title":"Piquenique de mesa \u00e9 a op\u00e7\u00e3o mais adequada ao clima atual - Portal Tela Portugal","robots":{"index":"index","follow":"follow","max-snippet":"max-snippet:-1","max-image-preview":"max-image-preview:large","max-video-preview":"max-video-preview:-1"},"og_locale":"pt_PT","og_type":"article","og_title":"Piquenique de mesa \u00e9 a op\u00e7\u00e3o mais adequada ao clima atual - Portal Tela Portugal","og_description":"Um piquenique de mesa \u00e9 apresentado como a op\u00e7\u00e3o mais adequada ao clima. As tr\u00eas palavras-chave, em ordem, s\u00e3o p\u00e3o, queijo e vinho. O texto afirma que tudo come\u00e7ou num dia estranho de abril, n\u00e3o muito diferente do dia de hoje. O ponto central \u00e9 poder contar com o que se vai comer, sem surpresas.","og_url":"https:\/\/portaltela.pt\/noticias\/2026\/04\/18\/piquenique-de-mesa-e-a-opcao-mais-adequada-ao-clima-atual\/","og_site_name":"Portal Tela Portugal","article_published_time":"2026-04-18T07:18:05+00:00","author":"Telinha","twitter_card":"summary_large_image","twitter_misc":{"Escrito por":"Telinha"},"schema":{"@context":"https:\/\/schema.org","@graph":[{"@type":"Article","@id":"https:\/\/portaltela.pt\/noticias\/2026\/04\/18\/piquenique-de-mesa-e-a-opcao-mais-adequada-ao-clima-atual\/#article","isPartOf":{"@id":"https:\/\/portaltela.pt\/noticias\/2026\/04\/18\/piquenique-de-mesa-e-a-opcao-mais-adequada-ao-clima-atual\/"},"author":{"name":"Telinha","@id":"https:\/\/portaltela.pt\/#\/schema\/person\/c4278d4a6028830caff9ee44b42d32ed"},"headline":"Piquenique de mesa \u00e9 a op\u00e7\u00e3o mais adequada ao clima atual","datePublished":"2026-04-18T07:18:05+00:00","mainEntityOfPage":{"@id":"https:\/\/portaltela.pt\/noticias\/2026\/04\/18\/piquenique-de-mesa-e-a-opcao-mais-adequada-ao-clima-atual\/"},"wordCount":101,"image":{"@id":"https:\/\/portaltela.pt\/noticias\/2026\/04\/18\/piquenique-de-mesa-e-a-opcao-mais-adequada-ao-clima-atual\/#primaryimage"},"thumbnailUrl":"https:\/\/portaltela.pt\/s.01k8rhncp4jt1\/2026\/04\/2082130.jpg","keywords":["alimenta\u00e7\u00e3o","ambiente","comida","gastronomia","vinho"],"articleSection":["Gastronomia","Not\u00edcias"],"inLanguage":"pt-PT"},{"@type":"WebPage","@id":"https:\/\/portaltela.pt\/noticias\/2026\/04\/18\/piquenique-de-mesa-e-a-opcao-mais-adequada-ao-clima-atual\/","url":"https:\/\/portaltela.pt\/noticias\/2026\/04\/18\/piquenique-de-mesa-e-a-opcao-mais-adequada-ao-clima-atual\/","name":"Piquenique de mesa \u00e9 a op\u00e7\u00e3o mais adequada ao clima atual - Portal Tela Portugal","isPartOf":{"@id":"https:\/\/portaltela.pt\/#website"},"primaryImageOfPage":{"@id":"https:\/\/portaltela.pt\/noticias\/2026\/04\/18\/piquenique-de-mesa-e-a-opcao-mais-adequada-ao-clima-atual\/#primaryimage"},"image":{"@id":"https:\/\/portaltela.pt\/noticias\/2026\/04\/18\/piquenique-de-mesa-e-a-opcao-mais-adequada-ao-clima-atual\/#primaryimage"},"thumbnailUrl":"https:\/\/portaltela.pt\/s.01k8rhncp4jt1\/2026\/04\/2082130.jpg","datePublished":"2026-04-18T07:18:05+00:00","author":{"@id":"https:\/\/portaltela.pt\/#\/schema\/person\/c4278d4a6028830caff9ee44b42d32ed"},"breadcrumb":{"@id":"https:\/\/portaltela.pt\/noticias\/2026\/04\/18\/piquenique-de-mesa-e-a-opcao-mais-adequada-ao-clima-atual\/#breadcrumb"},"inLanguage":"pt-PT","potentialAction":[{"@type":"ReadAction","target":["https:\/\/portaltela.pt\/noticias\/2026\/04\/18\/piquenique-de-mesa-e-a-opcao-mais-adequada-ao-clima-atual\/"]}]},{"@type":"ImageObject","inLanguage":"pt-PT","@id":"https:\/\/portaltela.pt\/noticias\/2026\/04\/18\/piquenique-de-mesa-e-a-opcao-mais-adequada-ao-clima-atual\/#primaryimage","url":"https:\/\/portaltela.pt\/s.01k8rhncp4jt1\/2026\/04\/2082130.jpg","contentUrl":"https:\/\/portaltela.pt\/s.01k8rhncp4jt1\/2026\/04\/2082130.jpg","width":796,"height":448,"caption":"O que interessa num piquenique de mesa \u00e9 poder contar-se com o que se vai comer. N\u00e3o pode haver surpresas."},{"@type":"BreadcrumbList","@id":"https:\/\/portaltela.pt\/noticias\/2026\/04\/18\/piquenique-de-mesa-e-a-opcao-mais-adequada-ao-clima-atual\/#breadcrumb","itemListElement":[{"@type":"ListItem","position":1,"name":"In\u00edcio","item":"https:\/\/portaltela.pt\/"},{"@type":"ListItem","position":2,"name":"Piquenique de mesa \u00e9 a op\u00e7\u00e3o mais adequada ao clima atual"}]},{"@type":"WebSite","@id":"https:\/\/portaltela.pt\/#website","url":"https:\/\/portaltela.pt\/","name":"Portal Tela Portugal","description":"","potentialAction":[{"@type":"SearchAction","target":{"@type":"EntryPoint","urlTemplate":"https:\/\/portaltela.pt\/?s={search_term_string}"},"query-input":{"@type":"PropertyValueSpecification","valueRequired":true,"valueName":"search_term_string"}}],"inLanguage":"pt-PT"},{"@type":"Person","@id":"https:\/\/portaltela.pt\/#\/schema\/person\/c4278d4a6028830caff9ee44b42d32ed","name":"Telinha","image":{"@type":"ImageObject","inLanguage":"pt-PT","@id":"https:\/\/portaltela.pt\/s.01k8rhncp4jt1\/2025\/11\/talking-bot-125x125.png","url":"https:\/\/portaltela.pt\/s.01k8rhncp4jt1\/2025\/11\/talking-bot-125x125.png","contentUrl":"https:\/\/portaltela.pt\/s.01k8rhncp4jt1\/2025\/11\/talking-bot-125x125.png","caption":"Telinha"},"sameAs":["https:\/\/portaltela.pt\/"],"url":"https:\/\/portaltela.pt\/por\/367410592786\/"}]}},"_links":{"self":[{"href":"https:\/\/portaltela.pt\/api\/wp\/v2\/posts\/448960","targetHints":{"allow":["GET"]}}],"collection":[{"href":"https:\/\/portaltela.pt\/api\/wp\/v2\/posts"}],"about":[{"href":"https:\/\/portaltela.pt\/api\/wp\/v2\/types\/post"}],"author":[{"embeddable":true,"href":"https:\/\/portaltela.pt\/api\/wp\/v2\/users\/2"}],"replies":[{"embeddable":true,"href":"https:\/\/portaltela.pt\/api\/wp\/v2\/comments?post=448960"}],"version-history":[{"count":0,"href":"https:\/\/portaltela.pt\/api\/wp\/v2\/posts\/448960\/revisions"}],"wp:featuredmedia":[{"embeddable":true,"href":"https:\/\/portaltela.pt\/api\/wp\/v2\/media\/448967"}],"wp:attachment":[{"href":"https:\/\/portaltela.pt\/api\/wp\/v2\/media?parent=448960"}],"wp:term":[{"taxonomy":"category","embeddable":true,"href":"https:\/\/portaltela.pt\/api\/wp\/v2\/categories?post=448960"},{"taxonomy":"post_tag","embeddable":true,"href":"https:\/\/portaltela.pt\/api\/wp\/v2\/tags?post=448960"}],"curies":[{"name":"wp","href":"https:\/\/api.w.org\/{rel}","templated":true}]}}