{"id":448945,"date":"2026-04-18T04:09:00","date_gmt":"2026-04-18T07:09:00","guid":{"rendered":"https:\/\/portaltela.pt\/noticias\/2026\/04\/18\/analise-sobre-identidade-de-genero-chegou-a-ar-sem-criticas-da-cig-a-nova-lei\/"},"modified":"2026-04-18T04:09:00","modified_gmt":"2026-04-18T07:09:00","slug":"analise-sobre-identidade-de-genero-chegou-a-ar-sem-criticas-da-cig-a-nova-lei","status":"publish","type":"post","link":"https:\/\/portaltela.pt\/sociedade\/2026\/04\/18\/analise-sobre-identidade-de-genero-chegou-a-ar-sem-criticas-da-cig-a-nova-lei\/","title":{"rendered":"An\u00e1lise sobre identidade de g\u00e9nero chegou \u00e0 AR sem cr\u00edticas da CIG \u00e0 nova lei"},"content":{"rendered":"<p>Ainda faltavam nove dias para a discuss\u00e3o parlamentar sobre autodetermina\u00e7\u00e3o de g\u00e9nero quando o Governo solicitou um parecer t\u00e9cnico \u00e0 Comiss\u00e3o para a Cidadania e Igualdade de G\u00e9nero (CIG). Os servi\u00e7os da institui\u00e7\u00e3o apresentaram uma posi\u00e7\u00e3o clara contra as propostas da direita.<\/p>\n<p>No entanto, o documento enviado ao Parlamento pela ministra Margarida Balseiro Lopes foi uma nota t\u00e9cnica expurgada dessas cr\u00edticas. Mantiveram-se apenas as refer\u00eancias \u00e0s posi\u00e7\u00f5es de especialistas e de outras organiza\u00e7\u00f5es nacionais e internacionais.<\/p>\n<p>A nota t\u00e9cnica destacava, assim, apenas as perspetivas de especialistas e entidades externas, sem incluir as cr\u00edticas da CIG \u00e0s propostas em an\u00e1lise. A divulga\u00e7\u00e3o do conte\u00fado excludente gerou questionamentos sobre o alcance da avalia\u00e7\u00e3o institucional.<\/p>\n<p>Ainda n\u00e3o est\u00e1 claro se houve altera\u00e7\u00f5es posteriores ao longo do processo legislativo ou se alguma resposta complementar foi entregue pelas autoridades. O tema continua a ser debatido no parlamento.<\/p>\n","protected":false},"excerpt":{"rendered":"<ul>\n<li>Nove dias antes da discuss\u00e3o parlamentar sobre autodetermina\u00e7\u00e3o de g\u00e9nero, o Governo pediu parecer \u00e0 Comiss\u00e3o para a Cidadania e Igualdade de G\u00e9nero (CIG).<\/li>\n<li>Os servi\u00e7os t\u00e9cnicos da CIG produziram pareceres cr\u00edticos \u00e0s propostas da direita sobre autodetermina\u00e7\u00e3o de g\u00e9nero.<\/li>\n<li>O documento enviado ao Parlamento pela ministra Margarida Balseiro Lopes foi uma nota t\u00e9cnica expurgada dessas cr\u00edticas.<\/li>\n<li>Mant\u00e9m apenas refer\u00eancias \u00e0s posi\u00e7\u00f5es de especialistas e de outras organiza\u00e7\u00f5es nacionais e internacionais.<\/li>\n<li>A divulga\u00e7\u00e3o n\u00e3o revelou a posi\u00e7\u00e3o cr\u00edtica da CIG inclu\u00edda no parecer original.<\/li>\n<\/ul>\n","protected":false},"author":2,"featured_media":448949,"comment_status":"closed","ping_status":"closed","sticky":false,"template":"","format":"standard","meta":{"footnotes":""},"categories":[7384,6871],"tags":[42,6337,34,6391,5539,2832],"class_list":["post-448945","post","type-post","status-publish","format-standard","has-post-thumbnail","hentry","category-curiosidades","category-sociedade","tag-congresso","tag-direito","tag-governo","tag-identidade-de-genero-desafios-na-atualidade","tag-lei","tag-politica"],"yoast_head":"<!-- This site is optimized with the Yoast SEO plugin v27.2 - https:\/\/yoast.com\/product\/yoast-seo-wordpress\/ -->\n<title>An\u00e1lise sobre identidade de g\u00e9nero chegou \u00e0 AR sem cr\u00edticas da CIG \u00e0 nova lei - Portal Tela Portugal<\/title>\n<meta name=\"robots\" content=\"index, follow, max-snippet:-1, max-image-preview:large, max-video-preview:-1\" \/>\n<meta property=\"og:locale\" content=\"pt_PT\" \/>\n<meta property=\"og:type\" content=\"article\" \/>\n<meta property=\"og:title\" content=\"An\u00e1lise sobre identidade de g\u00e9nero chegou \u00e0 AR sem cr\u00edticas da CIG \u00e0 nova lei - Portal Tela Portugal\" \/>\n<meta property=\"og:description\" content=\"Nove dias antes da discuss\u00e3o parlamentar sobre autodetermina\u00e7\u00e3o de g\u00e9nero, o Governo pediu parecer \u00e0 Comiss\u00e3o para a Cidadania e Igualdade de G\u00e9nero (CIG). Os servi\u00e7os t\u00e9cnicos da CIG produziram pareceres cr\u00edticos \u00e0s propostas da direita sobre autodetermina\u00e7\u00e3o de g\u00e9nero. O documento enviado ao Parlamento pela ministra Margarida Balseiro Lopes foi uma nota t\u00e9cnica expurgada dessas cr\u00edticas. Mant\u00e9m apenas refer\u00eancias \u00e0s posi\u00e7\u00f5es de especialistas e de outras organiza\u00e7\u00f5es nacionais e internacionais. A divulga\u00e7\u00e3o n\u00e3o revelou a posi\u00e7\u00e3o cr\u00edtica da CIG inclu\u00edda no parecer original.\" \/>\n<meta property=\"og:url\" content=\"https:\/\/portaltela.pt\/noticias\/2026\/04\/18\/analise-sobre-identidade-de-genero-chegou-a-ar-sem-criticas-da-cig-a-nova-lei\/\" \/>\n<meta property=\"og:site_name\" content=\"Portal Tela Portugal\" \/>\n<meta property=\"article:published_time\" content=\"2026-04-18T07:09:00+00:00\" \/>\n<meta name=\"author\" content=\"Telinha\" \/>\n<meta name=\"twitter:card\" content=\"summary_large_image\" \/>\n<meta name=\"twitter:label1\" content=\"Escrito por\" \/>\n\t<meta name=\"twitter:data1\" content=\"Telinha\" \/>\n\t<meta name=\"twitter:label2\" content=\"Tempo estimado de leitura\" \/>\n\t<meta name=\"twitter:data2\" content=\"1 minuto\" \/>\n<script type=\"application\/ld+json\" class=\"yoast-schema-graph\">{\"@context\":\"https:\/\/schema.org\",\"@graph\":[{\"@type\":\"Article\",\"@id\":\"https:\/\/portaltela.pt\/noticias\/2026\/04\/18\/analise-sobre-identidade-de-genero-chegou-a-ar-sem-criticas-da-cig-a-nova-lei\/#article\",\"isPartOf\":{\"@id\":\"https:\/\/portaltela.pt\/noticias\/2026\/04\/18\/analise-sobre-identidade-de-genero-chegou-a-ar-sem-criticas-da-cig-a-nova-lei\/\"},\"author\":{\"name\":\"Telinha\",\"@id\":\"https:\/\/portaltela.pt\/#\/schema\/person\/c4278d4a6028830caff9ee44b42d32ed\"},\"headline\":\"An\u00e1lise sobre identidade de g\u00e9nero chegou \u00e0 AR sem cr\u00edticas da CIG \u00e0 nova lei\",\"datePublished\":\"2026-04-18T07:09:00+00:00\",\"mainEntityOfPage\":{\"@id\":\"https:\/\/portaltela.pt\/noticias\/2026\/04\/18\/analise-sobre-identidade-de-genero-chegou-a-ar-sem-criticas-da-cig-a-nova-lei\/\"},\"wordCount\":179,\"image\":{\"@id\":\"https:\/\/portaltela.pt\/noticias\/2026\/04\/18\/analise-sobre-identidade-de-genero-chegou-a-ar-sem-criticas-da-cig-a-nova-lei\/#primaryimage\"},\"thumbnailUrl\":\"https:\/\/portaltela.pt\/s.01k8rhncp4jt1\/2026\/04\/2082261.jpg\",\"keywords\":[\"congresso\",\"direito\",\"governo\",\"Identidade de g\u00e9nero \u2013 Desafios na Atualidade\",\"lei\",\"pol\u00edtica\"],\"articleSection\":[\"Curiosidades\",\"Sociedade\"],\"inLanguage\":\"pt-PT\"},{\"@type\":\"WebPage\",\"@id\":\"https:\/\/portaltela.pt\/noticias\/2026\/04\/18\/analise-sobre-identidade-de-genero-chegou-a-ar-sem-criticas-da-cig-a-nova-lei\/\",\"url\":\"https:\/\/portaltela.pt\/noticias\/2026\/04\/18\/analise-sobre-identidade-de-genero-chegou-a-ar-sem-criticas-da-cig-a-nova-lei\/\",\"name\":\"An\u00e1lise sobre identidade de g\u00e9nero chegou \u00e0 AR sem cr\u00edticas da CIG \u00e0 nova lei - Portal Tela Portugal\",\"isPartOf\":{\"@id\":\"https:\/\/portaltela.pt\/#website\"},\"primaryImageOfPage\":{\"@id\":\"https:\/\/portaltela.pt\/noticias\/2026\/04\/18\/analise-sobre-identidade-de-genero-chegou-a-ar-sem-criticas-da-cig-a-nova-lei\/#primaryimage\"},\"image\":{\"@id\":\"https:\/\/portaltela.pt\/noticias\/2026\/04\/18\/analise-sobre-identidade-de-genero-chegou-a-ar-sem-criticas-da-cig-a-nova-lei\/#primaryimage\"},\"thumbnailUrl\":\"https:\/\/portaltela.pt\/s.01k8rhncp4jt1\/2026\/04\/2082261.jpg\",\"datePublished\":\"2026-04-18T07:09:00+00:00\",\"author\":{\"@id\":\"https:\/\/portaltela.pt\/#\/schema\/person\/c4278d4a6028830caff9ee44b42d32ed\"},\"breadcrumb\":{\"@id\":\"https:\/\/portaltela.pt\/noticias\/2026\/04\/18\/analise-sobre-identidade-de-genero-chegou-a-ar-sem-criticas-da-cig-a-nova-lei\/#breadcrumb\"},\"inLanguage\":\"pt-PT\",\"potentialAction\":[{\"@type\":\"ReadAction\",\"target\":[\"https:\/\/portaltela.pt\/noticias\/2026\/04\/18\/analise-sobre-identidade-de-genero-chegou-a-ar-sem-criticas-da-cig-a-nova-lei\/\"]}]},{\"@type\":\"ImageObject\",\"inLanguage\":\"pt-PT\",\"@id\":\"https:\/\/portaltela.pt\/noticias\/2026\/04\/18\/analise-sobre-identidade-de-genero-chegou-a-ar-sem-criticas-da-cig-a-nova-lei\/#primaryimage\",\"url\":\"https:\/\/portaltela.pt\/s.01k8rhncp4jt1\/2026\/04\/2082261.jpg\",\"contentUrl\":\"https:\/\/portaltela.pt\/s.01k8rhncp4jt1\/2026\/04\/2082261.jpg\",\"width\":796,\"height\":448,\"caption\":\"Governo pediu um parecer \u00e0 Comiss\u00e3o para a Cidadania e Igualdade de G\u00e9nero (CIG) que, a meio do processo, se transformou numa nota t\u00e9cnica que ocultou a posi\u00e7\u00e3o dos t\u00e9cnicos\"},{\"@type\":\"BreadcrumbList\",\"@id\":\"https:\/\/portaltela.pt\/noticias\/2026\/04\/18\/analise-sobre-identidade-de-genero-chegou-a-ar-sem-criticas-da-cig-a-nova-lei\/#breadcrumb\",\"itemListElement\":[{\"@type\":\"ListItem\",\"position\":1,\"name\":\"In\u00edcio\",\"item\":\"https:\/\/portaltela.pt\/\"},{\"@type\":\"ListItem\",\"position\":2,\"name\":\"An\u00e1lise sobre identidade de g\u00e9nero chegou \u00e0 AR sem cr\u00edticas da CIG \u00e0 nova lei\"}]},{\"@type\":\"WebSite\",\"@id\":\"https:\/\/portaltela.pt\/#website\",\"url\":\"https:\/\/portaltela.pt\/\",\"name\":\"Portal Tela Portugal\",\"description\":\"\",\"potentialAction\":[{\"@type\":\"SearchAction\",\"target\":{\"@type\":\"EntryPoint\",\"urlTemplate\":\"https:\/\/portaltela.pt\/?s={search_term_string}\"},\"query-input\":{\"@type\":\"PropertyValueSpecification\",\"valueRequired\":true,\"valueName\":\"search_term_string\"}}],\"inLanguage\":\"pt-PT\"},{\"@type\":\"Person\",\"@id\":\"https:\/\/portaltela.pt\/#\/schema\/person\/c4278d4a6028830caff9ee44b42d32ed\",\"name\":\"Telinha\",\"image\":{\"@type\":\"ImageObject\",\"inLanguage\":\"pt-PT\",\"@id\":\"https:\/\/portaltela.pt\/s.01k8rhncp4jt1\/2025\/11\/talking-bot-125x125.png\",\"url\":\"https:\/\/portaltela.pt\/s.01k8rhncp4jt1\/2025\/11\/talking-bot-125x125.png\",\"contentUrl\":\"https:\/\/portaltela.pt\/s.01k8rhncp4jt1\/2025\/11\/talking-bot-125x125.png\",\"caption\":\"Telinha\"},\"sameAs\":[\"https:\/\/portaltela.pt\/\"],\"url\":\"https:\/\/portaltela.pt\/por\/367410592786\/\"}]}<\/script>\n<!-- \/ Yoast SEO plugin. -->","yoast_head_json":{"title":"An\u00e1lise sobre identidade de g\u00e9nero chegou \u00e0 AR sem cr\u00edticas da CIG \u00e0 nova lei - Portal Tela Portugal","robots":{"index":"index","follow":"follow","max-snippet":"max-snippet:-1","max-image-preview":"max-image-preview:large","max-video-preview":"max-video-preview:-1"},"og_locale":"pt_PT","og_type":"article","og_title":"An\u00e1lise sobre identidade de g\u00e9nero chegou \u00e0 AR sem cr\u00edticas da CIG \u00e0 nova lei - Portal Tela Portugal","og_description":"Nove dias antes da discuss\u00e3o parlamentar sobre autodetermina\u00e7\u00e3o de g\u00e9nero, o Governo pediu parecer \u00e0 Comiss\u00e3o para a Cidadania e Igualdade de G\u00e9nero (CIG). Os servi\u00e7os t\u00e9cnicos da CIG produziram pareceres cr\u00edticos \u00e0s propostas da direita sobre autodetermina\u00e7\u00e3o de g\u00e9nero. O documento enviado ao Parlamento pela ministra Margarida Balseiro Lopes foi uma nota t\u00e9cnica expurgada dessas cr\u00edticas. Mant\u00e9m apenas refer\u00eancias \u00e0s posi\u00e7\u00f5es de especialistas e de outras organiza\u00e7\u00f5es nacionais e internacionais. A divulga\u00e7\u00e3o n\u00e3o revelou a posi\u00e7\u00e3o cr\u00edtica da CIG inclu\u00edda no parecer original.","og_url":"https:\/\/portaltela.pt\/noticias\/2026\/04\/18\/analise-sobre-identidade-de-genero-chegou-a-ar-sem-criticas-da-cig-a-nova-lei\/","og_site_name":"Portal Tela Portugal","article_published_time":"2026-04-18T07:09:00+00:00","author":"Telinha","twitter_card":"summary_large_image","twitter_misc":{"Escrito por":"Telinha","Tempo estimado de leitura":"1 minuto"},"schema":{"@context":"https:\/\/schema.org","@graph":[{"@type":"Article","@id":"https:\/\/portaltela.pt\/noticias\/2026\/04\/18\/analise-sobre-identidade-de-genero-chegou-a-ar-sem-criticas-da-cig-a-nova-lei\/#article","isPartOf":{"@id":"https:\/\/portaltela.pt\/noticias\/2026\/04\/18\/analise-sobre-identidade-de-genero-chegou-a-ar-sem-criticas-da-cig-a-nova-lei\/"},"author":{"name":"Telinha","@id":"https:\/\/portaltela.pt\/#\/schema\/person\/c4278d4a6028830caff9ee44b42d32ed"},"headline":"An\u00e1lise sobre identidade de g\u00e9nero chegou \u00e0 AR sem cr\u00edticas da CIG \u00e0 nova lei","datePublished":"2026-04-18T07:09:00+00:00","mainEntityOfPage":{"@id":"https:\/\/portaltela.pt\/noticias\/2026\/04\/18\/analise-sobre-identidade-de-genero-chegou-a-ar-sem-criticas-da-cig-a-nova-lei\/"},"wordCount":179,"image":{"@id":"https:\/\/portaltela.pt\/noticias\/2026\/04\/18\/analise-sobre-identidade-de-genero-chegou-a-ar-sem-criticas-da-cig-a-nova-lei\/#primaryimage"},"thumbnailUrl":"https:\/\/portaltela.pt\/s.01k8rhncp4jt1\/2026\/04\/2082261.jpg","keywords":["congresso","direito","governo","Identidade de g\u00e9nero \u2013 Desafios na Atualidade","lei","pol\u00edtica"],"articleSection":["Curiosidades","Sociedade"],"inLanguage":"pt-PT"},{"@type":"WebPage","@id":"https:\/\/portaltela.pt\/noticias\/2026\/04\/18\/analise-sobre-identidade-de-genero-chegou-a-ar-sem-criticas-da-cig-a-nova-lei\/","url":"https:\/\/portaltela.pt\/noticias\/2026\/04\/18\/analise-sobre-identidade-de-genero-chegou-a-ar-sem-criticas-da-cig-a-nova-lei\/","name":"An\u00e1lise sobre identidade de g\u00e9nero chegou \u00e0 AR sem cr\u00edticas da CIG \u00e0 nova lei - Portal Tela Portugal","isPartOf":{"@id":"https:\/\/portaltela.pt\/#website"},"primaryImageOfPage":{"@id":"https:\/\/portaltela.pt\/noticias\/2026\/04\/18\/analise-sobre-identidade-de-genero-chegou-a-ar-sem-criticas-da-cig-a-nova-lei\/#primaryimage"},"image":{"@id":"https:\/\/portaltela.pt\/noticias\/2026\/04\/18\/analise-sobre-identidade-de-genero-chegou-a-ar-sem-criticas-da-cig-a-nova-lei\/#primaryimage"},"thumbnailUrl":"https:\/\/portaltela.pt\/s.01k8rhncp4jt1\/2026\/04\/2082261.jpg","datePublished":"2026-04-18T07:09:00+00:00","author":{"@id":"https:\/\/portaltela.pt\/#\/schema\/person\/c4278d4a6028830caff9ee44b42d32ed"},"breadcrumb":{"@id":"https:\/\/portaltela.pt\/noticias\/2026\/04\/18\/analise-sobre-identidade-de-genero-chegou-a-ar-sem-criticas-da-cig-a-nova-lei\/#breadcrumb"},"inLanguage":"pt-PT","potentialAction":[{"@type":"ReadAction","target":["https:\/\/portaltela.pt\/noticias\/2026\/04\/18\/analise-sobre-identidade-de-genero-chegou-a-ar-sem-criticas-da-cig-a-nova-lei\/"]}]},{"@type":"ImageObject","inLanguage":"pt-PT","@id":"https:\/\/portaltela.pt\/noticias\/2026\/04\/18\/analise-sobre-identidade-de-genero-chegou-a-ar-sem-criticas-da-cig-a-nova-lei\/#primaryimage","url":"https:\/\/portaltela.pt\/s.01k8rhncp4jt1\/2026\/04\/2082261.jpg","contentUrl":"https:\/\/portaltela.pt\/s.01k8rhncp4jt1\/2026\/04\/2082261.jpg","width":796,"height":448,"caption":"Governo pediu um parecer \u00e0 Comiss\u00e3o para a Cidadania e Igualdade de G\u00e9nero (CIG) que, a meio do processo, se transformou numa nota t\u00e9cnica que ocultou a posi\u00e7\u00e3o dos t\u00e9cnicos"},{"@type":"BreadcrumbList","@id":"https:\/\/portaltela.pt\/noticias\/2026\/04\/18\/analise-sobre-identidade-de-genero-chegou-a-ar-sem-criticas-da-cig-a-nova-lei\/#breadcrumb","itemListElement":[{"@type":"ListItem","position":1,"name":"In\u00edcio","item":"https:\/\/portaltela.pt\/"},{"@type":"ListItem","position":2,"name":"An\u00e1lise sobre identidade de g\u00e9nero chegou \u00e0 AR sem cr\u00edticas da CIG \u00e0 nova lei"}]},{"@type":"WebSite","@id":"https:\/\/portaltela.pt\/#website","url":"https:\/\/portaltela.pt\/","name":"Portal Tela Portugal","description":"","potentialAction":[{"@type":"SearchAction","target":{"@type":"EntryPoint","urlTemplate":"https:\/\/portaltela.pt\/?s={search_term_string}"},"query-input":{"@type":"PropertyValueSpecification","valueRequired":true,"valueName":"search_term_string"}}],"inLanguage":"pt-PT"},{"@type":"Person","@id":"https:\/\/portaltela.pt\/#\/schema\/person\/c4278d4a6028830caff9ee44b42d32ed","name":"Telinha","image":{"@type":"ImageObject","inLanguage":"pt-PT","@id":"https:\/\/portaltela.pt\/s.01k8rhncp4jt1\/2025\/11\/talking-bot-125x125.png","url":"https:\/\/portaltela.pt\/s.01k8rhncp4jt1\/2025\/11\/talking-bot-125x125.png","contentUrl":"https:\/\/portaltela.pt\/s.01k8rhncp4jt1\/2025\/11\/talking-bot-125x125.png","caption":"Telinha"},"sameAs":["https:\/\/portaltela.pt\/"],"url":"https:\/\/portaltela.pt\/por\/367410592786\/"}]}},"_links":{"self":[{"href":"https:\/\/portaltela.pt\/api\/wp\/v2\/posts\/448945","targetHints":{"allow":["GET"]}}],"collection":[{"href":"https:\/\/portaltela.pt\/api\/wp\/v2\/posts"}],"about":[{"href":"https:\/\/portaltela.pt\/api\/wp\/v2\/types\/post"}],"author":[{"embeddable":true,"href":"https:\/\/portaltela.pt\/api\/wp\/v2\/users\/2"}],"replies":[{"embeddable":true,"href":"https:\/\/portaltela.pt\/api\/wp\/v2\/comments?post=448945"}],"version-history":[{"count":0,"href":"https:\/\/portaltela.pt\/api\/wp\/v2\/posts\/448945\/revisions"}],"wp:featuredmedia":[{"embeddable":true,"href":"https:\/\/portaltela.pt\/api\/wp\/v2\/media\/448949"}],"wp:attachment":[{"href":"https:\/\/portaltela.pt\/api\/wp\/v2\/media?parent=448945"}],"wp:term":[{"taxonomy":"category","embeddable":true,"href":"https:\/\/portaltela.pt\/api\/wp\/v2\/categories?post=448945"},{"taxonomy":"post_tag","embeddable":true,"href":"https:\/\/portaltela.pt\/api\/wp\/v2\/tags?post=448945"}],"curies":[{"name":"wp","href":"https:\/\/api.w.org\/{rel}","templated":true}]}}