{"id":448769,"date":"2026-04-17T19:18:00","date_gmt":"2026-04-17T22:18:00","guid":{"rendered":"https:\/\/portaltela.pt\/noticias\/2026\/04\/17\/nasa-revela-novas-imagens-do-lancamento-historico-da-artemis-ii\/"},"modified":"2026-04-17T19:18:00","modified_gmt":"2026-04-17T22:18:00","slug":"nasa-revela-novas-imagens-do-lancamento-historico-da-artemis-ii","status":"publish","type":"post","link":"https:\/\/portaltela.pt\/tecnologia\/2026\/04\/17\/nasa-revela-novas-imagens-do-lancamento-historico-da-artemis-ii\/","title":{"rendered":"NASA revela novas imagens do lan\u00e7amento hist\u00f3rico da Artemis II"},"content":{"rendered":"<p>Um novo v\u00eddeo divulgado pela NASA na quarta-feira mostra o lan\u00e7amento hist\u00f3rico da miss\u00e3o Artemis II, captado a partir de c\u00e2maras instaladas no pr\u00f3prio foguet\u00e3o. O registro oferece uma vis\u00e3o \u00fanica do momento de igni\u00e7\u00e3o e da decolagem do conjunto.<\/p>\n<p>A Artemis II representa um passo-chave no programa lunar da NASA, com o objetivo de testar, em voo, o conjunto Orion em conjunto com o foguet\u00e3o e sistemas de suporte, antes de futuras miss\u00f5es com tripula\u00e7\u00e3o. A divulga\u00e7\u00e3o refor\u00e7a o interesse p\u00fablico na etapa inicial de uma viagem tripulada ao redor da Lua.<\/p>\n<p>O epis\u00f3dio ocorreu no contexto da prepara\u00e7\u00e3o para a nova fase do programa Artemis, que busca confirmar opera\u00e7\u00f5es, seguran\u00e7a e confiabilidade de sistemas cr\u00edticos em voo. A divulga\u00e7\u00e3o permite acompanhar detalhes t\u00e9cnicos do lan\u00e7amento e o desempenho do foguet\u00e3o durante a decolagem.<\/p>\n<p>A NASA n\u00e3o detalhou altera\u00e7\u00f5es recentes \u00e0 miss\u00e3o, mas enfatiza que as imagens fornecem dados valiosos para an\u00e1lises t\u00e9cnicas subsequentes. O material dispon\u00edvel refor\u00e7a o foco em avan\u00e7os tecnol\u00f3gicos e na continuidade das opera\u00e7\u00f5es da ag\u00eancia espacial.<\/p>\n","protected":false},"excerpt":{"rendered":"<ul>\n<li>A NASA divulgou novas imagens que mostram o lan\u00e7amento hist\u00f3rico da miss\u00e3o Artemis II, captadas a partir do foguet\u00e3o.<\/li>\n<li>O v\u00eddeo foi divulgado nesta quarta-feira e mostra o momento impressionante do lan\u00e7amento.<\/li>\n<li>As imagens foram gravadas por c\u00e2maras instaladas no pr\u00f3prio foguet\u00e3o.<\/li>\n<li>Artemis II marca um marco importante no programa espacial da NASA.<\/li>\n<li>O material serve para documents os primeiros instantes do lan\u00e7amento da miss\u00e3o.<\/li>\n<\/ul>\n","protected":false},"author":2,"featured_media":448774,"comment_status":"closed","ping_status":"closed","sticky":false,"template":"","format":"standard","meta":{"footnotes":""},"categories":[6716],"tags":[7891,8502,8029,8767,7989,6232],"class_list":["post-448769","post","type-post","status-publish","format-standard","has-post-thumbnail","hentry","category-tecnologia","tag-_aeronautica","tag-_aviacao","tag-_ciencia","tag-_investigacao","tag-_tecnologia","tag-nasa"],"yoast_head":"<!-- This site is optimized with the Yoast SEO plugin v27.2 - https:\/\/yoast.com\/product\/yoast-seo-wordpress\/ -->\n<title>NASA revela novas imagens do lan\u00e7amento hist\u00f3rico da Artemis II - Portal Tela Portugal<\/title>\n<meta name=\"robots\" content=\"index, follow, max-snippet:-1, max-image-preview:large, max-video-preview:-1\" \/>\n<meta property=\"og:locale\" content=\"pt_PT\" \/>\n<meta property=\"og:type\" content=\"article\" \/>\n<meta property=\"og:title\" content=\"NASA revela novas imagens do lan\u00e7amento hist\u00f3rico da Artemis II - Portal Tela Portugal\" \/>\n<meta property=\"og:description\" content=\"A NASA divulgou novas imagens que mostram o lan\u00e7amento hist\u00f3rico da miss\u00e3o Artemis II, captadas a partir do foguet\u00e3o. O v\u00eddeo foi divulgado nesta quarta-feira e mostra o momento impressionante do lan\u00e7amento. As imagens foram gravadas por c\u00e2maras instaladas no pr\u00f3prio foguet\u00e3o. Artemis II marca um marco importante no programa espacial da NASA. O material serve para documents os primeiros instantes do lan\u00e7amento da miss\u00e3o.\" \/>\n<meta property=\"og:url\" content=\"https:\/\/portaltela.pt\/noticias\/2026\/04\/17\/nasa-revela-novas-imagens-do-lancamento-historico-da-artemis-ii\/\" \/>\n<meta property=\"og:site_name\" content=\"Portal Tela Portugal\" \/>\n<meta property=\"article:published_time\" content=\"2026-04-17T22:18:00+00:00\" \/>\n<meta name=\"author\" content=\"Telinha\" \/>\n<meta name=\"twitter:card\" content=\"summary_large_image\" \/>\n<meta name=\"twitter:label1\" content=\"Escrito por\" \/>\n\t<meta name=\"twitter:data1\" content=\"Telinha\" \/>\n\t<meta name=\"twitter:label2\" content=\"Tempo estimado de leitura\" \/>\n\t<meta name=\"twitter:data2\" content=\"1 minuto\" \/>\n<script type=\"application\/ld+json\" class=\"yoast-schema-graph\">{\"@context\":\"https:\/\/schema.org\",\"@graph\":[{\"@type\":\"Article\",\"@id\":\"https:\/\/portaltela.pt\/noticias\/2026\/04\/17\/nasa-revela-novas-imagens-do-lancamento-historico-da-artemis-ii\/#article\",\"isPartOf\":{\"@id\":\"https:\/\/portaltela.pt\/noticias\/2026\/04\/17\/nasa-revela-novas-imagens-do-lancamento-historico-da-artemis-ii\/\"},\"author\":{\"name\":\"Telinha\",\"@id\":\"https:\/\/portaltela.pt\/#\/schema\/person\/c4278d4a6028830caff9ee44b42d32ed\"},\"headline\":\"NASA revela novas imagens do lan\u00e7amento hist\u00f3rico da Artemis II\",\"datePublished\":\"2026-04-17T22:18:00+00:00\",\"mainEntityOfPage\":{\"@id\":\"https:\/\/portaltela.pt\/noticias\/2026\/04\/17\/nasa-revela-novas-imagens-do-lancamento-historico-da-artemis-ii\/\"},\"wordCount\":218,\"image\":{\"@id\":\"https:\/\/portaltela.pt\/noticias\/2026\/04\/17\/nasa-revela-novas-imagens-do-lancamento-historico-da-artemis-ii\/#primaryimage\"},\"thumbnailUrl\":\"https:\/\/portaltela.pt\/s.01k8rhncp4jt1\/2026\/04\/img_1200x721uu2026-04-17-23-07-09-2433691.jpg\",\"keywords\":[\"_aeron\u00e1utica\",\"_avia\u00e7\u00e3o\",\"_ci\u00eancia\",\"_investiga\u00e7\u00e3o\",\"_tecnologia\",\"NASA\"],\"articleSection\":[\"Tecnologia\"],\"inLanguage\":\"pt-PT\"},{\"@type\":\"WebPage\",\"@id\":\"https:\/\/portaltela.pt\/noticias\/2026\/04\/17\/nasa-revela-novas-imagens-do-lancamento-historico-da-artemis-ii\/\",\"url\":\"https:\/\/portaltela.pt\/noticias\/2026\/04\/17\/nasa-revela-novas-imagens-do-lancamento-historico-da-artemis-ii\/\",\"name\":\"NASA revela novas imagens do lan\u00e7amento hist\u00f3rico da Artemis II - Portal Tela Portugal\",\"isPartOf\":{\"@id\":\"https:\/\/portaltela.pt\/#website\"},\"primaryImageOfPage\":{\"@id\":\"https:\/\/portaltela.pt\/noticias\/2026\/04\/17\/nasa-revela-novas-imagens-do-lancamento-historico-da-artemis-ii\/#primaryimage\"},\"image\":{\"@id\":\"https:\/\/portaltela.pt\/noticias\/2026\/04\/17\/nasa-revela-novas-imagens-do-lancamento-historico-da-artemis-ii\/#primaryimage\"},\"thumbnailUrl\":\"https:\/\/portaltela.pt\/s.01k8rhncp4jt1\/2026\/04\/img_1200x721uu2026-04-17-23-07-09-2433691.jpg\",\"datePublished\":\"2026-04-17T22:18:00+00:00\",\"author\":{\"@id\":\"https:\/\/portaltela.pt\/#\/schema\/person\/c4278d4a6028830caff9ee44b42d32ed\"},\"breadcrumb\":{\"@id\":\"https:\/\/portaltela.pt\/noticias\/2026\/04\/17\/nasa-revela-novas-imagens-do-lancamento-historico-da-artemis-ii\/#breadcrumb\"},\"inLanguage\":\"pt-PT\",\"potentialAction\":[{\"@type\":\"ReadAction\",\"target\":[\"https:\/\/portaltela.pt\/noticias\/2026\/04\/17\/nasa-revela-novas-imagens-do-lancamento-historico-da-artemis-ii\/\"]}]},{\"@type\":\"ImageObject\",\"inLanguage\":\"pt-PT\",\"@id\":\"https:\/\/portaltela.pt\/noticias\/2026\/04\/17\/nasa-revela-novas-imagens-do-lancamento-historico-da-artemis-ii\/#primaryimage\",\"url\":\"https:\/\/portaltela.pt\/s.01k8rhncp4jt1\/2026\/04\/img_1200x721uu2026-04-17-23-07-09-2433691.jpg\",\"contentUrl\":\"https:\/\/portaltela.pt\/s.01k8rhncp4jt1\/2026\/04\/img_1200x721uu2026-04-17-23-07-09-2433691.jpg\",\"width\":796,\"height\":448,\"caption\":\"Novas imagens da NASA mostram lan\u00e7amento hist\u00f3rico da miss\u00e3o Artemis II a partir do foguet\u00e3o\"},{\"@type\":\"BreadcrumbList\",\"@id\":\"https:\/\/portaltela.pt\/noticias\/2026\/04\/17\/nasa-revela-novas-imagens-do-lancamento-historico-da-artemis-ii\/#breadcrumb\",\"itemListElement\":[{\"@type\":\"ListItem\",\"position\":1,\"name\":\"In\u00edcio\",\"item\":\"https:\/\/portaltela.pt\/\"},{\"@type\":\"ListItem\",\"position\":2,\"name\":\"NASA revela novas imagens do lan\u00e7amento hist\u00f3rico da Artemis II\"}]},{\"@type\":\"WebSite\",\"@id\":\"https:\/\/portaltela.pt\/#website\",\"url\":\"https:\/\/portaltela.pt\/\",\"name\":\"Portal Tela Portugal\",\"description\":\"\",\"potentialAction\":[{\"@type\":\"SearchAction\",\"target\":{\"@type\":\"EntryPoint\",\"urlTemplate\":\"https:\/\/portaltela.pt\/?s={search_term_string}\"},\"query-input\":{\"@type\":\"PropertyValueSpecification\",\"valueRequired\":true,\"valueName\":\"search_term_string\"}}],\"inLanguage\":\"pt-PT\"},{\"@type\":\"Person\",\"@id\":\"https:\/\/portaltela.pt\/#\/schema\/person\/c4278d4a6028830caff9ee44b42d32ed\",\"name\":\"Telinha\",\"image\":{\"@type\":\"ImageObject\",\"inLanguage\":\"pt-PT\",\"@id\":\"https:\/\/portaltela.pt\/s.01k8rhncp4jt1\/2025\/11\/talking-bot-125x125.png\",\"url\":\"https:\/\/portaltela.pt\/s.01k8rhncp4jt1\/2025\/11\/talking-bot-125x125.png\",\"contentUrl\":\"https:\/\/portaltela.pt\/s.01k8rhncp4jt1\/2025\/11\/talking-bot-125x125.png\",\"caption\":\"Telinha\"},\"sameAs\":[\"https:\/\/portaltela.pt\/\"],\"url\":\"https:\/\/portaltela.pt\/por\/367410592786\/\"}]}<\/script>\n<!-- \/ Yoast SEO plugin. -->","yoast_head_json":{"title":"NASA revela novas imagens do lan\u00e7amento hist\u00f3rico da Artemis II - Portal Tela Portugal","robots":{"index":"index","follow":"follow","max-snippet":"max-snippet:-1","max-image-preview":"max-image-preview:large","max-video-preview":"max-video-preview:-1"},"og_locale":"pt_PT","og_type":"article","og_title":"NASA revela novas imagens do lan\u00e7amento hist\u00f3rico da Artemis II - Portal Tela Portugal","og_description":"A NASA divulgou novas imagens que mostram o lan\u00e7amento hist\u00f3rico da miss\u00e3o Artemis II, captadas a partir do foguet\u00e3o. O v\u00eddeo foi divulgado nesta quarta-feira e mostra o momento impressionante do lan\u00e7amento. As imagens foram gravadas por c\u00e2maras instaladas no pr\u00f3prio foguet\u00e3o. Artemis II marca um marco importante no programa espacial da NASA. O material serve para documents os primeiros instantes do lan\u00e7amento da miss\u00e3o.","og_url":"https:\/\/portaltela.pt\/noticias\/2026\/04\/17\/nasa-revela-novas-imagens-do-lancamento-historico-da-artemis-ii\/","og_site_name":"Portal Tela Portugal","article_published_time":"2026-04-17T22:18:00+00:00","author":"Telinha","twitter_card":"summary_large_image","twitter_misc":{"Escrito por":"Telinha","Tempo estimado de leitura":"1 minuto"},"schema":{"@context":"https:\/\/schema.org","@graph":[{"@type":"Article","@id":"https:\/\/portaltela.pt\/noticias\/2026\/04\/17\/nasa-revela-novas-imagens-do-lancamento-historico-da-artemis-ii\/#article","isPartOf":{"@id":"https:\/\/portaltela.pt\/noticias\/2026\/04\/17\/nasa-revela-novas-imagens-do-lancamento-historico-da-artemis-ii\/"},"author":{"name":"Telinha","@id":"https:\/\/portaltela.pt\/#\/schema\/person\/c4278d4a6028830caff9ee44b42d32ed"},"headline":"NASA revela novas imagens do lan\u00e7amento hist\u00f3rico da Artemis II","datePublished":"2026-04-17T22:18:00+00:00","mainEntityOfPage":{"@id":"https:\/\/portaltela.pt\/noticias\/2026\/04\/17\/nasa-revela-novas-imagens-do-lancamento-historico-da-artemis-ii\/"},"wordCount":218,"image":{"@id":"https:\/\/portaltela.pt\/noticias\/2026\/04\/17\/nasa-revela-novas-imagens-do-lancamento-historico-da-artemis-ii\/#primaryimage"},"thumbnailUrl":"https:\/\/portaltela.pt\/s.01k8rhncp4jt1\/2026\/04\/img_1200x721uu2026-04-17-23-07-09-2433691.jpg","keywords":["_aeron\u00e1utica","_avia\u00e7\u00e3o","_ci\u00eancia","_investiga\u00e7\u00e3o","_tecnologia","NASA"],"articleSection":["Tecnologia"],"inLanguage":"pt-PT"},{"@type":"WebPage","@id":"https:\/\/portaltela.pt\/noticias\/2026\/04\/17\/nasa-revela-novas-imagens-do-lancamento-historico-da-artemis-ii\/","url":"https:\/\/portaltela.pt\/noticias\/2026\/04\/17\/nasa-revela-novas-imagens-do-lancamento-historico-da-artemis-ii\/","name":"NASA revela novas imagens do lan\u00e7amento hist\u00f3rico da Artemis II - Portal Tela Portugal","isPartOf":{"@id":"https:\/\/portaltela.pt\/#website"},"primaryImageOfPage":{"@id":"https:\/\/portaltela.pt\/noticias\/2026\/04\/17\/nasa-revela-novas-imagens-do-lancamento-historico-da-artemis-ii\/#primaryimage"},"image":{"@id":"https:\/\/portaltela.pt\/noticias\/2026\/04\/17\/nasa-revela-novas-imagens-do-lancamento-historico-da-artemis-ii\/#primaryimage"},"thumbnailUrl":"https:\/\/portaltela.pt\/s.01k8rhncp4jt1\/2026\/04\/img_1200x721uu2026-04-17-23-07-09-2433691.jpg","datePublished":"2026-04-17T22:18:00+00:00","author":{"@id":"https:\/\/portaltela.pt\/#\/schema\/person\/c4278d4a6028830caff9ee44b42d32ed"},"breadcrumb":{"@id":"https:\/\/portaltela.pt\/noticias\/2026\/04\/17\/nasa-revela-novas-imagens-do-lancamento-historico-da-artemis-ii\/#breadcrumb"},"inLanguage":"pt-PT","potentialAction":[{"@type":"ReadAction","target":["https:\/\/portaltela.pt\/noticias\/2026\/04\/17\/nasa-revela-novas-imagens-do-lancamento-historico-da-artemis-ii\/"]}]},{"@type":"ImageObject","inLanguage":"pt-PT","@id":"https:\/\/portaltela.pt\/noticias\/2026\/04\/17\/nasa-revela-novas-imagens-do-lancamento-historico-da-artemis-ii\/#primaryimage","url":"https:\/\/portaltela.pt\/s.01k8rhncp4jt1\/2026\/04\/img_1200x721uu2026-04-17-23-07-09-2433691.jpg","contentUrl":"https:\/\/portaltela.pt\/s.01k8rhncp4jt1\/2026\/04\/img_1200x721uu2026-04-17-23-07-09-2433691.jpg","width":796,"height":448,"caption":"Novas imagens da NASA mostram lan\u00e7amento hist\u00f3rico da miss\u00e3o Artemis II a partir do foguet\u00e3o"},{"@type":"BreadcrumbList","@id":"https:\/\/portaltela.pt\/noticias\/2026\/04\/17\/nasa-revela-novas-imagens-do-lancamento-historico-da-artemis-ii\/#breadcrumb","itemListElement":[{"@type":"ListItem","position":1,"name":"In\u00edcio","item":"https:\/\/portaltela.pt\/"},{"@type":"ListItem","position":2,"name":"NASA revela novas imagens do lan\u00e7amento hist\u00f3rico da Artemis II"}]},{"@type":"WebSite","@id":"https:\/\/portaltela.pt\/#website","url":"https:\/\/portaltela.pt\/","name":"Portal Tela Portugal","description":"","potentialAction":[{"@type":"SearchAction","target":{"@type":"EntryPoint","urlTemplate":"https:\/\/portaltela.pt\/?s={search_term_string}"},"query-input":{"@type":"PropertyValueSpecification","valueRequired":true,"valueName":"search_term_string"}}],"inLanguage":"pt-PT"},{"@type":"Person","@id":"https:\/\/portaltela.pt\/#\/schema\/person\/c4278d4a6028830caff9ee44b42d32ed","name":"Telinha","image":{"@type":"ImageObject","inLanguage":"pt-PT","@id":"https:\/\/portaltela.pt\/s.01k8rhncp4jt1\/2025\/11\/talking-bot-125x125.png","url":"https:\/\/portaltela.pt\/s.01k8rhncp4jt1\/2025\/11\/talking-bot-125x125.png","contentUrl":"https:\/\/portaltela.pt\/s.01k8rhncp4jt1\/2025\/11\/talking-bot-125x125.png","caption":"Telinha"},"sameAs":["https:\/\/portaltela.pt\/"],"url":"https:\/\/portaltela.pt\/por\/367410592786\/"}]}},"_links":{"self":[{"href":"https:\/\/portaltela.pt\/api\/wp\/v2\/posts\/448769","targetHints":{"allow":["GET"]}}],"collection":[{"href":"https:\/\/portaltela.pt\/api\/wp\/v2\/posts"}],"about":[{"href":"https:\/\/portaltela.pt\/api\/wp\/v2\/types\/post"}],"author":[{"embeddable":true,"href":"https:\/\/portaltela.pt\/api\/wp\/v2\/users\/2"}],"replies":[{"embeddable":true,"href":"https:\/\/portaltela.pt\/api\/wp\/v2\/comments?post=448769"}],"version-history":[{"count":0,"href":"https:\/\/portaltela.pt\/api\/wp\/v2\/posts\/448769\/revisions"}],"wp:featuredmedia":[{"embeddable":true,"href":"https:\/\/portaltela.pt\/api\/wp\/v2\/media\/448774"}],"wp:attachment":[{"href":"https:\/\/portaltela.pt\/api\/wp\/v2\/media?parent=448769"}],"wp:term":[{"taxonomy":"category","embeddable":true,"href":"https:\/\/portaltela.pt\/api\/wp\/v2\/categories?post=448769"},{"taxonomy":"post_tag","embeddable":true,"href":"https:\/\/portaltela.pt\/api\/wp\/v2\/tags?post=448769"}],"curies":[{"name":"wp","href":"https:\/\/api.w.org\/{rel}","templated":true}]}}