{"id":448592,"date":"2026-04-17T16:33:06","date_gmt":"2026-04-17T19:33:06","guid":{"rendered":"https:\/\/portaltela.pt\/noticias\/2026\/04\/17\/eleicoes-de-v-guimaraes-ja-tem-data-marcada\/"},"modified":"2026-04-17T16:33:06","modified_gmt":"2026-04-17T19:33:06","slug":"eleicoes-de-v-guimaraes-ja-tem-data-marcada","status":"publish","type":"post","link":"https:\/\/portaltela.pt\/desporto\/futebol\/2026\/04\/17\/eleicoes-de-v-guimaraes-ja-tem-data-marcada\/","title":{"rendered":"Elei\u00e7\u00f5es de V. Guimar\u00e3es j\u00e1 t\u00eam data marcada"},"content":{"rendered":"<p>A Assembleia Geral Eleitoral do Vit\u00f3ria Sport Clube ficou marcada para o dia 13 de junho, entre as 09:00 e as 19:00, no Pavilh\u00e3o Unidade Vimaranense. A convocat\u00f3ria foi anunciada pela Mesa da Assembleia Geral, ap\u00f3s a demiss\u00e3o de Ant\u00f3nio Miguel Cardoso no in\u00edcio desta semana. O ato visa eleger os \u00f3rg\u00e3os sociais para o tri\u00e9nio 2026\/2029.<\/p>\n<p>A elei\u00e7\u00e3o ocorre por escrut\u00ednio secreto e voto em papel, presencial e pessoal. Os s\u00f3cios efetivos podem votar desde que estejam em pleno gozo de direitos e com a situa\u00e7\u00e3o contributiva regularizada, incluindo a quota de junho de 2026. A assembleia ter\u00e1 continuidade para al\u00e9m das 19:00 apenas se houver votantes na sala.<\/p>\n<p>Podem votar s\u00f3cios residentes fora do concelho que declarem at\u00e9 29 de maio o desejo de votar por correspond\u00eancia. No ato de vota\u00e7\u00e3o, \u00e9 obrigat\u00f3rio apresentar documento de identifica\u00e7\u00e3o v\u00e1lido e o cart\u00e3o de s\u00f3cio. As listas de concorrentes devem ser apresentadas at\u00e9 14 de maio, com pelo menos 300 assinaturas regulares.<\/p>\n<p>Os cadernos eleitorais com a identifica\u00e7\u00e3o dos votantes ficar\u00e3o dispon\u00edveis para consulta na sede social e na \u00e1rea de associados do Est\u00e1dio D. Afonso Henriques. Reclama\u00e7\u00f5es sobre inclus\u00e3o ou omiss\u00e3o de associados devem ser apresentadas at\u00e9 11 de junho.<\/p>\n<p>Fonte: site do Vit\u00f3ria SC divulga convocat\u00f3ria e as regras para a elei\u00e7\u00e3o dos \u00f3rg\u00e3os sociais para o tri\u00eanio 2026\/2029. O presidente da Mesa da Assembleia Geral \u00e9 Jo\u00e3o Henrique Vieira Fernandes de Faria.<\/p>\n","protected":false},"excerpt":{"rendered":"<ul>\n<li>Elei\u00e7\u00f5es dos \u00f3rg\u00e3os sociais do Vit\u00f3ria Sport Clube est\u00e3o marcadas para 13 de junho de 2026, das 09h \u00e0s 19h, no Pavilh\u00e3o Unidade Vimaranense.<\/li>\n<li>O ato eleitoral decorre ap\u00f3s a demiss\u00e3o de Ant\u00f3nio Miguel Cardoso no in\u00edcio desta semana.<\/li>\n<li>A vota\u00e7\u00e3o ser\u00e1 por escrut\u00ednio secreto, em papel, com voto presencial; h\u00e1 op\u00e7\u00e3o de voto por correspond\u00eancia para s\u00f3cios residentes fora do concelho de Guimar\u00e3es, mediante comunica\u00e7\u00e3o at\u00e9 29 de maio de 2026.<\/li>\n<li>Podem votar apenas s\u00f3cios efetivos com a quota de 2026 regularizada; as listas candidatas devem ser apresentadas at\u00e9 14 de maio de 2026 por no m\u00ednimo trezentos s\u00f3cios.<\/li>\n<li>Os cadernos eleitorais ficar\u00e3o dispon\u00edveis para exame na sede do clube e no est\u00e1dio, com reclama\u00e7\u00f5es at\u00e9 11 de junho de 2026.<\/li>\n<\/ul>\n","protected":false},"author":2,"featured_media":448594,"comment_status":"closed","ping_status":"closed","sticky":false,"template":"","format":"standard","meta":{"footnotes":""},"categories":[21,24],"tags":[1367,152,68,32,2229],"class_list":["post-448592","post","type-post","status-publish","format-standard","has-post-thumbnail","hentry","category-desporto","category-futebol","tag-clubes","tag-desporto","tag-eleicoes","tag-futebol","tag-vitoria-sc"],"yoast_head":"<!-- This site is optimized with the Yoast SEO plugin v27.2 - https:\/\/yoast.com\/product\/yoast-seo-wordpress\/ -->\n<title>Elei\u00e7\u00f5es de V. Guimar\u00e3es j\u00e1 t\u00eam data marcada - Portal Tela Portugal<\/title>\n<meta name=\"robots\" content=\"index, follow, max-snippet:-1, max-image-preview:large, max-video-preview:-1\" \/>\n<meta property=\"og:locale\" content=\"pt_PT\" \/>\n<meta property=\"og:type\" content=\"article\" \/>\n<meta property=\"og:title\" content=\"Elei\u00e7\u00f5es de V. Guimar\u00e3es j\u00e1 t\u00eam data marcada - Portal Tela Portugal\" \/>\n<meta property=\"og:description\" content=\"Elei\u00e7\u00f5es dos \u00f3rg\u00e3os sociais do Vit\u00f3ria Sport Clube est\u00e3o marcadas para 13 de junho de 2026, das 09h \u00e0s 19h, no Pavilh\u00e3o Unidade Vimaranense. O ato eleitoral decorre ap\u00f3s a demiss\u00e3o de Ant\u00f3nio Miguel Cardoso no in\u00edcio desta semana. A vota\u00e7\u00e3o ser\u00e1 por escrut\u00ednio secreto, em papel, com voto presencial; h\u00e1 op\u00e7\u00e3o de voto por correspond\u00eancia para s\u00f3cios residentes fora do concelho de Guimar\u00e3es, mediante comunica\u00e7\u00e3o at\u00e9 29 de maio de 2026. Podem votar apenas s\u00f3cios efetivos com a quota de 2026 regularizada; as listas candidatas devem ser apresentadas at\u00e9 14 de maio de 2026 por no m\u00ednimo trezentos s\u00f3cios. Os cadernos eleitorais ficar\u00e3o dispon\u00edveis para exame na sede do clube e no est\u00e1dio, com reclama\u00e7\u00f5es at\u00e9 11 de junho de 2026.\" \/>\n<meta property=\"og:url\" content=\"https:\/\/portaltela.pt\/noticias\/2026\/04\/17\/eleicoes-de-v-guimaraes-ja-tem-data-marcada\/\" \/>\n<meta property=\"og:site_name\" content=\"Portal Tela Portugal\" \/>\n<meta property=\"article:published_time\" content=\"2026-04-17T19:33:06+00:00\" \/>\n<meta name=\"author\" content=\"Telinha\" \/>\n<meta name=\"twitter:card\" content=\"summary_large_image\" \/>\n<meta name=\"twitter:label1\" content=\"Escrito por\" \/>\n\t<meta name=\"twitter:data1\" content=\"Telinha\" \/>\n\t<meta name=\"twitter:label2\" content=\"Tempo estimado de leitura\" \/>\n\t<meta name=\"twitter:data2\" content=\"1 minuto\" \/>\n<script type=\"application\/ld+json\" class=\"yoast-schema-graph\">{\"@context\":\"https:\/\/schema.org\",\"@graph\":[{\"@type\":\"Article\",\"@id\":\"https:\/\/portaltela.pt\/noticias\/2026\/04\/17\/eleicoes-de-v-guimaraes-ja-tem-data-marcada\/#article\",\"isPartOf\":{\"@id\":\"https:\/\/portaltela.pt\/noticias\/2026\/04\/17\/eleicoes-de-v-guimaraes-ja-tem-data-marcada\/\"},\"author\":{\"name\":\"Telinha\",\"@id\":\"https:\/\/portaltela.pt\/#\/schema\/person\/c4278d4a6028830caff9ee44b42d32ed\"},\"headline\":\"Elei\u00e7\u00f5es de V. Guimar\u00e3es j\u00e1 t\u00eam data marcada\",\"datePublished\":\"2026-04-17T19:33:06+00:00\",\"mainEntityOfPage\":{\"@id\":\"https:\/\/portaltela.pt\/noticias\/2026\/04\/17\/eleicoes-de-v-guimaraes-ja-tem-data-marcada\/\"},\"wordCount\":268,\"image\":{\"@id\":\"https:\/\/portaltela.pt\/noticias\/2026\/04\/17\/eleicoes-de-v-guimaraes-ja-tem-data-marcada\/#primaryimage\"},\"thumbnailUrl\":\"https:\/\/portaltela.pt\/s.01k8rhncp4jt1\/2026\/04\/img_920x518uu2026-04-17-20-18-17-2433654.jpg\",\"keywords\":[\"clubes\",\"desporto\",\"elei\u00e7\u00f5es\",\"futebol\",\"Vit\u00f3ria SC\"],\"articleSection\":[\"Desporto\",\"Futebol\"],\"inLanguage\":\"pt-PT\"},{\"@type\":\"WebPage\",\"@id\":\"https:\/\/portaltela.pt\/noticias\/2026\/04\/17\/eleicoes-de-v-guimaraes-ja-tem-data-marcada\/\",\"url\":\"https:\/\/portaltela.pt\/noticias\/2026\/04\/17\/eleicoes-de-v-guimaraes-ja-tem-data-marcada\/\",\"name\":\"Elei\u00e7\u00f5es de V. Guimar\u00e3es j\u00e1 t\u00eam data marcada - Portal Tela Portugal\",\"isPartOf\":{\"@id\":\"https:\/\/portaltela.pt\/#website\"},\"primaryImageOfPage\":{\"@id\":\"https:\/\/portaltela.pt\/noticias\/2026\/04\/17\/eleicoes-de-v-guimaraes-ja-tem-data-marcada\/#primaryimage\"},\"image\":{\"@id\":\"https:\/\/portaltela.pt\/noticias\/2026\/04\/17\/eleicoes-de-v-guimaraes-ja-tem-data-marcada\/#primaryimage\"},\"thumbnailUrl\":\"https:\/\/portaltela.pt\/s.01k8rhncp4jt1\/2026\/04\/img_920x518uu2026-04-17-20-18-17-2433654.jpg\",\"datePublished\":\"2026-04-17T19:33:06+00:00\",\"author\":{\"@id\":\"https:\/\/portaltela.pt\/#\/schema\/person\/c4278d4a6028830caff9ee44b42d32ed\"},\"breadcrumb\":{\"@id\":\"https:\/\/portaltela.pt\/noticias\/2026\/04\/17\/eleicoes-de-v-guimaraes-ja-tem-data-marcada\/#breadcrumb\"},\"inLanguage\":\"pt-PT\",\"potentialAction\":[{\"@type\":\"ReadAction\",\"target\":[\"https:\/\/portaltela.pt\/noticias\/2026\/04\/17\/eleicoes-de-v-guimaraes-ja-tem-data-marcada\/\"]}]},{\"@type\":\"ImageObject\",\"inLanguage\":\"pt-PT\",\"@id\":\"https:\/\/portaltela.pt\/noticias\/2026\/04\/17\/eleicoes-de-v-guimaraes-ja-tem-data-marcada\/#primaryimage\",\"url\":\"https:\/\/portaltela.pt\/s.01k8rhncp4jt1\/2026\/04\/img_920x518uu2026-04-17-20-18-17-2433654.jpg\",\"contentUrl\":\"https:\/\/portaltela.pt\/s.01k8rhncp4jt1\/2026\/04\/img_920x518uu2026-04-17-20-18-17-2433654.jpg\",\"width\":796,\"height\":448,\"caption\":\"Elei\u00e7\u00f5es do V. Guimar\u00e3es j\u00e1 t\u00eam data marcada\"},{\"@type\":\"BreadcrumbList\",\"@id\":\"https:\/\/portaltela.pt\/noticias\/2026\/04\/17\/eleicoes-de-v-guimaraes-ja-tem-data-marcada\/#breadcrumb\",\"itemListElement\":[{\"@type\":\"ListItem\",\"position\":1,\"name\":\"In\u00edcio\",\"item\":\"https:\/\/portaltela.pt\/\"},{\"@type\":\"ListItem\",\"position\":2,\"name\":\"Elei\u00e7\u00f5es de V. Guimar\u00e3es j\u00e1 t\u00eam data marcada\"}]},{\"@type\":\"WebSite\",\"@id\":\"https:\/\/portaltela.pt\/#website\",\"url\":\"https:\/\/portaltela.pt\/\",\"name\":\"Portal Tela Portugal\",\"description\":\"\",\"potentialAction\":[{\"@type\":\"SearchAction\",\"target\":{\"@type\":\"EntryPoint\",\"urlTemplate\":\"https:\/\/portaltela.pt\/?s={search_term_string}\"},\"query-input\":{\"@type\":\"PropertyValueSpecification\",\"valueRequired\":true,\"valueName\":\"search_term_string\"}}],\"inLanguage\":\"pt-PT\"},{\"@type\":\"Person\",\"@id\":\"https:\/\/portaltela.pt\/#\/schema\/person\/c4278d4a6028830caff9ee44b42d32ed\",\"name\":\"Telinha\",\"image\":{\"@type\":\"ImageObject\",\"inLanguage\":\"pt-PT\",\"@id\":\"https:\/\/portaltela.pt\/s.01k8rhncp4jt1\/2025\/11\/talking-bot-125x125.png\",\"url\":\"https:\/\/portaltela.pt\/s.01k8rhncp4jt1\/2025\/11\/talking-bot-125x125.png\",\"contentUrl\":\"https:\/\/portaltela.pt\/s.01k8rhncp4jt1\/2025\/11\/talking-bot-125x125.png\",\"caption\":\"Telinha\"},\"sameAs\":[\"https:\/\/portaltela.pt\/\"],\"url\":\"https:\/\/portaltela.pt\/por\/367410592786\/\"}]}<\/script>\n<!-- \/ Yoast SEO plugin. -->","yoast_head_json":{"title":"Elei\u00e7\u00f5es de V. Guimar\u00e3es j\u00e1 t\u00eam data marcada - Portal Tela Portugal","robots":{"index":"index","follow":"follow","max-snippet":"max-snippet:-1","max-image-preview":"max-image-preview:large","max-video-preview":"max-video-preview:-1"},"og_locale":"pt_PT","og_type":"article","og_title":"Elei\u00e7\u00f5es de V. Guimar\u00e3es j\u00e1 t\u00eam data marcada - Portal Tela Portugal","og_description":"Elei\u00e7\u00f5es dos \u00f3rg\u00e3os sociais do Vit\u00f3ria Sport Clube est\u00e3o marcadas para 13 de junho de 2026, das 09h \u00e0s 19h, no Pavilh\u00e3o Unidade Vimaranense. O ato eleitoral decorre ap\u00f3s a demiss\u00e3o de Ant\u00f3nio Miguel Cardoso no in\u00edcio desta semana. A vota\u00e7\u00e3o ser\u00e1 por escrut\u00ednio secreto, em papel, com voto presencial; h\u00e1 op\u00e7\u00e3o de voto por correspond\u00eancia para s\u00f3cios residentes fora do concelho de Guimar\u00e3es, mediante comunica\u00e7\u00e3o at\u00e9 29 de maio de 2026. Podem votar apenas s\u00f3cios efetivos com a quota de 2026 regularizada; as listas candidatas devem ser apresentadas at\u00e9 14 de maio de 2026 por no m\u00ednimo trezentos s\u00f3cios. Os cadernos eleitorais ficar\u00e3o dispon\u00edveis para exame na sede do clube e no est\u00e1dio, com reclama\u00e7\u00f5es at\u00e9 11 de junho de 2026.","og_url":"https:\/\/portaltela.pt\/noticias\/2026\/04\/17\/eleicoes-de-v-guimaraes-ja-tem-data-marcada\/","og_site_name":"Portal Tela Portugal","article_published_time":"2026-04-17T19:33:06+00:00","author":"Telinha","twitter_card":"summary_large_image","twitter_misc":{"Escrito por":"Telinha","Tempo estimado de leitura":"1 minuto"},"schema":{"@context":"https:\/\/schema.org","@graph":[{"@type":"Article","@id":"https:\/\/portaltela.pt\/noticias\/2026\/04\/17\/eleicoes-de-v-guimaraes-ja-tem-data-marcada\/#article","isPartOf":{"@id":"https:\/\/portaltela.pt\/noticias\/2026\/04\/17\/eleicoes-de-v-guimaraes-ja-tem-data-marcada\/"},"author":{"name":"Telinha","@id":"https:\/\/portaltela.pt\/#\/schema\/person\/c4278d4a6028830caff9ee44b42d32ed"},"headline":"Elei\u00e7\u00f5es de V. Guimar\u00e3es j\u00e1 t\u00eam data marcada","datePublished":"2026-04-17T19:33:06+00:00","mainEntityOfPage":{"@id":"https:\/\/portaltela.pt\/noticias\/2026\/04\/17\/eleicoes-de-v-guimaraes-ja-tem-data-marcada\/"},"wordCount":268,"image":{"@id":"https:\/\/portaltela.pt\/noticias\/2026\/04\/17\/eleicoes-de-v-guimaraes-ja-tem-data-marcada\/#primaryimage"},"thumbnailUrl":"https:\/\/portaltela.pt\/s.01k8rhncp4jt1\/2026\/04\/img_920x518uu2026-04-17-20-18-17-2433654.jpg","keywords":["clubes","desporto","elei\u00e7\u00f5es","futebol","Vit\u00f3ria SC"],"articleSection":["Desporto","Futebol"],"inLanguage":"pt-PT"},{"@type":"WebPage","@id":"https:\/\/portaltela.pt\/noticias\/2026\/04\/17\/eleicoes-de-v-guimaraes-ja-tem-data-marcada\/","url":"https:\/\/portaltela.pt\/noticias\/2026\/04\/17\/eleicoes-de-v-guimaraes-ja-tem-data-marcada\/","name":"Elei\u00e7\u00f5es de V. Guimar\u00e3es j\u00e1 t\u00eam data marcada - Portal Tela Portugal","isPartOf":{"@id":"https:\/\/portaltela.pt\/#website"},"primaryImageOfPage":{"@id":"https:\/\/portaltela.pt\/noticias\/2026\/04\/17\/eleicoes-de-v-guimaraes-ja-tem-data-marcada\/#primaryimage"},"image":{"@id":"https:\/\/portaltela.pt\/noticias\/2026\/04\/17\/eleicoes-de-v-guimaraes-ja-tem-data-marcada\/#primaryimage"},"thumbnailUrl":"https:\/\/portaltela.pt\/s.01k8rhncp4jt1\/2026\/04\/img_920x518uu2026-04-17-20-18-17-2433654.jpg","datePublished":"2026-04-17T19:33:06+00:00","author":{"@id":"https:\/\/portaltela.pt\/#\/schema\/person\/c4278d4a6028830caff9ee44b42d32ed"},"breadcrumb":{"@id":"https:\/\/portaltela.pt\/noticias\/2026\/04\/17\/eleicoes-de-v-guimaraes-ja-tem-data-marcada\/#breadcrumb"},"inLanguage":"pt-PT","potentialAction":[{"@type":"ReadAction","target":["https:\/\/portaltela.pt\/noticias\/2026\/04\/17\/eleicoes-de-v-guimaraes-ja-tem-data-marcada\/"]}]},{"@type":"ImageObject","inLanguage":"pt-PT","@id":"https:\/\/portaltela.pt\/noticias\/2026\/04\/17\/eleicoes-de-v-guimaraes-ja-tem-data-marcada\/#primaryimage","url":"https:\/\/portaltela.pt\/s.01k8rhncp4jt1\/2026\/04\/img_920x518uu2026-04-17-20-18-17-2433654.jpg","contentUrl":"https:\/\/portaltela.pt\/s.01k8rhncp4jt1\/2026\/04\/img_920x518uu2026-04-17-20-18-17-2433654.jpg","width":796,"height":448,"caption":"Elei\u00e7\u00f5es do V. Guimar\u00e3es j\u00e1 t\u00eam data marcada"},{"@type":"BreadcrumbList","@id":"https:\/\/portaltela.pt\/noticias\/2026\/04\/17\/eleicoes-de-v-guimaraes-ja-tem-data-marcada\/#breadcrumb","itemListElement":[{"@type":"ListItem","position":1,"name":"In\u00edcio","item":"https:\/\/portaltela.pt\/"},{"@type":"ListItem","position":2,"name":"Elei\u00e7\u00f5es de V. Guimar\u00e3es j\u00e1 t\u00eam data marcada"}]},{"@type":"WebSite","@id":"https:\/\/portaltela.pt\/#website","url":"https:\/\/portaltela.pt\/","name":"Portal Tela Portugal","description":"","potentialAction":[{"@type":"SearchAction","target":{"@type":"EntryPoint","urlTemplate":"https:\/\/portaltela.pt\/?s={search_term_string}"},"query-input":{"@type":"PropertyValueSpecification","valueRequired":true,"valueName":"search_term_string"}}],"inLanguage":"pt-PT"},{"@type":"Person","@id":"https:\/\/portaltela.pt\/#\/schema\/person\/c4278d4a6028830caff9ee44b42d32ed","name":"Telinha","image":{"@type":"ImageObject","inLanguage":"pt-PT","@id":"https:\/\/portaltela.pt\/s.01k8rhncp4jt1\/2025\/11\/talking-bot-125x125.png","url":"https:\/\/portaltela.pt\/s.01k8rhncp4jt1\/2025\/11\/talking-bot-125x125.png","contentUrl":"https:\/\/portaltela.pt\/s.01k8rhncp4jt1\/2025\/11\/talking-bot-125x125.png","caption":"Telinha"},"sameAs":["https:\/\/portaltela.pt\/"],"url":"https:\/\/portaltela.pt\/por\/367410592786\/"}]}},"_links":{"self":[{"href":"https:\/\/portaltela.pt\/api\/wp\/v2\/posts\/448592","targetHints":{"allow":["GET"]}}],"collection":[{"href":"https:\/\/portaltela.pt\/api\/wp\/v2\/posts"}],"about":[{"href":"https:\/\/portaltela.pt\/api\/wp\/v2\/types\/post"}],"author":[{"embeddable":true,"href":"https:\/\/portaltela.pt\/api\/wp\/v2\/users\/2"}],"replies":[{"embeddable":true,"href":"https:\/\/portaltela.pt\/api\/wp\/v2\/comments?post=448592"}],"version-history":[{"count":0,"href":"https:\/\/portaltela.pt\/api\/wp\/v2\/posts\/448592\/revisions"}],"wp:featuredmedia":[{"embeddable":true,"href":"https:\/\/portaltela.pt\/api\/wp\/v2\/media\/448594"}],"wp:attachment":[{"href":"https:\/\/portaltela.pt\/api\/wp\/v2\/media?parent=448592"}],"wp:term":[{"taxonomy":"category","embeddable":true,"href":"https:\/\/portaltela.pt\/api\/wp\/v2\/categories?post=448592"},{"taxonomy":"post_tag","embeddable":true,"href":"https:\/\/portaltela.pt\/api\/wp\/v2\/tags?post=448592"}],"curies":[{"name":"wp","href":"https:\/\/api.w.org\/{rel}","templated":true}]}}