{"id":448578,"date":"2026-04-17T16:17:59","date_gmt":"2026-04-17T19:17:59","guid":{"rendered":"https:\/\/portaltela.pt\/noticias\/2026\/04\/17\/goncalo-guedes-tenta-conquistar-a-segunda-taca-do-rei\/"},"modified":"2026-04-17T16:17:59","modified_gmt":"2026-04-17T19:17:59","slug":"goncalo-guedes-tenta-conquistar-a-segunda-taca-do-rei","status":"publish","type":"post","link":"https:\/\/portaltela.pt\/desporto\/futebol\/2026\/04\/17\/goncalo-guedes-tenta-conquistar-a-segunda-taca-do-rei\/","title":{"rendered":"Gon\u00e7alo Guedes tenta conquistar a segunda Ta\u00e7a do Rei"},"content":{"rendered":"<p>Gon\u00e7alo Guedes encara a final da Ta\u00e7a do Rei, na qual a Real Sociedad defronta o Atl\u00e9tico de Madrid. O encontro ocorre este s\u00e1bado, \u00e0s 20h, no est\u00e1dio La Cartuja, em Sevilha. O jogador portugu\u00eas procura confirmar o t\u00edtulo conquistado em 2018\/19, quando defendia o Valencia, diante do Barcelona, e somar um trof\u00e9u pela Real Sociedad, clube com o qual ainda n\u00e3o ganhou este campeonato.<\/p>\n<p>A Real Sociedad entra como favorita para manter o bom momento na Champions e no torneio dom\u00e9stico, com o t\u00e9cnico Pellegrino Matarazzo a agradecer o apoio dos adeptos e a reconhecer a import\u00e2ncia da final para o clube da vida de alguns jogadores, incluindo Oyarzabal, que admitiu sentir nervosismo e a ambi\u00e7\u00e3o de vencer pelo emblema basco.<\/p>\n<p>Do lado do Atl\u00e9tico de Madrid, o refor\u00e7o vem da moral da qualifica\u00e7\u00e3o \u00e0s semifinais da Champions, embora a Ta\u00e7a do Rei j\u00e1 lhe escape desde 2012\/13. O treinador Diego Simeone aponta para o papel da mente na final, enquanto Antoine Griezmann encara o desafio ligado \u00e0 sua liga\u00e7\u00e3o com a Real Sociedad e mira a vit\u00f3ria para refor\u00e7ar o palmar\u00e9s do Atleti.<\/p>\n<p>No contexto da partida, o duelo promete equil\u00edbrio entre defesa s\u00f3lida e capacidade de desequil\u00edbrio ofensivo. A Real Sociedad depende da presen\u00e7a de Guedes para explorar o lado esquerdo, enquanto o Atl\u00e9tico aposta na experi\u00eancia de Griezmann e na organiza\u00e7\u00e3o t\u00e1ctica do treinador para contrariar o jogo espelhado dos bascos.<\/p>\n","protected":false},"excerpt":{"rendered":"<ul>\n<li>Gon\u00e7alo Guedes vai tentar ganhar a Ta\u00e7a do Rei pela segunda vez, na final da Real Sociedad contra o Atl\u00e9tico Madrid, este s\u00e1bado \u00e0s 20h, no est\u00e1dio La Cartuja, em Sevilha.<\/li>\n<li>Guedes j\u00e1 conquistou a Ta\u00e7a do Rei em 2018\/19 ao servi\u00e7o do Valencia, diante do Barcelona.<\/li>\n<li>A Real Sociedad n\u00e3o vence a Ta\u00e7a do Rei desde a edi\u00e7\u00e3o 2019\/20.<\/li>\n<li>O t\u00e9cnico da Real Sociedad, Pellegrino Matarazzo, afirmou que quer ganhar a final para retribuir o apoio dos adeptos.<\/li>\n<li>O Atl\u00e9tico Madrid chega confiante ap\u00f3s apurar-se para as semifinais da Liga dos Campe\u00f5es; o treinador Diego Simeone destaca o desafio mental da final, e Griezmann reconhece a liga\u00e7\u00e3o com a Real Sociedad e diz que quer vencer.<\/li>\n<\/ul>\n","protected":false},"author":2,"featured_media":448584,"comment_status":"closed","ping_status":"closed","sticky":false,"template":"","format":"standard","meta":{"footnotes":""},"categories":[21,24],"tags":[1109,152,2031,32,3338,1220],"class_list":["post-448578","post","type-post","status-publish","format-standard","has-post-thumbnail","hentry","category-desporto","category-futebol","tag-atletico-de-madrid","tag-desporto","tag-espanha","tag-futebol","tag-futebol-internacional","tag-sevilha"],"yoast_head":"<!-- This site is optimized with the Yoast SEO plugin v27.2 - https:\/\/yoast.com\/product\/yoast-seo-wordpress\/ -->\n<title>Gon\u00e7alo Guedes tenta conquistar a segunda Ta\u00e7a do Rei - Portal Tela Portugal<\/title>\n<meta name=\"robots\" content=\"index, follow, max-snippet:-1, max-image-preview:large, max-video-preview:-1\" \/>\n<meta property=\"og:locale\" content=\"pt_PT\" \/>\n<meta property=\"og:type\" content=\"article\" \/>\n<meta property=\"og:title\" content=\"Gon\u00e7alo Guedes tenta conquistar a segunda Ta\u00e7a do Rei - Portal Tela Portugal\" \/>\n<meta property=\"og:description\" content=\"Gon\u00e7alo Guedes vai tentar ganhar a Ta\u00e7a do Rei pela segunda vez, na final da Real Sociedad contra o Atl\u00e9tico Madrid, este s\u00e1bado \u00e0s 20h, no est\u00e1dio La Cartuja, em Sevilha. Guedes j\u00e1 conquistou a Ta\u00e7a do Rei em 2018\/19 ao servi\u00e7o do Valencia, diante do Barcelona. A Real Sociedad n\u00e3o vence a Ta\u00e7a do Rei desde a edi\u00e7\u00e3o 2019\/20. O t\u00e9cnico da Real Sociedad, Pellegrino Matarazzo, afirmou que quer ganhar a final para retribuir o apoio dos adeptos. O Atl\u00e9tico Madrid chega confiante ap\u00f3s apurar-se para as semifinais da Liga dos Campe\u00f5es; o treinador Diego Simeone destaca o desafio mental da final, e Griezmann reconhece a liga\u00e7\u00e3o com a Real Sociedad e diz que quer vencer.\" \/>\n<meta property=\"og:url\" content=\"https:\/\/portaltela.pt\/noticias\/2026\/04\/17\/goncalo-guedes-tenta-conquistar-a-segunda-taca-do-rei\/\" \/>\n<meta property=\"og:site_name\" content=\"Portal Tela Portugal\" \/>\n<meta property=\"article:published_time\" content=\"2026-04-17T19:17:59+00:00\" \/>\n<meta name=\"author\" content=\"Telinha\" \/>\n<meta name=\"twitter:card\" content=\"summary_large_image\" \/>\n<meta name=\"twitter:label1\" content=\"Escrito por\" \/>\n\t<meta name=\"twitter:data1\" content=\"Telinha\" \/>\n\t<meta name=\"twitter:label2\" content=\"Tempo estimado de leitura\" \/>\n\t<meta name=\"twitter:data2\" content=\"1 minuto\" \/>\n<script type=\"application\/ld+json\" class=\"yoast-schema-graph\">{\"@context\":\"https:\/\/schema.org\",\"@graph\":[{\"@type\":\"Article\",\"@id\":\"https:\/\/portaltela.pt\/noticias\/2026\/04\/17\/goncalo-guedes-tenta-conquistar-a-segunda-taca-do-rei\/#article\",\"isPartOf\":{\"@id\":\"https:\/\/portaltela.pt\/noticias\/2026\/04\/17\/goncalo-guedes-tenta-conquistar-a-segunda-taca-do-rei\/\"},\"author\":{\"name\":\"Telinha\",\"@id\":\"https:\/\/portaltela.pt\/#\/schema\/person\/c4278d4a6028830caff9ee44b42d32ed\"},\"headline\":\"Gon\u00e7alo Guedes tenta conquistar a segunda Ta\u00e7a do Rei\",\"datePublished\":\"2026-04-17T19:17:59+00:00\",\"mainEntityOfPage\":{\"@id\":\"https:\/\/portaltela.pt\/noticias\/2026\/04\/17\/goncalo-guedes-tenta-conquistar-a-segunda-taca-do-rei\/\"},\"wordCount\":272,\"image\":{\"@id\":\"https:\/\/portaltela.pt\/noticias\/2026\/04\/17\/goncalo-guedes-tenta-conquistar-a-segunda-taca-do-rei\/#primaryimage\"},\"thumbnailUrl\":\"https:\/\/portaltela.pt\/s.01k8rhncp4jt1\/2026\/04\/img_920x518uu2026-01-18-23-19-23-2415671.jpg\",\"keywords\":[\"Atl\u00e9tico de Madrid\",\"desporto\",\"Espanha\",\"futebol\",\"futebol internacional\",\"Sevilha\"],\"articleSection\":[\"Desporto\",\"Futebol\"],\"inLanguage\":\"pt-PT\"},{\"@type\":\"WebPage\",\"@id\":\"https:\/\/portaltela.pt\/noticias\/2026\/04\/17\/goncalo-guedes-tenta-conquistar-a-segunda-taca-do-rei\/\",\"url\":\"https:\/\/portaltela.pt\/noticias\/2026\/04\/17\/goncalo-guedes-tenta-conquistar-a-segunda-taca-do-rei\/\",\"name\":\"Gon\u00e7alo Guedes tenta conquistar a segunda Ta\u00e7a do Rei - Portal Tela Portugal\",\"isPartOf\":{\"@id\":\"https:\/\/portaltela.pt\/#website\"},\"primaryImageOfPage\":{\"@id\":\"https:\/\/portaltela.pt\/noticias\/2026\/04\/17\/goncalo-guedes-tenta-conquistar-a-segunda-taca-do-rei\/#primaryimage\"},\"image\":{\"@id\":\"https:\/\/portaltela.pt\/noticias\/2026\/04\/17\/goncalo-guedes-tenta-conquistar-a-segunda-taca-do-rei\/#primaryimage\"},\"thumbnailUrl\":\"https:\/\/portaltela.pt\/s.01k8rhncp4jt1\/2026\/04\/img_920x518uu2026-01-18-23-19-23-2415671.jpg\",\"datePublished\":\"2026-04-17T19:17:59+00:00\",\"author\":{\"@id\":\"https:\/\/portaltela.pt\/#\/schema\/person\/c4278d4a6028830caff9ee44b42d32ed\"},\"breadcrumb\":{\"@id\":\"https:\/\/portaltela.pt\/noticias\/2026\/04\/17\/goncalo-guedes-tenta-conquistar-a-segunda-taca-do-rei\/#breadcrumb\"},\"inLanguage\":\"pt-PT\",\"potentialAction\":[{\"@type\":\"ReadAction\",\"target\":[\"https:\/\/portaltela.pt\/noticias\/2026\/04\/17\/goncalo-guedes-tenta-conquistar-a-segunda-taca-do-rei\/\"]}]},{\"@type\":\"ImageObject\",\"inLanguage\":\"pt-PT\",\"@id\":\"https:\/\/portaltela.pt\/noticias\/2026\/04\/17\/goncalo-guedes-tenta-conquistar-a-segunda-taca-do-rei\/#primaryimage\",\"url\":\"https:\/\/portaltela.pt\/s.01k8rhncp4jt1\/2026\/04\/img_920x518uu2026-01-18-23-19-23-2415671.jpg\",\"contentUrl\":\"https:\/\/portaltela.pt\/s.01k8rhncp4jt1\/2026\/04\/img_920x518uu2026-01-18-23-19-23-2415671.jpg\",\"width\":920,\"height\":518,\"caption\":\"Guedes procura o primeiro trof\u00e9u pela Real Sociedad\"},{\"@type\":\"BreadcrumbList\",\"@id\":\"https:\/\/portaltela.pt\/noticias\/2026\/04\/17\/goncalo-guedes-tenta-conquistar-a-segunda-taca-do-rei\/#breadcrumb\",\"itemListElement\":[{\"@type\":\"ListItem\",\"position\":1,\"name\":\"In\u00edcio\",\"item\":\"https:\/\/portaltela.pt\/\"},{\"@type\":\"ListItem\",\"position\":2,\"name\":\"Gon\u00e7alo Guedes tenta conquistar a segunda Ta\u00e7a do Rei\"}]},{\"@type\":\"WebSite\",\"@id\":\"https:\/\/portaltela.pt\/#website\",\"url\":\"https:\/\/portaltela.pt\/\",\"name\":\"Portal Tela Portugal\",\"description\":\"\",\"potentialAction\":[{\"@type\":\"SearchAction\",\"target\":{\"@type\":\"EntryPoint\",\"urlTemplate\":\"https:\/\/portaltela.pt\/?s={search_term_string}\"},\"query-input\":{\"@type\":\"PropertyValueSpecification\",\"valueRequired\":true,\"valueName\":\"search_term_string\"}}],\"inLanguage\":\"pt-PT\"},{\"@type\":\"Person\",\"@id\":\"https:\/\/portaltela.pt\/#\/schema\/person\/c4278d4a6028830caff9ee44b42d32ed\",\"name\":\"Telinha\",\"image\":{\"@type\":\"ImageObject\",\"inLanguage\":\"pt-PT\",\"@id\":\"https:\/\/portaltela.pt\/s.01k8rhncp4jt1\/2025\/11\/talking-bot-125x125.png\",\"url\":\"https:\/\/portaltela.pt\/s.01k8rhncp4jt1\/2025\/11\/talking-bot-125x125.png\",\"contentUrl\":\"https:\/\/portaltela.pt\/s.01k8rhncp4jt1\/2025\/11\/talking-bot-125x125.png\",\"caption\":\"Telinha\"},\"sameAs\":[\"https:\/\/portaltela.pt\/\"],\"url\":\"https:\/\/portaltela.pt\/por\/367410592786\/\"}]}<\/script>\n<!-- \/ Yoast SEO plugin. -->","yoast_head_json":{"title":"Gon\u00e7alo Guedes tenta conquistar a segunda Ta\u00e7a do Rei - Portal Tela Portugal","robots":{"index":"index","follow":"follow","max-snippet":"max-snippet:-1","max-image-preview":"max-image-preview:large","max-video-preview":"max-video-preview:-1"},"og_locale":"pt_PT","og_type":"article","og_title":"Gon\u00e7alo Guedes tenta conquistar a segunda Ta\u00e7a do Rei - Portal Tela Portugal","og_description":"Gon\u00e7alo Guedes vai tentar ganhar a Ta\u00e7a do Rei pela segunda vez, na final da Real Sociedad contra o Atl\u00e9tico Madrid, este s\u00e1bado \u00e0s 20h, no est\u00e1dio La Cartuja, em Sevilha. Guedes j\u00e1 conquistou a Ta\u00e7a do Rei em 2018\/19 ao servi\u00e7o do Valencia, diante do Barcelona. A Real Sociedad n\u00e3o vence a Ta\u00e7a do Rei desde a edi\u00e7\u00e3o 2019\/20. O t\u00e9cnico da Real Sociedad, Pellegrino Matarazzo, afirmou que quer ganhar a final para retribuir o apoio dos adeptos. O Atl\u00e9tico Madrid chega confiante ap\u00f3s apurar-se para as semifinais da Liga dos Campe\u00f5es; o treinador Diego Simeone destaca o desafio mental da final, e Griezmann reconhece a liga\u00e7\u00e3o com a Real Sociedad e diz que quer vencer.","og_url":"https:\/\/portaltela.pt\/noticias\/2026\/04\/17\/goncalo-guedes-tenta-conquistar-a-segunda-taca-do-rei\/","og_site_name":"Portal Tela Portugal","article_published_time":"2026-04-17T19:17:59+00:00","author":"Telinha","twitter_card":"summary_large_image","twitter_misc":{"Escrito por":"Telinha","Tempo estimado de leitura":"1 minuto"},"schema":{"@context":"https:\/\/schema.org","@graph":[{"@type":"Article","@id":"https:\/\/portaltela.pt\/noticias\/2026\/04\/17\/goncalo-guedes-tenta-conquistar-a-segunda-taca-do-rei\/#article","isPartOf":{"@id":"https:\/\/portaltela.pt\/noticias\/2026\/04\/17\/goncalo-guedes-tenta-conquistar-a-segunda-taca-do-rei\/"},"author":{"name":"Telinha","@id":"https:\/\/portaltela.pt\/#\/schema\/person\/c4278d4a6028830caff9ee44b42d32ed"},"headline":"Gon\u00e7alo Guedes tenta conquistar a segunda Ta\u00e7a do Rei","datePublished":"2026-04-17T19:17:59+00:00","mainEntityOfPage":{"@id":"https:\/\/portaltela.pt\/noticias\/2026\/04\/17\/goncalo-guedes-tenta-conquistar-a-segunda-taca-do-rei\/"},"wordCount":272,"image":{"@id":"https:\/\/portaltela.pt\/noticias\/2026\/04\/17\/goncalo-guedes-tenta-conquistar-a-segunda-taca-do-rei\/#primaryimage"},"thumbnailUrl":"https:\/\/portaltela.pt\/s.01k8rhncp4jt1\/2026\/04\/img_920x518uu2026-01-18-23-19-23-2415671.jpg","keywords":["Atl\u00e9tico de Madrid","desporto","Espanha","futebol","futebol internacional","Sevilha"],"articleSection":["Desporto","Futebol"],"inLanguage":"pt-PT"},{"@type":"WebPage","@id":"https:\/\/portaltela.pt\/noticias\/2026\/04\/17\/goncalo-guedes-tenta-conquistar-a-segunda-taca-do-rei\/","url":"https:\/\/portaltela.pt\/noticias\/2026\/04\/17\/goncalo-guedes-tenta-conquistar-a-segunda-taca-do-rei\/","name":"Gon\u00e7alo Guedes tenta conquistar a segunda Ta\u00e7a do Rei - Portal Tela Portugal","isPartOf":{"@id":"https:\/\/portaltela.pt\/#website"},"primaryImageOfPage":{"@id":"https:\/\/portaltela.pt\/noticias\/2026\/04\/17\/goncalo-guedes-tenta-conquistar-a-segunda-taca-do-rei\/#primaryimage"},"image":{"@id":"https:\/\/portaltela.pt\/noticias\/2026\/04\/17\/goncalo-guedes-tenta-conquistar-a-segunda-taca-do-rei\/#primaryimage"},"thumbnailUrl":"https:\/\/portaltela.pt\/s.01k8rhncp4jt1\/2026\/04\/img_920x518uu2026-01-18-23-19-23-2415671.jpg","datePublished":"2026-04-17T19:17:59+00:00","author":{"@id":"https:\/\/portaltela.pt\/#\/schema\/person\/c4278d4a6028830caff9ee44b42d32ed"},"breadcrumb":{"@id":"https:\/\/portaltela.pt\/noticias\/2026\/04\/17\/goncalo-guedes-tenta-conquistar-a-segunda-taca-do-rei\/#breadcrumb"},"inLanguage":"pt-PT","potentialAction":[{"@type":"ReadAction","target":["https:\/\/portaltela.pt\/noticias\/2026\/04\/17\/goncalo-guedes-tenta-conquistar-a-segunda-taca-do-rei\/"]}]},{"@type":"ImageObject","inLanguage":"pt-PT","@id":"https:\/\/portaltela.pt\/noticias\/2026\/04\/17\/goncalo-guedes-tenta-conquistar-a-segunda-taca-do-rei\/#primaryimage","url":"https:\/\/portaltela.pt\/s.01k8rhncp4jt1\/2026\/04\/img_920x518uu2026-01-18-23-19-23-2415671.jpg","contentUrl":"https:\/\/portaltela.pt\/s.01k8rhncp4jt1\/2026\/04\/img_920x518uu2026-01-18-23-19-23-2415671.jpg","width":920,"height":518,"caption":"Guedes procura o primeiro trof\u00e9u pela Real Sociedad"},{"@type":"BreadcrumbList","@id":"https:\/\/portaltela.pt\/noticias\/2026\/04\/17\/goncalo-guedes-tenta-conquistar-a-segunda-taca-do-rei\/#breadcrumb","itemListElement":[{"@type":"ListItem","position":1,"name":"In\u00edcio","item":"https:\/\/portaltela.pt\/"},{"@type":"ListItem","position":2,"name":"Gon\u00e7alo Guedes tenta conquistar a segunda Ta\u00e7a do Rei"}]},{"@type":"WebSite","@id":"https:\/\/portaltela.pt\/#website","url":"https:\/\/portaltela.pt\/","name":"Portal Tela Portugal","description":"","potentialAction":[{"@type":"SearchAction","target":{"@type":"EntryPoint","urlTemplate":"https:\/\/portaltela.pt\/?s={search_term_string}"},"query-input":{"@type":"PropertyValueSpecification","valueRequired":true,"valueName":"search_term_string"}}],"inLanguage":"pt-PT"},{"@type":"Person","@id":"https:\/\/portaltela.pt\/#\/schema\/person\/c4278d4a6028830caff9ee44b42d32ed","name":"Telinha","image":{"@type":"ImageObject","inLanguage":"pt-PT","@id":"https:\/\/portaltela.pt\/s.01k8rhncp4jt1\/2025\/11\/talking-bot-125x125.png","url":"https:\/\/portaltela.pt\/s.01k8rhncp4jt1\/2025\/11\/talking-bot-125x125.png","contentUrl":"https:\/\/portaltela.pt\/s.01k8rhncp4jt1\/2025\/11\/talking-bot-125x125.png","caption":"Telinha"},"sameAs":["https:\/\/portaltela.pt\/"],"url":"https:\/\/portaltela.pt\/por\/367410592786\/"}]}},"_links":{"self":[{"href":"https:\/\/portaltela.pt\/api\/wp\/v2\/posts\/448578","targetHints":{"allow":["GET"]}}],"collection":[{"href":"https:\/\/portaltela.pt\/api\/wp\/v2\/posts"}],"about":[{"href":"https:\/\/portaltela.pt\/api\/wp\/v2\/types\/post"}],"author":[{"embeddable":true,"href":"https:\/\/portaltela.pt\/api\/wp\/v2\/users\/2"}],"replies":[{"embeddable":true,"href":"https:\/\/portaltela.pt\/api\/wp\/v2\/comments?post=448578"}],"version-history":[{"count":0,"href":"https:\/\/portaltela.pt\/api\/wp\/v2\/posts\/448578\/revisions"}],"wp:featuredmedia":[{"embeddable":true,"href":"https:\/\/portaltela.pt\/api\/wp\/v2\/media\/448584"}],"wp:attachment":[{"href":"https:\/\/portaltela.pt\/api\/wp\/v2\/media?parent=448578"}],"wp:term":[{"taxonomy":"category","embeddable":true,"href":"https:\/\/portaltela.pt\/api\/wp\/v2\/categories?post=448578"},{"taxonomy":"post_tag","embeddable":true,"href":"https:\/\/portaltela.pt\/api\/wp\/v2\/tags?post=448578"}],"curies":[{"name":"wp","href":"https:\/\/api.w.org\/{rel}","templated":true}]}}